{"id":54860,"date":"2025-02-14T13:49:38","date_gmt":"2025-02-14T12:49:38","guid":{"rendered":"https:\/\/www.invarena.cz\/?p=54860"},"modified":"2025-02-14T13:49:39","modified_gmt":"2025-02-14T12:49:39","slug":"agresivni-pacientka-napadla-lekarku","status":"publish","type":"post","link":"https:\/\/www.invarena.cz\/?p=54860","title":{"rendered":"Agresivn\u00ed pacientka napadla l\u00e9ka\u0159ku\u00a0\u00a0"},"content":{"rendered":"\n<p>\u010cT 1\u00a0<\/p>\n\n\n\n<p><br \/>Po\u010dty agresivn\u00edch pacient\u016f rostou. Setk\u00e1vaj\u00ed se s nimi z\u00e1chran\u00e1\u0159i, st\u00e1le \u010dast\u011bji ale tak\u00e9 l\u00e9ka\u0159i a sestry v\u00a0<strong>nemocnic\u00edch<\/strong>\u00a0a na ambulanc\u00edch. Je to jen p\u00e1r dn\u00ed, kdy na mladou l\u00e9ka\u0159ku za\u00fato\u010dila \u017eena ve Strakonic\u00edch.<br \/><br \/>Osmapades\u00e1tiletou \u017eenu p\u0159ivezla z\u00e1chranka do strakonick\u00e9\u00a0<strong>nemocnice<\/strong>\u00a0s poran\u011bn\u00edm zad. Pacientka od sebe hned po p\u0159\u00edjezdu za\u010dala nemocni\u010dn\u00ed person\u00e1l odh\u00e1n\u011bt.<br \/><br \/>l\u00e9ka\u0159ka, chirurgie,\u00a0<strong>Nemocnice<\/strong>\u00a0Strakonice<br \/>&#8212;&#8212;&#8212;&#8212;&#8212;&#8212;&#8211;<br \/>Ona za\u010dala b\u00fdt \u00fapln\u011b nep\u0159\u00ed\u010detn\u00e1. Za\u010dala \u00fapln\u011b hystericky k\u0159i\u010det. A to byl fakt takov\u00fd jako k\u0159ik, to jsem v \u017eivot\u011b neza\u017eila. U\u017e pak byla vuld\u00e1rn\u00ed, \u0159\u00edkala, dr\u017ete hubu. U\u017e jsem j\u00ed jakoby chytala ty ruce, aby u\u017e po n\u00e1s nic neh\u00e1zela, tak m\u011b vlastn\u011b po\u0161kr\u00e1bala.<br \/><br \/>redaktorka \u010cT<br \/>&#8212;&#8212;&#8212;&#8212;&#8212;&#8212;&#8211;<br \/>K napaden\u00ed l\u00e9ka\u0159ky do\u0161lo v no\u010dn\u00edch hodin\u00e1ch pr\u00e1v\u011b tady na chirurgick\u00e9 ambulanci.<br \/><br \/>l\u00e9ka\u0159ka, chirurgie,\u00a0<strong>Nemocnice<\/strong>\u00a0Strakonice<br \/>&#8212;&#8212;&#8212;&#8212;&#8212;&#8212;&#8211;<br \/>Kdy\u017e jsem teda vlastn\u011b za n\u00ed pak \u0161la, a\u0165 se jako fakt uklidn\u00ed, tak v tu chv\u00edli mi zni\u010dehonic prost\u011b vlepila facku, pak na m\u011b za\u010dala plivat.<br \/><br \/>redaktorka \u010cT<br \/>&#8212;&#8212;&#8212;&#8212;&#8212;&#8212;&#8211;<br \/>Pak u\u017e na nic ne\u010dekali a zavolali policii.<br \/><br \/>l\u00e9ka\u0159ka, chirurgie,\u00a0<strong>Nemocnice<\/strong>\u00a0Strakonice<br \/>&#8212;&#8212;&#8212;&#8212;&#8212;&#8212;&#8211;<br \/>T\u0159i policist\u00e9, kte\u0159\u00ed p\u0159ijeli, tak byli nuceni pou\u017e\u00edt na pacientku donucovac\u00ed prost\u0159edky.<br \/><br \/>Tom\u00e1\u0161 Fiala, \u0159editel,\u00a0<strong>Nemocnice<\/strong>\u00a0Strakonice<br \/>&#8212;&#8212;&#8212;&#8212;&#8212;&#8212;&#8211;<br \/>Ve\u00a0<strong>zdravotnictv\u00ed<\/strong>, prost\u011b pozorujeme, jak ta agresivita pacient\u016f nar\u016fst\u00e1.<br \/><br \/>l\u00e9ka\u0159ka, chirurgie,\u00a0<strong>Nemocnice<\/strong>\u00a0Strakonice<br \/>&#8212;&#8212;&#8212;&#8212;&#8212;&#8212;&#8211;<br \/>Tohle nebyl rozhodn\u011b prvn\u00ed p\u0159\u00edpad, kdy jsem byla nucena si zavolat policisty.<br \/><br \/>redaktorka \u010cT<br \/>&#8212;&#8212;&#8212;&#8212;&#8212;&#8212;&#8211;<br \/>V\u011bt\u0161inou to ale b\u00fdv\u00e1 u pacient\u016f pod vlivem alkoholu nebo drog.<br \/><br \/>Tom\u00e1\u0161 Fiala, \u0159editel,\u00a0<strong>Nemocnice<\/strong>\u00a0Strakonice<br \/>&#8212;&#8212;&#8212;&#8212;&#8212;&#8212;&#8211;<br \/>M\u011bli jsme t\u0159eba situace, kdy sanit\u00e1\u0159 m\u011bl pod krkem n\u016f\u017e, kdy pacientka se sna\u017eila vyhodit sestru z okna.<br \/><br \/> redaktorka \u010cT<br \/>&#8212;&#8212;&#8212;&#8212;&#8212;&#8212;&#8211;<br \/>V tomto p\u0159\u00edpad\u011b dechov\u00e1 zkou\u0161ka alkohol neprok\u00e1zala. Napaden\u00ed pro\u0161et\u0159uje policie. Pacientku p\u0159evezla z\u00e1chranka na psychiatrii. <\/p>\n\n\n\n<p><a href=\"https:\/\/monitoring.anopress.cz\/files\/dnload\/final\/medical_00322_33112584.htm#obsah\"><br \/><\/a><\/p>\n","protected":false},"excerpt":{"rendered":"<div class=\"mh-excerpt\"><p>\u010cT 1\u00a0 Po\u010dty agresivn\u00edch pacient\u016f rostou. Setk\u00e1vaj\u00ed se s nimi z\u00e1chran\u00e1\u0159i, st\u00e1le \u010dast\u011bji ale tak\u00e9 l\u00e9ka\u0159i a sestry v\u00a0nemocnic\u00edch\u00a0a na ambulanc\u00edch. Je to jen p\u00e1r <a class=\"mh-excerpt-more\" href=\"https:\/\/www.invarena.cz\/?p=54860\" title=\"Agresivn\u00ed pacientka napadla l\u00e9ka\u0159ku\u00a0\u00a0\">[&#8230;]<\/a><\/p>\n<\/div>","protected":false},"author":1,"featured_media":18187,"comment_status":"open","ping_status":"closed","sticky":false,"template":"","format":"standard","meta":{"footnotes":""},"categories":[7],"tags":[],"class_list":["post-54860","post","type-post","status-publish","format-standard","has-post-thumbnail","hentry","category-spolecnost"],"_links":{"self":[{"href":"https:\/\/www.invarena.cz\/index.php?rest_route=\/wp\/v2\/posts\/54860","targetHints":{"allow":["GET"]}}],"collection":[{"href":"https:\/\/www.invarena.cz\/index.php?rest_route=\/wp\/v2\/posts"}],"about":[{"href":"https:\/\/www.invarena.cz\/index.php?rest_route=\/wp\/v2\/types\/post"}],"author":[{"embeddable":true,"href":"https:\/\/www.invarena.cz\/index.php?rest_route=\/wp\/v2\/users\/1"}],"replies":[{"embeddable":true,"href":"https:\/\/www.invarena.cz\/index.php?rest_route=%2Fwp%2Fv2%2Fcomments&post=54860"}],"version-history":[{"count":0,"href":"https:\/\/www.invarena.cz\/index.php?rest_route=\/wp\/v2\/posts\/54860\/revisions"}],"wp:featuredmedia":[{"embeddable":true,"href":"https:\/\/www.invarena.cz\/index.php?rest_route=\/wp\/v2\/media\/18187"}],"wp:attachment":[{"href":"https:\/\/www.invarena.cz\/index.php?rest_route=%2Fwp%2Fv2%2Fmedia&parent=54860"}],"wp:term":[{"taxonomy":"category","embeddable":true,"href":"https:\/\/www.invarena.cz\/index.php?rest_route=%2Fwp%2Fv2%2Fcategories&post=54860"},{"taxonomy":"post_tag","embeddable":true,"href":"https:\/\/www.invarena.cz\/index.php?rest_route=%2Fwp%2Fv2%2Ftags&post=54860"}],"curies":[{"name":"wp","href":"https:\/\/api.w.org\/{rel}","templated":true}]}}