{"id":5493,"date":"2013-05-24T10:49:44","date_gmt":"2013-05-24T08:49:44","guid":{"rendered":"http:\/\/www.invarena.cz\/?p=5493"},"modified":"2014-10-20T20:12:27","modified_gmt":"2014-10-20T18:12:27","slug":"mpsv-spustilo-svuj-facebook-profil-chce-se-priblizit-mladym","status":"publish","type":"post","link":"https:\/\/www.invarena.cz\/?p=5493","title":{"rendered":"MPSV spustilo sv\u016fj facebook profil, chce se p\u0159ibl\u00ed\u017eit mlad\u00fdm"},"content":{"rendered":"<p><strong>P\u0159esto\u017ee se ministerstvo pr\u00e1ce a soci\u00e1ln\u00edch v\u011bc\u00ed d\u00edky exministru Dr\u00e1bkovi proslavilo zat\u00edm sp\u00ed\u0161 jen pr\u016f\u0161vihy p\u0159es po\u010d\u00edta\u010dov\u00e9 technologie a sKartu, n\u00e1stupkyn\u011b ve funkci ministryn\u011b Ludmila M\u00fcllerov\u00e1 se nov\u00fdch technologi\u00ed p\u0159esto neboj\u00ed. Ode dne\u0161ka bude nab\u00edzet lidem informace na soci\u00e1ln\u00edch s\u00edt\u00edch.<\/strong><br \/>\n<!--more--><br \/>\nMinisterstvo ve \u010dtvrtek spustilo sv\u016fj ofici\u00e1ln\u00ed facebookov\u00fd profil s logem MPSV a komunikovat chce tak\u00e9 prost\u0159ednictv\u00edm s\u00edt\u011b Twitter. &#8222;Lid\u00e9 by se m\u011bli m\u00edt mo\u017enost k informac\u00edm dostat cestou, kter\u00e1 je pro n\u011b nejsnadn\u011bj\u0161\u00ed. A my chceme oslovit tak\u00e9 mlad\u00e9 lidi. I t\u011bm mohou b\u00fdt informace z resortu prosp\u011b\u0161n\u00e9 a soci\u00e1ln\u00ed s\u00edt\u011b jsou zvykl\u00ed pou\u017e\u00edvat,&#8220; \u0159\u00edk\u00e1 ministryn\u011b pr\u00e1ce a soci\u00e1ln\u00edch v\u011bc\u00ed.<\/p>\n<p>Kr\u00e1tk\u00e9 zpr\u00e1vy, takzvan\u00e9 &#8222;tweety&#8220;, budou informovat o novink\u00e1ch, kter\u00e9 resort p\u0159ipravuje a glosovat nejnov\u011bj\u0161\u00ed kroky ministerstva a jeho organizac\u00ed v soci\u00e1ln\u00edch ot\u00e1zk\u00e1ch. Ka\u017ed\u00fd tak bude m\u00edt nov\u011b mo\u017enost dost\u00e1vat informace rychle a jednodu\u0161e do sv\u00e9ho mobilu nebo laptopu.<\/p>\n<p>Pod\u00edl lid\u00ed, kte\u0159\u00ed na internetu vyhled\u00e1vaj\u00ed soci\u00e1ln\u00ed s\u00edt\u011b a komunikuj\u00ed na nich, v\u00fdrazn\u011b roste. Po\u010det tuzemsk\u00fdch u\u017eivatel\u016f internetu, kte\u0159\u00ed pou\u017e\u00edvaj\u00ed soci\u00e1ln\u00ed s\u00edt\u011b, se za posledn\u00edch p\u011bt let zv\u00fd\u0161il na 4,5 n\u00e1sobek. V roce 2008 Facebook a podobn\u00e9 s\u00edt\u011b vyu\u017e\u00edvalo 12 procent lid\u00ed na internetu, loni to bylo u\u017e 54 procent, tedy v\u00edce ne\u017e polovina z nich (vypl\u00fdv\u00e1 to z pr\u016fzkumu spole\u010dnosti Mediaresearch).<\/p>\n<p>Lenka Petr\u00e1\u0161ov\u00e1<br \/>\nMlad\u00e1 fronta DNES<\/p>\n","protected":false},"excerpt":{"rendered":"<div class=\"mh-excerpt\"><p>P\u0159esto\u017ee se ministerstvo pr\u00e1ce a soci\u00e1ln\u00edch v\u011bc\u00ed d\u00edky exministru Dr\u00e1bkovi proslavilo zat\u00edm sp\u00ed\u0161 jen pr\u016f\u0161vihy p\u0159es po\u010d\u00edta\u010dov\u00e9 technologie a sKartu, n\u00e1stupkyn\u011b ve funkci ministryn\u011b Ludmila <a class=\"mh-excerpt-more\" href=\"https:\/\/www.invarena.cz\/?p=5493\" title=\"MPSV spustilo sv\u016fj facebook profil, chce se p\u0159ibl\u00ed\u017eit mlad\u00fdm\">[&#8230;]<\/a><\/p>\n<\/div>","protected":false},"author":1,"featured_media":1226,"comment_status":"open","ping_status":"open","sticky":false,"template":"","format":"standard","meta":{"footnotes":""},"categories":[6],"tags":[],"class_list":["post-5493","post","type-post","status-publish","format-standard","has-post-thumbnail","hentry","category-politika"],"_links":{"self":[{"href":"https:\/\/www.invarena.cz\/index.php?rest_route=\/wp\/v2\/posts\/5493","targetHints":{"allow":["GET"]}}],"collection":[{"href":"https:\/\/www.invarena.cz\/index.php?rest_route=\/wp\/v2\/posts"}],"about":[{"href":"https:\/\/www.invarena.cz\/index.php?rest_route=\/wp\/v2\/types\/post"}],"author":[{"embeddable":true,"href":"https:\/\/www.invarena.cz\/index.php?rest_route=\/wp\/v2\/users\/1"}],"replies":[{"embeddable":true,"href":"https:\/\/www.invarena.cz\/index.php?rest_route=%2Fwp%2Fv2%2Fcomments&post=5493"}],"version-history":[{"count":0,"href":"https:\/\/www.invarena.cz\/index.php?rest_route=\/wp\/v2\/posts\/5493\/revisions"}],"wp:featuredmedia":[{"embeddable":true,"href":"https:\/\/www.invarena.cz\/index.php?rest_route=\/wp\/v2\/media\/1226"}],"wp:attachment":[{"href":"https:\/\/www.invarena.cz\/index.php?rest_route=%2Fwp%2Fv2%2Fmedia&parent=5493"}],"wp:term":[{"taxonomy":"category","embeddable":true,"href":"https:\/\/www.invarena.cz\/index.php?rest_route=%2Fwp%2Fv2%2Fcategories&post=5493"},{"taxonomy":"post_tag","embeddable":true,"href":"https:\/\/www.invarena.cz\/index.php?rest_route=%2Fwp%2Fv2%2Ftags&post=5493"}],"curies":[{"name":"wp","href":"https:\/\/api.w.org\/{rel}","templated":true}]}}