{"id":54943,"date":"2025-02-16T22:32:18","date_gmt":"2025-02-16T21:32:18","guid":{"rendered":"https:\/\/www.invarena.cz\/?p=54943"},"modified":"2025-02-16T22:32:18","modified_gmt":"2025-02-16T21:32:18","slug":"hejtman-belica-diky-telemedpointum-zvysujeme-dostupnost-lekarske-pece-v-nasem-kraji","status":"publish","type":"post","link":"https:\/\/www.invarena.cz\/?p=54943","title":{"rendered":"Hejtman B\u011blica: D\u00edky TeleMedPoint\u016fm zvy\u0161ujeme dostupnost l\u00e9ka\u0159sk\u00e9 p\u00e9\u010de v na\u0161em kraji"},"content":{"rendered":"\n<p>V odlehl\u00fdch oblastech Moravskoslezsk\u00e9ho kraje z\u0159\u00eddilo hejtmanstv\u00ed TeleMedPointy. Tato kontaktn\u00ed m\u00edsta umo\u017e\u0148uj\u00ed z\u00e1jemc\u016fm hl\u00eddat si sv\u00e9 zdrav\u00ed, a to m\u011b\u0159en\u00edm z\u00e1kladn\u00edch \u017eivotn\u00edch funkc\u00ed. TeleMedPointy zdarma nab\u00edzej\u00ed i dal\u0161\u00ed slu\u017eby. Nav\u0161t\u011bvuj\u00ed pacienty u nich doma, tak\u00e9 mohou rozv\u00e1\u017eet l\u00e9ky.<\/p>\n\n\n\n<p>Cel\u00fd \u010dl\u00e1nek naleznete v Parlamentn\u00edch Listech: <a href=\"https:\/\/www.parlamentnilisty.cz\/politika\/politici-volicum\/Hejtman-Belica-Diky-TeleMedPointum-zvysujeme-dostupnost-lekarske-pece-v-nasem-kraji-769359\" target=\"_blank\" rel=\"noreferrer noopener\">https:\/\/www.parlamentnilisty.cz\/politika\/politici-volicum\/Hejtman-Belica-Diky-TeleMedPointum-zvysujeme-dostupnost-lekarske-pece-v-nasem-kraji-769359<\/a><\/p>\n","protected":false},"excerpt":{"rendered":"<div class=\"mh-excerpt\"><p>V odlehl\u00fdch oblastech Moravskoslezsk\u00e9ho kraje z\u0159\u00eddilo hejtmanstv\u00ed TeleMedPointy. Tato kontaktn\u00ed m\u00edsta umo\u017e\u0148uj\u00ed z\u00e1jemc\u016fm hl\u00eddat si sv\u00e9 zdrav\u00ed, a to m\u011b\u0159en\u00edm z\u00e1kladn\u00edch \u017eivotn\u00edch funkc\u00ed. TeleMedPointy zdarma <a class=\"mh-excerpt-more\" href=\"https:\/\/www.invarena.cz\/?p=54943\" title=\"Hejtman B\u011blica: D\u00edky TeleMedPoint\u016fm zvy\u0161ujeme dostupnost l\u00e9ka\u0159sk\u00e9 p\u00e9\u010de v na\u0161em kraji\">[&#8230;]<\/a><\/p>\n<\/div>","protected":false},"author":1,"featured_media":17814,"comment_status":"open","ping_status":"closed","sticky":false,"template":"","format":"standard","meta":{"footnotes":""},"categories":[9],"tags":[],"class_list":["post-54943","post","type-post","status-publish","format-standard","has-post-thumbnail","hentry","category-zpravy"],"_links":{"self":[{"href":"https:\/\/www.invarena.cz\/index.php?rest_route=\/wp\/v2\/posts\/54943","targetHints":{"allow":["GET"]}}],"collection":[{"href":"https:\/\/www.invarena.cz\/index.php?rest_route=\/wp\/v2\/posts"}],"about":[{"href":"https:\/\/www.invarena.cz\/index.php?rest_route=\/wp\/v2\/types\/post"}],"author":[{"embeddable":true,"href":"https:\/\/www.invarena.cz\/index.php?rest_route=\/wp\/v2\/users\/1"}],"replies":[{"embeddable":true,"href":"https:\/\/www.invarena.cz\/index.php?rest_route=%2Fwp%2Fv2%2Fcomments&post=54943"}],"version-history":[{"count":0,"href":"https:\/\/www.invarena.cz\/index.php?rest_route=\/wp\/v2\/posts\/54943\/revisions"}],"wp:featuredmedia":[{"embeddable":true,"href":"https:\/\/www.invarena.cz\/index.php?rest_route=\/wp\/v2\/media\/17814"}],"wp:attachment":[{"href":"https:\/\/www.invarena.cz\/index.php?rest_route=%2Fwp%2Fv2%2Fmedia&parent=54943"}],"wp:term":[{"taxonomy":"category","embeddable":true,"href":"https:\/\/www.invarena.cz\/index.php?rest_route=%2Fwp%2Fv2%2Fcategories&post=54943"},{"taxonomy":"post_tag","embeddable":true,"href":"https:\/\/www.invarena.cz\/index.php?rest_route=%2Fwp%2Fv2%2Ftags&post=54943"}],"curies":[{"name":"wp","href":"https:\/\/api.w.org\/{rel}","templated":true}]}}