{"id":54952,"date":"2025-02-18T08:57:48","date_gmt":"2025-02-18T07:57:48","guid":{"rendered":"https:\/\/www.invarena.cz\/?p=54952"},"modified":"2025-02-18T08:58:39","modified_gmt":"2025-02-18T07:58:39","slug":"meli-bychom-platit-za-nadstandardni-zdravotni-peci","status":"publish","type":"post","link":"https:\/\/www.invarena.cz\/?p=54952","title":{"rendered":"M\u011bli bychom platit za nadstandardn\u00ed zdravotn\u00ed p\u00e9\u010di?"},"content":{"rendered":"\n<p>NOVA&nbsp;<\/p>\n\n\n\n<p>&#8222;Syst\u00e9m financov\u00e1n\u00ed zdravotnictv\u00ed je neudr\u017eiteln\u00fd a do 5 let naraz\u00ed do zdi,&#8220; to \u0159ekl tento t\u00fdden ekonom Ale\u0161 Rod. Sv\u00e9 tvrzen\u00ed podkl\u00e1d\u00e1 hned n\u011bkolika fakty, jedn\u00edm je demografie, na\u0161e populace st\u00e1rne a ka\u017ed\u00fdm rokem tak p\u0159ib\u00fdv\u00e1 t\u011bch, kte\u0159\u00ed pot\u0159ebuj\u00ed zdravotn\u00ed p\u00e9\u010di. Z\u00e1rove\u0148 je na\u0161e p\u00e9\u010de velmi kvalitn\u00ed, \u010dasto inovativn\u00ed, a to znamen\u00e1 tak\u00e9 drah\u00e1. Jak\u00e9 je tedy \u0159e\u0161en\u00ed? Ekonomov\u00e9 maj\u00ed jasno. T\u0159eba Petr Barto\u0148 \u0159\u00edk\u00e1: &#8222;Pokud chceme zachovat kvalitu a dostupnost \u010desk\u00e9ho zdravotnictv\u00ed, mus\u00edme d\u00e1t lidem mo\u017enost investovat do sv\u00e9 zdravotn\u00ed p\u00e9\u010de.&#8220; Jin\u00fdmi slovy, platit si za lep\u0161\u00ed p\u00e9\u010di, materi\u00e1ly nebo komfort, tak by se do syst\u00e9mu m\u011blo dostat v\u00edce soukrom\u00fdch pen\u011bz. V sou\u010dasnosti to funguje tak, \u017ee pokud chcete n\u011bjakou nestandardn\u00ed l\u00e9\u010dbu, kvalitn\u011bj\u0161\u00ed o\u010dn\u00ed \u010do\u010dku nebo t\u0159eba leh\u010d\u00ed s\u00e1dru, mus\u00edte si to cel\u00e9 zaplatit ze sv\u00e9ho. Poji\u0161\u0165ovna hrad\u00ed jen schv\u00e1len\u00e9 materi\u00e1ly a procesy. Nov\u011b bychom si ale mohli za tento nadstandard jen p\u0159iplatit rozd\u00edl mezi cenou za b\u011b\u017enou p\u00e9\u010di a za tu speci\u00e1ln\u00ed. To se v\u0161ak pochopiteln\u011b nel\u00edb\u00ed zejm\u00e9na levicov\u00e9 \u010d\u00e1sti politick\u00e9ho spektra. T\u0159eba europoslanec Ond\u0159ej Dost\u00e1l \u0159\u00edk\u00e1, \u017ee pen\u00edze vybran\u00e9 na zdravotn\u00edm poji\u0161t\u011bn\u00ed a soukrom\u00e9 finance by se nem\u011bly m\u00edchat. Argumentuje t\u00edm, \u017ee cel\u00fd syst\u00e9m stoj\u00ed na solidarit\u011b a \u0159\u00edk\u00e1: &#8222;Je to j\u00e1dro na\u0161eho syst\u00e9mu zdravotn\u00edho zabezpe\u010den\u00ed a jen opravdu hloup\u00fd \u010dlov\u011bk by to cht\u011bl m\u011bnit.&#8220; Je to tak. Je solidarita ve zdravotn\u00edm syst\u00e9mu nutn\u011b v rozporu s mo\u017enost\u00ed p\u0159ipl\u00e1cet si za zdravotn\u00ed p\u00e9\u010di? Nebo maj\u00ed pravdu ekonomov\u00e9 a bez daleko v\u011bt\u0161\u00edho mno\u017estv\u00ed soukrom\u00fdch pen\u011bz to nep\u016fjde? To jsou d\u016fle\u017eit\u00e9 ot\u00e1zky na ministra zdravotnictv\u00ed Vlastimila V\u00e1lka z TOP 09 a tak\u00e9 na m\u00edstop\u0159edsedkyni v\u00fdboru pro zdravotnictv\u00ed v Poslaneck\u00e9 sn\u011bmovn\u011b Karlu Ma\u0159\u00edkovou z SPD. Zdrav\u00edm v\u00e1s, hezk\u00fd den.<br \/><br \/>Pane minist\u0159e, ten samotn\u00fd princip pustit do syst\u00e9mu dal\u0161\u00ed mno\u017estv\u00ed pen\u011bz ze soukrom\u00e9ho sektoru, soukrom\u00fdch pen\u011bz. Ve t\u0159ech v\u011bt\u00e1ch, je to dob\u0159e, je to \u0161patn\u011b.<br \/><br \/>Vlastimil V\u00e1lek, ministr zdravotnictv\u00ed, m\u00edstop\u0159edseda vl\u00e1dy \/TOP 09\/<br \/>&#8212;&#8212;&#8212;&#8212;&#8212;&#8212;&#8211;<br \/>To, jestli je to dob\u0159e nebo \u0161patn\u011b, je irelevantn\u00ed, ono to je. Do syst\u00e9mu jdou soukrom\u00e9 pen\u00edze.<br \/><br \/>Martin \u010cerm\u00e1k, moder\u00e1tor<br \/>&#8212;&#8212;&#8212;&#8212;&#8212;&#8212;&#8211;<br \/>Bav\u00edme se o n\u011bjak\u00fdm v\u011bt\u0161\u00edm mno\u017estv\u00ed.<br \/><br \/>Vlastimil V\u00e1lek, <br \/>V\u011bt\u0161\u00ed mno\u017estv\u00ed, v\u011bt\u0161\u00ed mno\u017estv\u00ed, pen\u00edze soukrom\u00e9 do syst\u00e9mu jdou. Cokoliv, co nen\u00ed hrazen\u00e9 poji\u0161\u0165ovnou, hrad\u00ed pacient, to se d\u011bje, d\u011bje se to ve v\u0161ech oborech a nejde to kontrolovan\u011b a nen\u00ed v tom syst\u00e9m. A je to tak, \u017ee ka\u017ed\u00fd zdravotn\u00edk to vid\u00ed jinak a vyb\u00edr\u00e1 ty pen\u00edze jin\u00fdm zp\u016fsobem. J\u00e1 chci, aby v tom byl \u0159\u00e1d, aby v tom byl po\u0159\u00e1dek, aby pacient platil jenom za to, co nehrad\u00ed poji\u0161\u0165ovna a jenom ten rozd\u00edl, ne celou tu sumu a n\u011bkdy i v\u00fdkon.<br \/><br \/>moder\u00e1tor<br \/>&#8212;&#8212;&#8212;&#8212;&#8212;&#8212;&#8211;<br \/>A transparentn\u011b.<br \/><br \/>Vlastimil V\u00e1lek, <br \/>Transparentn\u011b, pochopiteln\u011b. Vyv\u011b\u0161en\u00e9 cen\u00edky kontrolovateln\u00e9, pokud je tam jak\u00e9koliv poru\u0161en\u00ed, nap\u0159\u00edklad za p\u0159ed\u010dasn\u00e9 objedn\u00e1v\u00e1n\u00ed, takov\u00e9 p\u0159ednostn\u00ed objedn\u00e1v\u00e1n\u00ed nebo p\u0159ednostn\u00ed term\u00edny, aby to mohlo b\u00fdt pokutovateln\u00e9, velmi jednodu\u0161e.<br \/><br \/>Martin \u010cerm\u00e1k, moder\u00e1tor<br \/>&#8212;&#8212;&#8212;&#8212;&#8212;&#8212;&#8211;<br \/>Pan\u00ed poslankyn\u011b, za v\u00e1s ten princip dost\u00e1n\u00ed v\u011bt\u0161\u00edho mno\u017estv\u00ed pen\u011bz a mo\u017en\u00e1 vlastn\u011b ileg\u00e1ln\u00edch pen\u011bz nebo transparentn\u00edch pen\u011bz soukrom\u00fdch do zdravotnictv\u00ed, je dobr\u00fd, \u0161patn\u00fd, je pot\u0159ebn\u00fd?<br \/><br \/>Karla Ma\u0159\u00edkov\u00e1, poslankyn\u011b \/SPD\/<br \/>&#8212;&#8212;&#8212;&#8212;&#8212;&#8212;&#8211;<br \/>Tak j\u00e1 se ob\u00e1v\u00e1m, ve chv\u00edli, kdy pacienti si za\u010dnou p\u0159ipl\u00e1cet nap\u0159\u00edklad za lep\u0161\u00ed materi\u00e1l nebo, \u0159ekn\u011bme, za lep\u0161\u00ed kvalitn\u00ed p\u00e9\u010di, tak vznikne samoz\u0159ejm\u011b ten dojem a ten pocit u pacient\u016f, \u017ee ten standard je hor\u0161\u00ed, samoz\u0159ejm\u011b i ty zdravotnick\u00e1 za\u0159\u00edzen\u00ed i l\u00e9ka\u0159i mohou b\u00fdt motivov\u00e1ni t\u011bmi finan\u010dn\u00edmi prost\u0159edky. A j\u00e1 bych se nerada dostala do stavu, kter\u00fd je t\u0159eba ve Spojen\u00fdch st\u00e1tech americk\u00fdch, nebo pod\u00edvejme se, m\u016f\u017eeme z\u016fstat tady, na na\u0161i stomatologickou p\u00e9\u010di, kdy u\u017e si plat\u00edte za t\u00e9m\u011b\u0159 v\u0161e. A samoz\u0159ejm\u011b takov\u00fd n\u00e1vrh prohlubuje tu finan\u010dn\u00ed nerovnost mezi lidmi, \u017ee ti, co maj\u00ed pen\u00edze, si budou moci dovolit si koupit t\u0159eba nebo zaplatit lep\u0161\u00ed ky\u010deln\u00ed kloub nebo kolenn\u00ed. Nicm\u00e9n\u011b ti, kte\u0159\u00ed ty prost\u0159edky nemaj\u00ed, a to si \u0159ekn\u011bme na rovinu, jsou ti soci\u00e1ln\u011b slab\u00ed, jsou to na\u0161i senio\u0159i,\u00a0<strong>invalidn\u00ed<\/strong>\u00a0d\u016fchodci, matky samo\u017eivitelky, ti si to dovolit prost\u011b nem\u016f\u017eou.<br \/><br \/>moder\u00e1tor<br \/>&#8212;&#8212;&#8212;&#8212;&#8212;&#8212;&#8211;<br \/>D\u011bkuji. Pane minist\u0159e, vy jste se pom\u011brn\u011b kroutil u t\u00e9 odpov\u011bdi pan\u00ed Ma\u0159\u00edkov\u00e9, co v\u00e1s nejv\u00edce na tom iritovalo?<br \/><br \/>Vlastimil V\u00e1lek, <br \/>Pan\u00ed kolegyn\u011b je zdravotn\u00edk, tak v\u00ed, kdy\u017e \u0159eknete slovo nadstandard, tak na to m\u00e1te pr\u00e1vo, vy tomu nemus\u00edte \u00fapln\u011b do detailu rozum\u011bt.<br \/><br \/>moder\u00e1tor<br \/>&#8212;&#8212;&#8212;&#8212;&#8212;&#8212;&#8211;<br \/>J\u00e1 pou\u017e\u00edv\u00e1m kv\u016fli srozumitelnosti.<br \/><br \/>Vlastimil V\u00e1lek, <br \/>Ale to je nesmysl. \u017d\u00e1dn\u00fd nadstandard neexistuje. Zapome\u0148te na to slovo.<br \/><br \/>moder\u00e1tor<br \/>&#8212;&#8212;&#8212;&#8212;&#8212;&#8212;&#8211;<br \/>Existuje standard, existuj\u00ed \u00fakony a materi\u00e1ly, kter\u00e9 jsou placeny poji\u0161\u0165ovnou.<br \/><br \/>Vlastimil V\u00e1lek, <br \/>Hrazen\u00e9 v\u011bci VZP a nehrazen\u00e9 v\u011bci. J\u00e1 m\u00e1m nadstandardn\u00ed br\u00fdle?<br \/><br \/> moder\u00e1tor<br \/>&#8212;&#8212;&#8212;&#8212;&#8212;&#8212;&#8211;<br \/>To nev\u00edm, jak\u00fd m\u00e1te skla.<br \/><br \/>Karla Ma\u0159\u00edkov\u00e1, <br \/>To je slov\u00ed\u010dka\u0159en\u00ed.<br \/><br \/>Vlastimil V\u00e1lek, <br \/>Nen\u00ed to slov\u00ed\u010dka\u0159en\u00ed. Vy dneska plat\u00edte za lehkou s\u00e1dru.<br \/><br \/>moder\u00e1tor<br \/>&#8212;&#8212;&#8212;&#8212;&#8212;&#8212;&#8211;<br \/>A to je vn\u00edm\u00e1no podle m\u011b jako standard.<br \/><br \/>Vlastimil V\u00e1lek, <br \/>Ale vy za to plat\u00edte. Plat\u00edte za s\u00e1dru, s kterou se chcete koupat, z n\u011bjak\u00fdch d\u016fvod\u016f, plat\u00edte za n\u00ed, ta ruka se v\u00e1m rychleji nevyl\u00e9\u010d\u00ed, ani se v\u00e1m nevyl\u00e9\u010d\u00ed l\u00edp, ale chcete tuto lehkou s\u00e1dru, dneska zaplat\u00edte za tu lehkou s\u00e1dru, j\u00e1 nev\u00edm, 1 000 K\u010d, 1 500 nev\u00edm p\u0159esn\u011b. To, co j\u00e1 chci, aby se ta cena sn\u00ed\u017eila o cenu t\u00e9 s\u00e1dry b\u00edl\u00e9, prost\u011b nebudete platit za nic nov\u00e9ho, pouze se sn\u00ed\u017e\u00ed ta cena, bude v tom jasn\u00fd syst\u00e9m, jasn\u00fd \u0159\u00e1d a p\u0159estane takov\u00e9to, za registraci mi mus\u00edte d\u00e1t 500 K\u010d, jinak v\u00e1s nezaregistruju.<br \/><br \/>Martin \u010cerm\u00e1k, moder\u00e1tor<br \/>&#8212;&#8212;&#8212;&#8212;&#8212;&#8212;&#8211;<br \/>J\u00e1 jenom, abysme si ujistili, to n\u00e1zvoslov\u00ed na za\u010d\u00e1tku. J\u00e1 o standardu mluv\u00edm jako o t\u011bch \u00fakonech, kter\u00e9 jsou pln\u011b hrazen\u00e9 z poji\u0161\u0165ovny, to je vn\u00edm\u00e1no, mysl\u00edm, i div\u00e1ky, jako co je standardn\u00ed. Pokud cht\u011bj\u00ed n\u011bco, co je v\u00edce ne\u017e to, co je placeno, je vn\u00edm\u00e1no div\u00e1ky a mnoh\u00fdmi ob\u010dany jako nadstandardn\u00ed. Vy to mo\u017en\u00e1 vn\u00edm\u00e1te jako slov\u00ed\u010dka\u0159en\u00ed, ale dob\u0159e, pou\u017e\u00edv\u00e1m toto n\u00e1zvoslov\u00ed pro srozumitelnost. A v tomto ch\u00e1pu, \u017ee mnoho lid\u00ed jim m\u016f\u017ee p\u0159ij\u00edt, \u017ee ve chv\u00edli, kdy dostaneme tyto nadstandardy, tedy p\u0159ipl\u00e1cen\u00ed si za n\u011bco, co nen\u00ed dote\u010fka hrazeno, \u017ee m\u016f\u017ee tam panovat obava, \u017ee ten standard se n\u011bjak\u00fdm zp\u016fsobem sn\u00ed\u017e\u00ed. Ta obava je za v\u00e1s lich\u00e1?<br \/><br \/>Vlastimil V\u00e1lek, <br \/>Ne, to je naprosto, naprosto vylou\u010den\u00e9, proto\u017ee samoz\u0159ejm\u011b jak zdravotnick\u00e9, jak odborn\u00e9 spole\u010dnosti, tak firmy maj\u00ed eminentn\u00ed z\u00e1jem, aby toho co nejv\u00edc bylo hrazeno ze zdravotn\u00edho poji\u0161t\u011bn\u00ed. T\u00edm to funguje pro n\u011b optim\u00e1ln\u011b, proto tak\u00e9 m\u00e1me velik\u00fd rozsah \u00fahrad ze zdravotn\u00edho poji\u0161t\u011bn\u00ed, daleko v\u011bt\u0161\u00ed, ne\u017e je b\u011b\u017en\u00e9 v \u0159ad\u011b okoln\u00edch zem\u00edch na z\u00e1pad od n\u00e1s. To je prost\u011b realita. J\u00e1 bych mohl \u0159\u00edkat p\u0159\u00edklady, ale je to asi zbyte\u010dn\u00e9. To, co nem\u00e1me, tak nem\u00e1me jasn\u00fd cen\u00edk t\u011bch slu\u017eeb, kde si pacient plat\u00ed, nem\u00e1me jasn\u00fd cen\u00edk, nem\u00e1me mo\u017enost pokutovat, respektive to nikdo ned\u011bl\u00e1 a ministerstvo tu mo\u017enost nem\u00e1 pokutovat, pokutovat, pokud n\u011bkdo vyb\u00edr\u00e1 neleg\u00e1ln\u00ed poplatky, nem\u00e1me definici, co je neleg\u00e1ln\u00ed. A hlavn\u011b mi p\u0159ijde absolutn\u011b amor\u00e1ln\u00ed, kdy\u017e j\u00e1 pro n\u011bkoho chci lehkou s\u00e1dru kv\u016fli tomu, \u017ee t\u0159eba jede k mo\u0159i a on tam chce plavat, tak\u017ee mus\u00ed zaplatit plnou \u010d\u00e1stku, dokonce v n\u011bkter\u00fdch nemocnic\u00edch i za ten v\u00fdkon, \u017ee mn\u011b tu s\u00e1dru daj\u00ed, p\u0159itom u\u0161et\u0159\u00edm velk\u00e9 pen\u00edze poji\u0161\u0165ovn\u011b, m\u00edsto, aby se jenom ode\u010detla ta cena, je to princip, kter\u00fd zn\u00e1me \/nesrozumiteln\u00e9\/ a nezvy\u0161uje se po\u010det l\u00e9k\u016f s doplatkem.<br \/><br \/>moder\u00e1tor<br \/>&#8212;&#8212;&#8212;&#8212;&#8212;&#8212;&#8211;<br \/>Pan ministr u\u017e zm\u00ednil to, \u017ee nejsou stanoveny cen\u00edky za n\u011bco, co by m\u011blo b\u00fdt nad r\u00e1mec toho, co je propl\u00e1ceno poji\u0161\u0165ovnou, to za v\u00e1s se d\u00e1 bez n\u011bjak\u00e9ho krvela\u010dn\u00e9ho boje politick\u00e9ho toto stanovit, co m\u00e1 b\u00fdt a co nem\u00e1 b\u00fdt&#8230;<br \/><br \/>Karla Ma\u0159\u00edkov\u00e1, poslankyn\u011b \/SPD\/<br \/>&#8212;&#8212;&#8212;&#8212;&#8212;&#8212;&#8211;<br \/>J\u00e1 bych neuv\u00e1d\u011bla p\u0159\u00edklad s\u00e1dru, ale uv\u00e1d\u011bla bych t\u0159eba takovou endoprot\u00e9zu, ve chv\u00edli, kdy pacient si tedy p\u0159iplat\u00ed za n\u011bjakou lep\u0161\u00ed, proto\u017ee&#8230;<br \/><br \/>Vlastimil V\u00e1lek, <br \/>To nejde, v\u0161echny jsou pln\u011b hrazen\u00fd z poji\u0161t\u011bn\u00ed, technicky to nejde, nejde to, to je vylou\u010deno. Vy to v\u00edte, j\u00e1 to v\u00edm. Nejde si zaplatit za lep\u0161\u00ed endoprot\u00e9zu.<br \/><br \/> moder\u00e1tor<br \/>&#8212;&#8212;&#8212;&#8212;&#8212;&#8212;&#8211;<br \/>Dokon\u010dete ten p\u0159\u00edklad, pan\u00ed Ma\u0159\u00edkov\u00e1.<br \/><br \/>Karla Ma\u0159\u00edkov\u00e1, <br \/>Dejme materi\u00e1l, ned\u00e1vejme konkr\u00e9tn\u00ed p\u0159\u00edklad. To by ale nem\u011blo hr\u00e1t roli, to, jak\u00fd materi\u00e1l, nebo cokoliv pacient dostane, tu roli by m\u011bl hr\u00e1t zdravotn\u00ed stav pacienta a rozhodnut\u00ed l\u00e9ka\u0159e, ne to, jak m\u00e1 naditou pen\u011b\u017eenku. My tady de facto legalizujeme komercializaci zdravotnictv\u00ed. Ty hranice, vy, ani j\u00e1 t\u0159eba u\u017e v politice nebudeme, se za\u010dnou posouvat, proto\u017ee poji\u0161\u0165ovny budou po\u0159\u00e1d bre\u010det, \u017ee nemaj\u00ed pen\u00edze a dojdeme k tomu, \u017ee, a j\u00e1 pou\u017eiju to slovo standard, a\u010d to nen\u00ed takto ofici\u00e1ln\u011b napsan\u00e9, ten standard se bude zmen\u0161ovat, a to, za co si lid\u00e9 budou p\u0159ipl\u00e1cet, ty hranice se za\u010dnou posouvat tak, jak je to ve v\u0161ech sm\u011brech a budou si lid\u00e9 p\u0159ipl\u00e1cet za v\u00edc a v\u00edc. Vid\u00edme to ve stomatologick\u00e9 p\u00e9\u010di.<br \/><br \/>Martin \u010cerm\u00e1k, moder\u00e1tor<br \/>&#8212;&#8212;&#8212;&#8212;&#8212;&#8212;&#8211;<br \/>Tak\u017ee za v\u00e1s, pokud existuje n\u011bjak\u00e1 technologie nebo materi\u00e1l, kter\u00fd m\u016f\u017ee tomu pacientovi je\u0161t\u011b v\u00edce pomoci a je komer\u010dn\u011b dostupn\u00fd, tak byste ho tomu pacientovi up\u0159ela, proto\u017ee by si za n\u011bj musel p\u0159iplatit?<br \/><br \/>Karla Ma\u0159\u00edkov\u00e1, poslankyn\u011b \/SPD\/<br \/>&#8212;&#8212;&#8212;&#8212;&#8212;&#8212;&#8211;<br \/>J\u00e1 si mysl\u00edm, \u017ee samoz\u0159ejm\u011b v\u00fdvoj medic\u00edny jde stra\u0161n\u011b dop\u0159edu, t\u00edm se samoz\u0159ejm\u011b i ta p\u00e9\u010de zdra\u017euje, prost\u011b tak to je, ale na\u0161\u00edm z\u00e1jmem by m\u011blo b\u00fdt to, aby ten pacient dostal co nejlep\u0161\u00ed zdravotn\u00ed p\u00e9\u010di, co nejlep\u0161\u00ed materi\u00e1ly, aby se mohl vr\u00e1tit do kvalitn\u00edho \u017eivota, proto\u017ee p\u0159ece jenom zdrav\u00fd \u010dlov\u011bk m\u016f\u017ee pracovat, platit dan\u011b a z toho pak funguje st\u00e1t. J\u00e1 ch\u00e1pu, \u017ee zdravotnictv\u00ed nen\u00ed ziskov\u00fd resort, ale v tom p\u0159\u00edpad\u011b st\u00e1t by m\u011bl na zdravotnictv\u00ed investovat maximum prost\u011b, tak, jak se prost\u011b ta p\u00e9\u010de zdra\u017euje s v\u00fdvojem, tak st\u00e1t prost\u011b by m\u011bl investovat v\u00edce.<br \/><br \/>Martin \u010cerm\u00e1k, moder\u00e1tor<br \/>&#8212;&#8212;&#8212;&#8212;&#8212;&#8212;&#8211;<br \/>Pardon, je\u0161t\u011b se dopt\u00e1m, tak\u017ee za v\u00e1s obecn\u011b soukrom\u00e9 pen\u00edze do toho sektoru nepat\u0159\u00ed?<br \/><br \/>Karla Ma\u0159\u00edkov\u00e1, poslankyn\u011b \/SPD\/<br \/>&#8212;&#8212;&#8212;&#8212;&#8212;&#8212;&#8211;<br \/>Nepat\u0159\u00ed do toho komercializace zdravotnictv\u00ed tak, aby si lid\u00e9 za p\u00e9\u010di, anebo za to, \u017ee budou m\u00edt n\u011bco lep\u0161\u00edho, museli p\u0159ipl\u00e1cet, to m\u00e1 ur\u010dovat jejich zdravotn\u00ed stav.<br \/><br \/>Martin \u010cerm\u00e1k, moder\u00e1tor<br \/>&#8212;&#8212;&#8212;&#8212;&#8212;&#8212;&#8211;<br \/>A za co si tedy mohou podle v\u00e1s p\u0159ipl\u00e1cet?<br \/><br \/>Karla Ma\u0159\u00edkov\u00e1, poslankyn\u011b \/SPD\/<br \/>&#8212;&#8212;&#8212;&#8212;&#8212;&#8212;&#8211;<br \/>A\u0165 si p\u0159ipl\u00e1c\u00ed tak, jak je to dneska, za jednol\u016f\u017ekov\u00fd pokoj, postel, jinou stravu t\u0159eba chce ten \u010dlov\u011bk, ano, dneska to takto funguje, nem\u011blo by to b\u00fdt za zdravotn\u00ed p\u00e9\u010di. Opravdu se dost\u00e1v\u00e1me na tenkou hranu, kdy se do\u010dk\u00e1me toho, \u017ee lid\u00e9 budou vn\u00edmat to, \u017ee j\u00e1 m\u00e1m pen\u00edze, tak\u017ee mohu si dovolit lep\u0161\u00ed zdravotn\u00ed p\u00e9\u010di a j\u00e1 je nem\u00e1m. Pod\u00edvejte se do Spojen\u00fdch st\u00e1t\u016f americk\u00fdch, tak to funguje.<br \/><br \/>Martin \u010cerm\u00e1k, moder\u00e1tor<br \/>&#8212;&#8212;&#8212;&#8212;&#8212;&#8212;&#8211;<br \/>Pane minist\u0159e, m\u016f\u017eete te\u010f zareagovat, vy jste m\u011bl n\u011bkolik&#8230;<br \/><br \/>Vlastimil V\u00e1lek, <br \/>Ve Spojen\u00fdch st\u00e1tech americk\u00fdch je jin\u00fd syst\u00e9m poji\u0161t\u011bn\u00ed, zapome\u0148te na Spojen\u00e9 st\u00e1ty.<br \/><br \/>Karla Ma\u0159\u00edkov\u00e1, poslankyn\u011b \/SPD\/<br \/>&#8212;&#8212;&#8212;&#8212;&#8212;&#8212;&#8211;<br \/>J\u00e1 se nebav\u00edm o poji\u0161t\u011bn\u00ed.<br \/><br \/>Vlastimil V\u00e1lek, ministr zdravotnictv\u00ed, m\u00edstop\u0159edseda vl\u00e1dy \/TOP 09\/<br \/>&#8212;&#8212;&#8212;&#8212;&#8212;&#8212;&#8211;<br \/>Dob\u0159e, my m\u00e1me Bismarck\u016fv syst\u00e9m poji\u0161t\u011bn\u00ed, kter\u00fd definuje, jak\u00fdm zp\u016fsobem se stanov\u00ed \u00fahrady. Zjednodu\u0161en\u011b. J\u00e1 jsem byl za radiologickou spole\u010dnost a dal\u0161\u00ed dv\u011b odborn\u00e9 spole\u010dnosti \u0159adu let \u00fa\u010dasten dohodovac\u00edho \u0159\u00edzen\u00ed. Co to je? Na jedn\u00e9 stran\u011b odborn\u00edci, p\u0159ijde nov\u00fd v\u00fdrobek, nov\u00fd produkt, na druh\u00e9 stran\u011b poji\u0161\u0165ovna, ministerstvo to p\u00edsk\u00e1. A odborn\u00edci se sna\u017e\u00ed p\u0159esv\u011bd\u010dit poji\u0161\u0165ovnu&#8230;<br \/><br \/> moder\u00e1tor<br \/>&#8212;&#8212;&#8212;&#8212;&#8212;&#8212;&#8211;<br \/>Aby tuto technologii platily&#8230;<br \/><br \/>Vlastimil V\u00e1lek, <br \/>A mus\u00ed k tomu dolo\u017eit data, \u017ee to zlep\u0161\u00ed tu p\u00e9\u010di ve smyslu zkr\u00e1cen\u00ed hospitalizace, v\u011bt\u0161\u00ed procento vyl\u00e9\u010den\u00fdch. Pokud to takto nen\u00ed, tak to poji\u0161\u0165ovna schv\u00e1l\u00ed, pokud je to ve stejn\u00e9 cen\u011b jako st\u00e1vaj\u00edc\u00ed l\u00e9\u010dba. Ale objevuj\u00ed se v\u011bci, kter\u00e9 prost\u011b jsou nov\u00e9, ale v\u017edy ty data pro to nejsou a jsou dra\u017e\u0161\u00ed. Typicky je to ta lehk\u00e1 s\u00e1dra, nem\u016f\u017ee se to nikdy t\u00fdkat instrument\u00e1ria typu krv\u00e1cen\u00ed do mozku, co pou\u017e\u00edv\u00e1me, endoprot\u00e9za, tam v\u017edycky zdravotn\u00ed, vy jste zdravotn\u00edk, copak jste n\u011bkdy nevyb\u00edrala to, co je nejlep\u0161\u00ed, v\u017edycky vybere ten zdravotn\u00edk to nejlep\u0161\u00ed, byl by bl\u00e1zen, aby postupoval jinak. Jen\u017ee u\u017e dneska za \u0159adu v\u011bc\u00ed plat\u00edme a skon\u010d\u00edm t\u00edm pokojem, co\u017e je dobr\u00fd p\u0159\u00edklad, m\u00e1m nadstandardn\u00ed pokoj, vy tomu \u0159\u00edk\u00e1te, prost\u011b plat\u00edm si za jednol\u016f\u017ekov\u00fd pokoj t\u0159eba, ale neode\u010dte se m\u011b cena t\u00e9 \u00fahrady&#8230;<br \/><br \/>moder\u00e1tor<br \/>&#8212;&#8212;&#8212;&#8212;&#8212;&#8212;&#8211;<br \/>To ch\u00e1peme.<br \/><br \/>Vlastimil V\u00e1lek, <br \/>A to chci, aby v tom syst\u00e9mu bylo.<br \/><br \/>Karla Ma\u0159\u00edkov\u00e1, <br \/>T\u00edm otv\u00edr\u00e1te ale dve\u0159e tomu, \u017ee se to za\u010dne posouvat a lid\u00e9 si budou platit v\u00edce a v\u00edce.<br \/><br \/>Vlastimil V\u00e1lek, <br \/>Naopak, budou si platit m\u00e9n\u011b a m\u00e9n\u011b a nav\u00edc se na to budou moct pojistit. To znamen\u00e1, vy jste dneska v situaci, chcete jednol\u016f\u017ekov\u00fd pokoj, jste ta matka samo\u017eivitelka nebo n\u011bkdo, kdo na to nem\u00e1, nem\u016f\u017eete ho m\u00edt, proto\u017ee se na to nem\u016f\u017eete ani pojistit a je\u0161t\u011b plat\u00edte plnou \u010d\u00e1stku.<br \/><br \/>Karla Ma\u0159\u00edkov\u00e1, <br \/>A j\u00e1 jsem r\u00e1da, \u017ee jste to \u0159ekl, to slovo pojistit, proto\u017ee toto otv\u00edr\u00e1 dve\u0159e p\u0159esn\u011b tomu, \u017ee tady vznikne n\u011bjak\u00e9 poji\u0161t\u011bn\u00ed pro n\u011bjakou, v uvozovk\u00e1ch, nadstandardn\u00ed p\u00e9\u010di.<br \/><br \/> moder\u00e1tor<br \/>&#8212;&#8212;&#8212;&#8212;&#8212;&#8212;&#8211;<br \/>Komer\u010dn\u00ed produkt.<br \/><br \/>Karla Ma\u0159\u00edkov\u00e1, <br \/>Ano, poji\u0161\u0165ovny na tom budou op\u011bt vyd\u011bl\u00e1vat, lid\u00e9 budou zase platit.<br \/><br \/>Vlastimil V\u00e1lek, <br \/>Ale nen\u00ed to tak. P\u0159ece poji\u0161\u0165ovna nevyd\u011bl\u00e1v\u00e1 na tom, kdy\u017e si pojist\u00edte auto, \u017ee \u010dasto bour\u00e1te, ta naopak vyd\u011bl\u00e1v\u00e1 na tom, \u017ee v\u016fbec nebour\u00e1te. V Z\u00e1jmu poji\u0161\u0165oven je, aby ti ob\u010dan\u00e9, aby lidi byli zdrav\u00ed&#8230;<br \/><br \/>moder\u00e1tor<br \/>&#8212;&#8212;&#8212;&#8212;&#8212;&#8212;&#8211;<br \/>Aby nejm\u00e9n\u011b plnili&#8230;<br \/><br \/>Karla Ma\u0159\u00edkov\u00e1, <br \/>A to by m\u011bl b\u00fdt, to by m\u011blo b\u00fdt sp\u00ed\u0161 v z\u00e1jmu ministerstva zdravotnictv\u00ed.<br \/><br \/> moder\u00e1tor<br \/>&#8212;&#8212;&#8212;&#8212;&#8212;&#8212;&#8211;<br \/>J\u00e1 bych se cht\u011bl vr\u00e1tit zp\u00e1tky k t\u00e9 samotn\u00e9 p\u00e9\u010di, nebo respektive, vy s\u00e1m jste zm\u00ednil, \u017ee ty pen\u00edze soukrom\u00e9 do zdravotnictv\u00ed proud\u00ed, proud\u00ed asi mo\u017en\u00e1 neleg\u00e1ln\u00edmi nebo nestandardn\u00edmi cestami, kdy\u017e pou\u017eiju slovo neleg\u00e1ln\u00ed, n\u011bjak\u00fdmi \u0161ed\u00fdmi cestami. A vy chcete mimo jin\u00e9 i touto novelou nebo t\u011bmi pozm\u011b\u0148ovac\u00edmi n\u00e1vrhy tento proces ztransparentnit a zlegalizovat. Dostat ty pen\u00edze, kter\u00e9 u\u017e tam neleg\u00e1ln\u011b proud\u00ed, dostat je do toho syst\u00e9mu ofici\u00e1ln\u011b.<br \/><br \/>Vlastimil V\u00e1lek, <br \/>No, samoz\u0159ejm\u011b.<br \/><br \/>moder\u00e1tor<br \/>&#8212;&#8212;&#8212;&#8212;&#8212;&#8212;&#8211;<br \/>Co jsou ty n\u00e1stroje, proto\u017ee kdy\u017e se pod\u00edv\u00e1m do praxe, tak \u010dastokr\u00e1t ty pen\u00edze tam mohou proudit takov\u00fdm zp\u016fsobem, \u017ee j\u00e1 tomu \u00fakonu se dostanu, mn\u011b t\u0159eba tu ky\u010del budou operovat, ale a\u017e za p\u016fl roku, ale j\u00e1 nechci \u010dekat p\u016fl roku, jeliko\u017e p\u016fl roku to pro m\u011b znamen\u00e1 chozen\u00ed p\u016fl roku se \u0161patnou ky\u010dl\u00ed. To je jeden z velmi \u010dast\u00fdch p\u0159\u00edklad\u016f toho, jak jsou ty pen\u00edze soukrom\u00e9 pou\u017e\u00edv\u00e1ny v tom zdravotn\u00edm sektoru. Ale kdy\u017e jsem se pod\u00edval do toho pozm\u011b\u0148ovac\u00edho n\u00e1vrhu, tak tam se p\u0159\u00edmo p\u00ed\u0161e: &#8222;Poskytovatel nesm\u00ed p\u0159i poskytov\u00e1n\u00ed zdravotn\u00edch slu\u017eeb up\u0159ednost\u0148ovat poji\u0161t\u011bnce, kter\u00fd si zvol\u00ed jin\u00e9, ne\u017e hrazen\u00e9 zdravotn\u00ed slu\u017eby.&#8220; Znamen\u00e1 to, \u017ee tato vyhl\u00e1\u0161ka by, nebo respektive ten z\u00e1kon by neumo\u017e\u0148oval, v uvozovk\u00e1ch, p\u0159eskakov\u00e1n\u00ed.<br \/><br \/>Vlastimil V\u00e1lek, <br \/>Je to \u00fapln\u011b stejn\u00e9 jako u transplantac\u00ed, p\u0159edstavte si, \u017ee vy chcete rychle transplantaci srdce a p\u0159esko\u010d\u00edte ty, kte\u0159\u00ed jsou indikovan\u00ed a m\u011bli by tu transplantaci&#8230;<br \/><br \/> moder\u00e1tor<br \/>&#8212;&#8212;&#8212;&#8212;&#8212;&#8212;&#8211;<br \/>Nebavme se o n\u011bjak\u00fdch urgentn\u00edch&#8230;<br \/><br \/>Vlastimil V\u00e1lek,<br \/>Transplantace srdce nebo jater, to jsou pl\u00e1novan\u00e9 v\u00fdkony, stejn\u011b jako ky\u010deln\u00ed kloub je pl\u00e1novan\u00fd v\u00fdkon, m\u00e1te akutn\u00ed pacienty, m\u00e1te pacienty, kte\u0159\u00ed opravdu, proto\u017ee maj\u00ed t\u011b\u017ek\u00e9 bolesti a jin\u00e9 d\u016fvody, mus\u00ed m\u00edt rychle implantovan\u00fd ky\u010deln\u00ed kloub, implantovan\u00e9&#8230;<br \/><br \/>Martin \u010cerm\u00e1k, moder\u00e1tor<br \/>&#8212;&#8212;&#8212;&#8212;&#8212;&#8212;&#8211;<br \/>Proto se, pardon, pt\u00e1m, jestli se v\u00e1m poda\u0159\u00ed ty pen\u00edze, kter\u00e9 jdou nestandardn\u00edm zp\u016fsobem do zdravotnictv\u00ed, takto zlegalizovat a zatrhnout, kdy\u017e jeden z t\u011bch nej\u010dast\u011bj\u0161\u00edch princip\u016f b\u00fdv\u00e1, abyste tu p\u00e9\u010di dostali d\u0159\u00edve nebo n\u011bjak nestandardn\u00ed.<br \/><br \/>Vlastimil V\u00e1lek, <br \/>&#8212;&#8212;&#8212;&#8212;&#8212;&#8212;&#8211;<br \/>Tak jednak budeme m\u00edt od 1. 1. kompletn\u011b v\u0161echny \u017e\u00e1danky a po\u017eadavky na vy\u0161et\u0159en\u00ed elektronicky, to znamen\u00e1, p\u0159esn\u011b budeme v\u011bd\u011bt pr\u016fchod pacienta syst\u00e9mem, bude to naprosto transparentn\u00ed a budeme v\u011bd\u011bt \u010dekac\u00ed doby a tak d\u00e1le. J\u00e1 te\u010f v\u00edm, t\u0159eba na ky\u010deln\u00ed klouby \u010dekac\u00ed doby, m\u016f\u017eu v\u00e1m je uk\u00e1zat. My jsme je za 3 roky nebo za 2,5 roku zkr\u00e1tili na polovinu ve v\u011bt\u0161in\u011b zdravotnick\u00fdch za\u0159\u00edzen\u00ed.<br \/><br \/>moder\u00e1tor<br \/>&#8212;&#8212;&#8212;&#8212;&#8212;&#8212;&#8211;<br \/>Mimochodem, zn\u00e1te slovo kulich, m\u016f\u017eete na\u0161im div\u00e1k\u016fm objasnit, co znamen\u00e1 slovo kulich?<br \/><br \/>Vlastimil V\u00e1lek, <br \/>Tak pokud se bav\u00edme o jednom z \u0159editel\u016f jedn\u00e9 fakultn\u00ed nemocnice.<br \/><br \/>Martin \u010cerm\u00e1k, moder\u00e1tor<br \/>&#8212;&#8212;&#8212;&#8212;&#8212;&#8212;&#8211;<br \/>Bav\u00edm se o druhu pacienta, kulich, kter\u00fd by m\u011bl b\u00fdt m\u00edt jakousi nestandardn\u00ed p\u00e9\u010di, t\u0159eba v Motole se m\u00e1 pou\u017e\u00edvat to slovo kulich jako pacient, kter\u00fd m\u00e1 n\u011bjakou nadstandardn\u00ed&#8230;<br \/><br \/>Vlastimil V\u00e1lek, <br \/>J\u00e1 jsem p\u0159esv\u011bd\u010den\u00fd, \u017ee drtiv\u00e1 v\u011bt\u0161ina zdravotn\u00edk\u016f se chov\u00e1 ke v\u0161em pacient\u016fm stejn\u011b, drtiv\u00e1 v\u011bt\u0161ina zdravotn\u00edk\u016f zohled\u0148uje stav pacienta, zohled\u0148uje, jestli je to akutn\u00ed nebo nen\u00ed akutn\u00ed, jestli je to \u017eivot ohro\u017euj\u00edc\u00ed nebo nen\u00ed, ale vra\u0165me se k tomu, co bude&#8230;<br \/><br \/> moder\u00e1tor<br \/>&#8212;&#8212;&#8212;&#8212;&#8212;&#8212;&#8211;<br \/>Pardon, v praxi \u010dasto jsou protek\u010dn\u00ed pacienti, a\u0165 placen\u00ed nebo neplacen\u00ed, kte\u0159\u00ed se mohou dostat d\u0159\u00edve na vy\u0161et\u0159en\u00ed, mohou se dostat d\u0159\u00edve k n\u011bjak\u00e9mu \u00fakonu, je to praxe, kter\u00e1 prob\u00edh\u00e1.<br \/><br \/>Vlastimil V\u00e1lek, <br \/>Jsou mana\u017eersk\u00e9 prohl\u00eddky, koneckonc\u016f b\u00fdval\u00fd premi\u00e9r, sou\u010dasn\u00fd p\u0159edseda hnut\u00ed ANO, pan Andrej Babi\u0161, opakovan\u011b vykl\u00e1d\u00e1, jak vyu\u017e\u00edv\u00e1 mana\u017eersk\u00e9 prohl\u00eddky na Masarykov\u011b onkologick\u00e9m \u00fastavu, kter\u00e9 si kompletn\u011b hrad\u00ed a ty prohl\u00eddky prob\u00edhaj\u00ed ve zdravotnick\u00e9m za\u0159\u00edzen\u00ed p\u0159\u00edmo \u0159\u00edzen\u00e9m, chodil na ty prohl\u00eddky, i kdy\u017e d\u011blal premi\u00e9ra. A byl kulich?<br \/><br \/> moder\u00e1tor<br \/>&#8212;&#8212;&#8212;&#8212;&#8212;&#8212;&#8211;<br \/>J\u00e1 nev\u00edm.<br \/><br \/>Vlastimil V\u00e1lek, <br \/>J\u00e1 taky ne. To je velmi t\u011b\u017ek\u00e9. Vra\u0165me se k tomu, co jste se ptal, zve\u0159ejn\u011bn\u00fd sazebn\u00edk, kde bude cen\u00edk v\u00fdkon\u016f, cen\u00edk v\u00fdkon\u016f kontrolovateln\u00fd, bude pokuta, kter\u00e1 m\u016f\u017ee b\u00fdt ud\u011blena za bu\u010f nedodr\u017eov\u00e1n\u00ed t\u00e9 ceny, anebo za cen\u00edk, \u017ee nen\u00ed cen\u00edk zve\u0159ejn\u011bn\u00fd, pokutu bude moct d\u00e1vat kraj a kontrolovat kraj, proto\u017ee kraj m\u00e1 na starosti tu zdravotn\u00ed p\u00e9\u010di v tom kraji. To je syst\u00e9m, kter\u00fd tady chyb\u00ed a j\u00e1 chci, aby v tom byl po\u0159\u00e1dek.<br \/><br \/>Martin \u010cerm\u00e1k, moder\u00e1tor<br \/>&#8212;&#8212;&#8212;&#8212;&#8212;&#8212;&#8211;<br \/>Za v\u00e1s pom\u016f\u017ee to tomu sou\u010dasn\u00e9mu stavu?<br \/><br \/>Vlastimil V\u00e1lek, <br \/>No, samoz\u0159ejm\u011b, \u017ee to pom\u016f\u017ee, proto\u017ee bude jasn\u00e9, kolik co stoj\u00ed, bude to kontrolovateln\u00e9 a pokutovateln\u00e9.<br \/><br \/>moder\u00e1tor<br \/>&#8212;&#8212;&#8212;&#8212;&#8212;&#8212;&#8211;<br \/>Pan\u00ed Ma\u0159\u00edkov\u00e1, z toho, co jsem pochopil, vy s takov\u00fdm syst\u00e9mem nesouhlas\u00edte, zejm\u00e9na v t\u00e9 oblasti p\u00e9\u010de, \u017ee bych si mohl p\u0159ipl\u00e1cet za n\u011bjakou nadstandardn\u00ed nebo nadr\u00e1mcovou p\u00e9\u010di. Nicm\u00e9n\u011b odborn\u00edci se shoduj\u00ed na tom, \u017ee v \u010desk\u00e9m zdravotnictv\u00ed chyb\u00ed ty soukrom\u00e9 pen\u00edze, tak jak je tam chcete dostat?<br \/><br \/>Karla Ma\u0159\u00edkov\u00e1, <br \/>V\u00edte co, v sou\u010dasn\u00e9 dob\u011b ani nev\u00edme, kolik t\u011bch pen\u011bz n\u011bkde stranou proud\u00ed, jestli to opravdu vytrhne trn z paty na\u0161emu \u010desk\u00e9mu zdravotnictv\u00ed. Ten z\u00e1kon \u0159\u00edk\u00e1, \u017ee by se to d\u00edt nem\u011blo. J\u00e1 jsem sv\u011bdkem toho, p\u0159ed 25 lety se to b\u011b\u017en\u011b, nebo 20 lety d\u011blo, \u017ee v r\u00e1mci sponzorsk\u00fdch dar\u016f ti pacienti p\u0159eskakovali v t\u011bch po\u0159adn\u00edk\u00e1ch.<br \/><br \/>moder\u00e1tor<br \/>&#8212;&#8212;&#8212;&#8212;&#8212;&#8212;&#8211;<br \/>Proto se v\u00e1s te\u010f pt\u00e1m, co za v\u00e1s je ten zp\u016fsob, kter\u00fd tam dostane ty pen\u00edze?<br \/><br \/>Karla Ma\u0159\u00edkov\u00e1, poslankyn\u011b \/SPD\/<br \/>&#8212;&#8212;&#8212;&#8212;&#8212;&#8212;&#8211;<br \/>Ur\u010dit\u011b to chce zhodnotit ten stav, kter\u00fd m\u00e1, ale \u0159\u00edk\u00e1m, zdravotnictv\u00ed nebude asi nikdy ziskov\u00e9, ne\u010dekejme to. Prioritou ka\u017ed\u00e9 vl\u00e1dy by m\u011blo investovat do n\u011bho maximum, m\u011bla by to b\u00fdt, ur\u010dit\u011b jedna v\u011bc je prevence, aby samoz\u0159ejm\u011b pak ta p\u00e9\u010de nebyla tak n\u00e1kladn\u00e1, ono ve fin\u00e1le se n\u00e1m vyplat\u00ed investovat do prevence v\u00edce pen\u011bz, proto\u017ee t\u00edm u\u0161et\u0159\u00edme. A dal\u0161\u00ed v\u011bc je, v\u00edme, \u017ee kou\u0159en\u00ed, alkohol, nezdrav\u00e9 potraviny, \u0161patn\u00fd \u017eivotn\u00ed styl zdravotn\u00ed stav t\u011bch pacient\u016f zhor\u0161uje, pak samoz\u0159ejm\u011b maj\u00ed r\u016fzn\u00e9 civiliza\u010dn\u00ed onemocn\u011bn\u00ed. J\u00e1 bych byla i klidn\u011b proto, aby t\u0159eba \u010d\u00e1st dan\u00ed pr\u00e1v\u011b z t\u011bchto v\u00fdrok\u016f \u0161ly p\u0159\u00edmo do zdravotnictv\u00ed.<br \/><br \/>Martin \u010cerm\u00e1k, moder\u00e1tor<br \/>&#8212;&#8212;&#8212;&#8212;&#8212;&#8212;&#8211;<br \/>To je t\u0159eba z t\u011bch zp\u016fsob\u016f, \u017ee ten zdravotnick\u00fd syst\u00e9m, jak je te\u010f nastaven\u00fd, m\u00ed\u0159\u00ed hlavou proti zdi, v uvozovk\u00e1ch, kdy\u017e budu pou\u017e\u00edvat n\u011bkter\u00e1 slova ekonom\u016f, tak to je fakt a kdy\u017e se budeme p\u00eddit po n\u011bjak\u00fdch praktick\u00fdch kroc\u00edch, tak tato novela je praktick\u00fd krok, kter\u00fd by tam mo\u017en\u00e1 m\u011bl n\u011bjak\u00e9 pen\u00edze dostat. Proto se pt\u00e1m konkr\u00e9tn\u011b o n\u011bjak\u00fd praktick\u00fd krok, kter\u00fd je jin\u00fd ne\u017e tento, tak vy mluv\u00edte t\u0159eba o tom, \u017ee spot\u0159ebn\u00ed dan\u011b by m\u011bly j\u00edt p\u0159\u00edmo nebo n\u011bjak\u00e1 \u010d\u00e1st spot\u0159ebn\u00edch dan\u00ed&#8230;<br \/><br \/>Karla Ma\u0159\u00edkov\u00e1, poslankyn\u011b \/SPD\/<br \/>&#8212;&#8212;&#8212;&#8212;&#8212;&#8212;&#8211;<br \/>Konkr\u00e9tn\u00edch v\u00fdrobk\u016f, j\u00e1 \u0159\u00edk\u00e1m, samoz\u0159ejm\u011b v\u00edme o v\u00fdrobk\u00e1ch, jako je alkohol, cigarety, slazen\u00e9 n\u00e1poje, a to v\u00edme, \u017ee prost\u011b maj\u00ed negativn\u00ed vliv na lidsk\u00e9 zdrav\u00ed. A j\u00e1 jsem pro, aby \u010d\u00e1st z t\u011bchto dan\u00ed \u0161ly t\u0159eba p\u0159\u00edmo do zdravotn\u00edho syst\u00e9mu, aby samoz\u0159ejm\u011b, pokud, my samoz\u0159ejm\u011b ty pacienty mus\u00edme l\u00e9\u010dit a ta p\u00e9\u010de je \u010d\u00edm d\u00e1l n\u00e1kladn\u011bj\u0161\u00ed, tak samoz\u0159ejm\u011b, aby to zdravotnictv\u00ed z toho n\u011bco p\u0159\u00edmo m\u011blo.<br \/><br \/>Martin \u010cerm\u00e1k, moder\u00e1tor<br \/>&#8212;&#8212;&#8212;&#8212;&#8212;&#8212;&#8211;<br \/>Kr\u00e1tce za v\u00e1s, je n\u011bjak\u00e1 cesta?<br \/><br \/>Vlastimil V\u00e1lek, <br \/>Tak ono to vypad\u00e1 velmi dob\u0159e, takov\u00fdhle n\u00e1vrh.<br \/><br \/>moder\u00e1tor<br \/>&#8212;&#8212;&#8212;&#8212;&#8212;&#8212;&#8211;<br \/>Jev\u00ed se to logicky.<br \/><br \/>Vlastimil V\u00e1lek, ministr zdravotnictv\u00ed, m\u00edstop\u0159edseda vl\u00e1dy \/TOP 09\/<br \/>&#8212;&#8212;&#8212;&#8212;&#8212;&#8212;&#8211;<br \/>Probl\u00e9m je, \u017ee ty pen\u00edze pak budou chyb\u011bt ve st\u00e1tn\u00edm rozpo\u010dtu, nebudou pak, proto\u017ee ty pen\u00edze, je jenom jeden bal\u00edk pen\u011bz, to znamen\u00e1, kdy\u017e sebereme pen\u00edze ze st\u00e1tn\u00edho rozpo\u010dtu, je to v podstat\u011b v\u011bt\u0161\u00ed odvod pen\u011bz ze st\u00e1tn\u00edho rozpo\u010dtu do zdravotnictv\u00ed, my d\u00e1v\u00e1me u\u017e jedno z nejv\u011bt\u0161\u00edch procent HDP do zdravotnictv\u00ed ve srovn\u00e1n\u00ed s okoln\u00edmi st\u00e1ty, to je realita. Ale cht\u011bl bych \u0159\u00edct t\u011bm poplatk\u016fm, j\u00e1 m\u00e1m zmapovan\u00e9 dneska, \u0159ekn\u011bme, 70 % nemocnic, kolik se plat\u00ed z poji\u0161t\u011bn\u00ed, kolik plat\u00ed pacienti, jsou zdravotnick\u00e1 za\u0159\u00edzen\u00ed, kde a\u017e 30 % p\u0159\u00edjm\u016f toho za\u0159\u00edzen\u00ed jsou p\u0159\u00edm\u00e9 platby pacient\u016f, a toto j\u00e1 chci opravdu narovnat a nav\u00edc sn\u00ed\u017eit a umo\u017enit tomu p\u0159ipoji\u0161t\u011bn\u00ed. Te\u010dka.<br \/><br \/>Martin \u010cerm\u00e1k, moder\u00e1tor<br \/>&#8212;&#8212;&#8212;&#8212;&#8212;&#8212;&#8211;<br \/>D\u011bkuji. My jsme se ptali na\u0161ich div\u00e1k\u016f v ulic\u00edch na to, zda oni by byli vlastn\u011b ochotni p\u0159ipl\u00e1cet si za p\u00e9\u010di. Tak se poj\u010fme pod\u00edvat na anketu. V Poslaneck\u00e9 sn\u011bmovn\u011b se schvaluje nov\u00e1 podoba z\u00e1kon\u00edku pr\u00e1ce a obsahovat by m\u011bla i nov\u00fd n\u00e1stroj pro zam\u011bstnavatele, v\u00fdpov\u011b\u010f bez ud\u00e1n\u00ed d\u016fvodu, nyn\u00ed toti\u017e mus\u00ed b\u00fdt pro v\u00fdpov\u011b\u010f v\u017edy z\u00e1konn\u00fd d\u016fvod, bu\u010f zdravotn\u00ed, organiza\u010dn\u00ed, tedy, \u017ee se t\u0159eba pozice ru\u0161\u00ed, d\u00e1le pak nespln\u011bn\u00ed po\u017eadavk\u016f pro v\u00fdkon pr\u00e1ce, anebo poru\u0161en\u00ed pracovn\u00ed k\u00e1zn\u011b nebo p\u0159edpis\u016f. Nic z toho by nov\u011b nebylo pot\u0159eba. Zam\u011bstnanec by nicm\u00e9n\u011b po takov\u00e9m vyhazovu dostal minim\u00e1ln\u011b dvojn\u00e1sobn\u00e9 odstupn\u00e9, ne\u017e za obvykl\u00fdch podm\u00ednek. Z\u016fstalo by pravidlo, \u017ee v\u00fdpov\u011b\u010f nesm\u00ed dostat t\u011bhotn\u00e9 zam\u011bstnankyn\u011b, lid\u00e9 na mate\u0159sk\u00e9, otcovsk\u00e9 nebo rodi\u010dovsk\u00e9 dovolen\u00e9, pracovn\u00edci se zdravotn\u00edm posti\u017een\u00edm a ti, kter\u00fdm zb\u00fdv\u00e1 5 a m\u00e9n\u011b let do \u0159\u00e1dn\u00e9ho starobn\u00edho d\u016fchodu. Z\u00e1rove\u0148 v\u00fdpov\u011b\u010f bez ud\u00e1n\u00ed d\u016fvodu by byla mo\u017en\u00e1 jen v soukrom\u00e9m sektoru. Je to nicm\u00e9n\u011b velmi kontroverzn\u00ed n\u00e1vrh a rozd\u011bluje dokonce i vl\u00e1dnouc\u00ed koalici SPOLU. ODS a TOP 09 ho prosazuj\u00ed, naopak lidovci jsou striktn\u011b proti. Z\u00e1kon i s t\u00edmto pozm\u011b\u0148ovac\u00edm n\u00e1vrhem o v\u00fdpov\u011bd\u00edch nyn\u00ed zam\u00ed\u0159\u00ed do z\u00e1v\u011bre\u010dn\u00e9ho t\u0159et\u00edho \u010dten\u00ed. My se omlouv\u00e1me, a\u010d to sice byla report\u00e1\u017e o z\u00e1konu, kter\u00fd se chyst\u00e1 v Poslaneck\u00e9 sn\u011bmovn\u011b, tak my jsme \u017e\u00e1dali o anketu a tu si te\u010f je\u0161t\u011b jednou pust\u00edme.<br \/><br \/>redaktorka<br \/>&#8212;&#8212;&#8212;&#8212;&#8212;&#8212;&#8211;<br \/>Byl byste ochotn\u00fd si p\u0159ipl\u00e1cet za l\u00e9ka\u0159skou p\u00e9\u010di?<br \/><br \/>osoba<br \/>&#8212;&#8212;&#8212;&#8212;&#8212;&#8212;&#8211;<br \/>J\u00e1 jsem ochotnej u\u017e te\u010f.<br \/><br \/>osoba<br \/>&#8212;&#8212;&#8212;&#8212;&#8212;&#8212;&#8211;<br \/>Ur\u010dit\u011b. Asi by z\u00e1le\u017eelo, ale o co by \u0161lo.<br \/><br \/>osoba<br \/>&#8212;&#8212;&#8212;&#8212;&#8212;&#8212;&#8211;<br \/>No, u praktick\u00fdch asi ne, t\u0159eba u zuba\u0159e nebo u n\u011bjak\u00fdho, jakoby v\u011bt\u0161\u00ed z\u00e1kroky, j\u00e1 jsem ochotnej zaplatit jako, zv\u00fd\u0161it jako na t\u00fd pohotovosti, \u017ee jo, aby nebyly zbyte\u010dn\u00fd v\u00fdjezdy, \u017ee jo, to mi p\u0159ijde jako rozumn\u011bj\u0161\u00ed.<br \/><br \/>osoba<br \/>&#8212;&#8212;&#8212;&#8212;&#8212;&#8212;&#8211;<br \/>\u00dapln\u011b klidn\u011b byla.<br \/><br \/>redaktorka<br \/>&#8212;&#8212;&#8212;&#8212;&#8212;&#8212;&#8211;<br \/>A za jak\u00e9ho l\u00e9ka\u0159e?<br \/><br \/>redaktorka<br \/>&#8212;&#8212;&#8212;&#8212;&#8212;&#8212;&#8211;<br \/>Ve sv\u00e9 podstat\u011b za v\u0161echny, proto\u017ee ten syst\u00e9m toho ve\u0159ejn\u00e9ho zdravotn\u00edho poji\u0161t\u011bn\u00ed nem\u016f\u017ee pokr\u00fdt \u00fapln\u011b v\u0161echno, je to dlouhodob\u011b neudr\u017eitelnej syst\u00e9m. J\u00e1 jsem sama zdravotn\u00edk, tak\u017ee tomu jako naprosto rozum\u00edm, \u017ee bysme si m\u011bli p\u0159ipl\u00e1cet za n\u011bkter\u00fd v\u00fdkony.<br \/><br \/>redaktorka<br \/>&#8212;&#8212;&#8212;&#8212;&#8212;&#8212;&#8211;<br \/>Tak kdyby tam byla vylo\u017een\u011b n\u011bjak\u00e1 v\u00fdhoda viditeln\u00e1, tak asi jo.<br \/><br \/>redaktorka<br \/>&#8212;&#8212;&#8212;&#8212;&#8212;&#8212;&#8211;<br \/>Za l\u00e9ka\u0159skou p\u00e9\u010di, v \u017e\u00e1dn\u00fdm p\u0159\u00edpad\u011b, v \u017e\u00e1dn\u00fdm p\u0159\u00edpad\u011b.<br \/><br \/>redaktorka<br \/>&#8212;&#8212;&#8212;&#8212;&#8212;&#8212;&#8211;<br \/>A pro\u010d si mysl\u00edte, \u017ee se to nehod\u00ed?<br \/><br \/>redaktorka<br \/>&#8212;&#8212;&#8212;&#8212;&#8212;&#8212;&#8211;<br \/>No, proto\u017ee si mysl\u00edm, \u017ee dost plat\u00edme na sr\u00e1\u017ek\u00e1ch, no, tak tohle to u\u017e si mysl\u00edm, \u017ee je nav\u00edc.<br \/><br \/>osoba<br \/>&#8212;&#8212;&#8212;&#8212;&#8212;&#8212;&#8211;<br \/>Ano, byla bych si ochotn\u00e1 zaplatit za lep\u0161\u00ed p\u00e9\u010di.<br \/><br \/>osoba<br \/>&#8212;&#8212;&#8212;&#8212;&#8212;&#8212;&#8211;<br \/>Z\u00e1le\u017e\u00ed, co by to bylo. Kdy\u017e by to bylo n\u011bco d\u016fle\u017eit\u00fdho pro moje zdrav\u00ed, tak ur\u010dit\u011b.<br \/><br \/>osoba<br \/>&#8212;&#8212;&#8212;&#8212;&#8212;&#8212;&#8211;<br \/>Kdyby to byla rozumn\u00e1 \u010d\u00e1stka, tak ono.<br \/><br \/>osoba<br \/>&#8212;&#8212;&#8212;&#8212;&#8212;&#8212;&#8211;<br \/>No, mohla bych, t\u0159eba lehk\u00e1 s\u00e1dra, tu jsem m\u011bla, to je skv\u011bl\u00fd.<br \/><br \/>Martin \u010cerm\u00e1k, moder\u00e1tor<br \/>&#8212;&#8212;&#8212;&#8212;&#8212;&#8212;&#8211;<br \/>S\u00e1dru jsme i zmi\u0148ovali takovou, tak uvid\u00edme, zdali tedy ten pozm\u011b\u0148ovac\u00ed n\u00e1vrh projde a dostaneme se k tomu, \u017ee ty lehk\u00e9 s\u00e1dry si budeme pouze p\u0159ipl\u00e1cet ten rozd\u00edl od t\u00e9 b\u00edl\u00e9 s\u00e1dry. J\u00e1 bych se cht\u011bl dostat k n\u011bjak\u00fdm p\u0159\u00edm\u00fdm d\u016fsledk\u016fm nedostatku financ\u00ed ve zdravotnictv\u00ed. Jedn\u00edm z nich m\u016f\u017ee b\u00fdt nedostatek l\u00e9ka\u0159\u016f. A j\u00e1 bych cht\u011bl konkr\u00e9tn\u011b se pod\u00edvat na pediatrii. Podle dat \u00daZISu je a\u017e 180 000 d\u011bt\u00ed u n\u00e1s, jsou to data \u00daZISu, kter\u00e9 jsem si na\u0161el, \u00daZIS, tu\u0161\u00edm, spad\u00e1 pod ministerstvo zdravotnictv\u00ed, tak tam ten hovo\u0159\u00ed a\u017e o 180 000 d\u011bt\u00ed.<br \/><br \/>Vlastimil V\u00e1lek, ministr zdravotnictv\u00ed, m\u00edstop\u0159edseda vl\u00e1dy \/TOP 09\/<br \/>&#8212;&#8212;&#8212;&#8212;&#8212;&#8212;&#8211;<br \/>Ne, fakt ne. \u00daZIS v roce 22 a m\u016f\u017eeme zavolat odsud Du\u0161kovi, prof. Du\u0161kovi.<br \/><br \/>Martin \u010cerm\u00e1k, moder\u00e1tor<br \/>&#8212;&#8212;&#8212;&#8212;&#8212;&#8212;&#8211;<br \/>Tohle bylo z adaptace pana Du\u0161ka.<br \/><br \/>Vlastimil V\u00e1lek, <br \/>No, tak ne. J\u00e1 jsem si nechal ty data znovu ov\u011b\u0159it a dokonce jsem na\u0159\u00eddil poji\u0161\u0165ovn\u00e1m&#8230;<br \/><br \/>Martin \u010cerm\u00e1k, moder\u00e1tor<br \/>&#8212;&#8212;&#8212;&#8212;&#8212;&#8212;&#8211;<br \/>Tak pak zavolejte panu Du\u0161kovi, a\u0165 tu citaci st\u00e1hne.<br \/><br \/>Vlastimil V\u00e1lek, <br \/>Ano. Dokonce jsem si ov\u011b\u0159oval, chci, abysme se dostali, ne na \u00farove\u0148 kraj\u016f, proto\u017ee to je \u0161patn\u00e9, ale abysme se dost\u00e1vali na \u00farove\u0148&#8230;<br \/><br \/>moder\u00e1tor<br \/>&#8212;&#8212;&#8212;&#8212;&#8212;&#8212;&#8211;<br \/>A poj\u010fte n\u00e1m \u0159\u00edct teda relevantn\u00ed \u010d\u00edslo.<br \/><br \/>Vlastimil V\u00e1lek, <br \/>To znamen\u00e1 v roce 22 144 000. V roce 23 128 000, sn\u00ed\u017eilo se to, jsou to \u010desk\u00e9 i ukrajinsk\u00e9 d\u011bti.<br \/><br \/>Martin \u010cerm\u00e1k, moder\u00e1tor<br \/>&#8212;&#8212;&#8212;&#8212;&#8212;&#8212;&#8211;<br \/>V roce 24.<br \/><br \/>Vlastimil V\u00e1lek, ministr zdravotnictv\u00ed, m\u00edstop\u0159edseda vl\u00e1dy \/TOP 09\/<br \/>&#8212;&#8212;&#8212;&#8212;&#8212;&#8212;&#8211;<br \/>V roce 24 bude v kv\u011btnu.<br \/><br \/>Martin \u010cerm\u00e1k, moder\u00e1tor<br \/>&#8212;&#8212;&#8212;&#8212;&#8212;&#8212;&#8211;<br \/>A je n\u011bjak\u00fd odhad?<br \/><br \/>Vlastimil V\u00e1lek, ministr zdravotnictv\u00ed, m\u00edstop\u0159edseda vl\u00e1dy \/TOP 09\/<br \/>&#8212;&#8212;&#8212;&#8212;&#8212;&#8212;&#8211;<br \/>Nen\u00ed. V kv\u011btnu.<br \/><br \/>Martin \u010cerm\u00e1k, moder\u00e1tor<br \/>&#8212;&#8212;&#8212;&#8212;&#8212;&#8212;&#8211;<br \/>Jde mi o ten trend, jestli stoup\u00e1 nebo kles\u00e1.<br \/><br \/>Vlastimil V\u00e1lek, ministr zdravotnictv\u00ed, m\u00edstop\u0159edseda vl\u00e1dy \/TOP 09\/<br \/>&#8212;&#8212;&#8212;&#8212;&#8212;&#8212;&#8211;<br \/>Klesl ze 140, bu\u010f ze 140 000 nebo ze 120&#8230;<br \/><br \/>Martin \u010cerm\u00e1k, moder\u00e1tor<br \/>&#8212;&#8212;&#8212;&#8212;&#8212;&#8212;&#8211;<br \/>To nemus\u00ed znamenat, \u017ee to v n\u00e1sleduj\u00edc\u00edm roce op\u011bt klesne.<br \/><br \/>Vlastimil V\u00e1lek, <br \/>Pravd\u011bpodobn\u011b ano, proto\u017ee se n\u00e1m zvy\u0161uje po\u010det&#8230;<br \/><br \/>Martin \u010cerm\u00e1k, moder\u00e1tor<br \/>&#8212;&#8212;&#8212;&#8212;&#8212;&#8212;&#8211;<br \/>Tak pracujeme t\u0159eba s \u010d\u00edslem 130 000, 120 000.<br \/><br \/>Vlastimil V\u00e1lek, <br \/>J\u00e1 mysl\u00edm, \u017ee klesne ke 100 000.<br \/><br \/> moder\u00e1tor<br \/>&#8212;&#8212;&#8212;&#8212;&#8212;&#8212;&#8211;<br \/>100 000. Existuje v \u010cesk\u00e9 republice a\u017e 100 000 d\u011bt\u00ed, kter\u00e9 nemaj\u00ed sv\u00e9ho pediatra.<br \/><br \/>Vlastimil V\u00e1lek, <br \/>Existuje, j\u00e1 se omlouv\u00e1m, existuje 100 000 d\u011bt\u00ed, \u0159ekn\u011bme, kter\u00e9 nemaj\u00ed, kter\u00e9, kde poji\u0161\u0165ovna neidentifikuje, \u017ee by n\u011bjak\u00fd pediatr pob\u00edral kapita\u010dn\u00ed platbu za tyto d\u011bti, jen\u017ee d\u00edt\u011b se po\u010d\u00edt\u00e1 do 19 let, to znamen\u00e1, \u010d\u00e1st t\u011bch d\u011bt\u00ed 15 a star\u0161\u00ed mohou chodit k l\u00e9ka\u0159i pro dosp\u011bl\u00e9, to znamen\u00e1, de facto byste je musel ode\u010d\u00edst. \u010c\u00e1st t\u011bch d\u011bt\u00ed mohou b\u00fdt chronici a t\u00edm p\u00e1dem je nesleduje pediatr a tak d\u00e1le. Nicm\u00e9n\u011b souhlas\u00edm s t\u00edm, chyb\u00ed pediat\u0159i, jsou m\u00edsta v \u010cesk\u00e9 republice, a m\u011b to nesm\u00edrn\u011b tr\u00e1p\u00ed, je to dlouhodob\u00fd probl\u00e9m, jsou m\u00edsta v \u010cesk\u00e9 republice, ne kraje, ale konkr\u00e9tn\u00ed m\u00edsta v kraj\u00edch, kde prost\u011b pediatr nen\u00ed, proto u\u017e t\u0159et\u00edm rokem d\u00e1v\u00e1m v\u0161echny pen\u00edze na reziden\u010dn\u00ed m\u00edsta, pouze na obor pediatrie, praktick\u00fd l\u00e9ka\u0159 pro dosp\u011bl\u00e9, praktick\u00fd l\u00e9ka\u0159 pro d\u011bti a dorost, d\u011btsk\u00fd psycholog, d\u011btsk\u00fd psychiatr, d\u011btsk\u00fd neurolog. A kdy\u017e bych v\u00e1m uk\u00e1zal, jak se to vyv\u00edj\u00ed, j\u00e1 nechci s t\u00edmto zdr\u017eovat, ale je to d\u016fle\u017eit\u00e9, tak ta situace je takov\u00e1, \u017ee my m\u00e1me vlastn\u011b ka\u017ed\u00fd rok 120 nov\u00fdch pediatr\u016f, m\u00e1me vlastn\u011b situaci takovou, \u017ee pokud v tom budeme pokra\u010dovat dal\u0161\u00edch 6\u20137 let, tak ta situace bude do 4 let, 5 let vy\u0159e\u0161en\u00e1 \u00fapln\u011b.<br \/><br \/> moder\u00e1tor<br \/>&#8212;&#8212;&#8212;&#8212;&#8212;&#8212;&#8211;<br \/>I v tom kontextu, \u017ee t\u011bch a\u017e 70 % t\u011bch pediatr\u016f, kte\u0159\u00ed te\u010f ordinuj\u00ed, jsou v d\u016fchodov\u00e9m v\u011bku a budou pravd\u011bpodobn\u011b odch\u00e1zet.<br \/><br \/>Vlastimil V\u00e1lek, <br \/>I v tom kontextu a i v kontextu let. Pro\u010d? Proto\u017ee m\u016fj p\u0159edch\u016fdce Vojt\u011bch Adam s panem ministrem Plagou schv\u00e1lili nav\u00fd\u0161en\u00ed po\u010dtu student\u016f l\u00e9ka\u0159sk\u00fdch fakult o 350. J\u00e1 jsem z toho ud\u011blal hned v prvn\u00edm roce mandatorn\u00ed v\u00fddaj, tak\u017ee to bude u\u017e napo\u0159\u00e1d. A v\u00fdsledek je, \u017ee v leto\u0161n\u00edm roce bude o 350 absolvent\u016f v\u00edce, to znamen\u00e1, b\u011bhem n\u00e1sleduj\u00edc\u00edch 10 let n\u00e1m absolvuje skoro 20 000 l\u00e9ka\u0159\u016f, z t\u011bch 20 000 n\u00e1m 93 % z\u016fst\u00e1v\u00e1 v \u010cesk\u00e9 republice, 7 % odch\u00e1z\u00ed, tak\u017ee my budeme m\u00edt vlastn\u011b&#8230;<br \/><br \/> moder\u00e1tor<br \/>&#8212;&#8212;&#8212;&#8212;&#8212;&#8212;&#8211;<br \/>350 za rok, za 10 let, to vych\u00e1z\u00ed na 3 500.<br \/><br \/>Vlastimil V\u00e1lek, ministr zdravotnictv\u00ed, m\u00edstop\u0159edseda vl\u00e1dy \/TOP 09\/<br \/>&#8212;&#8212;&#8212;&#8212;&#8212;&#8212;&#8211;<br \/>Ne ne, to je 350 nav\u00edc. Tak\u017ee v \u010cesk\u00e9 republice bude absolvovat b\u011bhem 10 let zhruba 20 000 l\u00e9ka\u0159\u016f, co\u017e je 40 % z po\u010dtu st\u00e1vaj\u00edc\u00edch l\u00e9ka\u0159\u016f, to znamen\u00e1, u praktick\u00fdch l\u00e9ka\u0159\u016f pro dosp\u011bl\u00fd t\u00edm nav\u00fd\u0161en\u00edm a po\u010dtem zvy\u0161ov\u00e1n\u00ed t\u011bch reziden\u010dn\u00edch m\u00edst pro n\u011b jsme u\u017e vybrali tu zat\u00e1\u010dku, u pediatr\u016f ne, proto v leto\u0161n\u00edm roce chci nov\u011b d\u00e1vat reziden\u010dn\u00ed m\u00edsta, ne na kraje, ale c\u00edlen\u011b do t\u011bch m\u011bst a do t\u011bch m\u00edst, kde ten pediatr chyb\u00ed. My u\u017e m\u00e1me propojenou statistiku s ministerstvem pr\u00e1ce a soci\u00e1ln\u00ed v\u011bci a dok\u00e1\u017eou j\u00edt do konkr\u00e9tn\u00edho m\u011bsta.<br \/><br \/>Martin \u010cerm\u00e1k, moder\u00e1tor<br \/>&#8212;&#8212;&#8212;&#8212;&#8212;&#8212;&#8211;<br \/>Pan ministr mluv\u00ed o tom, \u017ee ten probl\u00e9m te\u010f existuje, ale podle t\u011bch nastaven\u00fdch, nebo respektive toho syst\u00e9mu, kter\u00fd mimo jin\u00e9 i on nastavil, ten probl\u00e9m u\u017e by v n\u00e1sleduj\u00edc\u00edch letech nemusel b\u00fdt tak v\u00e1\u017en\u00fd. Vy souhlas\u00edte s t\u011bmi optimistick\u00fdmi predikcemi podle toho, jak je to te\u010f nastaveno?<br \/><br \/>Karla Ma\u0159\u00edkov\u00e1, poslankyn\u011b \/SPD\/<br \/>&#8212;&#8212;&#8212;&#8212;&#8212;&#8212;&#8211;<br \/>Tak samoz\u0159ejm\u011b, pokud fakulty budou produkovat v\u00edce student\u016f, tak je zcela logick\u00e9, \u017ee do n\u011bkolika let t\u011bch l\u00e9ka\u0159\u016f bude v\u00edce, ale je to do 7 let a ta situace je kritick\u00e1 prost\u011b nyn\u00ed. A samoz\u0159ejm\u011b d\u016fle\u017eit\u00e9 je&#8230;<br \/><br \/> moder\u00e1tor<br \/>&#8212;&#8212;&#8212;&#8212;&#8212;&#8212;&#8211;<br \/>A d\u00e1 se t\u00edm te\u010f n\u011bco d\u011blat?<br \/><br \/>Karla Ma\u0159\u00edkov\u00e1, poslankyn\u011b \/SPD\/<br \/>&#8212;&#8212;&#8212;&#8212;&#8212;&#8212;&#8211;<br \/>Tak v sou\u010dasn\u00e9 dob\u011b, ale to nen\u00ed jenom u pediatr\u016f, je to i u dal\u0161\u00edch l\u00e9ka\u0159\u016f, t\u0159eba i zuba\u0159\u016f, tak kraje samoz\u0159ejm\u011b a obce a m\u016f\u017eou nab\u00edzet r\u016fzn\u00e9 benefity, je to od r\u016fzn\u00fdch n\u00e1borov\u00fdch p\u0159\u00edsp\u011bvk\u016f, ubytov\u00e1n\u00ed vybaven\u00e9 ordinace. Nicm\u00e9n\u011b&#8230;<br \/><br \/> moder\u00e1tor<br \/>&#8212;&#8212;&#8212;&#8212;&#8212;&#8212;&#8211;<br \/>Dokonce pozemky za sn\u00ed\u017een\u00e9 ceny.<br \/><br \/>Karla Ma\u0159\u00edkov\u00e1, poslankyn\u011b \/SPD\/<br \/>&#8212;&#8212;&#8212;&#8212;&#8212;&#8212;&#8211;<br \/>T\u011bch mo\u017enost\u00ed opravdu jako spousty, samoz\u0159ejm\u011b ale d\u011blaj\u00ed to v\u0161echny kraje, ten strop n\u011bkdy p\u0159ijde, za\u010dnou se p\u0159etahovat, pak bude hr\u00e1t i dal\u0161\u00ed roli, t\u0159eba jestli v tom kraji v\u016fbec ti lid\u00e9 budou cht\u00edt \u017e\u00edt, ale v sou\u010dasn\u00e9 dob\u011b skute\u010dn\u011b ty kraje a obce jin\u00e9 mo\u017enosti nemaj\u00ed. Vid\u011bla bych t\u0159eba mo\u017enost, \u017ee by t\u0159eba je\u0161t\u011b poji\u0161\u0165ovny mohly n\u011bjak\u00fdm zp\u016fsobem benefitovat l\u00e9ka\u0159e, kte\u0159\u00ed p\u016fjdou do takov\u00fdchto oblast\u00ed, kde opravdu l\u00e9ka\u0159e nem\u00e1me.<br \/><br \/> moder\u00e1tor<br \/>&#8212;&#8212;&#8212;&#8212;&#8212;&#8212;&#8211;<br \/>V A\u0161i vypsali asi 12 v\u00fdb\u011brov\u00fdch \u0159\u00edzen\u00ed na doktora, ani jednou se jim to nepovedlo.<br \/><br \/>Karla Ma\u0159\u00edkov\u00e1, <br \/>A je\u0161t\u011b takov\u00fd jako specifick\u00e9 velk\u00e9 m\u00edsto, byl tam tro\u0161ku i jin\u00fd probl\u00e9m, tam byl probl\u00e9m a s danou men\u0161inou, \u017ee tam l\u00e9ka\u0159ka odtamtud ode\u0161la. Tak\u017ee ten probl\u00e9m tro\u0161i\u010dku v t\u00e9 A\u0161i je specifi\u010dt\u011bj\u0161\u00ed, nicm\u00e9n\u011b mus\u00edme se pod\u00edvat na to, tak jako probl\u00e9my maj\u00ed i jin\u00e9 oblasti a samoz\u0159ejm\u011b naj\u00edt takov\u00e9 \u0159e\u0161en\u00ed, aby t\u011bm l\u00e9ka\u0159\u016fm se do t\u011bch region\u016f cht\u011blo, proto\u017ee n\u011bkdy to nen\u00ed ot\u00e1zka pen\u011bz, n\u011bkdy tam prost\u011b necht\u011bj\u00ed \u017e\u00edt, proto\u017ee ten region jim nem\u00e1 co nab\u00eddnout.<br \/><br \/>Vlastimil V\u00e1lek, <br \/>M\u016f\u017eu k tomu.<br \/><br \/>moder\u00e1tor<br \/>&#8212;&#8212;&#8212;&#8212;&#8212;&#8212;&#8211;<br \/>Dopl\u0148te kr\u00e1tce, pros\u00edm.<br \/><br \/>Vlastimil V\u00e1lek, ministr zdravotnictv\u00ed, m\u00edstop\u0159edseda vl\u00e1dy \/TOP 09\/<br \/>&#8212;&#8212;&#8212;&#8212;&#8212;&#8212;&#8211;<br \/>Velmi kr\u00e1tce. Pan\u00ed poslankyn\u011b Ma\u0159\u00edkov\u00e1 m\u00e1 pravdu naprosto v tom, \u017ee tady je velk\u00e1 role poji\u0161\u0165oven, proto v z\u00e1kon\u011b nast\u00e1v\u00e1 zm\u011bna a poji\u0161\u0165ovny mus\u00ed referovat ministerstvu, kde nasmlouv\u00e1vaj\u00ed p\u00e9\u010di a prioritn\u011b ji budou muset nasmlouv\u00e1vat tam, kde chyb\u00ed l\u00e9ka\u0159i. Dneska poji\u0161\u0165ovna, nikdo je vlastn\u011b neomezuje, v tomhle to nasmlouvaj\u00ed, te\u010f to bude d\u011blat ministerstvu. A jenom k po\u010dt\u016fm, pediatrick\u00fd kmen, tedy d\u011btsk\u00fd kmen, z kter\u00e9ho pak se stane pediatr, rok 2020 144, rok 2021 169. 22 261, 23 267, to jsou skute\u010dn\u00e9 kroky a fakta, kter\u00e9 d\u011bl\u00e1me.<br \/><br \/>Karla Ma\u0159\u00edkov\u00e1, <br \/>Ale te\u010f m\u00e1me t\u0159eba ve sn\u011bmovn\u011b i z\u00e1kon, kter\u00fd by m\u011bl, \u017ee poji\u0161\u0165ovny by m\u011bly zas\u00e1hnout i pr\u00e1v\u011b pohotovost\u00ed, \u017ee m\u00e1me probl\u00e9m, \u017ee l\u00e9ka\u0159i necht\u011bj\u00ed slou\u017eit ty pohotovosti a kraje nemaj\u00ed na to vlastn\u011b \u017e\u00e1dn\u00e9 p\u00e1ky, ta poji\u0161\u0165ovna je ten, kdo m\u00e1 s t\u00edm l\u00e9ka\u0159em smlouvu a m\u016f\u017ee ho, j\u00e1 to nerada takto \u0159\u00edk\u00e1m, ale m\u016f\u017ee ho n\u011bjak\u00fdm zp\u016fsobem p\u0159im\u011bt k tomu, aby tu pohotovost slou\u017eil.<br \/><br \/> moder\u00e1tor<br \/>&#8212;&#8212;&#8212;&#8212;&#8212;&#8212;&#8211;<br \/>Pane minist\u0159e, je\u0161t\u011b velmi kr\u00e1tce, o\u010dek\u00e1v\u00e1 se v\u00fdpadek nebo nedostatek anestetik u l\u00e9ka\u0159\u016f?<br \/><br \/>Vlastimil V\u00e1lek, <br \/>Ne.<br \/><br \/>moder\u00e1tor<br \/>&#8212;&#8212;&#8212;&#8212;&#8212;&#8212;&#8211;<br \/>Neo\u010dek\u00e1v\u00e1.<br \/><br \/>Vlastimil V\u00e1lek, <br \/>Ta situace je vy\u0159e\u0161en\u00e1. Pan prezident stomatologick\u00e9 komory, j\u00e1 mu za to d\u011bkuju, mn\u011b poslal velk\u00e9 pod\u011bkov\u00e1n\u00ed, budeme m\u00edt spole\u010dnou tiskovku. A pr\u00e1v\u011b legislativa, kterou jsme p\u0159ijmuli, zabrala. My jsme se dohodli s firmou, kter\u00e1 ten v\u00fdpadek m\u011bla m\u00edt, \u017ee zprioritizuje \u010ceskou republiku, proto\u017ee firma s\u00eddl\u00ed v \u010cesk\u00e9 republice. Nav\u00edc jsme na mimo\u0159\u00e1dn\u00fd dovoz dovezli anestetika variabiln\u00ed z jin\u00fdch zem\u00ed. Absolutn\u011b nehroz\u00ed.<br \/><br \/> moder\u00e1tor<br \/>&#8212;&#8212;&#8212;&#8212;&#8212;&#8212;&#8211;<br \/>D\u011bkuji, pane minist\u0159e, za informaci. Na z\u00e1v\u011br v\u00e1s m\u00e1m jednu, respektive reakci na aktu\u00e1ln\u00ed ud\u00e1losti z tohoto t\u00fddne, kdy p\u0159edseda SPD, pan Okamura byl Poslaneckou sn\u011bmovnou vyd\u00e1n k mo\u017en\u00e9mu st\u00edh\u00e1n\u00ed kv\u016fli kampani p\u0159ed volbami. Byl tam onen chirurg z dovozu, v uvozovk\u00e1ch. Pan\u00ed Ma\u0159\u00edkov\u00e1, ta kampa\u0148 se dot\u00fdk\u00e1 chirurg\u016f, dot\u00fdk\u00e1 se zdravotnick\u00e9 oblasti, vy jste z oblasti zdravotnictv\u00ed, jste sama zdravotnice, v\u00e1m nevad\u00ed toto ot\u00edr\u00e1n\u00ed se o zdravotnictv\u00ed, kdy\u017e v\u00edme, \u017ee v \u010desk\u00e9m zdravotnictv\u00ed je tak velk\u00e9 mno\u017estv\u00ed imigrant\u016f a bez nich by prakticky ten syst\u00e9m n\u011bkde nemohl ani fungovat.<br \/><br \/>Karla Ma\u0159\u00edkov\u00e1, poslankyn\u011b \/SPD\/<br \/>&#8212;&#8212;&#8212;&#8212;&#8212;&#8212;&#8211;<br \/>Pane moder\u00e1tore, chirurgov\u00e9 z dovozu tam byli v uvozovk\u00e1ch, \u017ee to byla nads\u00e1zka, to z toho bylo jasn\u00e9. A byla to reakce na to, \u017ee se \u0159\u00edkalo, \u017ee k n\u00e1m chod\u00ed sam\u00ed in\u017een\u00fd\u0159i a l\u00e9ka\u0159i a jak n\u00e1\u0161 pracovn\u00ed trh obohat\u00ed.<br \/><br \/>Martin \u010cerm\u00e1k, moder\u00e1tor<br \/>&#8212;&#8212;&#8212;&#8212;&#8212;&#8212;&#8211;<br \/>J\u00e1 se zept\u00e1m na to, \u017ee jestli v\u00e1m osobn\u011b nevad\u00ed, \u017ee se ta kampa\u0148 ot\u00edr\u00e1 o zdravotnictv\u00ed, kter\u00e9 v \u010cesk\u00e9 republice v mnoha oblastech opravdu stoj\u00ed na imigrantech. Kdy\u017e se pod\u00edv\u00e1m na sest\u0159i\u010dky z Ukrajiny a tak d\u00e1le, tak jestli v\u00e1m tenhle ten rozm\u011br nevad\u00ed?<br \/><br \/>Karla Ma\u0159\u00edkov\u00e1, poslankyn\u011b \/SPD\/<br \/>&#8212;&#8212;&#8212;&#8212;&#8212;&#8212;&#8211;<br \/>Ta kampa\u0148 se dot\u00fdkala schv\u00e1len\u00ed migra\u010dn\u00edho paktu, mysl\u00edm, \u017ee to bylo jasn\u00e9, byl to tam i naps\u00e1no&#8230;<br \/><br \/> moder\u00e1tor<br \/>&#8212;&#8212;&#8212;&#8212;&#8212;&#8212;&#8211;<br \/>To, jak si voli\u010di vykl\u00e1daj\u00ed kampa\u0148, nechejme na nich.<br \/><br \/>Karla Ma\u0159\u00edkov\u00e1, poslankyn\u011b \/SPD\/<br \/>&#8212;&#8212;&#8212;&#8212;&#8212;&#8212;&#8211;<br \/>To tam bylo naps\u00e1no, to mn\u011b je jedno, jak si to vykl\u00e1daj\u00ed, to tam bylo, z toho migra\u010dn\u00edho paktu Evropsk\u00e9 unie, tam bylo p\u0159\u00edmo na tom billboardu naps\u00e1no, a to, jak to obohat\u00ed&#8230;<br \/><br \/>moder\u00e1tor<br \/>&#8212;&#8212;&#8212;&#8212;&#8212;&#8212;&#8211;<br \/>Je v\u00e1m jedno, jak si voli\u010di vykl\u00e1daj\u00ed va\u0161i kampa\u0148?<br \/><br \/>Karla Ma\u0159\u00edkov\u00e1, poslankyn\u011b \/SPD\/<br \/>&#8212;&#8212;&#8212;&#8212;&#8212;&#8212;&#8211;<br \/>Ta kampa\u0148, tam byla jasn\u011b, to bylo naps\u00e1no, p\u0159edpokl\u00e1d\u00e1m, \u017ee voli\u010di, v\u0161ichni, nejenom SPD, um\u00ed \u010d\u00edst a ps\u00e1t a jsou gramotn\u00ed. A to, jak to obohatilo pracovn\u00ed trh, vid\u00edme v N\u011bmecku, kde se d\u011bj\u00ed teroristick\u00e9 \u00fatoky ze dne na den. Ale m\u011b mrz\u00ed, i pan ministr V\u00e1lek pro to vyd\u00e1n\u00ed hlasoval, a v\u0161ichni poslanci Fialovy vl\u00e1dy, v\u010detn\u011b Pir\u00e1t\u016f, t\u00edm dali jasn\u011b najevo, \u017ee cht\u011bj\u00ed, aby lid\u00e9 byli trest\u00e1ni za sv\u00e9 v\u00fdroky a za sv\u00e9&#8230;<br \/><br \/>moder\u00e1tor<br \/>&#8212;&#8212;&#8212;&#8212;&#8212;&#8212;&#8211;<br \/>J\u00e1 se v\u00e1s zept\u00e1m, pane minist\u0159e, vy jste hlasoval pro jeho vyd\u00e1n\u00ed, pro\u010d?<br \/><br \/>Vlastimil V\u00e1lek, ministr zdravotnictv\u00ed, m\u00edstop\u0159edseda vl\u00e1dy \/TOP 09\/<br \/>&#8212;&#8212;&#8212;&#8212;&#8212;&#8212;&#8211;<br \/>Tak j\u00e1 jsem hlasoval pro jeho vyd\u00e1n\u00ed, proto\u017ee se domn\u00edv\u00e1m, \u017ee od toho je soud, aby hodnotil, jestli je nebo nen\u00ed n\u011bco v rozporu s \u010deskou legislativou, by\u0165 jsem si v\u011bdom, \u017ee p\u0159\u00edpad pan\u00ed ministryn\u011b Parkanov\u00e9 byl velmi, velmi tragick\u00fd a \u0161patn\u00fd.<br \/><br \/>moder\u00e1tor<br \/>&#8212;&#8212;&#8212;&#8212;&#8212;&#8212;&#8211;<br \/>Nen\u00ed pr\u00e1v\u011b poslaneck\u00e1 imunita na toto designov\u00e1na, nen\u00ed to \/nesrozumiteln\u00e9\/ poslaneck\u00e9 imunity, aby nebyl poslanec st\u00edh\u00e1n, nebo politik st\u00edh\u00e1n za to, jak vede kampa\u0148.<br \/><br \/>Vlastimil V\u00e1lek, <br \/>Ta hranice je velice \u00fazk\u00e1. Ta diskuze v imunitn\u00edm v\u00fdboru byla velmi intenzivn\u00ed, prost\u011b jsme se rozhodli tak, jak jsme se rozhodli, j\u00e1 za t\u00edm rozhodnut\u00edm stoj\u00edm. Nicm\u00e9n\u011b cht\u011bl bych se vr\u00e1tit k t\u011bm zahrani\u010dn\u00edm zdravotn\u00edk\u016f, v \u010cesk\u00e9 republice pracuje \u0159ada velmi \u0161pi\u010dkov\u00fdch zdravotn\u00edk\u016f z r\u016fzn\u00fdch zem\u00edch, n\u011bkte\u0159\u00ed z nich jsou univerzitn\u00ed profeso\u0159i. A cht\u011bl bych \u0159\u00edct, \u017ee ukrajin\u0161t\u00ed zdravotn\u00edci, a tam se shodneme, ale o tom se nebav\u00edme, bav\u00edme se o ukrajinsk\u00fdch zdravotn\u00edc\u00edch, nesm\u00edrn\u011b obohatili \u010desk\u00fd trh.<br \/><br \/>Karla Ma\u0159\u00edkov\u00e1, poslankyn\u011b \/SPD\/<br \/>&#8212;&#8212;&#8212;&#8212;&#8212;&#8212;&#8211;<br \/>Jak kte\u0159\u00ed. J\u00e1 mus\u00edm \u0159\u00edct, \u017ee my m\u00e1me se zdravotn\u00edky z V\u00fdchodu zku\u0161enosti v Karlovarsk\u00e9m kraji, je\u0161t\u011b ne\u017e byla v\u00e1lka na Ukrajin\u011b. A pacienti by v\u00e1m \u0159ekli, jak stra\u0161n\u011b obohatili na\u0161e zdravotnictv\u00ed.<br \/><br \/> moder\u00e1tor<br \/>&#8212;&#8212;&#8212;&#8212;&#8212;&#8212;&#8211;<br \/>Tohle si u\u017e \u0159ekn\u011bte po po\u0159adu, pan\u00ed Ma\u0159\u00edkov\u00e1. D\u011bkuji v\u00e1m. J\u00e1 d\u011bkuji za tuto diskuzi. D\u011bkuji, \u017ee jste p\u0159i\u0161li.<br \/><br \/><\/p>\n","protected":false},"excerpt":{"rendered":"<div class=\"mh-excerpt\"><p>NOVA&nbsp; &#8222;Syst\u00e9m financov\u00e1n\u00ed zdravotnictv\u00ed je neudr\u017eiteln\u00fd a do 5 let naraz\u00ed do zdi,&#8220; to \u0159ekl tento t\u00fdden ekonom Ale\u0161 Rod. Sv\u00e9 tvrzen\u00ed podkl\u00e1d\u00e1 hned n\u011bkolika <a class=\"mh-excerpt-more\" href=\"https:\/\/www.invarena.cz\/?p=54952\" title=\"M\u011bli bychom platit za nadstandardn\u00ed zdravotn\u00ed p\u00e9\u010di?\">[&#8230;]<\/a><\/p>\n<\/div>","protected":false},"author":1,"featured_media":1308,"comment_status":"open","ping_status":"closed","sticky":false,"template":"","format":"standard","meta":{"footnotes":""},"categories":[6],"tags":[],"class_list":["post-54952","post","type-post","status-publish","format-standard","has-post-thumbnail","hentry","category-politika"],"_links":{"self":[{"href":"https:\/\/www.invarena.cz\/index.php?rest_route=\/wp\/v2\/posts\/54952","targetHints":{"allow":["GET"]}}],"collection":[{"href":"https:\/\/www.invarena.cz\/index.php?rest_route=\/wp\/v2\/posts"}],"about":[{"href":"https:\/\/www.invarena.cz\/index.php?rest_route=\/wp\/v2\/types\/post"}],"author":[{"embeddable":true,"href":"https:\/\/www.invarena.cz\/index.php?rest_route=\/wp\/v2\/users\/1"}],"replies":[{"embeddable":true,"href":"https:\/\/www.invarena.cz\/index.php?rest_route=%2Fwp%2Fv2%2Fcomments&post=54952"}],"version-history":[{"count":0,"href":"https:\/\/www.invarena.cz\/index.php?rest_route=\/wp\/v2\/posts\/54952\/revisions"}],"wp:featuredmedia":[{"embeddable":true,"href":"https:\/\/www.invarena.cz\/index.php?rest_route=\/wp\/v2\/media\/1308"}],"wp:attachment":[{"href":"https:\/\/www.invarena.cz\/index.php?rest_route=%2Fwp%2Fv2%2Fmedia&parent=54952"}],"wp:term":[{"taxonomy":"category","embeddable":true,"href":"https:\/\/www.invarena.cz\/index.php?rest_route=%2Fwp%2Fv2%2Fcategories&post=54952"},{"taxonomy":"post_tag","embeddable":true,"href":"https:\/\/www.invarena.cz\/index.php?rest_route=%2Fwp%2Fv2%2Ftags&post=54952"}],"curies":[{"name":"wp","href":"https:\/\/api.w.org\/{rel}","templated":true}]}}