{"id":54954,"date":"2025-02-18T09:20:07","date_gmt":"2025-02-18T08:20:07","guid":{"rendered":"https:\/\/www.invarena.cz\/?p=54954"},"modified":"2025-02-18T09:21:07","modified_gmt":"2025-02-18T08:21:07","slug":"pribyva-lidi-bez-prace-diskuze-jurecky-a-havlicka","status":"publish","type":"post","link":"https:\/\/www.invarena.cz\/?p=54954","title":{"rendered":"P\u0159ib\u00fdv\u00e1 lid\u00ed bez pr\u00e1ce &#8211; diskuze Jure\u010dky a Havl\u00ed\u010dka"},"content":{"rendered":"\n<p>&nbsp;Prima&nbsp;&#8211; Partie<br \/><\/p>\n\n\n\n<p>P\u0159ib\u00fdv\u00e1 lid\u00ed bez pr\u00e1ce. Sez\u00f3nn\u00ed v\u00fdkyv nebo za\u010d\u00e1tek velk\u00fdch probl\u00e9m\u016f? Nab\u00eddnu duel Mariana Jure\u010dky a Karla Havl\u00ed\u010dka. <br \/>Pan Marian Jure\u010dka, vicepremi\u00e9r,\u00a0<strong>ministr<\/strong>\u00a0<strong>pr\u00e1ce<\/strong>\u00a0a soci\u00e1ln\u00edch v\u011bc\u00ed z KDU-\u010cSL, dobr\u00fd den.<br \/>A pan Karel Havl\u00ed\u010dek, m\u00edstop\u0159edseda sn\u011bmovny a prvn\u00ed m\u00edstop\u0159edseda ANO, dobr\u00fd den.<br \/><br \/>P\u00e1nov\u00e9, j\u00e1 d\u00edky, \u017ee jste pozv\u00e1n\u00ed p\u0159ijali, poj\u010fme na to prvn\u00ed t\u00e9ma, kter\u00e9 jsem u\u017e zm\u00ednila. P\u0159ib\u00fdv\u00e1 lid\u00ed bez pr\u00e1ce. Na konci ledna jich bylo 320 516, to je nejv\u00edc od dubna 2017. Podle analytik\u016f za neobvykle vysok\u00fdm \u010d\u00edslem stoj\u00ed sez\u00f3nn\u00ed faktory. Slab\u00fd v\u00fdkon \u010desk\u00e9 ekonomiky a hromadn\u00e1 propou\u0161t\u011bn\u00ed. Pane minist\u0159e, v lednu nejvy\u0161\u0161\u00ed nezam\u011bstnanost za t\u00e9m\u011b\u0159 osm let. Znepokojuj\u00edc\u00ed je to \u010d\u00edslo samoz\u0159ejm\u011b v kategorii 60 plus. Mo\u017en\u00e1 se k tomu je\u0161t\u011b dostaneme. Je to opravdu v\u00fdkyv nebo za\u010d\u00e1tek velk\u00fdch probl\u00e9m\u016f nov\u00fdch hor\u0161\u00edch \u010das\u016f?<br \/><br \/>Marian Jure\u010dka,\u00a0<strong>ministr<\/strong>\u00a0<strong>pr\u00e1ce<\/strong>\u00a0a soci\u00e1ln\u00edch v\u011bc\u00ed, vicepremi\u00e9r \/KDU-\u010cSL\/<br \/>&#8212;&#8212;&#8212;&#8212;&#8212;&#8212;&#8211;<br \/>J\u00e1 bych \u0159ekl, je\u0161t\u011b do minul\u00e9ho t\u00fddne, stoprocentn\u011b je to pouze v\u00fdkyv sez\u00f3nn\u00ed, ta dv\u011b nebo ty 0,2 mezi prosincem a lednem, kter\u00e9 p\u0159ibyly na tu hodnotu 4,3, tak opravdu jsou sez\u00f3nn\u00edm v\u00fdkyvem. O\u010dek\u00e1v\u00e1n\u00ed byla, \u017ee zhruba od b\u0159ezna bude nezam\u011bstnanost zase klesat. V Evropsk\u00e9 unii, \u010cesk\u00e1 republika dr\u017e\u00ed nejni\u017e\u0161\u00ed nezam\u011bstnanost, jsme v tomto ohledu dlouhodob\u011b velmi dob\u0159\u00ed, vlastn\u011b v ekonomice jsme se v\u017edycky u\u010dili, \u017ee cokoliv kolem 5 % a pod 5 % je enormn\u011b n\u00edzk\u00e1 nezam\u011bstnanost a t\u011bch 5 % je takov\u00e1, \u0159ekn\u011bme, b\u011b\u017en\u00e1 v ekonomice b\u011b\u017en\u00e1 p\u0159irozen\u00e1 fluktuace v r\u00e1mci pracovn\u00edho trhu. Co m\u011b ale d\u011bl\u00e1 velk\u00e9 vr\u00e1sky na \u010dele, tak to je te\u010f vlastn\u011b postup Trumpa a jeho administrativy, proto\u017ee p\u0159\u00edpadn\u00e9 rozpout\u00e1n\u00ed celn\u00ed v\u00e1lky mezi Evropskou uni\u00ed a Spojen\u00fdmi st\u00e1ty americk\u00fdmi by mohly opravdu m\u00edt potom u\u017e i dopady na \u010desk\u00fd pracovn\u00ed trh. A tady j\u00e1 bych byl velmi r\u00e1d, aby vlastn\u011b k takov\u00e9mu rozpout\u00e1n\u00ed cenov\u00e9 v\u00e1lky ide\u00e1ln\u011b v\u016fbec nedo\u0161lo nebo aby, a ta jedn\u00e1n\u00ed u\u017e b\u011b\u017e\u00ed, my te\u010fka v \u00fater\u00fd budeme m\u00edt i mimo\u0159\u00e1dn\u00fd summit l\u00eddr\u016f EPP v n\u00e1vaznosti i na to, co prob\u011bhlo tento t\u00fdden a b\u011b\u017e\u00ed ta jedn\u00e1n\u00ed na pozad\u00ed, tak, aby se p\u0159ede\u0161lo n\u011bjak\u00e9 opravdu otev\u0159en\u00e9 vyhrocen\u00e9 celn\u00ed v\u00e1lce s dopady na na\u0161e ekonomiky, \u010deskou ekonomiku a \u010desk\u00fd pracovn\u00ed trh.<br \/><br \/>Terezie Tom\u00e1nkov\u00e1, moder\u00e1torka<br \/>&#8212;&#8212;&#8212;&#8212;&#8212;&#8212;&#8211;<br \/>Samoz\u0159ejm\u011b i n\u011bmeckou ekonomiku, proto\u017ee ty dopady celn\u00ed v\u00e1lky se Spojen\u00fdmi st\u00e1ty by byly mo\u017en\u00e1 i sekund\u00e1rn\u00ed z n\u00e1vaznosti na to, co se bude d\u00edt v N\u011bmecku, spole\u010dnosti za\u010daly propou\u0161t\u011bt. Pane minist\u0159e, to hromadn\u00e9 propou\u0161t\u011bn\u00ed hl\u00e1silo 51 firem Spolana, Mitas, Doktor \u00d6etker v Kladn\u011b, tam je Hyundai v No\u0161ovic\u00edch. M\u00e1te dal\u0161\u00ed zpr\u00e1vy o tom, \u017ee by zam\u011bstnavatel\u00e9, ti velc\u00ed, mohli hromadn\u011b propou\u0161t\u011bt?<br \/><br \/>Marian Jure\u010dka,\u00a0<strong>ministr<\/strong>\u00a0<strong>pr\u00e1ce<\/strong>\u00a0a soci\u00e1ln\u00edch v\u011bc\u00ed, vicepremi\u00e9r \/KDU-\u010cSL\/<br \/>&#8212;&#8212;&#8212;&#8212;&#8212;&#8212;&#8211;<br \/>\u017de by te\u010f n\u011bkdo z t\u011bch velk\u00fdch zam\u011bstnavatel\u016f hl\u00e1sil n\u011bjak\u00e1 dal\u0161\u00ed v\u00fdznamn\u00e1 propou\u0161t\u011bn\u00ed, tak ty informace te\u010f za posledn\u00ed, \u0159ekn\u011bme, t\u00fddny, ty takov\u00e9 nem\u00e1me. Na druhou stranu jsou tady tak\u00e9 i zam\u011bstnavatel\u00e9, investo\u0159i, kte\u0159\u00ed popt\u00e1vaj\u00ed pracovn\u00ed m\u00edsta. My jako \u010desk\u00e1 vl\u00e1da se sna\u017e\u00edme, a to pova\u017euju za kl\u00ed\u010dov\u00e9 dostat sem kl\u00ed\u010dov\u00e9 investice, a\u0165 u\u017e je to v\u00fdroba \u010dip\u016f ve Zl\u00ednsk\u00e9m kraji, nebo te\u010f jedn\u00e1me o um\u00edst\u011bn\u00ed vlastn\u011b v\u00fdrobce bateri\u00ed do Moravskoslezsk\u00e9ho kraje, kdy pro ten kraj by to bylo opravdu kl\u00ed\u010dov\u00e1 rozd\u00edlov\u00e1 investice. Byl bych r\u00e1d, i kdyby kolegov\u00e9 z hnut\u00ed ANO i pan hejtman byli v\u00edce kooperativn\u00ed, proto\u017ee my nem\u00e1me mnoho jin\u00fdch lokalit na vyb\u00edrat. Investor \u0159\u00edk\u00e1, bu\u010fto to bude tato lokalita, anebo za z\u00e1sad\u011b jdeme jinam, kde v Polsku mu nab\u00edzej\u00ed 2\u20133 lokality. Dl\u00e1\u017ed\u00ed to t\u00edm \u010derven\u00fdm kobercem.<br \/><br \/>Terezie Tom\u00e1nkov\u00e1, moder\u00e1torka<br \/>&#8212;&#8212;&#8212;&#8212;&#8212;&#8212;&#8211;<br \/>Odpor m\u00edstn\u00edch lid\u00ed je tam velk\u00fd a je to tam velk\u00e9, obrovsk\u00e9 t\u00e9ma, velmi citliv\u00e9.<br \/><br \/>Marian Jure\u010dka,\u00a0<strong>ministr<\/strong>\u00a0<strong>pr\u00e1ce<\/strong>\u00a0a soci\u00e1ln\u00edch v\u011bc\u00ed, vicepremi\u00e9r \/KDU-\u010cSL\/<br \/>&#8212;&#8212;&#8212;&#8212;&#8212;&#8212;&#8211;<br \/>To je v\u017edycky p\u0159i velk\u00e9 investici. I Karel Havl\u00ed\u010dek si pamatuje, kdy\u017e se \u0159e\u0161ila Hyundai v lokalit\u011b Fr\u00fddku-M\u00edstku. Dobr\u00e9, tak to tak\u00e9 bylo s odporem, ale to jsou ty kl\u00ed\u010dov\u00e9. A j\u00e1 jsem t\u0159eba \u010dlov\u011bk, kter\u00fd opravdu jako br\u00e1n\u00ed ornou p\u016fdu a nechci zbyte\u010dn\u00e9 z\u00e1stavby, ale toto je jedna z kl\u00ed\u010dov\u00fdch rozd\u00edlov\u00fdch investic pro ten region, kter\u00e1 logicky bude nab\u00edzet i dobr\u00e1 pracovn\u00ed m\u00edsta. Velmi dobr\u00e9 platov\u00e9 ohodnocen\u00ed. Pro okres Karvin\u00e1 by to bylo n\u011bco, co by opravdu prosp\u011blo tomu m\u00edstn\u00edmu regionu.<br \/><br \/>Terezie Tom\u00e1nkov\u00e1, moder\u00e1torka<br \/>&#8212;&#8212;&#8212;&#8212;&#8212;&#8212;&#8211;<br \/>To je nej\u010dast\u011bj\u0161\u00ed argument od t\u011bch odp\u016frc\u016f, \u017ee to je orn\u00e1 p\u016fda, kde by se m\u011blo stav\u011bt. D\u011bkuju, pane minist\u0159e, pane Havl\u00ed\u010dku, pane m\u00edstop\u0159edsedo. V\u00fdkyv, sez\u00f3nn\u00ed v\u00fdkyv nebo za\u010d\u00e1tek hor\u0161\u00edch \u010das\u016f? Jak vy se d\u00edv\u00e1te na ta zvy\u0161uj\u00edc\u00ed se \u010d\u00edsla nezam\u011bstnanosti?<br \/><br \/>Karel Havl\u00ed\u010dek, 1. m\u00edstop\u0159edseda hnut\u00ed, m\u00edstop\u0159edseda sn\u011bmovny \/ANO\/<br \/>&#8212;&#8212;&#8212;&#8212;&#8212;&#8212;&#8211;<br \/>Ta hor\u0161\u00ed, ty hor\u0161\u00ed \u010dasy nastali, o tom nen\u00ed nejmen\u0161\u00edch pochyb a mus\u00edme si uv\u011bdomit, \u017ee jsme pr\u016fmyslov\u011b orientovanou zem\u00ed a to, \u017ee je\u0161t\u011b ten prvn\u00ed rok, druh\u00fd rok t\u00e9 vl\u00e1dy ten pr\u016fmysl celkem fungoval, tak bylo d\u00e1no t\u00edm, \u017ee vlastn\u011b doj\u00ed\u017ed\u011bl. My jsme varovali p\u0159ed t\u00edm, \u017ee vysok\u00e9 ceny energi\u00ed, nep\u0159edv\u00eddatelnost investi\u010dn\u00edho prost\u0159ed\u00ed, da\u0148ov\u00e9ho prost\u0159ed\u00ed a sou\u010dasn\u011b ur\u010dit\u00e1 m\u00edra nejistoty zam\u011bstnavatel\u016f, mimo jin\u00e9 taky vysok\u00e9 \u00farokov\u00e9 sazby budou znamenat to, \u017ee v\u00fdkonnost na\u0161\u00ed ekonomiky bude klesat. To se jasn\u011b projevuje, kdy\u017e se pod\u00edv\u00e1me na konec minul\u00e9ho roku, na st\u00e1tn\u00ed rozpo\u010det, vid\u00edte, \u017ee se vybralo m\u00e9n\u011b na dan\u00edch z p\u0159\u00edjmu pr\u00e1vnick\u00fdch osob, co\u017e je jednozna\u010dn\u00fd sign\u00e1l toho, \u017ee podnikov\u00fd sektor nefunguje, jak by m\u011bl. A logicky potom nast\u00e1v\u00e1 to, co vy u\u017e jste zm\u00ednil. V\u00edc jak 50 firem ohl\u00e1silo propou\u0161t\u011bn\u00ed, zvy\u0161uje se m\u00edra nezam\u011bstnanosti. Nebagatelizujme to, proto\u017ee jestli vzpom\u00edn\u00e1te, je\u0161t\u011b za n\u00e1s to bylo p\u0159ibli\u017en\u011b tak, \u017ee po\u010det lid\u00ed bez pr\u00e1ce a po\u010det nab\u00edzen\u00fdch pozic, voln\u00fdch pozic byl p\u0159ibli\u017en\u011b vyrovnan\u00fd. N\u011bkde kolem 200\u2013250 000 se to neust\u00e1le pohybovalo. Dneska, jak jste spr\u00e1vn\u011b \u0159ekl, je to 320 000 lid\u00ed bez pr\u00e1ce, ale voln\u00fdch pozic je \u010dty\u0159n\u00e1sobn\u011b m\u00e9n\u011b. 80 000, tak\u017ee toto v\u0161echno v d\u016fsledku znamen\u00e1 mimo jin\u00e9 i pokles r\u016fstu hrub\u00e9ho dom\u00e1c\u00edho produktu, na rozd\u00edl od toho, jak se o\u010dek\u00e1valo, vzpome\u0148te si na ta kr\u00e1sn\u00e1 \u010d\u00edsla, ta o\u010dek\u00e1v\u00e1n\u00ed, jak porosteme, jsme n\u011bkde na m\u00ed\u0159e jednoho procenta, no, a logicky to odr\u00e1\u017e\u00ed to, \u017ee pokles\u00e1vaj\u00ed st\u011b\u017eejn\u00ed sektory. Stavebnictv\u00ed pokleslo, pane minist\u0159e, 2,4 % a u\u017e druh\u00fdm rokem za sebou a pr\u016fmysl poklesl v minul\u00e9m roce 1,4 %. To je prost\u011b fakt.<br \/><br \/>Terezie Tom\u00e1nkov\u00e1, moder\u00e1torka<br \/>&#8212;&#8212;&#8212;&#8212;&#8212;&#8212;&#8211;<br \/>Na\u0161i div\u00e1ci ty statistiky vid\u011bli. Pane m\u00edstop\u0159edsedo, vy jste k vl\u00e1d\u011b velmi kriti\u010dt\u00ed. M\u016f\u017ee za to ale \u010desk\u00e1 vl\u00e1da, proto\u017ee jsou n\u011bjak\u00e9 glob\u00e1ln\u00ed dopady, je situace v Evrop\u011b. Nevezeme se jenom na t\u011bch rozhodnut\u00edch, kter\u00e1 byla d\u011bl\u00e1na.<br \/><br \/>Karel Havl\u00ed\u010dek, 1. m\u00edstop\u0159edseda hnut\u00ed, m\u00edstop\u0159edseda sn\u011bmovny \/ANO\/<br \/>&#8212;&#8212;&#8212;&#8212;&#8212;&#8212;&#8211;<br \/>Samoz\u0159ejm\u011b \u017ee jaksi ne\u017eijeme jenom v prost\u0159ed\u00ed \u010cesk\u00e9 republiky, ale v prost\u0159ed\u00ed, kter\u00e9 je prov\u00e1z\u00e1no s Evropskou uni\u00ed, to nikdo nezpochyb\u0148uje a je faktem i to, \u017ee N\u011bmecko a cel\u00e1 jeho slavn\u00e1 Energiewende, kter\u00e1 prost\u011b dopadla naprost\u00fdm fiaskem, se za\u010d\u00edn\u00e1 projevovat mimo jin\u00e9 samoz\u0159ejm\u011b i na v\u00fdkonnosti na\u0161eho pr\u016fmyslu, ale pod\u00edvejme se na Polsko, Polsko roste jako\u017eto ekonomika n\u011bkde na \u00farovni t\u00e9m\u011b\u0159 3%, 2,7, 2,8 %, my se m\u00e1to\u017e\u00edme n\u011bkde na \u00farovni jednoho procenta, to je to, p\u0159ed \u010d\u00edm jsme z\u00e1sadn\u00edm zp\u016fsobem varovali. Tahle vl\u00e1da se soust\u0159edila na pr\u00e1ci s rozpo\u010dtov\u00fdm schodkem, ani to j\u00ed nevych\u00e1z\u00ed. 1200 miliard korun za \u010dty\u0159i roky. Soust\u0159edila se na inflaci, to dopadlo naprost\u00fdm debaklem, t\u0159icetiprocentn\u00ed sou\u010dtov\u00e1 kumulativn\u00ed inflace, druh\u00e1 nejvy\u0161\u0161\u00ed v cel\u00e9 Evrop\u011b, no, a podcenila hospod\u00e1\u0159sk\u00fd r\u016fst. A to je to, co n\u00e1s bude dob\u00edhat, pane minist\u0159e, v t\u011bch letech p\u0159\u00ed\u0161t\u00edch, proto\u017ee jestli\u017ee chcete a chceme bojovat s rozpo\u010dtov\u00fdm schodkem, nesta\u010d\u00ed jenom \u0159ezat v\u00fddaje, jako v jak\u00e9koliv firm\u011b, mus\u00edme m\u00edt p\u0159\u00edjmy a ty p\u0159\u00edjmy prost\u011b bohu\u017eel nejsou a ten podnikatelsk\u00fd sektor v tuhle tu chv\u00edli proch\u00e1z\u00ed probl\u00e9my. To je fakt.<br \/><br \/>Terezie Tom\u00e1nkov\u00e1, moder\u00e1torka<br \/>&#8212;&#8212;&#8212;&#8212;&#8212;&#8212;&#8211;<br \/>Tak. Pane minist\u0159e, j\u00e1 v\u00e1s nech\u00e1m zareagovat. A p\u0159ejdeme k t\u011bm glob\u00e1ln\u00edm probl\u00e9m\u016fm i k probl\u00e9m\u016fm evropsk\u00e9 ekonomiky. Ale poj\u010fme nejprve ty dom\u00e1c\u00ed, dom\u00e1c\u00ed spory. Pan Havl\u00ed\u010dek \u0159\u00edk\u00e1, vl\u00e1da podcenila hospod\u00e1\u0159sk\u00fd r\u016fst, varovali jsme v\u00e1s, \u0159\u00edk\u00e1.<br \/><br \/>Marian Jure\u010dka,\u00a0<strong>ministr<\/strong>\u00a0<strong>pr\u00e1ce<\/strong>\u00a0a soci\u00e1ln\u00edch v\u011bc\u00ed, vicepremi\u00e9r \/KDU-\u010cSL\/<br \/>&#8212;&#8212;&#8212;&#8212;&#8212;&#8212;&#8211;<br \/>J\u00e1 mus\u00edm \u0159\u00edct, \u017ee v\u017edycky Karel Havl\u00ed\u010dek a hnut\u00ed ANO i politicky l\u00ed\u010d\u00ed ty armagedonov\u00e9 \u010dern\u00e9 sc\u00e9n\u00e1\u0159e. Tady ve studiu Prima jsem sly\u0161el mnohokr\u00e1t. Bude obrovsk\u00e9 propou\u0161t\u011bn\u00ed, 60 % firem bude propou\u0161t\u011bt. Nic z toho se nenaplnilo. A j\u00e1 jsem realista, ale z\u00e1rove\u0148 \u010dlen vl\u00e1dy, kter\u00fd se sna\u017eil d\u011blat zodpov\u011bdn\u00e9 kroky a d\u011blat d\u016fle\u017eit\u00e9 reformy. Mn\u011b se v\u017edycky l\u00edb\u00ed, jak hnut\u00ed ANO sd\u00edl\u00ed ty r\u016fzn\u00e9 jako informace a stoj\u00ed u t\u011bch totem\u016f benz\u00ednek a ukazuj\u00ed, jak ta situace je u n\u00e1s \u0161patn\u00e1. A t\u0159eba tento t\u00fdden jsem nevid\u011bl, \u017ee by n\u011bkdo z politik\u016f hnut\u00ed ANO sd\u00edlel opravdu relevantn\u00ed informace, \u017ee \u010cesk\u00e1 republika je v Top 10 zem\u00edch Evropsk\u00e9 unie z pohledu ekonomiky, z pohledu investic, z pohledu inovac\u00ed. Kdy\u017e se pod\u00edv\u00e1me, my t\u0159eba jsme zem\u011b, kter\u00e1 m\u00e1 druh\u00e9 nejvy\u0161\u0161\u00ed investice ve srovn\u00e1n\u00ed t\u011bch zem\u00ed EU, opravdu zem\u011b, kter\u00e1 investuje. Bezprecedentn\u00ed investice do infrastruktury, kter\u00e9 pot\u0159ebuje. D\u00e1lni\u010dn\u00ed s\u00ed\u0165, \u017eelezni\u010dn\u00ed s\u00ed\u0165, atd. jsme dneska zem\u011b ve srovn\u00e1n\u00ed, v r\u00e1mci tady st\u0159edn\u00ed Evropy, Visegr\u00e1du, s nejni\u017e\u0161\u00ed inflac\u00ed. V lednu n\u00e1m poklesly dokonce i meziro\u010dn\u011b ceny elekt\u0159iny a plynu. Vid\u00edme tak\u00e9 zemi, kter\u00e1 opravdu d\u011bl\u00e1 kl\u00ed\u010dov\u00e9 reformy. Nem\u00e1me probl\u00e9my, kdyby Evropa u n\u00e1s \u0159e\u0161ila to, jak jsme zadlu\u017een\u00ed, co\u017e jednou budou platit ti da\u0148ov\u00ed poplatn\u00edci v tom Polsku a v tom Ma\u010farsku. Opravdu d\u011bl\u00e1me rozumn\u00e1 opat\u0159en\u00ed. Kdy\u017e jste zm\u00ednil deficit, tak pro\u010d ne\u0159eknete za va\u0161\u00ed vl\u00e1dy deficit 5,2 % t\u011bch rozpo\u010dt\u016f, kdy\u017e jste n\u00e1m to p\u0159ed\u00e1vali. Dneska 2,2 % za vl\u00e1dy na\u0161\u00ed. A k tomu se sna\u017e\u00edme samoz\u0159ejm\u011b d\u011blat, sm\u011b\u0159ujeme k dvou cel\u00fdm dv\u011bma.<br \/><br \/>Karel Havl\u00ed\u010dek, <br \/>Sm\u011b\u0159uje to.<br \/><br \/>Marian Jure\u010dka,\u00a0<strong>ministr<\/strong>\u00a0<strong>pr\u00e1ce<\/strong>\u00a0a soci\u00e1ln\u00edch v\u011bc\u00ed, vicepremi\u00e9r \/KDU-\u010cSL\/<br \/>&#8212;&#8212;&#8212;&#8212;&#8212;&#8212;&#8211;<br \/>A k tomu d\u011bl\u00e1me celou \u0159adu t\u011bch kl\u00ed\u010dov\u00fdch reformn\u00edch opat\u0159en\u00ed a vid\u00edme, \u017ee v \u010desk\u00e9 ekonomice d\u00e1vno nejsme \u017e\u00e1dnou montovnu, \u017ee se posuneme. A posledn\u00ed d\u016fle\u017eit\u00e1 pozn\u00e1mka, to, co tady zazn\u011blo, je pot\u0159eba f\u00e9r dodat, ta zm\u011bna t\u00e9 statistiky u t\u011bch voln\u00fdch pracovn\u00edch m\u00edst je spojena s t\u00edm, \u017ee j\u00e1 jsem po t\u011bch dlouh\u00fdch letech ud\u011blal po\u0159\u00e1dek a vy to moc dob\u0159e v\u00edte, \u017ee tam byla m\u00edsta, kter\u00e1 tam byla 8, 10, 12 m\u011bs\u00edc\u016f v t\u00e9 evidenci, kter\u00e1 u\u017e re\u00e1ln\u011b v\u016fbec nebyla popt\u00e1v\u00e1na. Dlouhodob\u011b na to experti upozor\u0148ovali, \u017ee ta \u010d\u00edsla jsou nadsazen\u00e1, nejsou re\u00e1ln\u00e1 a j\u00e1 jsem te\u010f za tenhle den ta \u010d\u00edsla uvedl do opravdu skute\u010dn\u00e9 reality.<br \/><br \/>moder\u00e1torka<br \/>&#8212;&#8212;&#8212;&#8212;&#8212;&#8212;&#8211;<br \/>Tak, pane m\u00edstop\u0159edsedo Havl\u00ed\u010dku, poj\u010fte reagovat na tu statistiku.<br \/><br \/>Marian Jure\u010dka,\u00a0<br \/>Hru\u0161ky s jablkama.<br \/><br \/>moder\u00e1torka<br \/>&#8212;&#8212;&#8212;&#8212;&#8212;&#8212;&#8211;<br \/>Dostali jsme se tam do t\u011bch dobr\u00fdch \u010d\u00edsel. Kv\u016fli sni\u017euj\u00edc\u00ed se inflaci a kv\u016fli sni\u017euj\u00edc\u00ed se mu ve\u0159ejn\u00e9mu dluhu. Nechcete vl\u00e1du pochv\u00e1lit, \u017ee p\u0159ece jenom nejsme na tom tak stra\u0161n\u011b?<br \/><br \/>Marian Jure\u010dka,\u00a0<br \/>To nen\u00ed mo\u017en\u00e9, ani to nem\u016f\u017ee ud\u011blat.<br \/><br \/>Karel Havl\u00ed\u010dek, 1. m\u00edstop\u0159edseda hnut\u00ed, m\u00edstop\u0159edseda sn\u011bmovny \/ANO\/<br \/>&#8212;&#8212;&#8212;&#8212;&#8212;&#8212;&#8211;<br \/>To teda opravdu, vy si v\u016fbec neuv\u011bdomujete tu realitu v\u0161edn\u00edch dn\u016f. Vy si l\u017eete do kapsy. M\u011b to p\u0159ipad\u00e1, jak kdy\u017e jste v tom fotbalov\u00e9m t\u00fdmu, kter\u00fd skon\u010d\u00ed na nepostupov\u00e9m m\u00edst\u011b a k\u0159ep\u010d\u00edte, \u017ee jste s t\u00edm posledn\u00edm uhr\u00e1li rem\u00edzu. Tak index prosperity, abychom si rozum\u011bli, tak jste se dostali zp\u00e1tky na pozici, kde jsme v\u00e1m to p\u0159ed\u00e1vali, to znamen\u00e1 dev\u00e1t\u00e9 m\u00edsto, pak jste \u0161li na \u010dtrn\u00e1ctou pozici, te\u010f jste se vr\u00e1tili na dev\u00e1t\u00e9 m\u00edsto. Ale to, co je podstatn\u00e9, jsou fakta, a to jsou kumulativn\u00ed fakta. V r\u00e1mci hrub\u00e9ho dom\u00e1c\u00edho produktu jste na tom jako\u017eto jedna z nejhor\u0161\u00edch zem\u00ed Evropsk\u00e9 unie od pandemick\u00e9 krize, inflaci u\u017e jsem zde zmi\u0148oval, druh\u00e1 nejhor\u0161\u00ed v cel\u00e9 Evrop\u011b. To samoz\u0159ejm\u011b generovalo probl\u00e9my jak pro firmy, tak pro dom\u00e1cnosti. Deficit u\u017e jsem zde zmi\u0148oval, tam je to naprosto jasn\u00e9, 1200 miliard, ale pozor, pokles re\u00e1ln\u00fdch mezd, co\u017e se dot\u00fdk\u00e1 va\u0161eho rezortu, od roku 2021, je nejvy\u0161\u0161\u00ed cel\u00e9 Evropsk\u00e9 unii na \u00farovni 13 %. A ceny elekt\u0159iny. Proboha, svat\u00e9ho ne\u0159\u00edkejte hlavn\u011b, jak se to lep\u0161\u00ed. Te\u010f v lednu jste v situaci, \u017ee p\u0159es kupn\u00ed s\u00edlu m\u00e1te nejvy\u0161\u0161\u00ed cenu elekt\u0159iny u\u017e druh\u00fdm rokem za sebou v absolutn\u00edch cen\u00e1ch mezi p\u00e1t\u00fdm a sedm\u00fdm nejhor\u0161\u00edm m\u00edstem. A pod\u00edvejte se te\u010f na cenu emisn\u00ed povolenky, pod\u00edvejte se te\u010f, jak\u00e9 jsou progn\u00f3zy r\u016fstu cen elekt\u0159iny? Navzdory tomu, \u017ee jste na konci roku op\u011bt \u0159\u00edkali, jak se to bude m\u011bnit a i d\u00edky tomu to poroste, \u017ee jste p\u0159ehodili v roce 2023 regulovan\u00e9 platby, op\u011bt na dom\u00e1cnosti v\u00edc jak 60 miliard korun a na firmy. V t\u011bch energi\u00edch, teda tam jste \u00fapln\u011b nejhor\u0161\u00ed.<br \/><br \/> moder\u00e1torka<br \/>&#8212;&#8212;&#8212;&#8212;&#8212;&#8212;&#8211;<br \/>P\u00e1nov\u00e9, a\u0165 z toho tady nen\u00ed souboj a souboj r\u016fzn\u00fdch statistik a r\u016fzn\u00fdch ekonomick\u00fdch ukazatel\u016f, pane minist\u0159e. Ceny elekt\u0159iny pravd\u011bpodobn\u011b porostou, proto\u017ee prudce roste cena emisn\u00ed povolenky. Kdy\u017e porovn\u00e1v\u00e1me m\u00edru nezam\u011bstnanosti v unii, tak je to celkov\u011b v kategorii 15\u201374. U n\u00e1s v t\u00e9 dob\u011b u\u017e jsou lid\u00e9 d\u00e1vno v d\u016fchodu, tak\u017ee to \u010d\u00edslo m\u016f\u017ee b\u00fdt tak\u00e9 tro\u0161ku zkresluj\u00edc\u00ed. Propou\u0161t\u00ed se, roste nezam\u011bstnanost, hroz\u00ed n\u00e1m celn\u00ed v\u00e1lka, m\u011bn\u00ed se glob\u00e1ln\u00ed situace. S \u010d\u00edm vy re\u00e1ln\u011b na ministerstvu po\u010d\u00edt\u00e1te? S jak\u00fdmi \u010dasy, s jak\u00fdmi opat\u0159en\u00edmi na podporu nezam\u011bstnanosti?<br \/><br \/>Marian Jure\u010dka,\u00a0<strong>ministr<\/strong>\u00a0<strong>pr\u00e1ce<\/strong>\u00a0a soci\u00e1ln\u00edch v\u011bc\u00ed, vicepremi\u00e9r \/KDU-\u010cSL\/<br \/>&#8212;&#8212;&#8212;&#8212;&#8212;&#8212;&#8211;<br \/>D\u00edvejte, j\u00e1 m\u00e1m jenom r\u00e1d fakta, nem\u00e1m r\u00e1d, kdy\u017e se l\u017ee. Tak j\u00e1 jenom tady chci uk\u00e1zat, co na \u010d\u00edsla za rok 2024, jak jsou na tom \u010desk\u00e9 firmy ve srovn\u00e1n\u00ed se v\u0161emi okoln\u00edmi st\u00e1ty z pohledu cen elekt\u0159iny, to jsou fakta.<br \/><br \/>Karel Havl\u00ed\u010dek, <br \/>Hovo\u0159\u00edme o dom\u00e1cnostech.<br \/><br \/>Marian Jure\u010dka,\u00a0<br \/>Ne, vy jste mluvil na z\u00e1v\u011br o firm\u00e1ch, tak j\u00e1 \u0159\u00edk\u00e1m, jak je to ta situace s firmami? V\u017edycky \u0159eknete jako jenom to, co se v\u00e1m hod\u00ed a ne\u0159\u00edk\u00e1te ty, opravdu ty dal\u0161\u00ed v\u011bci.<br \/><br \/>Karel Havl\u00ed\u010dek, <br \/>Pros\u00edm v\u00e1s, a vy do t\u011bch podnik\u016f a zeptejte se, zeptejte se jich.<br \/><br \/>Marian Jure\u010dka,\u00a0<br \/>No ne, j\u00e1 d\u00e1v\u00e1m srovn\u00e1n\u00ed, jak na tom jsme, kdy\u017e srovn\u00e1me okoln\u00ed st\u00e1ty kolem n\u00e1s. Ale te\u010fka k tomu, co jste se ptala, samoz\u0159ejm\u011b j\u00e1 jsem si velmi dob\u0159e v\u011bdom toho, \u017ee ta situace v regionech, kdy\u017e se bav\u00edm s t\u011bmi lidmi a u lid\u00ed p\u0159edev\u0161\u00edm 55 plus v\u011bku, je fakt slo\u017eit\u00e1, \u017ee ten pracovn\u00ed trh samoz\u0159ejm\u011b pro tyto lidi nevytv\u00e1\u0159\u00ed dostate\u010dn\u00e9 mo\u017enosti a sna\u017e\u00edme se to ale tak\u00e9 m\u011bnit. Tak\u017ee my jsme opravdu \u0161l\u00e1pli do toho, \u017ee \u00fa\u0159ady pr\u00e1ce dneska s touto skupinou lid\u00ed pracuj\u00ed daleko l\u00e9pe, v\u00edce individu\u00e1ln\u011b. Nab\u00edz\u00edme daleko \u0161ir\u0161\u00ed mo\u017enosti vzd\u011bl\u00e1v\u00e1n\u00ed, rekvalifikaci atd., ale z\u00e1rove\u0148, proto\u017ee jsem si v\u011bdom, \u017ee t\u0159eba u t\u011bchto lid\u00ed se ta pr\u00e1ce hled\u00e1 slo\u017eit\u011bji a d\u00e9le, jsem te\u010f do novely z\u00e1kon\u00edku pr\u00e1ce na\u010detl celou zm\u011bnu tzv. redesignu podpory v nezam\u011bstnanosti, kde pr\u00e1v\u011b pro ty lidi u\u017e od 52 let v\u011bku zvy\u0161ujeme tu podporu, kdy\u017e tu pr\u00e1ci nemaj\u00ed, hledaj\u00ed, pot\u0159ebuj\u00ed podporu v nezam\u011bstnanosti, aby m\u011bli daleko vy\u0161\u0161\u00ed tu podporu ne\u017e doposud. A m\u011bli to tito lid\u00e9 toho vy\u0161\u0161\u00edho v\u011bku i po del\u0161\u00ed \u010dasov\u00e9 obdob\u00ed. Firmy naopak motivujeme t\u00edm, \u017ee u lid\u00ed 55 let v\u011bku plus, kdy\u017e nab\u00eddnou firmy \u010d\u00e1ste\u010dn\u00fd \u00favazek, tak jim d\u00e1v\u00e1me slevu na pojistn\u00e9m, to u\u017e b\u011b\u017e\u00ed druh\u00fdm rokem a dneska je to zhruba t\u0159etina lid\u00ed, kte\u0159\u00ed vyu\u017e\u00edvaj\u00ed tu slevu na tom \u010d\u00e1ste\u010dn\u00e9m \u00favazku podporovan\u00e9m, tak je pr\u00e1v\u011b za skupiny 55 let plus v\u011bku. O tom se dlouh\u00e9 roky mluvilo a nikdo tyto zm\u011bny pro podporovan\u00e9 \u010d\u00e1ste\u010dn\u00e9 \u00favazky neud\u011blal. A to jsou konkr\u00e9tn\u00ed v\u011bci, kter\u00e9 opravdu se sna\u017e\u00edme d\u011blat pro to, abychom tyto lidi podpo\u0159ili, aby se jim podpo\u0159ilo tu pr\u00e1ci si naj\u00edt a pracovali s nimi tak, jak se s nimi opravdu individu\u00e1ln\u011b pracovat m\u00e1. To nejsou \u010d\u00edsla, to jsou \u017eivotn\u00ed p\u0159\u00edb\u011bhy lid\u00ed. A j\u00e1 se sna\u017e\u00edm, aby \u00da\u0159ad pr\u00e1ce byl nejv\u011bt\u0161\u00ed pom\u00e1haj\u00edc\u00ed organizac\u00ed v t\u00e9to zemi. A to se posledn\u00ed rok a p\u016fl opravdu da\u0159\u00ed.<br \/><br \/>Karel Havl\u00ed\u010dek, 1. m\u00edstop\u0159edseda hnut\u00ed, m\u00edstop\u0159edseda sn\u011bmovny \/ANO\/<br \/>&#8212;&#8212;&#8212;&#8212;&#8212;&#8212;&#8211;<br \/>To je, to je pr\u00e1v\u011b ten soci\u00e1ln\u00ed p\u0159\u00edstup, kter\u00fd nenastartuje tu ekonomiku. Vy se sna\u017e\u00edte n\u011bjak\u00fdm zp\u016fsobem hasit ten probl\u00e9m, jestli chceme pomoci lidem, zam\u011bstnanc\u016fm, co\u017e snad chceme v\u0161ichni, tak to nen\u00ed t\u00edm, \u017ee za\u010dnu vym\u00fd\u0161let n\u011bjakou soci\u00e1ln\u00ed podporu. Je to t\u00edm, \u017ee se budu sna\u017eit nastartovat podnikatelsk\u00fd sektor. Vy jste podnikatelsk\u00fd sektor do zna\u010dn\u00e9 m\u00edry ob\u011btovali, vy jste st\u00e1le vych\u00e1zeli z toho, \u017ee restart bude v rukou st\u00e1tu, vy si budete p\u016fj\u010dovat prachy n\u011bkde z Evropsk\u00e9 investi\u010dn\u00ed banky, budete budovat silnic a d\u00e1lnice a ve fin\u00e1le se budeme m\u00edt v\u0161ichni kr\u00e1sn\u011b. Nikoliv, pokud nepodpo\u0159\u00edme podnikatelsk\u00fd sektor, ten nebude generovat zisky, nebude logicky platit zam\u011bstnanc\u016fm v\u00edce, ti pak budou siln\u00ed v r\u00e1mci spot\u0159ebitelsk\u00e9 popt\u00e1vky, bude se investovat, bude to logicky podpora exportu a pak se budou platit dan\u011b, ze kter\u00fdch j\u00e1 budu platit prost\u011b ty silnice a d\u00e1lnice, tak se neodraz\u00edme ode dna. Proboha, ne\u0159\u00edkejte zde, jak jste zde \u010d\u00e1ste\u010dn\u011b pracovn\u00ed \u00favazky vy\u0159e\u0161ili, vy jste zde ud\u011blali takov\u00fd zmatek, takov\u00fd zmatek, ano, podpo\u0159ili takov\u00fd zmatek v dohod\u00e1ch a v dohod\u00e1\u0159\u00edch, \u017ee jste nahnali 40 000 lid\u00ed do \u0161varcsyst\u00e9mu, tak ty \u010d\u00e1ste\u010dn\u00e9 \u00favazky do zna\u010dn\u00e9 m\u00edry ty dohod\u00e1\u0159i byli \u010d\u00e1ste\u010dn\u00fdm zp\u016fsobem \u0159e\u0161en\u00edm \/nesrozumiteln\u00e9\/ Pro ty, j\u00e1 v\u00edm, \u017ee ne, ale j\u00e1 t\u00edm jenom chci \u0159\u00edct, \u017ee dohod\u00e1\u0159i \u010d\u00e1ste\u010dn\u011b saturovali pracovn\u00ed trh na \u00fakor t\u011bch \u010d\u00e1ste\u010dn\u00fdch \u00favazk\u016f, to znamen\u00e1, t\u00edm chci \u0159\u00edct, tam jste ud\u011blali takov\u00fd zmatek, \u017ee dneska jste nahnali lidi akor\u00e1t \u0161ed\u00e9 ekonomiky. Pod\u00edvejte se, kolik v\u00e1m vzrostlo \u010d\u00edslo u \u0161varcsyst\u00e9mu, u lid\u00ed, kte\u0159\u00ed za\u010dali zase pracovat na tuhle tu formu dohody.<br \/><br \/>Terezie Tom\u00e1nkov\u00e1, moder\u00e1torka<br \/>&#8212;&#8212;&#8212;&#8212;&#8212;&#8212;&#8211;<br \/>Posledn\u00ed reakce, pane minist\u0159e, pros\u00edm kr\u00e1tce, u\u017e na tu kritiku, kter\u00e1 tady zazn\u00edv\u00e1 od Karla Havl\u00ed\u010dka, \u017ee vl\u00e1da ud\u011blala zmatek. Vid\u011bli jsme zmatek kolem dohod\u00e1\u0159\u016f kolem, kolem \u010d\u00e1ste\u010dn\u00fdch \u00favazk\u016f, tak \u0159\u00edk\u00e1 pan ministr.<br \/><br \/>Marian Jure\u010dka,\u00a0<br \/>U dohod\u00e1\u0159\u016f dv\u011b kl\u00ed\u010dov\u00e9 v\u011bci a je to i zpr\u00e1va pro tu pan\u00ed, co b\u011bh\u00e1 jako hranolka. Prvn\u00ed v\u011bc. Evidence dohod je kl\u00ed\u010dov\u00e1 pro to, aby nap\u0159\u00edklad lid\u00e9, kte\u0159\u00ed chod\u00ed \u017e\u00e1dat o d\u00e1vky, n\u00e1m ne\u0159\u00edkali, \u017ee nemaj\u00ed \u017e\u00e1dn\u00fd jin\u00fd p\u0159\u00edjem a my pak zjist\u00edme d\u00edky t\u00e9 evidenci, \u017ee velk\u00e9 mno\u017estv\u00ed z nich nap\u0159\u00edklad pr\u00e1v\u011b d\u011blalo do t\u00e9 doby na dohody, kter\u00e9 n\u00e1m nikdy nenahl\u00e1sili. To je prvn\u00ed v\u011bc, pro\u010d je to d\u016fle\u017eit\u00e9, pro\u010d to m\u00e1 smysl, i kdy\u017e to stoj\u00ed n\u011bjakou administrativu. A druh\u00e1 pozitivn\u00ed zpr\u00e1va, co pan\u00ed Hranolka zapomn\u011bla \u0159\u00edct, \u017ee od 1. ledna tohoto roku, po zhruba 15 letech jsme pohli s t\u00edm limitem na ty dohody. Nav\u00e1zali jsme ho na v\u00fdvoj, kter\u00fd je objektivn\u00ed ka\u017ed\u00fd rok, aby se to upravovalo podle toho, jak roste pr\u016fm\u011brn\u00e1 mzda v t\u00e9to zemi, to znamen\u00e1, ta hranice 10 000 se te\u010f bude aktualizovat ka\u017ed\u00fd rok podle v\u00fdvoje ekonomiky. D\u016fle\u017eit\u00e1, kl\u00ed\u010dov\u00e1 syst\u00e9mov\u00e1 zm\u011bna.<br \/><br \/>Karel Havl\u00ed\u010dek, 1. m\u00edstop\u0159edseda hnut\u00ed, m\u00edstop\u0159edseda sn\u011bmovny \/ANO\/<br \/>&#8212;&#8212;&#8212;&#8212;&#8212;&#8212;&#8211;<br \/>Pane minist\u0159e, j\u00e1 to zkr\u00e1t\u00edm, v\u017edy\u0165 ti lid\u00e9 v\u00e1m v\u016fbec nerozum\u00ed. Vy jste tady m\u011bli n\u011bjak\u00fd syst\u00e9m dohod, ten syst\u00e9m dohod jste dvakr\u00e1t cht\u011bli zm\u011bnit. Propadlo to navzdory varov\u00e1n\u00ed firem, opozice a v\u0161em \u00fapln\u00fdm debaklem. A po dvou letech to vrac\u00edte&#8230; \/nesrozumiteln\u00e9\/<br \/><br \/>Terezie Tom\u00e1nkov\u00e1, moder\u00e1torka<br \/>&#8212;&#8212;&#8212;&#8212;&#8212;&#8212;&#8211;<br \/>P\u00e1nov\u00e9&#8230;<br \/><br \/>Karel Havl\u00ed\u010dek, <br \/>Mezit\u00edm v\u00e1m \u0161lo 40 000. \/nesrozumiteln\u00e9\/<br \/><br \/> moder\u00e1torka<br \/>&#8212;&#8212;&#8212;&#8212;&#8212;&#8212;&#8211;<br \/>Pane Havl\u00ed\u010dku, pane Jure\u010dko.<br \/><br \/>Marian Jure\u010dka,\u00a0<br \/>Na dohody je daleko jednodu\u0161\u00ed a flexibiln\u011bj\u0161\u00ed pro ty lidi, kte\u0159\u00ed si vyd\u011blaj\u00ed, dneska v\u00edc. \/nesrozumiteln\u00e9\/<br \/><br \/>Karel Havl\u00ed\u010dek, <br \/>Zeptejte se v t\u011bch firm\u00e1ch.<br \/><br \/>Marian Jure\u010dka,\u00a0<br \/>Dneska si dohod\u00e1\u0159 m\u016f\u017ee vyd\u011blat v\u00edc.<br \/><br \/>Karel Havl\u00ed\u010dek, <br \/>Vy \u017eijete n\u011bkde \u00fapln\u011b jinde.<br \/><br \/>moder\u00e1torka<br \/>&#8212;&#8212;&#8212;&#8212;&#8212;&#8212;&#8211;<br \/>Pane minist\u0159e.<br \/>&#8230;&#8230;&#8230;&#8230;&#8230;<br \/>&#8212;&#8212;&#8212;&#8212;&#8212;&#8212;&#8211;<br \/>Za\u010dnu u v\u00e1s, pane vicepremi\u00e9re. A nav\u00e1\u017eu trochu na Martina Kratochv\u00edla ze STEMu. 30 % voli\u010d\u016f je nerozhodnut\u00fdch, jsou tam i va\u0161i voli\u010di zklaman\u00ed nebo mo\u017en\u00e1 nerozhodnut\u00ed? Jak je chcete p\u0159esv\u011bd\u010dit? Proto\u017ee premi\u00e9r douf\u00e1 ve 30 %? Zat\u00edm je tam rozd\u00edl zhruba 15 % mezi Spolu a ANO.<br \/><br \/>Marian Jure\u010dka,\u00a0<strong>ministr<\/strong>\u00a0<strong>pr\u00e1ce<\/strong>\u00a0a soci\u00e1ln\u00edch v\u011bc\u00ed, vicepremi\u00e9r \/KDU-\u010cSL\/<br \/>&#8212;&#8212;&#8212;&#8212;&#8212;&#8212;&#8211;<br \/>J\u00e1 jsem tady mluvil o tom, \u017ee t\u0159eba za m\u00e9 ministerstvo d\u011bl\u00e1me kl\u00ed\u010dov\u00e9 reformy, kter\u00e9 jsou pot\u0159eba, d\u011bl\u00e1me revizi d\u00e1vek, digitalizujeme, ud\u011blali jsme d\u016fchodovou reformu, d\u011bl\u00e1me dal\u0161\u00ed opravdu jako d\u016fle\u017eit\u00e9 zm\u011bny. V\u00edc jak 2000 lid\u00ed jsem ze\u0161t\u00edhlil na sv\u00e9m rezortu 10 % lid\u00ed sund\u00e1m dol\u016f. To znamen\u00e1, je za n\u00e1mi vid\u011bt konkr\u00e9tn\u00ed v\u00fdsledek dobr\u00e9 pr\u00e1ce pro ob\u010dany v t\u00e9to zemi a toto je samoz\u0159ejm\u011b jedna z v\u011bc\u00ed, kterou chceme odkomunikovat, nab\u00eddnout vizi a pokra\u010dov\u00e1n\u00ed dobr\u00fdch efektivn\u00edch krok\u016f pro tuto zemi do budoucna a samoz\u0159ejm\u011b d\u00e1t tomu tak\u00e9 i pozitivn\u00ed emoce, nejenom v t\u00e9 oblasti politick\u00e9, programov\u00e9, ale i t\u0159eba t\u00e9 osobnostn\u00ed, pokud jde o ty lidi, kte\u0159\u00ed kandiduj\u00ed. A v\u00edme, a to ten pr\u016fzkum potvrdil, \u017ee dlouhodob\u011b t\u011bch 30 % se rozhoduje v posledn\u00edm m\u011bs\u00edci a ty data, kter\u00e1 jsme dneska vid\u011bli, tak p\u0159ipom\u00ednaj\u00ed velmi situaci p\u0159ed \u010dty\u0159mi roky. Ano, jednozna\u010dn\u00fd favorit. My tenkr\u00e1t za Spolu jsme byli a\u017e na t\u0159et\u00edm m\u00edst\u011b a kdo by se tenkr\u00e1t vsadil na to, \u017ee Spolu ty volby vyhraje a bude m\u00edt premi\u00e9ra?<br \/><br \/>Terezie Tom\u00e1nkov\u00e1, moder\u00e1torka<br \/>&#8212;&#8212;&#8212;&#8212;&#8212;&#8212;&#8211;<br \/>Pane minist\u0159e, j\u00e1 tento argument tady od va\u0161ich koleg\u016f ze stran vl\u00e1dn\u00ed koalice.<br \/><br \/>Marian Jure\u010dka,\u00a0<br \/>To je z reality.<br \/><br \/> moder\u00e1torka<br \/>&#8212;&#8212;&#8212;&#8212;&#8212;&#8212;&#8211;<br \/>Sly\u0161\u00edm ka\u017ed\u00fd t\u00fdden a j\u00e1 v\u017edycky na to \u0159eknu, ta situace nen\u00ed podobn\u00e1, proto\u017ee tenkr\u00e1t jste byli opozi\u010dn\u00ed strana, vl\u00e1da Andreje Babi\u0161e, m\u011bla za sebou covid a byla tak\u00e9 nepopul\u00e1rn\u00ed. Lidi cht\u011bli zm\u011bnu. Te\u010f je situace jin\u00e1. Vy jste vl\u00e1da, vy jste vl\u00e1dn\u00ed strana a na toto se p\u0159ece nem\u016f\u017eete spolehnout.<br \/><br \/>Marian Jure\u010dka,\u00a0<strong>ministr<\/strong>\u00a0<strong>pr\u00e1ce<\/strong>\u00a0a soci\u00e1ln\u00edch v\u011bc\u00ed, vicepremi\u00e9r \/KDU-\u010cSL\/<br \/>&#8212;&#8212;&#8212;&#8212;&#8212;&#8212;&#8211;<br \/>Dob\u0159e. J\u00e1 to beru ten argument a jsem si v\u011bdom toho, \u017ee ti lid\u00e9 jsou s celou \u0159adou v\u011bc\u00ed nespokojeni. J\u00e1 ty v\u011bci nelakuju nar\u016f\u017eovo, na druhou stranu je cel\u00e1 \u0159ada v\u011bc\u00ed, kter\u00e9 se fakt jako povedly a pak je tady tak\u00e9 mo\u017enost v\u00fdb\u011bru. Chci tady m\u00edt v budoucnu vl\u00e1du ala Robert Fico, cestu Slovenska a Ma\u010farska, chci tady premi\u00e9ra, kter\u00fd hodiny a hodiny bl\u00e1bol\u00ed ve sn\u011bmovn\u011b? Nebo chci m\u00edt jako racion\u00e1ln\u011b funguj\u00edc\u00ed vl\u00e1du, by\u0165 ta vl\u00e1da m\u00e1 nedostatky, ale d\u011bl\u00e1 ty v\u011bci, kter\u00e9 jsou pot\u0159eba, um\u00ed se pustit do reforem, kter\u00e9 tuto zemi posouvaj\u00ed kup\u0159edu, um\u00ed sni\u017eovat deficit st\u00e1tn\u00edch rozpo\u010dt\u016f a tak d\u00e1l, atd. Tak\u017ee ten \u010dlov\u011bk m\u00e1 na v\u00fdb\u011br. Ano, vl\u00e1du, kter\u00e1 ud\u011blala chyby, ale kter\u00e1 opravdu d\u011bl\u00e1 dobrou politiku pro budoucnost t\u00e9to zem\u011b, anebo chce vl\u00e1du ala Robert Fico a cestu Slovenska?<br \/><br \/>moder\u00e1torka<br \/>&#8212;&#8212;&#8212;&#8212;&#8212;&#8212;&#8211;<br \/>Na to se dozv\u00edme odpov\u011b\u010f u\u017e ve volb\u00e1ch, ot\u00e1zka je, jestli opravdu voli\u010di vn\u00edmaj\u00ed, jestli to je volba v\u00fdchod nebo z\u00e1pad a jestli toto na n\u011b bude zab\u00edrat, proto\u017ee v\u0161echny pr\u016fzkumy ukazuj\u00ed, \u017ee lid\u00e9 se, lid\u00e9 se rozhoduj\u00ed podle socioekonomick\u00fdch ot\u00e1zek.<br \/><br \/>Marian Jure\u010dka,\u00a0<strong>ministr<\/strong>\u00a0<strong>pr\u00e1ce<\/strong>\u00a0a soci\u00e1ln\u00edch v\u011bc\u00ed, vicepremi\u00e9r \/KDU-\u010cSL\/<br \/>&#8212;&#8212;&#8212;&#8212;&#8212;&#8212;&#8211;<br \/>P\u0159ed rokem a n\u011bco pod bratislavsk\u00fdm hradem a cel\u00e9 Slovensko oslovoval s t\u00edm, jak Roberta Fica podporuje, jak je to jeho kamar\u00e1d a d\u00e1val otev\u0159enou podporu tomuto kandid\u00e1tovi na sou\u010dasnou premi\u00e9ra Slovenska? A dnes ten stejn\u00fd Andrej Babi\u0161 chod\u011b \u0159\u00edk\u00e1, nevm\u011b\u0161ujte se do politiky Slovenska. J\u00e1 jsem nikdy nikomu na Slovensku neradil, nikdy jsem se do politick\u00fdch v\u011bc\u00ed nevm\u011b\u0161oval, ale kdo se vm\u011b\u0161oval do t\u00e9 politiky, byl Andrej Babi\u0161 naprosto jednozna\u010dn\u011b.<br \/><br \/>Terezie Tom\u00e1nkov\u00e1, moder\u00e1torka<br \/>&#8212;&#8212;&#8212;&#8212;&#8212;&#8212;&#8211;<br \/>Tak cht\u011bla jsem polo\u017eit ot\u00e1zku. Nech\u00e1m v\u00e1s ale reagovat, proto\u017ee byste se k tomu stejn\u011b vr\u00e1til. Na v\u00fdchod nebo na z\u00e1pad. Vid\u00edme billboardy pana premi\u00e9ra. Bude na to ANO n\u011bjak odpov\u00eddat nebo prost\u011b nech\u00e1, nech\u00e1 ten souboj volebn\u00ed v t\u011bch socioekonomick\u00fdch ot\u00e1zk\u00e1ch?<br \/><br \/>Karel Havl\u00ed\u010dek, 1. m\u00edstop\u0159edseda hnut\u00ed, m\u00edstop\u0159edseda sn\u011bmovny \/ANO\/<br \/>&#8212;&#8212;&#8212;&#8212;&#8212;&#8212;&#8211;<br \/>Odpov\u00eddaj\u00ed voli\u010di a ty si vyhodnotili, \u017ee jen tupec m\u016f\u017ee dneska ukazovat sm\u011br v\u00fdchod nebo sm\u011br z\u00e1pad ve smyslu toho, \u017ee n\u00e1s t\u00edm po\u010dastuje. Ka\u017ed\u00fd, kdo je alespo\u0148 trochu gramotn\u00fd, tak velmi dob\u0159e v\u00ed, jak jsme fungovali v dob\u00e1ch, kdy my jsme zde vl\u00e1dli, \u017ee jsme byli proz\u00e1padn\u011b orientovan\u00ed, \u017ee jsme nekoketovali s Ruskem atd. Ale to jsou va\u0161e sny a kone\u010dn\u011b va\u0161e taktika, kter\u00e1 v\u00e1m, pane minist\u0159e, ale moc nevych\u00e1z\u00ed, kdy\u017e jste dali pana Babi\u0161e na billboard vedle Putina, nev\u00edm, jestli v\u00e1m to dopadlo dob\u0159e v r\u00e1mci v\u00fdsledk\u016f, kter\u00e9 jste dostali posledn\u00ed troje volby, kter\u00e9 byly v tomhle tom roce, tak jste v\u0161echny prohr\u00e1li a cel\u00e1 ta va\u0161e strategie, Rusko pro tebe v\u0161ecko, mo\u017en\u00e1 zab\u00edr\u00e1 je\u0161t\u011b na n\u011bkter\u00e9 p\u0159esv\u011bd\u010den\u00e9 va\u0161e voli\u010de, ale to se domn\u00edv\u00e1m v\u00e1m, pane minist\u0159e, sta\u010dit nebude, ale to je \u010dist\u011b m\u016fj pohled a j\u00e1, v\u00e1m nebudu radit, jak vy m\u00e1te nastavovat taktiku. My nebudeme nab\u00edzet pro v\u00fdchod nebo pro z\u00e1pad. My nab\u00edz\u00edme jednoduchou strategii nebo jednoduch\u00e9 \u0159e\u0161en\u00ed, to znamen\u00e1 tr\u017en\u00ed p\u0159\u00edstup se soci\u00e1ln\u00ed kontrolou, sou\u010dasn\u011b konec k\u00e1drov\u00e1n\u00ed. Pane minist\u0159e, nebudeme tady k\u00e1drovat tak, jako vy. Nebudeme tady m\u00edt \u017e\u00e1dn\u00e9 Folt\u00fdny, kte\u0159\u00ed tady&#8230; \/nesrozumiteln\u00e9\/<br \/><br \/>Marian Jure\u010dka,\u00a0<strong>ministr<\/strong>\u00a0<strong>pr\u00e1ce<\/strong>\u00a0a soci\u00e1ln\u00edch v\u011bc\u00ed, vicepremi\u00e9r \/KDU-\u010cSL\/<br \/>&#8212;&#8212;&#8212;&#8212;&#8212;&#8212;&#8211;<br \/>J\u00e1 jsem n\u011bkoho k\u00e1droval?<br \/><br \/>Karel Havl\u00ed\u010dek, <br \/>Ne, vy jste vl\u00e1da. Vy jste, vl\u00e1da, \u00fa\u0159ad vl\u00e1dy pos\u00edl\u00e1 poslanc\u016fm jak se maj\u00ed chovat. Pos\u00edl\u00e1 n\u00e1m komunika\u010dn\u00ed karty.<br \/><br \/>Terezie Tom\u00e1nkov\u00e1, moder\u00e1torka<br \/>&#8212;&#8212;&#8212;&#8212;&#8212;&#8212;&#8211;<br \/>Pane m\u00edstop\u0159edsedo Havl\u00ed\u010dku, k v\u00fdsledk\u016fm toho pr\u016fzkumu a v\u00e1m se nab\u00edz\u00ed do vl\u00e1dy n\u011bkolik subjekt\u016f, a to samoz\u0159ejm\u011b, by\u0165 jenom z t\u011bch pr\u016fzkum\u016f a na pap\u00ed\u0159e nebo i doslova a do p\u00edsmene, proto\u017ee SPD \u0159\u00edk\u00e1, chce s v\u00e1mi do vl\u00e1dy. Motorist\u00e9 to nab\u00edzej\u00ed. Sta\u010dilo! to nikdy nevylou\u010dilo. Vymez\u00edte se n\u011bkdy v pr\u016fb\u011bhu t\u00e9 kampan\u011b proti n\u011bkter\u00fdm \u010d\u00e1stem programu, kter\u00e9 by mohly b\u00fdt ozna\u010dov\u00e1ny jako antisyst\u00e9mov\u00e9? Nebo prost\u011b nech\u00e1te ty karty \u00fapln\u011b otev\u0159en\u00e9, proto\u017ee i to by v\u00e1m mohlo u n\u011bkter\u00fdch st\u0159edov\u00fdch voli\u010d\u016f \u0161kodit.<br \/><br \/>Karel Havl\u00ed\u010dek, <br \/>My se, my se dok\u00e1\u017eeme vymezit, ale p\u0159edev\u0161\u00edm se soust\u0159ed\u00edme na n\u00e1\u0161 program, na ten, kter\u00fd jsem tady nazna\u010doval, kter\u00fd tady kone\u010dn\u011b ka\u017ed\u00fd m\u011bs\u00edc ve va\u0161em po\u0159adu prost\u011b se sna\u017e\u00edm prosazovat a ukazovat, opakovan\u011b, \u0159\u00edk\u00e1m, tr\u017en\u00ed p\u0159\u00edstup, ale soci\u00e1ln\u00ed kontrolka, nebudeme k\u00e1drovat, budeme d\u011blat pragmatickou zahrani\u010dn\u00ed politiku. A kone\u010dn\u011b pod\u00edvejme se, ono mo\u017en\u00e1 jedna v\u011bc jsou sliby, pod\u00edvejme se, jak jsme tady fungovali v dob\u00e1ch posledn\u00edch, to znamen\u00e1 v t\u011bch posledn\u00edch \u010dty\u0159ech letech, v dob\u00e1ch 2 letech, kdy ta ekonomika celkem fungovala a rostla, tak jsme prok\u00e1zali, \u017ee dok\u00e1\u017eeme sni\u017eovat zadlu\u017een\u00ed, dok\u00e1zali jsme, \u017ee um\u00edme podpo\u0159it firmy tak, aby se tady investovalo. Prok\u00e1zali jsme to, \u017ee lid\u00e9 s ni\u017e\u0161\u00edmi p\u0159\u00edjmy m\u011bli d\u016fstojn\u00fd \u017eivot. A pak p\u0159i\u0161la doba n\u00e1ro\u010dn\u00e1, doba krut\u00e1, doba covidov\u00e1 a v t\u00e9 dob\u011b jsme nikoho nehodili p\u0159es palubu a my \u0159\u00edk\u00e1me, \u017ee op\u011bt nehod\u00edme nikoho p\u0159es palubu, ale co se t\u00fdk\u00e1 t\u011bch t\u00e9mat, samoz\u0159ejm\u011b se dok\u00e1\u017eeme vymezit. Ur\u010dit\u011b si vzpom\u00edn\u00e1te, \u017ee se mnohokr\u00e1t \u0159ekl i ve va\u0161em po\u0159adu, \u017ee pro n\u00e1s nen\u00ed diskuze ani o referendu v r\u00e1mci t\u0159eba vystoupen\u00ed z Evropsk\u00e9 unie nebo v r\u00e1mci vystoupen\u00ed z NATO, t\u00edm si mysl\u00edm, \u017ee jasn\u011b ukazujeme na\u0161e sm\u011b\u0159ov\u00e1n\u00ed.<br \/><br \/>Terezie Tom\u00e1nkov\u00e1, moder\u00e1torka<br \/>&#8212;&#8212;&#8212;&#8212;&#8212;&#8212;&#8211;<br \/>Je\u0161t\u011b jedna v\u011bc, E15 napsala, \u017ee hnut\u00ed ANO Andrej Babi\u0161 se poohl\u00ed\u017e\u00ed po mo\u017en\u00fdch \u010dlenech vl\u00e1dy. Zmi\u0148uje Jakuba Landovsk\u00e9ho na post ministra obrany, b\u00fdval\u00e9ho velvyslance p\u0159i NATO. Je to pravda? Lov\u00edte v t\u011bchto vod\u00e1ch?<br \/><br \/>Karel Havl\u00ed\u010dek, <br \/>My m\u00e1me dneska st\u00ednovou vl\u00e1du, ale nikdy jsme netvrdili, \u017ee v\u0161ichni \u010dlenov\u00e9 st\u00ednov\u00e9 vl\u00e1dy budou ti, kte\u0159\u00ed nakonec budou t\u0159eba u t\u00e9 vl\u00e1dy. M\u00e1te to asi tak, jako kdy\u017e tr\u00e9nujete hokejov\u00fd man\u010daft a hrajete v\u0161echny region\u00e1ln\u00ed turnaje, hrajete p\u0159ed mistrovstv\u00edm sv\u011bta, pot\u00e9 na to mistrovstv\u00ed sv\u011bta si pozvete t\u0159eba i n\u011bkter\u00e9 hr\u00e1\u010de ze zahrani\u010d\u00ed. Tak\u017ee ano, sna\u017e\u00edme se, aby t\u0159eba na n\u011bkter\u00e9 posty jsme to m\u011bli zdvojen\u00e9. A jinak co se t\u00fdk\u00e1 Jakuba Landovsk\u00e9ho, toho nebudu v tuhle tu chv\u00edli komentovat.<br \/><br \/>moder\u00e1torka<br \/>&#8212;&#8212;&#8212;&#8212;&#8212;&#8212;&#8211;<br \/>On to tak\u00e9 necht\u011bl komentovat, ale z\u00e1rove\u0148 to nevylou\u010dil.<br \/><br \/>Karel Havl\u00ed\u010dek, <br \/>\u017de s n\u011bk\u00fdm komunikujeme, neznamen\u00e1, pros\u00edm p\u011bkn\u011b, \u017ee mu nab\u00edz\u00edme n\u011bjak\u00fd post. Ale faktem je to, \u017ee v sou\u010dasn\u00e9 dob\u011b je cel\u00e1 \u0159ada opravdu expert\u016f a v\u00fdznamn\u00fdch osobnost\u00ed, kter\u00e9 se sami hl\u00e1s\u00ed, co\u017e ale my&#8230;<br \/><br \/>Terezie Tom\u00e1nkov\u00e1, moder\u00e1torka<br \/>&#8212;&#8212;&#8212;&#8212;&#8212;&#8212;&#8211;<br \/>P\u00e1nov\u00e9 na Prim\u011b mus\u00edme kon\u010dit, &#8230;.<\/p>\n\n\n\n<p><\/p>\n","protected":false},"excerpt":{"rendered":"<div class=\"mh-excerpt\"><p>&nbsp;Prima&nbsp;&#8211; Partie P\u0159ib\u00fdv\u00e1 lid\u00ed bez pr\u00e1ce. Sez\u00f3nn\u00ed v\u00fdkyv nebo za\u010d\u00e1tek velk\u00fdch probl\u00e9m\u016f? Nab\u00eddnu duel Mariana Jure\u010dky a Karla Havl\u00ed\u010dka. Pan Marian Jure\u010dka, vicepremi\u00e9r,\u00a0ministr\u00a0pr\u00e1ce\u00a0a soci\u00e1ln\u00edch v\u011bc\u00ed <a class=\"mh-excerpt-more\" href=\"https:\/\/www.invarena.cz\/?p=54954\" title=\"P\u0159ib\u00fdv\u00e1 lid\u00ed bez pr\u00e1ce &#8211; diskuze Jure\u010dky a Havl\u00ed\u010dka\">[&#8230;]<\/a><\/p>\n<\/div>","protected":false},"author":1,"featured_media":47583,"comment_status":"open","ping_status":"closed","sticky":false,"template":"","format":"standard","meta":{"footnotes":""},"categories":[6],"tags":[],"class_list":["post-54954","post","type-post","status-publish","format-standard","has-post-thumbnail","hentry","category-politika"],"_links":{"self":[{"href":"https:\/\/www.invarena.cz\/index.php?rest_route=\/wp\/v2\/posts\/54954","targetHints":{"allow":["GET"]}}],"collection":[{"href":"https:\/\/www.invarena.cz\/index.php?rest_route=\/wp\/v2\/posts"}],"about":[{"href":"https:\/\/www.invarena.cz\/index.php?rest_route=\/wp\/v2\/types\/post"}],"author":[{"embeddable":true,"href":"https:\/\/www.invarena.cz\/index.php?rest_route=\/wp\/v2\/users\/1"}],"replies":[{"embeddable":true,"href":"https:\/\/www.invarena.cz\/index.php?rest_route=%2Fwp%2Fv2%2Fcomments&post=54954"}],"version-history":[{"count":0,"href":"https:\/\/www.invarena.cz\/index.php?rest_route=\/wp\/v2\/posts\/54954\/revisions"}],"wp:featuredmedia":[{"embeddable":true,"href":"https:\/\/www.invarena.cz\/index.php?rest_route=\/wp\/v2\/media\/47583"}],"wp:attachment":[{"href":"https:\/\/www.invarena.cz\/index.php?rest_route=%2Fwp%2Fv2%2Fmedia&parent=54954"}],"wp:term":[{"taxonomy":"category","embeddable":true,"href":"https:\/\/www.invarena.cz\/index.php?rest_route=%2Fwp%2Fv2%2Fcategories&post=54954"},{"taxonomy":"post_tag","embeddable":true,"href":"https:\/\/www.invarena.cz\/index.php?rest_route=%2Fwp%2Fv2%2Ftags&post=54954"}],"curies":[{"name":"wp","href":"https:\/\/api.w.org\/{rel}","templated":true}]}}