{"id":54956,"date":"2025-02-17T03:49:03","date_gmt":"2025-02-17T02:49:03","guid":{"rendered":"https:\/\/www.invarena.cz\/?p=54956"},"modified":"2025-02-17T03:49:11","modified_gmt":"2025-02-17T02:49:11","slug":"bariery-ve-verejnem-prostoru","status":"publish","type":"post","link":"https:\/\/www.invarena.cz\/?p=54956","title":{"rendered":"Bari\u00e9ry ve ve\u0159ejn\u00e9m prostoru\u00a0\u00a0"},"content":{"rendered":"\n<p>\u010cT 1\u00a0&#8211; Ud\u00e1losti<br \/><br \/>Ve\u0159ejn\u00fd prostor vst\u0159\u00edcn\u00fd k rodi\u010d\u016fm s ko\u010d\u00e1rky a star\u0161\u00edm i handicapovan\u00fdm lidem. Podle vl\u00e1dn\u00ed zmocn\u011bnkyn\u011b pro lidsk\u00e1 pr\u00e1va Kl\u00e1ry \u0160im\u00e1\u010dkov\u00e9 Lauren\u010d\u00edkov\u00e9 je snaha o odstra\u0148ov\u00e1n\u00ed bari\u00e9r viditeln\u00e1. \u0158e\u0161en\u00ed ale \u010dasto b\u00fdvaj\u00ed polovi\u010dat\u00e1. K d\u016fslednosti vyz\u00fdv\u00e1 projektanty i Ministerstvo pro m\u00edstn\u00ed rozvoj.<br \/><\/p>\n\n\n\n<p>redaktorka \u010cT<br \/>&#8212;&#8212;&#8212;&#8212;&#8212;&#8212;&#8211;<br \/>Dlouh\u00e9 schody vedouc\u00ed k po\u0161t\u011b na \u0160umavsk\u00e9 ulici v Brn\u011b.<br \/>V\u00fdtah v pas\u00e1\u017ei tady, kouk\u00e1m, zkus\u00edme.<br \/>S ko\u010d\u00e1rkem proto vyr\u00e1\u017e\u00edme hledat cestu.<br \/>Tady p\u016fjdem po \u0161ipk\u00e1ch.Aha.Tak k po\u0161t\u011b jsme se nakonec dostali, zd\u00e1 se, ale dva v\u00fdtahy, p\u0159es parkovi\u0161t\u011b. Cesta tro\u0161ku bojovka.<br \/>M\u011bsta jsou st\u00e1le p\u0159ek\u00e1\u017eek pln\u00e1.I p\u00e1r schod\u016f m\u016f\u017ee b\u00fdt probl\u00e9m nejen pro ko\u010d\u00e1rky.<br \/><br \/>Kl\u00e1ra \u0160im\u00e1\u010dkov\u00e1 Lauren\u010d\u00edkov\u00e1, zmocn\u011bkyn\u011b pro lidsk\u00e1, \u00da\u0159ad vl\u00e1dy \u010cR<br \/>&#8212;&#8212;&#8212;&#8212;&#8212;&#8212;&#8211;<br \/>A je proto v z\u00e1jmu n\u00e1s v\u0161ech, aby ve\u0159ejn\u00fd prostor a ve\u0159ejn\u00e9 slu\u017eby a ve\u0159ejn\u00e1 doprava fungovaly opravdu otev\u0159en\u011b, p\u0159\u00edstupn\u011b a spravedliv\u011b pro n\u00e1s v\u0161echny.<br \/><br \/>redaktorka \u010cT<br \/>&#8212;&#8212;&#8212;&#8212;&#8212;&#8212;&#8211;<br \/>Podle Kl\u00e1ry Lauren\u010d\u00edkov\u00e9 ale v praxi \u010dasto projektanti mo\u017en\u00e9 bari\u00e9ry p\u0159ehl\u00e9dnou. Jsou to zd\u00e1nliv\u00e9 detaily. Jako v p\u0159\u00edpad\u011b kompletn\u011b zrekonstruovan\u00e9 radnice Prahy 7.<br \/><br \/>Tom\u00e1\u0161 Lanc, klient Pra\u017esk\u00e9 organizace\u00a0<strong>voz\u00ed\u010dk\u00e1\u0159\u016f<\/strong><br \/>&#8212;&#8212;&#8212;&#8212;&#8212;&#8212;&#8211;<br \/>Tady je teda ozna\u010den\u00ed toho bezbari\u00e9rov\u00fdho vchodu.<br \/><br \/> redaktorka \u010cT<br \/>&#8212;&#8212;&#8212;&#8212;&#8212;&#8212;&#8211;<br \/>Hned za rohem ale nar\u00e1\u017e\u00edme na prvn\u00ed probl\u00e9m. Dla\u017ebu.<br \/><br \/>Tom\u00e1\u0161 Lanc, klient Pra\u017esk\u00e9 organizace\u00a0<strong>voz\u00ed\u010dk\u00e1\u0159\u016f<\/strong><br \/>&#8212;&#8212;&#8212;&#8212;&#8212;&#8212;&#8211;<br \/>Sed\u00edc\u00ed \u010dlov\u011bk c\u00edt\u00ed v\u0161echny ty ot\u0159esy daleko v\u00edc bez asistenta, tak by to pro n\u011b bylo fyzicky docela dost n\u00e1ro\u010dn\u00fd.<br \/><br \/>redaktorka \u010cT<br \/>&#8212;&#8212;&#8212;&#8212;&#8212;&#8212;&#8211;<br \/>Pro vstup do \u00fa\u0159adu je mo\u017en\u00e9 zazvonit.<br \/><br \/>V\u00e1clav Da\u0148helka, osobn\u00ed asistent Pra\u017esk\u00e9 organizace\u00a0<strong>voz\u00ed\u010dk\u00e1\u0159\u016f<\/strong><br \/>&#8212;&#8212;&#8212;&#8212;&#8212;&#8212;&#8211;<br \/>Na zvonek dos\u00e1hne\u0161. My si zvl\u00e1dneme otev\u0159\u00edt teda sami.Ale jak uvid\u00edte, tak to je p\u0159ece jenom fyzicky n\u00e1ro\u010dn\u011bj\u0161\u00ed.<br \/><br \/>redaktorka \u010cT<br \/>&#8212;&#8212;&#8212;&#8212;&#8212;&#8212;&#8211;<br \/>Vr\u00e1tn\u00fd je p\u0159ipraven\u00fd otev\u0159\u00edt dve\u0159e na d\u00e1lku i p\u0159ij\u00edt na pomoc.<br \/><br \/>Tom\u00e1\u0161 Lanc, klient Pra\u017esk\u00e9 organizace\u00a0<strong>voz\u00ed\u010dk\u00e1\u0159\u016f<\/strong><br \/>&#8212;&#8212;&#8212;&#8212;&#8212;&#8212;&#8211;<br \/>Mysl\u00edm si, \u017ee zrovna tady v tom prostoru, kdy\u017e je nov\u011b zrekonstruovan\u00fd, tak \u017ee by to \u0161lo ud\u011blat ur\u010dit\u011b n\u011bjak jinak, aby t\u0159eba nebyl \u010dlov\u011bk na n\u011bkom z\u00e1visl\u00fd.<br \/><br \/>redaktorka \u010cT<br \/>&#8212;&#8212;&#8212;&#8212;&#8212;&#8212;&#8211;<br \/>A dal\u0161\u00ed detail. Pult\u00edk podatelny je p\u0159\u00edli\u0161 vysok\u00fd. P\u0159ep\u00e1\u017eky u\u017e v souladu s p\u0159edpisy jsou v doprovodu zam\u011bstnanc\u016f \u00fa\u0159adu. Pokra\u010dujeme d\u00e1l ke schod\u016fm do s\u00e1lu zastupitelstva. Plo\u0161ina ale kon\u010d\u00ed p\u0159\u00edli\u0161 bl\u00edzkosti.<br \/><br \/>Tom\u00e1\u0161 Lanc, klient Pra\u017esk\u00e9 organizace\u00a0<strong>voz\u00ed\u010dk\u00e1\u0159\u016f<\/strong><br \/>&#8212;&#8212;&#8212;&#8212;&#8212;&#8212;&#8211;<br \/>No, a tady to vyt\u00e1\u010den\u00ed vlastn\u011b je problematick\u00fd.<br \/><br \/>redaktorka \u010cT<br \/>&#8212;&#8212;&#8212;&#8212;&#8212;&#8212;&#8211;<br \/>P\u0159ekvapuj\u00edc\u00ed pro lidi z \u00fa\u0159adu byly i v\u00fdtky k toalet\u00e1m.<br \/><br \/>V\u00e1clav Da\u0148helka, osobn\u00ed asistent Pra\u017esk\u00e9 organizace\u00a0<strong>voz\u00ed\u010dk\u00e1\u0159\u016f<\/strong><br \/>&#8212;&#8212;&#8212;&#8212;&#8212;&#8212;&#8211;<br \/>Tohle je v po\u0159\u00e1dku a tohle je kr\u00e1tk\u00fd.<br \/><br \/>pracovn\u00edk M\u00da, Praha 7<br \/>&#8212;&#8212;&#8212;&#8212;&#8212;&#8212;&#8211;<br \/>\u010clov\u011bk asi tu problematick\u00fd nezn\u00e1, mus\u00ed to konzultovat s v\u00e1ma, aby pochopil vlastn\u011b.<br \/>\u017de n\u011bkter\u00fd v\u011bci, kter\u00fd \u010dlov\u011bk norm\u00e1ln\u011b p\u0159ejde, jo.<br \/><br \/>redaktorka \u010cT<br \/>&#8212;&#8212;&#8212;&#8212;&#8212;&#8212;&#8211;<br \/>Pr\u00e1v\u011b spole\u010dn\u00e1 debata je podle odborn\u00edk\u016f na bezbari\u00e9rovost cestou. Ide\u00e1ln\u011b u\u017e ve chv\u00edli, kdy architekt vytv\u00e1\u0159\u00ed projekt.<br \/><br \/>Jan Tomandl, architekt specilista pro odsta\u0148ov\u00e1n\u00ed architektonick\u00fdch bari\u00e9r<br \/>&#8212;&#8212;&#8212;&#8212;&#8212;&#8212;&#8211;<br \/>Tak, aby se u\u017e na za\u010d\u00e1tku vychytaly n\u011bjak\u00e9 m\u00edsta, kter\u00e9 potom m\u016f\u017eou slou\u017eit jako n\u011bjak\u00e9 kritick\u00e9 body, kdy pr\u00e1v\u011b doch\u00e1z\u00ed k dodate\u010dn\u011b p\u0159id\u00e1van\u00fdm prvk\u016fm, kter\u00e9 znamenaj\u00ed, \u017ee s t\u00edm vlastn\u011b nakonec nikdo nen\u00ed spokojen.<br \/><br \/>Hana Jani\u0161ov\u00e1, mluv\u010d\u00ed, M\u00da Praha 7<br \/>&#8212;&#8212;&#8212;&#8212;&#8212;&#8212;&#8211;<br \/>Budeme se t\u00edm zab\u00fdvat a budeme se sna\u017eit je v co nejbli\u017e\u0161\u00edm \u010dase odstranit.<br \/><br \/> redaktorka \u010cT<br \/>&#8212;&#8212;&#8212;&#8212;&#8212;&#8212;&#8211;<br \/>Kl\u00ed\u010dov\u00e9 toti\u017e je, aby si lid\u00e9 na voz\u00edku anebo s ko\u010d\u00e1rkem museli \u0159\u00edkat o pomoc co nejm\u00e9n\u011b. <\/p>\n","protected":false},"excerpt":{"rendered":"<div class=\"mh-excerpt\"><p>\u010cT 1\u00a0&#8211; Ud\u00e1losti Ve\u0159ejn\u00fd prostor vst\u0159\u00edcn\u00fd k rodi\u010d\u016fm s ko\u010d\u00e1rky a star\u0161\u00edm i handicapovan\u00fdm lidem. Podle vl\u00e1dn\u00ed zmocn\u011bnkyn\u011b pro lidsk\u00e1 pr\u00e1va Kl\u00e1ry \u0160im\u00e1\u010dkov\u00e9 Lauren\u010d\u00edkov\u00e9 je <a class=\"mh-excerpt-more\" href=\"https:\/\/www.invarena.cz\/?p=54956\" title=\"Bari\u00e9ry ve ve\u0159ejn\u00e9m prostoru\u00a0\u00a0\">[&#8230;]<\/a><\/p>\n<\/div>","protected":false},"author":1,"featured_media":4719,"comment_status":"open","ping_status":"closed","sticky":false,"template":"","format":"standard","meta":{"footnotes":""},"categories":[7],"tags":[],"class_list":["post-54956","post","type-post","status-publish","format-standard","has-post-thumbnail","hentry","category-spolecnost"],"_links":{"self":[{"href":"https:\/\/www.invarena.cz\/index.php?rest_route=\/wp\/v2\/posts\/54956","targetHints":{"allow":["GET"]}}],"collection":[{"href":"https:\/\/www.invarena.cz\/index.php?rest_route=\/wp\/v2\/posts"}],"about":[{"href":"https:\/\/www.invarena.cz\/index.php?rest_route=\/wp\/v2\/types\/post"}],"author":[{"embeddable":true,"href":"https:\/\/www.invarena.cz\/index.php?rest_route=\/wp\/v2\/users\/1"}],"replies":[{"embeddable":true,"href":"https:\/\/www.invarena.cz\/index.php?rest_route=%2Fwp%2Fv2%2Fcomments&post=54956"}],"version-history":[{"count":0,"href":"https:\/\/www.invarena.cz\/index.php?rest_route=\/wp\/v2\/posts\/54956\/revisions"}],"wp:featuredmedia":[{"embeddable":true,"href":"https:\/\/www.invarena.cz\/index.php?rest_route=\/wp\/v2\/media\/4719"}],"wp:attachment":[{"href":"https:\/\/www.invarena.cz\/index.php?rest_route=%2Fwp%2Fv2%2Fmedia&parent=54956"}],"wp:term":[{"taxonomy":"category","embeddable":true,"href":"https:\/\/www.invarena.cz\/index.php?rest_route=%2Fwp%2Fv2%2Fcategories&post=54956"},{"taxonomy":"post_tag","embeddable":true,"href":"https:\/\/www.invarena.cz\/index.php?rest_route=%2Fwp%2Fv2%2Ftags&post=54956"}],"curies":[{"name":"wp","href":"https:\/\/api.w.org\/{rel}","templated":true}]}}