{"id":54958,"date":"2025-02-18T07:39:30","date_gmt":"2025-02-18T06:39:30","guid":{"rendered":"https:\/\/www.invarena.cz\/?p=54958"},"modified":"2025-02-18T07:39:31","modified_gmt":"2025-02-18T06:39:31","slug":"deti-ktere-odebraly-urady-neni-kam-dat","status":"publish","type":"post","link":"https:\/\/www.invarena.cz\/?p=54958","title":{"rendered":"D\u011bti, kter\u00e9 odebraly \u00fa\u0159ady, nen\u00ed kam d\u00e1t\u00a0"},"content":{"rendered":"\n<p>Prima\u00a0&#8211; Hlavn\u00ed zpr\u00e1vy<br \/><br \/>M\u00e1lo n\u00e1hradn\u00edch rodin a des\u00edtky d\u011bt\u00ed, kter\u00e9 nen\u00ed kde um\u00edstit. To m\u00e1 b\u00fdt realita po uzav\u0159en\u00ed kojeneck\u00fdch \u00fastav\u016f. Ministerstvo pr\u00e1ce a soci\u00e1ln\u00edch v\u011bc\u00ed to ale vid\u00ed jinak. V\u0161e se da\u0159\u00ed. Jsou pr\u00fd i voln\u00e9 rodiny p\u0159ipraven\u00e9 d\u011bti okam\u017eit\u011b p\u0159ijmout. Podle opozice zru\u0161en\u00ed kojeneck\u00fdch \u00fastav\u016f nebylo spr\u00e1vn\u00e9.<br \/><br \/>127 d\u011bt\u00ed do \u010dty\u0159 let odebraly \u00fa\u0159ady rodin\u00e1m b\u011bhem ledna. V\u011bt\u0161ina pr\u00fd skon\u010dila u sv\u00fdch p\u0159\u00edbuzn\u00fdch nebo u p\u011bstoun\u016f na p\u0159echodnou dobu. T\u011bch m\u00e1 pr\u00fd ministerstvo dost. Nehroz\u00ed tedy, \u017ee by d\u00edt\u011b nem\u011blo kam j\u00edt.<br \/><br \/>Hanka Kupkov\u00e1, p\u0159edsedkyn\u011b Fondu ohro\u017een\u00fdch d\u011bt\u00ed a \u0159editelka Klok\u00e1nku Hostivice<br \/>&#8212;&#8212;&#8212;&#8212;&#8212;&#8212;&#8211;<br \/>To nen\u00ed pravda. Hledali jsme n\u011bjak\u00e9 mo\u017en\u00e9 v\u00fdchodisko, nakonec n\u011bkter\u00e9 jsme p\u0159evalili do jin\u00e9ho kraje a t\u011bch 75 d\u011bt\u00ed jsme nedok\u00e1zali uspokojit.<br \/><br \/>Leopold Vahala, p\u0159edseda Aliance n\u00e1hradn\u00edch rodin<br \/>&#8212;&#8212;&#8212;&#8212;&#8212;&#8212;&#8211;<br \/>T\u011bch d\u011bt\u00ed, kter\u00e9 by se do t\u011bch rodin, m\u011bly nebo mohly umis\u0165ovat, je minim\u00e1ln\u011b t\u0159ikr\u00e1t a\u017e \u010dty\u0159ikr\u00e1t v\u00edce a bude to hor\u0161\u00ed.<br \/><br \/>redaktorka<br \/>&#8212;&#8212;&#8212;&#8212;&#8212;&#8212;&#8211;<br \/>Aktu\u00e1ln\u011b voln\u00fdch n\u00e1hradn\u00edch p\u011bstoun\u016f jsou podle rezortu des\u00edtky a da\u0159\u00ed se umis\u0165ovat d\u011bti bez v\u011bt\u0161\u00edch probl\u00e9m\u016f.<br \/><br \/>Marian Jure\u010dka,\u00a0<strong>ministr<\/strong>\u00a0<strong>pr\u00e1ce<\/strong>\u00a0a soci\u00e1ln\u00edch v\u011bc\u00ed, vicepremi\u00e9r \/KDU-\u010cSL\/<br \/>&#8212;&#8212;&#8212;&#8212;&#8212;&#8212;&#8211;<br \/>M\u00e1me dneska, te\u010f aktu\u00e1ln\u011b na konci ledna, kapacitu voln\u00fdch 63 rodin p\u011bstoun\u016f, kte\u0159\u00ed jsou p\u0159ipraveni p\u0159ijmout d\u00edt\u011b.<br \/><br \/> redaktorka<br \/>&#8212;&#8212;&#8212;&#8212;&#8212;&#8212;&#8211;<br \/>Podle Aliance n\u00e1hradn\u00edch rodin skute\u010dn\u00fd po\u010det p\u011bstoun\u016f nen\u00ed ofici\u00e1ln\u011b zn\u00e1m\u00fd a jde pouze o intern\u00ed data ministerstva.<br \/><br \/>Leopold Vahala, p\u0159edseda Aliance n\u00e1hradn\u00edch rodin<br \/>&#8212;&#8212;&#8212;&#8212;&#8212;&#8212;&#8211;<br \/>P\u0159\u00e1tel\u00e9, kte\u0159\u00ed d\u011blaj\u00ed p\u0159echodnou p\u011bstounskou p\u00e9\u010di, m\u011bli v p\u0159echodn\u00e9 p\u011bstounsk\u00e9 p\u00e9\u010di rok d\u00edt\u011b, kter\u00e9 prost\u011b se vracelo do rodiny a te\u010f jim nast\u00e1v\u00e1 dovolen\u00e1, kterou by m\u011bli jakoby m\u00edt. Ot\u00e1zka je, po\u010d\u00edtaj\u00ed se mezi voln\u00e9 p\u011bstouny nebo nepo\u010d\u00edtaj\u00ed mezi voln\u00e9 p\u011bstouny?<br \/><br \/>Hanka Kupkov\u00e1, p\u0159edsedkyn\u011b Fondu ohro\u017een\u00fdch d\u011bt\u00ed a \u0159editelka Klok\u00e1nku Hostivice<br \/>&#8212;&#8212;&#8212;&#8212;&#8212;&#8212;&#8211;<br \/>Dozv\u011bd\u011bla jsem se i takov\u00fd zp\u016fsob od HODSPODu, \u017ee pokud v noci nikoho nenaleznou, tak se prost\u011b domluv\u00ed s nemocnic\u00ed, \u017ee takhle mal\u00e9 d\u00edt\u011b p\u0159ijme nemocnice.<br \/><br \/>redaktorka<br \/>&#8212;&#8212;&#8212;&#8212;&#8212;&#8212;&#8211;<br \/>To podle ministra je mo\u017en\u00e9 v p\u0159\u00edpad\u011b, \u017ee to vy\u017eaduje zdravotn\u00ed stav d\u00edt\u011bte. Podle opozice zru\u0161en\u00ed kojeneck\u00fdch \u00fastav\u016f nebylo spr\u00e1vn\u00e9 hlavn\u011b proto, \u017ee nen\u00ed jasn\u00e9, kde v\u0161echny d\u011bti kon\u010d\u00ed.<br \/><br \/>Ale\u0161 Juchelka, m\u00edstop\u0159edseda Poslaneck\u00e9 sn\u011bmovny Parlamentu \u010cR \/ANO\/<br \/>&#8212;&#8212;&#8212;&#8212;&#8212;&#8212;&#8211;<br \/>Pokud skon\u010dily n\u011bkde t\u0159eba v nemocnic\u00edch nebo na l\u016f\u017ek\u00e1ch dlouhodob\u00e9 p\u00e9\u010de nebo t\u0159eba ve ZDEVOPECH, v za\u0159\u00edzen\u00ed pro d\u011bti vy\u017eaduj\u00edc\u00ed okam\u017eitou pomoc, tak je to fat\u00e1ln\u00ed pochyben\u00ed ministerstva.<br \/><br \/>Lucie \u0160afr\u00e1nkov\u00e1, m\u00edstop\u0159edsedkyn\u011b sn\u011bmovn\u00edho v\u00fdboru pro soci\u00e1ln\u00ed politiku \/SPD\/<br \/>&#8212;&#8212;&#8212;&#8212;&#8212;&#8212;&#8211;<br \/>Za\u0159\u00edzen\u00ed vy\u017eaduj\u00edc\u00ed okam\u017eitou pomoc pro d\u011bti, tak ty praskaj\u00ed ve \u0161vech. D\u011bti se p\u0159ehazuj\u00ed nap\u0159\u00edklad z Moravy do Prahy a podobn\u011b, nebo se umis\u0165uj\u00ed k n\u00e1hradn\u00edm p\u011bstoun\u016fm, t\u011bm do\u010dasn\u00fdm, kde ale budou z\u016fst\u00e1vat pouze jeden rok.<br \/><br \/> redaktorka<br \/>&#8212;&#8212;&#8212;&#8212;&#8212;&#8212;&#8211;<br \/>Ministerstvo pr\u00e1ce a soci\u00e1ln\u00edch v\u011bc\u00ed p\u0159izn\u00e1v\u00e1, \u017ee je m\u00e1lo n\u00e1hradn\u00edch rodin, kter\u00e9 by si vzaly v\u00edce sourozenc\u016f nebo d\u00edt\u011b se zdravotn\u00edm handicapem. Na ty se chce zam\u011b\u0159it. Tak\u00e9 se chce zam\u011b\u0159it na prevenci v rodin\u00e1ch, aby k odeb\u00edr\u00e1n\u00ed d\u011bt\u00ed v\u016fbec nedoch\u00e1zelo. Monika Ber\u00e1nkov\u00e1, CNN, Prima News.<br \/><\/p>\n","protected":false},"excerpt":{"rendered":"<div class=\"mh-excerpt\"><p>Prima\u00a0&#8211; Hlavn\u00ed zpr\u00e1vy M\u00e1lo n\u00e1hradn\u00edch rodin a des\u00edtky d\u011bt\u00ed, kter\u00e9 nen\u00ed kde um\u00edstit. To m\u00e1 b\u00fdt realita po uzav\u0159en\u00ed kojeneck\u00fdch \u00fastav\u016f. Ministerstvo pr\u00e1ce a soci\u00e1ln\u00edch <a class=\"mh-excerpt-more\" href=\"https:\/\/www.invarena.cz\/?p=54958\" title=\"D\u011bti, kter\u00e9 odebraly \u00fa\u0159ady, nen\u00ed kam d\u00e1t\u00a0\">[&#8230;]<\/a><\/p>\n<\/div>","protected":false},"author":1,"featured_media":50534,"comment_status":"open","ping_status":"closed","sticky":false,"template":"","format":"standard","meta":{"footnotes":""},"categories":[9],"tags":[],"class_list":["post-54958","post","type-post","status-publish","format-standard","has-post-thumbnail","hentry","category-zpravy"],"_links":{"self":[{"href":"https:\/\/www.invarena.cz\/index.php?rest_route=\/wp\/v2\/posts\/54958","targetHints":{"allow":["GET"]}}],"collection":[{"href":"https:\/\/www.invarena.cz\/index.php?rest_route=\/wp\/v2\/posts"}],"about":[{"href":"https:\/\/www.invarena.cz\/index.php?rest_route=\/wp\/v2\/types\/post"}],"author":[{"embeddable":true,"href":"https:\/\/www.invarena.cz\/index.php?rest_route=\/wp\/v2\/users\/1"}],"replies":[{"embeddable":true,"href":"https:\/\/www.invarena.cz\/index.php?rest_route=%2Fwp%2Fv2%2Fcomments&post=54958"}],"version-history":[{"count":0,"href":"https:\/\/www.invarena.cz\/index.php?rest_route=\/wp\/v2\/posts\/54958\/revisions"}],"wp:featuredmedia":[{"embeddable":true,"href":"https:\/\/www.invarena.cz\/index.php?rest_route=\/wp\/v2\/media\/50534"}],"wp:attachment":[{"href":"https:\/\/www.invarena.cz\/index.php?rest_route=%2Fwp%2Fv2%2Fmedia&parent=54958"}],"wp:term":[{"taxonomy":"category","embeddable":true,"href":"https:\/\/www.invarena.cz\/index.php?rest_route=%2Fwp%2Fv2%2Fcategories&post=54958"},{"taxonomy":"post_tag","embeddable":true,"href":"https:\/\/www.invarena.cz\/index.php?rest_route=%2Fwp%2Fv2%2Ftags&post=54958"}],"curies":[{"name":"wp","href":"https:\/\/api.w.org\/{rel}","templated":true}]}}