{"id":54960,"date":"2025-02-17T03:43:57","date_gmt":"2025-02-17T02:43:57","guid":{"rendered":"https:\/\/www.invarena.cz\/?p=54960"},"modified":"2025-02-17T03:43:57","modified_gmt":"2025-02-17T02:43:57","slug":"detske-skupiny-v-ohrozeni-2","status":"publish","type":"post","link":"https:\/\/www.invarena.cz\/?p=54960","title":{"rendered":"D\u011btsk\u00e9 skupiny v ohro\u017een\u00ed?\u00a0\u00a0"},"content":{"rendered":"\n<p>NOVA\u00a0&#8211; Televizn\u00ed noviny<br \/><br \/>Starostov\u00e9 si st\u011b\u017euj\u00ed na Ministerstvo pr\u00e1ce a soci\u00e1ln\u00edch v\u011bc\u00ed kv\u016fli d\u011btsk\u00fdm skupin\u00e1m. To p\u0159ed \u010dasem navrhlo d\u011btsk\u00e9 skupiny jako \u0159e\u0161en\u00ed nedostatku m\u00edst ve \u0161kolk\u00e1ch a p\u0159isl\u00edbilo obc\u00edm dotace na jejich z\u0159\u00edzen\u00ed.<br \/><br \/>Jen\u017ee te\u010f si starostov\u00e9 st\u011b\u017euj\u00ed, \u017ee nedostali \u017e\u00e1dn\u00e9 vyrozum\u011bn\u00ed, zda a kdy dostanou dotaci. Zkolaudovan\u00e9 prostory pro d\u011btsk\u00e9 skupiny p\u0159itom maj\u00ed m\u00edt u\u017e p\u0159\u00ed\u0161t\u00ed rok.<br \/><br \/>M\u011b\u0161ovice na Strakonicku. Moment\u00e1ln\u011b tedy nen\u00ed \u017e\u00e1dn\u00e1 \u0161kolka a radnice by probl\u00e9m, kam s d\u011btmi, cht\u011bla \u0159e\u0161it d\u011btskou skupinou.<br \/><br \/>Hana V\u00e1\u0148ov\u00e1, starostka obce Ni\u0161ovice \/STAN\/<br \/>&#8212;&#8212;&#8212;&#8212;&#8212;&#8212;&#8211;<br \/>Tady n\u011bkde by m\u011bla st\u00e1t ta nov\u00e1 d\u011btsk\u00e1 skupina, proto\u017ee tenhle brownfield, ten by se m\u011bl zdemolovat.<br \/><br \/>redaktorka<br \/>&#8212;&#8212;&#8212;&#8212;&#8212;&#8212;&#8211;<br \/>V\u0161echno p\u0159ipravili, te\u010f \u010dekaj\u00ed, jestli dostanou dotaci.<br \/><br \/>Hana V\u00e1\u0148ov\u00e1, starostka obce Ni\u0161ovice \/STAN\/<br \/>&#8212;&#8212;&#8212;&#8212;&#8212;&#8212;&#8211;<br \/>Jsme koupili ve st\u0159edu obce pozemek, abysme teda m\u011bli kde stav\u011bt. M\u00e1me projekt, m\u00e1me stavebn\u00ed povolen\u00ed, m\u00e1me dokonce i provozovatele d\u011btsk\u00e9 skupiny, ale po\u0159\u00e1d nem\u00e1me zaji\u0161t\u011bn\u00e9 financov\u00e1n\u00ed.<br \/><br \/>redaktorka<br \/>&#8212;&#8212;&#8212;&#8212;&#8212;&#8212;&#8211;<br \/>Z t\u00e9to budovy by p\u0159\u00ed\u0161t\u00ed rok m\u011bla b\u00fdt d\u011btsk\u00e1 skupina. Podle starostky je ale term\u00edn \u0161ibeni\u010dn\u00ed.<br \/><br \/>Hana V\u00e1\u0148ov\u00e1, starostka obce Ni\u0161ovice \/STAN\/<br \/>&#8212;&#8212;&#8212;&#8212;&#8212;&#8212;&#8211;<br \/>Nev\u011b\u0159\u00edm tomu, \u017ee n\u011bjak\u00fd starosta p\u016fjde do toho rizika, \u017ee zad\u00e1 stavbu a nakonec nedostane dotaci.<br \/><br \/>Mat\u011bj Hlavat\u00fd, starosta, Tet\u00edn \/STAN\/<br \/>&#8212;&#8212;&#8212;&#8212;&#8212;&#8212;&#8211;<br \/>U\u017e se to t\u00fdk\u00e1 zhruba 200\u2013300 obc\u00ed. kter\u00e9 nedostaly \u017e\u00e1dn\u00e9 vyrozum\u011bn\u00ed. Chceme, aby maminky m\u011bly kam d\u00e1vat d\u011bti, aby mohly pracovat na zkr\u00e1cen\u00e9 \u00favazky. Vad\u00ed n\u00e1m hlavn\u011b to, \u017ee n\u00e1m chyb\u00ed komunikace.<br \/><br \/>redaktorka<br \/>&#8212;&#8212;&#8212;&#8212;&#8212;&#8212;&#8211;<br \/>D\u011btsk\u00e1 skupina je ur\u010dena pro d\u011bti od \u0161esti m\u011bs\u00edc\u016f a\u017e do \u0161esti let. Spad\u00e1 pod ministerstvo pr\u00e1ce a soci\u00e1ln\u00edch v\u011bc\u00ed a zalo\u017eit ji mohou jednotlivci, firmy i obce. Mate\u0159sk\u00e1 \u0161kola se \u0159\u00edd\u00ed R\u00e1mcov\u00fdm vzd\u011bl\u00e1vac\u00edm programem a spad\u00e1 pod ministerstvo \u0161kolstv\u00ed. D\u011btskou skupinu vyu\u017e\u00edvaj\u00ed mimo jin\u00e9 i maminky, kter\u00fdm zam\u011bstnavatel dr\u017e\u00ed m\u00edsta pouze dva roky a \u0161kolky takov\u00e9 d\u011bti br\u00e1t necht\u011bj\u00ed.<br \/><br \/>Barbara Caltov\u00e1, \u0159editelka d\u011btsk\u00e9 skupiny Cesti\u010dka<br \/>&#8212;&#8212;&#8212;&#8212;&#8212;&#8212;&#8211;<br \/>Minul\u00fd rok jsme takov\u00fd p\u0159\u00edpady m\u011bli. Zat\u00edm n\u00e1s nikdo nekontaktoval, ale situaci sledujeme a budeme se tomu ur\u010dit\u011b n\u011bjak pod\u0159izovat. My m\u00e1me voln\u00e9 kapacitn\u00ed m\u00edsta, od z\u00e1\u0159\u00ed m\u016f\u017eeme je nab\u00eddnout d\u011btem, kter\u00e9 nep\u0159ijmou do st\u00e1tn\u00edch \u0161kolek.<br \/><br \/>uk\u00e1zka, v\u00fduka<br \/>&#8212;&#8212;&#8212;&#8212;&#8212;&#8212;&#8211;<br \/>A v\u0161echny moje prsty schovaly se v hrsti.<br \/><br \/> redaktorka<br \/>&#8212;&#8212;&#8212;&#8212;&#8212;&#8212;&#8211;<br \/>Podle novely, kter\u00e1 by m\u011bla za\u010d\u00edt platit od za\u010d\u00e1tku p\u0159\u00ed\u0161t\u00edho roku, budou muset obce zajistit m\u00edsto v d\u011btsk\u00fdch skupin\u00e1ch d\u011btem, kter\u00e9 nep\u0159ijme po t\u0159et\u00edch narozenin\u00e1ch sp\u00e1dov\u00e1 mate\u0159sk\u00e1 \u0161kola. V t\u00e9to skupin\u011b je 12 d\u011bt\u00ed. Jak skupinu ovlivn\u00ed novela z\u00e1kona p\u0159\u00ed\u0161t\u00ed rok, zat\u00edm nen\u00ed jasn\u00e9.<br \/><br \/>Barbara Caltov\u00e1, \u0159editelka d\u011btsk\u00e9 skupiny Cesti\u010dka<br \/>&#8212;&#8212;&#8212;&#8212;&#8212;&#8212;&#8211;<br \/>My jako provozovatel\u00e9 m\u00e1me obavu z toho, \u017ee d\u011btsk\u00e9 skupiny nebudou u\u017e spadat pod ministerstvo pr\u00e1ce a soci\u00e1ln\u00edch v\u011bc\u00ed, ale pod \u00da\u0159ad pr\u00e1ce.<br \/><br \/>uk\u00e1zka, v\u00fduka<br \/>&#8212;&#8212;&#8212;&#8212;&#8212;&#8212;&#8211;<br \/>Velk\u00e1 novina, p\u0159ilet\u011bla bublina.<br \/><br \/>moder\u00e1torka<br \/>&#8212;&#8212;&#8212;&#8212;&#8212;&#8212;&#8211;<br \/>Jeden z na\u0161tvan\u00fdch starost\u016f z Tet\u00edna na Berounsku poslal\u00a0<strong>ministrovi<\/strong>\u00a0<strong>pr\u00e1ce<\/strong>\u00a0a soci\u00e1ln\u00edch v\u011bc\u00ed otev\u0159en\u00fd dopis. V\u0161echny p\u0159edchoz\u00ed pokusy pr\u00fd z\u016fstaly bez odpov\u011bdi. A\u017e na soci\u00e1ln\u00edch s\u00edt\u00edch se do\u010dkal. Ministr Jure\u010dka odpov\u011bd\u011bl, \u017ee celou dobu komunikoval a obc\u00edm vych\u00e1z\u00ed vst\u0159\u00edc. Podle politolog\u016f jde o dal\u0161\u00ed p\u0159\u00edpad \u0161patn\u00e9 komunikace mezi vl\u00e1dou a ve\u0159ejnost\u00ed.<br \/><br \/>redaktorka<br \/>&#8212;&#8212;&#8212;&#8212;&#8212;&#8212;&#8211;<br \/>Starostu z Tet\u00edna dop\u00e1lilo to, \u017ee se nedo\u010dkal odpov\u011bdi. Ministra Jure\u010dku se sna\u017eil kontaktovat esemeskami, mailem a i p\u0159es \u0161\u00e9fa strany Raku\u0161ana. Nakonec napsal otev\u0159en\u00fd dopis na soci\u00e1ln\u00ed s\u00edti.<br \/><br \/>Mat\u011bj Hlavat\u00fd, starosta, Tet\u00edn \/STAN\/<br \/>&#8212;&#8212;&#8212;&#8212;&#8212;&#8212;&#8211;<br \/>Ne\u00fanosn\u00e9 je sp\u00ed\u0161 pro m\u011b to, \u017ee se nechce jednat, \u017ee se nechce s n\u00e1ma \u0159e\u0161it a hledat mo\u017enosti.<br \/><br \/>Marian Jure\u010dka,\u00a0<strong>ministr<\/strong>\u00a0<strong>pr\u00e1ce<\/strong>\u00a0a soci\u00e1ln\u00edch v\u011bc\u00ed \/KDU-\u010cSL\/<br \/>&#8212;&#8212;&#8212;&#8212;&#8212;&#8212;&#8211;<br \/>S nimi d\u00e1l komunikujeme, m\u00e1me p\u0159\u00ed\u0161t\u00ed nenapl\u00e1novan\u00e9 online jedn\u00e1n\u00ed, to znamen\u00e1, my s nimi fakt celou dobu dva roky komunikujeme. Odm\u00edt\u00e1m to, co \u0159\u00edk\u00e1 pan starosta Hlavat\u00fd, kter\u00fd si z toho d\u011bl\u00e1 opravdu sv\u00e9 osobn\u00ed PR.<br \/><br \/>redaktorka<br \/>&#8212;&#8212;&#8212;&#8212;&#8212;&#8212;&#8211;<br \/>Starosta Tet\u00edna nap\u0159\u00edklad v dopise vyz\u00fdv\u00e1\u00a0<strong>ministra<\/strong>\u00a0<strong>pr\u00e1ce<\/strong>\u00a0a soci\u00e1ln\u00edch v\u011bc\u00ed Mariana Jure\u010dku k okam\u017eit\u00e9 sch\u016fzce se z\u00e1stupci obc\u00ed.<br \/><br \/>Marian Jure\u010dka,\u00a0<strong>ministr<\/strong>\u00a0<strong>pr\u00e1ce<\/strong>\u00a0a soci\u00e1ln\u00edch v\u011bc\u00ed \/KDU-\u010cSL\/<br \/>&#8212;&#8212;&#8212;&#8212;&#8212;&#8212;&#8211;<br \/>Starostov\u00e9 informace opravdu dost\u00e1vaj\u00ed a dostali. Nevid\u00edm d\u016fvod, pro\u010d bych se m\u011bl j\u00e1 poradn\u011b setk\u00e1vat pouze s n\u00edm, kdy\u017e nab\u00edz\u00edm a budeme m\u00edt jedn\u00e1n\u00ed se v\u0161emi t\u011bmi starosty.<br \/><br \/>osoba<br \/>&#8212;&#8212;&#8212;&#8212;&#8212;&#8212;&#8211;<br \/>To je vlastn\u011b posledn\u00ed zoufal\u00fd krok pana starosty, kter\u00fd je p\u0159itom velmi \u00fasp\u011b\u0161n\u00fdm starostou, jak donutit vlastn\u011b tu st\u00e1tn\u00ed spr\u00e1vu ke komunikaci. Bohu\u017eel st\u00e1tn\u00ed org\u00e1ny z zrovna ty centr\u00e1ln\u00ed si po\u0159\u00e1d je\u0161t\u011b nezvykly, \u017ee nemaj\u00ed \u017e\u00e1dnou moc nad org\u00e1ny samospr\u00e1vy a \u017ee komunikace je podm\u00ednkou funguj\u00edc\u00ed ve\u0159ejn\u00e9 spr\u00e1vy.<br \/><br \/>redaktorka<br \/>&#8212;&#8212;&#8212;&#8212;&#8212;&#8212;&#8211;<br \/>Na \u0161patnou komunikaci ministerstva s obcemi si st\u011b\u017euj\u00ed i kraje.<br \/><br \/>Petra Peckov\u00e1, hejtmanka St\u0159edo\u010desk\u00e9ho kraje \/STAN\/<br \/>&#8212;&#8212;&#8212;&#8212;&#8212;&#8212;&#8211;<br \/>J\u00e1 jsem b\u011bhem dne\u0161ka psala panu ministrovi Jure\u010dkovi dopis, kde ho \u017e\u00e1d\u00e1m za St\u0159edo\u010desk\u00fd kraj o to pr\u00e1v\u011b, aby rychle vyhodnotily ty poslan\u00e9 \u017e\u00e1dosti o dotace.<br \/><br \/>Jan Skope\u010dek, m\u00edstop\u0159edseda Poslaneck\u00e9 sn\u011bmovny \/ODS\/<br \/>&#8212;&#8212;&#8212;&#8212;&#8212;&#8212;&#8211;<br \/>Ministerstvo pr\u00e1ce a soci\u00e1ln\u00edch v\u011bc\u00ed by pravd\u011bpodobn\u011b m\u011blo co nejrychleji vypo\u0159\u00e1dat ty \u017e\u00e1dosti o dotace a i m\u011blo n\u011bjak\u00fdm zp\u016fsobem ty obce instruovat a pomoci jim.<br \/><br \/>Ale\u0161 Juchelka, m\u00edstop\u0159edseda sn\u011bmovny \/ANO\/<br \/>&#8212;&#8212;&#8212;&#8212;&#8212;&#8212;&#8211;<br \/><strong>MPSV<\/strong>\u00a0i na z\u00e1klad\u011b jejich v\u00fdzev a psan\u00ed otev\u0159en\u00fdch dopis\u016f s nimi nejedn\u00e1, a to ani se Svazem m\u011bst a obc\u00ed, ani se Sdru\u017een\u00ed m\u00edstn\u00edch samospr\u00e1v.<br \/><br \/>redaktorka<br \/>&#8212;&#8212;&#8212;&#8212;&#8212;&#8212;&#8211;<br \/>Podle politolog\u016f nejde o ojedin\u011bl\u00fd p\u0159\u00edpad. Podobn\u00e9 probl\u00e9my maj\u00ed obce s Ministerstvem \u0161kolstv\u00ed. Nedostate\u010dn\u00e1 komunikace mezi vl\u00e1dou a samospr\u00e1vami podle nich podkop\u00e1v\u00e1 d\u016fv\u011bru ve st\u00e1tn\u00ed spr\u00e1vu a m\u016f\u017ee ovlivnit podzimn\u00ed volby.<br \/><br \/>Jakub Hor\u00e1k, politick\u00fd market\u00e9r<br \/>&#8212;&#8212;&#8212;&#8212;&#8212;&#8212;&#8211;<br \/>Poka\u017ed\u00e9, kdy\u017e si n\u011bkdo st\u011b\u017euje, \u017ee politik \u0161patn\u011b komunikuje, tak m\u00e1 pravdu ten, kdo si st\u011b\u017euje, a nikoliv politik. Vl\u00e1da, pokud chce p\u0159ed p\u0159\u00ed\u0161t\u00edmi volbami usp\u011bt v nich, tak by m\u011bla komunikovat co nejv\u00edc.<br \/><br \/>osoba<br \/>&#8212;&#8212;&#8212;&#8212;&#8212;&#8212;&#8211;<br \/>Ta komunikace je jedn\u00edm z nejslab\u0161\u00edch \u010dl\u00e1nk\u016f t\u00e9to vl\u00e1dy a od sam\u00e9ho po\u010d\u00e1tku jej\u00edho vl\u00e1dnut\u00ed. Je to projev jednak t\u00e9 neschopnosti a mo\u017en\u00e1 neochoty komunikovat, ale jednak taky t\u00edm, \u017ee ta vl\u00e1dn\u00ed agenda je \u010dasto chaotick\u00e1 a t\u00edm pr\u00e1v\u011b, jak je chaotick\u00e1, tak samoz\u0159ejm\u011b nen\u00ed co komunikovat.<br \/><br \/>redaktorka<br \/>&#8212;&#8212;&#8212;&#8212;&#8212;&#8212;&#8211;<br \/>Sch\u016fzka starost\u016f s ministrem Jure\u010dkou se m\u00e1 uskute\u010dnit p\u0159\u00ed\u0161t\u00ed t\u00fdden. <\/p>\n","protected":false},"excerpt":{"rendered":"<div class=\"mh-excerpt\"><p>NOVA\u00a0&#8211; Televizn\u00ed noviny Starostov\u00e9 si st\u011b\u017euj\u00ed na Ministerstvo pr\u00e1ce a soci\u00e1ln\u00edch v\u011bc\u00ed kv\u016fli d\u011btsk\u00fdm skupin\u00e1m. To p\u0159ed \u010dasem navrhlo d\u011btsk\u00e9 skupiny jako \u0159e\u0161en\u00ed nedostatku m\u00edst <a class=\"mh-excerpt-more\" href=\"https:\/\/www.invarena.cz\/?p=54960\" title=\"D\u011btsk\u00e9 skupiny v ohro\u017een\u00ed?\u00a0\u00a0\">[&#8230;]<\/a><\/p>\n<\/div>","protected":false},"author":1,"featured_media":5878,"comment_status":"open","ping_status":"closed","sticky":false,"template":"","format":"standard","meta":{"footnotes":""},"categories":[6],"tags":[],"class_list":["post-54960","post","type-post","status-publish","format-standard","has-post-thumbnail","hentry","category-politika"],"_links":{"self":[{"href":"https:\/\/www.invarena.cz\/index.php?rest_route=\/wp\/v2\/posts\/54960","targetHints":{"allow":["GET"]}}],"collection":[{"href":"https:\/\/www.invarena.cz\/index.php?rest_route=\/wp\/v2\/posts"}],"about":[{"href":"https:\/\/www.invarena.cz\/index.php?rest_route=\/wp\/v2\/types\/post"}],"author":[{"embeddable":true,"href":"https:\/\/www.invarena.cz\/index.php?rest_route=\/wp\/v2\/users\/1"}],"replies":[{"embeddable":true,"href":"https:\/\/www.invarena.cz\/index.php?rest_route=%2Fwp%2Fv2%2Fcomments&post=54960"}],"version-history":[{"count":0,"href":"https:\/\/www.invarena.cz\/index.php?rest_route=\/wp\/v2\/posts\/54960\/revisions"}],"wp:featuredmedia":[{"embeddable":true,"href":"https:\/\/www.invarena.cz\/index.php?rest_route=\/wp\/v2\/media\/5878"}],"wp:attachment":[{"href":"https:\/\/www.invarena.cz\/index.php?rest_route=%2Fwp%2Fv2%2Fmedia&parent=54960"}],"wp:term":[{"taxonomy":"category","embeddable":true,"href":"https:\/\/www.invarena.cz\/index.php?rest_route=%2Fwp%2Fv2%2Fcategories&post=54960"},{"taxonomy":"post_tag","embeddable":true,"href":"https:\/\/www.invarena.cz\/index.php?rest_route=%2Fwp%2Fv2%2Ftags&post=54960"}],"curies":[{"name":"wp","href":"https:\/\/api.w.org\/{rel}","templated":true}]}}