{"id":55005,"date":"2025-02-21T06:45:10","date_gmt":"2025-02-21T05:45:10","guid":{"rendered":"https:\/\/www.invarena.cz\/?p=55005"},"modified":"2025-02-21T06:45:17","modified_gmt":"2025-02-21T05:45:17","slug":"lekar-na-druhe-strane-hranice","status":"publish","type":"post","link":"https:\/\/www.invarena.cz\/?p=55005","title":{"rendered":"L\u00e9ka\u0159 na druh\u00e9 stran\u011b hranice\u00a0\u00a0"},"content":{"rendered":"\n<p>Prima&nbsp;&#8211; Hlavn\u00ed zpr\u00e1vy<br \/><\/p>\n\n\n\n<p>Nedostatek l\u00e9ka\u0159\u016f cht\u011bj\u00ed v A\u0161i na z\u00e1pad\u011b \u010cech vy\u0159e\u0161it domluvou s\u00a0<strong>nemocnic\u00ed<\/strong>\u00a0v sousedn\u00edm N\u011bmecku. Pacienti by tam doj\u00ed\u017ed\u011bli jako do t\u011bch tuzemsk\u00fdch, n\u00e1klady na l\u00e9\u010dbu by pak pln\u011b hradily \u010desk\u00e9 zdravotn\u00ed poji\u0161\u0165ovny. N\u011bme\u010dt\u00ed pacienti o podobn\u00e9 slu\u017eby z\u00e1jem nemaj\u00ed. P\u0159esto jsme vyp\u00e1trali, za jakou l\u00e9ka\u0159skou p\u00e9\u010d\u00ed do \u010ceska r\u00e1di jezd\u00ed.<br \/><br \/>V A\u0161i na Chebsku se s nedostatkem l\u00e9ka\u0159\u016f pot\u00fdkaj\u00ed dlouho. Tamn\u00ed obyvatele p\u00e1l\u00ed i vzd\u00e1lenost do nejbli\u017e\u0161\u00ed\u00a0<strong>nemocnice<\/strong>. Ta je v Chebu, 25 km daleko. Pouh\u00fdch 10 km od A\u0161e ale stoj\u00ed dal\u0161\u00ed zdravotnick\u00e9 za\u0159\u00edzen\u00ed,\u00a0<strong>klinika<\/strong>\u00a0v bavorsk\u00e9m Selbu. Pr\u00e1v\u011b tam by mohli lid\u00e9 z okol\u00ed A\u0161e za l\u00e9ka\u0159i jezdit.<br \/><br \/>obyvatelka A\u0161e<br \/>&#8212;&#8212;&#8212;&#8212;&#8212;&#8212;&#8211;<br \/>L\u00e9ka\u0159i jsou u\u017e vysok\u00e9ho v\u011bku a mnoz\u00ed odch\u00e1z\u00ed do d\u016fchodu a nev\u00edm, kdo je tady nahrad\u00ed.<br \/><br \/>obyvatelka A\u0161e<br \/>&#8212;&#8212;&#8212;&#8212;&#8212;&#8212;&#8211;<br \/>Ur\u010dit\u011b, j\u00e1 si mysl\u00edm, \u017ee jo. \u017de by jim to ur\u010dit\u011b pomohlo.<br \/><br \/>V\u00edt\u011bzslav Koko\u0159, starosta A\u0161e \/ANO\/<br \/>&#8212;&#8212;&#8212;&#8212;&#8212;&#8212;&#8211;<br \/>My \u00fapln\u011b p\u0159esn\u011b nev\u00edme, co n\u00e1m m\u016f\u017eou nab\u00eddnout. Jestli n\u00e1m nab\u00eddnou praktick\u00e9 l\u00e9ka\u0159e, nebo n\u00e1m nab\u00eddnou odborn\u00e9 specialisty.<br \/><br \/>redaktor<br \/>&#8212;&#8212;&#8212;&#8212;&#8212;&#8212;&#8211;<br \/>Dozv\u011bd\u011bt se to maj\u00ed u\u017e 20. b\u0159ezna. S jazykovou bari\u00e9rou by pr\u00fd probl\u00e9m b\u00fdt nem\u011bl. V\u00a0<strong>nemocnici<\/strong>\u00a0toti\u017e pracuji \u010desk\u00fd person\u00e1l. P\u00e9\u010di by pak podle pl\u00e1nu hradily v pln\u00e9 v\u00fd\u0161i \u010desk\u00e9 zdravotn\u00ed poji\u0161\u0165ovny. Doj\u00ed\u017ed\u011bn\u00ed k l\u00e9ka\u0159i za hranice zat\u00edm br\u00e1n\u00ed z\u00e1kony.<br \/><br \/>Ladislav Friedrich, konzultant Svazu zdravotn\u00edch poji\u0161\u0165oven<br \/>&#8212;&#8212;&#8212;&#8212;&#8212;&#8212;&#8211;<br \/>Pro b\u011b\u017en\u00e9ho ob\u010dana, pro kter\u00e9ho by bylo mo\u017en\u00e1 v\u00fdhodn\u011bj\u0161\u00ed p\u0159ejet 20 km hranice a tam se nechat o\u0161et\u0159it, tak takhle to prozat\u00edm ta sou\u010dasn\u00e1 legislativn\u00ed \u00faprava neumo\u017e\u0148uje.<br \/><br \/>redaktor<br \/>&#8212;&#8212;&#8212;&#8212;&#8212;&#8212;&#8211;<br \/>M\u00ed\u010d je te\u010f na stran\u011b z\u00e1konod\u00e1rc\u016f.<br \/><br \/>V\u00edt\u011bzslav Koko\u0159, starosta A\u0161e \/ANO\/<br \/>&#8212;&#8212;&#8212;&#8212;&#8212;&#8212;&#8211;<br \/>Pokud v\u00edm, tak je to schv\u00e1leno v prvn\u00edm \u010dten\u00ed v Poslaneck\u00e9 sn\u011bmovn\u011b.<br \/><br \/>redaktor<br \/>&#8212;&#8212;&#8212;&#8212;&#8212;&#8212;&#8211;<br \/>Co se n\u011bmeck\u00fdch pacient\u016f t\u00fdk\u00e1, tak\u00a0<strong>nemocnice<\/strong>\u00a0v Karlovarsk\u00e9m kraji \u0159e\u0161\u00ed t\u00e9m\u011b\u0159 v\u00fdhradn\u011b akutn\u00ed z\u00e1kroky. O ty pl\u00e1novan\u00e9 z\u00e1jem ze strany N\u011bmc\u016f nen\u00ed. Za ur\u010ditou l\u00e9ka\u0159skou p\u00e9\u010d\u00ed ale do \u010ceska r\u00e1di doj\u00ed\u017ed\u011bj\u00ed. Na \u0161pici je aktu\u00e1ln\u011b reproduk\u010dn\u00ed medic\u00edna.<br \/><br \/>Libot Uttl, embryolog Centra asistovan\u00e9 reprodukce Karlovy Vary<br \/>&#8212;&#8212;&#8212;&#8212;&#8212;&#8212;&#8211;<br \/>V r\u00e1mci na\u0161eho centra m\u00e1me p\u0159ibli\u017en\u011b 500 transfer\u016f embry\u00ed ro\u010dn\u011b, dejme tomu, \u017ee kolem 30 % je n\u011bmeck\u00e1 klientela.<br \/><br \/>redaktor<br \/>&#8212;&#8212;&#8212;&#8212;&#8212;&#8212;&#8211;<br \/>P\u00e1ry tou\u017e\u00edc\u00ed po d\u00edt\u011bti sem z N\u011bmecka \u010dasto m\u00ed\u0159\u00ed kv\u016fli p\u0159\u00edv\u011btiv\u011bj\u0161\u00ed legislativ\u011b.<br \/><br \/>Libot Uttl, embryolog Centra asistovan\u00e9 reprodukce Karlovy Vary<br \/>&#8212;&#8212;&#8212;&#8212;&#8212;&#8212;&#8211;<br \/>Taky to m\u016f\u017eou b\u00fdt dal\u0161\u00ed p\u0159idan\u00e9 metody, kter\u00e9 jsme schopni u n\u00e1s prov\u00e1d\u011bt, jako nap\u0159\u00edklad genetick\u00e1 vy\u0161et\u0159en\u00ed embry\u00ed.<br \/><br \/> redaktor<br \/>&#8212;&#8212;&#8212;&#8212;&#8212;&#8212;&#8211;<br \/>Ani ty toti\u017e n\u011bmeck\u00e9 z\u00e1kony neumo\u017e\u0148uj\u00ed v takov\u00e9 m\u00ed\u0159e jako ty \u010desk\u00e9. <\/p>\n","protected":false},"excerpt":{"rendered":"<div class=\"mh-excerpt\"><p>Prima&nbsp;&#8211; Hlavn\u00ed zpr\u00e1vy Nedostatek l\u00e9ka\u0159\u016f cht\u011bj\u00ed v A\u0161i na z\u00e1pad\u011b \u010cech vy\u0159e\u0161it domluvou s\u00a0nemocnic\u00ed\u00a0v sousedn\u00edm N\u011bmecku. Pacienti by tam doj\u00ed\u017ed\u011bli jako do t\u011bch tuzemsk\u00fdch, n\u00e1klady <a class=\"mh-excerpt-more\" href=\"https:\/\/www.invarena.cz\/?p=55005\" title=\"L\u00e9ka\u0159 na druh\u00e9 stran\u011b hranice\u00a0\u00a0\">[&#8230;]<\/a><\/p>\n<\/div>","protected":false},"author":1,"featured_media":14888,"comment_status":"open","ping_status":"closed","sticky":false,"template":"","format":"standard","meta":{"footnotes":""},"categories":[9],"tags":[],"class_list":["post-55005","post","type-post","status-publish","format-standard","has-post-thumbnail","hentry","category-zpravy"],"_links":{"self":[{"href":"https:\/\/www.invarena.cz\/index.php?rest_route=\/wp\/v2\/posts\/55005","targetHints":{"allow":["GET"]}}],"collection":[{"href":"https:\/\/www.invarena.cz\/index.php?rest_route=\/wp\/v2\/posts"}],"about":[{"href":"https:\/\/www.invarena.cz\/index.php?rest_route=\/wp\/v2\/types\/post"}],"author":[{"embeddable":true,"href":"https:\/\/www.invarena.cz\/index.php?rest_route=\/wp\/v2\/users\/1"}],"replies":[{"embeddable":true,"href":"https:\/\/www.invarena.cz\/index.php?rest_route=%2Fwp%2Fv2%2Fcomments&post=55005"}],"version-history":[{"count":0,"href":"https:\/\/www.invarena.cz\/index.php?rest_route=\/wp\/v2\/posts\/55005\/revisions"}],"wp:featuredmedia":[{"embeddable":true,"href":"https:\/\/www.invarena.cz\/index.php?rest_route=\/wp\/v2\/media\/14888"}],"wp:attachment":[{"href":"https:\/\/www.invarena.cz\/index.php?rest_route=%2Fwp%2Fv2%2Fmedia&parent=55005"}],"wp:term":[{"taxonomy":"category","embeddable":true,"href":"https:\/\/www.invarena.cz\/index.php?rest_route=%2Fwp%2Fv2%2Fcategories&post=55005"},{"taxonomy":"post_tag","embeddable":true,"href":"https:\/\/www.invarena.cz\/index.php?rest_route=%2Fwp%2Fv2%2Ftags&post=55005"}],"curies":[{"name":"wp","href":"https:\/\/api.w.org\/{rel}","templated":true}]}}