{"id":55109,"date":"2025-02-21T06:21:30","date_gmt":"2025-02-21T05:21:30","guid":{"rendered":"https:\/\/www.invarena.cz\/?p=55109"},"modified":"2025-02-21T06:21:30","modified_gmt":"2025-02-21T05:21:30","slug":"chybi-mladi-interniste","status":"publish","type":"post","link":"https:\/\/www.invarena.cz\/?p=55109","title":{"rendered":"Chyb\u00ed mlad\u00ed internist\u00e9\u00a0\u00a0"},"content":{"rendered":"\n<p>\u010cT 1\u00a0&#8211; Ud\u00e1losti<br \/><br \/>O\u0161et\u0159\u00ed p\u0159es milion lid\u00ed ro\u010dn\u011b a na odd\u011blen\u00edch se ze v\u0161ech obor\u016f staraj\u00ed o nejv\u00edc pacient\u016f. I po\u010det internist\u016f ale postupn\u011b kles\u00e1. D\u016fvodem je podle l\u00e9ka\u0159\u016f n\u00e1ro\u010dnost oboru, n\u00edzk\u00e9 \u00fahrady od poji\u0161\u0165oven, administrativa a celkov\u011b velk\u00e1 z\u00e1t\u011b\u017e doktor\u016f s touto specializac\u00ed. Ti \u010dasto pracuj\u00ed taky na urgentn\u00edch p\u0159\u00edjmech, kde akutn\u00ed p\u00e9\u010di mnohdy vyhled\u00e1vaj\u00ed lid\u00e9, kte\u0159\u00ed ji nepot\u0159ebuj\u00ed.<br \/><br \/>z\u00e1chran\u00e1\u0159ka<br \/>&#8212;&#8212;&#8212;&#8212;&#8212;&#8212;&#8211;<br \/>Prost\u011b on na algick\u00fd (bolestiv\u00fd) podn\u011bt otev\u0159e o\u010di, jinak neud\u011bl\u00e1 v\u016fbec nic.<br \/><br \/>redaktorka \u010cT<br \/>&#8212;&#8212;&#8212;&#8212;&#8212;&#8212;&#8211;<br \/>Dv\u011b sanitky kr\u00e1tce po sob\u011b r\u00e1no na urgentn\u00edm p\u0159\u00edjmu v pra\u017esk\u00e9 V\u0161eobecn\u00e9 fakultn\u00ed\u00a0<strong>nemocnici<\/strong>.<br \/><br \/>zdravotnice<br \/>&#8212;&#8212;&#8212;&#8212;&#8212;&#8212;&#8211;<br \/>Dok\u00e1\u017ee sed\u011bt ta pan\u00ed?<br \/><br \/>z\u00e1chran\u00e1\u0159<br \/>&#8212;&#8212;&#8212;&#8212;&#8212;&#8212;&#8211;<br \/>Jo, ur\u010dit\u011b.<br \/><br \/>redaktorka \u010cT<br \/>&#8212;&#8212;&#8212;&#8212;&#8212;&#8212;&#8211;<br \/>Cel\u00fd t\u00fdm se okam\u017eit\u011b d\u00e1v\u00e1 do pr\u00e1ce. Oba pacienti jsou v t\u011b\u017e\u0161\u00edm stavu, jen\u017ee t\u0159etina lid\u00ed sem chod\u00ed s m\u00e9n\u011b z\u00e1va\u017en\u00fdmi probl\u00e9my.<br \/><br \/>Jan Krupi\u010dka, prim\u00e1\u0159 spole\u010dn\u00e9ho p\u0159\u00edjmu intern\u011b nemocn\u00fdch, VFN<br \/>&#8212;&#8212;&#8212;&#8212;&#8212;&#8212;&#8211;<br \/>Maj\u00ed strach o sv\u016fj zdravotn\u00ed stav a necht\u011bj\u00ed po\u010dkat na vy\u0161et\u0159en\u00ed praktick\u00fdm l\u00e9ka\u0159em nebo se jim to nehod\u00ed kv\u016fli pracovn\u00ed dob\u011b. Tady zrovna kouk\u00e1m na jednu pacientku, kter\u00e1 p\u0159ijela pozd\u011b ve\u010der kv\u016fli p\u011bt dn\u016f trvaj\u00edc\u00edmu ka\u0161li, a zavolala si dokonce z\u00e1chrannou slu\u017ebu, kter\u00e1 ji p\u0159ivezla k n\u00e1m.<br \/><br \/>redaktorka \u010cT<br \/>&#8212;&#8212;&#8212;&#8212;&#8212;&#8212;&#8211;<br \/>Takov\u00e9 p\u0159\u00edpady zat\u011b\u017euj\u00ed person\u00e1l a prodlu\u017euj\u00ed \u010dekac\u00ed doby. Pacienti, kter\u00e9 po vy\u0161et\u0159en\u00ed l\u00e9ka\u0159 po\u0161le dom\u016f, hrad\u00ed 90korunov\u00fd poplatek. Ministerstvo ho zvy\u0161ovat nechce. Podle l\u00e9ka\u0159\u016f by to ale situaci zlep\u0161ilo.<br \/><br \/>Zden\u011bk Monhart, prim\u00e1\u0159 urgentn\u00edho p\u0159\u00edjmu a intern\u00edho odd.\u00a0<strong>Nemocnice<\/strong>\u00a0Znojmo<br \/>&#8212;&#8212;&#8212;&#8212;&#8212;&#8212;&#8211;<br \/>M\u011bl by b\u00fdt nastaven tak, aby n\u011bkdo, kdo m\u00e1 prvn\u00ed p\u0159\u00edznaky z\u00e1n\u011btu mo\u010dov\u00fdch cest, aby tam nechodil ve dv\u011b r\u00e1no. Mysl\u00edm si, \u017ee 300 K\u010d je minimum.<br \/><br \/>redaktorka \u010cT<br \/>&#8212;&#8212;&#8212;&#8212;&#8212;&#8212;&#8211;<br \/>\u010cast\u00e9 \u0159e\u0161en\u00ed obt\u00ed\u017e\u00ed, kter\u00e9 pat\u0159\u00ed sp\u00ed\u0161 do ordinac\u00ed praktik\u016f, nav\u00edc odrazuje n\u011bkter\u00e9 absolventy od pr\u00e1ce na intern\u00edch odd\u011blen\u00edch, na t\u011bch se l\u00e9\u010d\u00ed nejv\u00edc pacient\u016f ze v\u0161ech obor\u016f, 340 000 ro\u010dn\u011b a kv\u016fli st\u00e1rnut\u00ed populace jich bude p\u0159ib\u00fdvat. Pr\u016fm\u011brn\u00fd v\u011bk \u010desk\u00e9ho internisty je 64 let. \u0158ada l\u00e9ka\u0159\u016f s touto specializac\u00ed tak v nejbli\u017e\u0161\u00edch letech odejde do d\u016fchodu a mlad\u00ed n\u00e1stupci chyb\u00ed. \u010cT oslovila 14\u00a0<strong>nemocnic<\/strong>\u00a0po cel\u00e9m \u010cesku. Internisty popt\u00e1vaj\u00ed v 11 z nich.<br \/><br \/>Richard \u010ce\u0161ka, p\u0159edseda \u010cesk\u00e9 internistick\u00e9 spole\u010dnosti, z\u00e1stupce p\u0159ednosty 3. intern\u00ed\u00a0<strong>kliniky<\/strong>\u00a0LF UK a VFN<br \/>&#8212;&#8212;&#8212;&#8212;&#8212;&#8212;&#8211;<br \/>Internista, to je takov\u00fd desetiboja\u0159 atletick\u00fd, on mus\u00ed zn\u00e1t prakticky v\u0161echno na velmi, velmi dobr\u00e9 \u00farovni. To si mysl\u00edm, \u017ee je hrozn\u011b d\u016fle\u017eit\u00e9, aby si i pacienti uv\u011bdomili, \u017ee ten internista jim m\u016f\u017ee nahradit n\u011bkolik specialist\u016f.<br \/><br \/> redaktorka \u010cT<br \/>&#8212;&#8212;&#8212;&#8212;&#8212;&#8212;&#8211;<br \/>Pr\u00e1v\u011b proto si obor vybral Jan \u0160krha. Dal\u0161\u00ed mlad\u00e9 kolegy by podle n\u011bj mohli p\u0159il\u00e1kat i \u010d\u00edm d\u00e1l modern\u011bj\u0161\u00ed metody.<br \/><br \/>Jan \u0160krha, l\u00e9ka\u0159, 3. intern\u00ed\u00a0<strong>klinika<\/strong>\u00a01. LF UK a VFN<br \/>&#8212;&#8212;&#8212;&#8212;&#8212;&#8212;&#8211;<br \/>Vyu\u017e\u00edv\u00e1n\u00ed chytr\u00fdch technologi\u00ed AI a tak. Druh\u00e1 v\u011bc je, abychom presti\u017e interny \u0161\u00ed\u0159ili u\u017e mezi mediky.<br \/><br \/> redaktorka \u010cT<br \/>&#8212;&#8212;&#8212;&#8212;&#8212;&#8212;&#8211;<br \/>To je podle Jana \u0160krhy \u00fakol pro samotn\u00e9 l\u00e9ka\u0159e. Na tomto odd\u011blen\u00ed u\u017e se ho sna\u017e\u00ed plnit. <\/p>\n","protected":false},"excerpt":{"rendered":"<div class=\"mh-excerpt\"><p>\u010cT 1\u00a0&#8211; Ud\u00e1losti O\u0161et\u0159\u00ed p\u0159es milion lid\u00ed ro\u010dn\u011b a na odd\u011blen\u00edch se ze v\u0161ech obor\u016f staraj\u00ed o nejv\u00edc pacient\u016f. I po\u010det internist\u016f ale postupn\u011b kles\u00e1. <a class=\"mh-excerpt-more\" href=\"https:\/\/www.invarena.cz\/?p=55109\" title=\"Chyb\u00ed mlad\u00ed internist\u00e9\u00a0\u00a0\">[&#8230;]<\/a><\/p>\n<\/div>","protected":false},"author":1,"featured_media":18804,"comment_status":"open","ping_status":"closed","sticky":false,"template":"","format":"standard","meta":{"footnotes":""},"categories":[11],"tags":[],"class_list":["post-55109","post","type-post","status-publish","format-standard","has-post-thumbnail","hentry","category-zdravi"],"_links":{"self":[{"href":"https:\/\/www.invarena.cz\/index.php?rest_route=\/wp\/v2\/posts\/55109","targetHints":{"allow":["GET"]}}],"collection":[{"href":"https:\/\/www.invarena.cz\/index.php?rest_route=\/wp\/v2\/posts"}],"about":[{"href":"https:\/\/www.invarena.cz\/index.php?rest_route=\/wp\/v2\/types\/post"}],"author":[{"embeddable":true,"href":"https:\/\/www.invarena.cz\/index.php?rest_route=\/wp\/v2\/users\/1"}],"replies":[{"embeddable":true,"href":"https:\/\/www.invarena.cz\/index.php?rest_route=%2Fwp%2Fv2%2Fcomments&post=55109"}],"version-history":[{"count":0,"href":"https:\/\/www.invarena.cz\/index.php?rest_route=\/wp\/v2\/posts\/55109\/revisions"}],"wp:featuredmedia":[{"embeddable":true,"href":"https:\/\/www.invarena.cz\/index.php?rest_route=\/wp\/v2\/media\/18804"}],"wp:attachment":[{"href":"https:\/\/www.invarena.cz\/index.php?rest_route=%2Fwp%2Fv2%2Fmedia&parent=55109"}],"wp:term":[{"taxonomy":"category","embeddable":true,"href":"https:\/\/www.invarena.cz\/index.php?rest_route=%2Fwp%2Fv2%2Fcategories&post=55109"},{"taxonomy":"post_tag","embeddable":true,"href":"https:\/\/www.invarena.cz\/index.php?rest_route=%2Fwp%2Fv2%2Ftags&post=55109"}],"curies":[{"name":"wp","href":"https:\/\/api.w.org\/{rel}","templated":true}]}}