{"id":55115,"date":"2025-02-23T04:47:59","date_gmt":"2025-02-23T03:47:59","guid":{"rendered":"https:\/\/www.invarena.cz\/?p=55115"},"modified":"2025-02-23T04:48:01","modified_gmt":"2025-02-23T03:48:01","slug":"zdravotnici-z-urgentnich-prijmu-a-pohotovosti-chteji-zvysit-poplatky-za-osetreni","status":"publish","type":"post","link":"https:\/\/www.invarena.cz\/?p=55115","title":{"rendered":"Zdravotn\u00edci z urgentn\u00edch p\u0159\u00edjm\u016f a pohotovost\u00ed cht\u011bj\u00ed zv\u00fd\u0161it poplatky za o\u0161et\u0159en\u00ed\u00a0\u00a0"},"content":{"rendered":"\n<p>NOVA\u00a0&#8211; Televizn\u00ed noviny<br \/><br \/>Zdravotn\u00edci z urgentn\u00edch p\u0159\u00edjm\u016f a pohotovost\u00ed cht\u011bj\u00ed zv\u00fd\u0161it poplatky za o\u0161et\u0159en\u00ed. Urgenty jsou v \u010cesku dlouhodob\u011b p\u0159et\u00ed\u017een\u00e9, a to zejm\u00e9na kv\u016fli nedostatku ambulantn\u00edch intern\u00edch l\u00e9ka\u0159\u016f. Star\u0161\u00ed l\u00e9ka\u0159i odch\u00e1zej\u00ed do penze a pro mlad\u00e9 je tento obor kv\u016fli slo\u017eitosti a demotivuj\u00edc\u00edmu ohodnocen\u00ed od zdravotn\u00edch poji\u0161\u0165oven neatraktivn\u00ed.<br \/><br \/>Na pohotovosti interny a urgentn\u00edm p\u0159\u00edjmu znojemsk\u00e9\u00a0<strong>nemocnice<\/strong>\u00a0za posledn\u00edch 20 let stoupl po\u010det o\u0161et\u0159en\u00fdch pacient\u016f \u010dty\u0159n\u00e1sobn\u011b. Lidi urgenty zahlcuj\u00ed dlouhodob\u00fdmi zdravotn\u00edmi probl\u00e9my nebo banalitami, zdravotn\u00edk\u016fm doch\u00e1z\u00ed trp\u011blivost a \u0159ada z nich kv\u016fli tomu d\u00e1v\u00e1 i v\u00fdpov\u011b\u010f.<br \/><br \/>Zden\u011bk Monhart, prim\u00e1\u0159 intern\u00edho odd\u011blen\u00ed\u00a0<strong>Nemocnice<\/strong>\u00a0Znojmo, \u010cesk\u00e1 internistick\u00e1 spole\u010dnost \u010cLS JEP<br \/>&#8212;&#8212;&#8212;&#8212;&#8212;&#8212;&#8211;<br \/>Na ty urgentn\u00ed p\u0159\u00edjmy chod\u00ed v\u00edce pacient\u016f, ne\u017e by muselo. Mezi l\u00e9ka\u0159i i sestrami pracuj\u00edc\u00ed na urgentn\u00edch p\u0159\u00edjmech je ur\u010dit\u011b shoda v tom, \u017ee zv\u00fd\u0161en\u00ed poplatk\u016f by pomohlo a nebude shoda s t\u00edm na t\u00e9 \u010d\u00e1stce.<br \/><br \/>redaktorka<br \/>&#8212;&#8212;&#8212;&#8212;&#8212;&#8212;&#8211;<br \/>Zdravotn\u00edk\u016fm d\u00e1vaj\u00ed zapravdu i lid\u00e9.<br \/><br \/>osoba<br \/>&#8212;&#8212;&#8212;&#8212;&#8212;&#8212;&#8211;<br \/>Je to nep\u0159\u00edjemn\u00e1 v\u011bc, ale mysl\u00edm si, \u017ee by to pomohlo.<br \/><br \/>osoba<br \/>&#8212;&#8212;&#8212;&#8212;&#8212;&#8212;&#8211;<br \/>Lidi tam chod\u00ed s ka\u017edou hovadinkou, kdy\u017e to tak \u0159eknu slu\u0161n\u011bji, tak\u017ee mysl\u00edm si, \u017ee by se tohle to tro\u0161ku zlep\u0161ilo.<br \/><br \/>osoba<br \/>&#8212;&#8212;&#8212;&#8212;&#8212;&#8212;&#8211;<br \/>300 si mysl\u00edm, \u017ee by to je\u0161t\u011b asi neubylo, 500 u\u017e asi jo. Kdy\u017e je d\u00edt\u011b nemocn\u00fd nebo m\u00e1 n\u011bkdo \u00faraz, tak u\u017e pak jako na pen\u00edze nehled\u00ed.<br \/><br \/>redaktorka<br \/>&#8212;&#8212;&#8212;&#8212;&#8212;&#8212;&#8211;<br \/>Podle Ministerstva\u00a0<strong>zdravotnictv\u00ed<\/strong>\u00a0ale zvy\u0161ov\u00e1n\u00ed poplatk\u016f za pohotovosti zat\u00edm ve h\u0159e nen\u00ed.<br \/><br \/>Ond\u0159ej Jakob, mluv\u010d\u00ed ministerstva\u00a0<strong>zdravotnictv\u00ed<\/strong><br \/>&#8212;&#8212;&#8212;&#8212;&#8212;&#8212;&#8211;<br \/>Se zab\u00fdv\u00e1me reformou urgentn\u00edch p\u0159\u00edjm\u016f, chceme zv\u00fd\u0161it jejich dostupnost, zv\u00fd\u0161en\u00ed poplatk\u016f ale nyn\u00ed nepl\u00e1nujeme.<br \/><br \/>redaktorka<br \/>&#8212;&#8212;&#8212;&#8212;&#8212;&#8212;&#8211;<br \/>Podle l\u00e9ka\u0159\u016f za pln\u00e9 urgenty m\u016f\u017ee tak\u00e9 nedostatek ambulantn\u00edch internist\u016f.<br \/><br \/>Tom\u00e1\u0161 Hauer, p\u0159edseda Sekce ambulantn\u00edch internist\u016f \u010cesk\u00e9 internistick\u00e9 spole\u010dnosti \u010cLS JEP<br \/>&#8212;&#8212;&#8212;&#8212;&#8212;&#8212;&#8211;<br \/>Ambulantn\u00ed internista, kdy\u017e o\u0161et\u0159\u00ed za rok jednoho pacienta, m\u00e1 ho cel\u00fd rok v p\u00e9\u010di, tak za n\u011bj dostane od zdravotn\u00ed poji\u0161\u0165ovny zaplaceno kolem 1 200 K\u010d, co\u017e je zlomek toho, co za n\u011bj nakonec dostanou jeho kolegov\u00e9 v prim\u00e1rn\u00ed p\u00e9\u010di.<br \/><br \/>redaktorka<br \/>&#8212;&#8212;&#8212;&#8212;&#8212;&#8212;&#8211;<br \/>Tedy prakti\u010dt\u00ed l\u00e9ka\u0159i.<br \/><br \/>Richard \u010ce\u0161ka, p\u0159ednosta \u010cesk\u00e9 internistick\u00e9 spole\u010dnosti \u010cLS JEP, III. intern\u00ed\u00a0<strong>klinika<\/strong>\u00a01. LF UK a VFN Praha<br \/>&#8212;&#8212;&#8212;&#8212;&#8212;&#8212;&#8211;<br \/>Ten internista se na tu relativn\u011b slu\u0161nou \u00fahradu toho praktick\u00e9ho l\u00e9ka\u0159e nedostane. V tom je probl\u00e9m. Probl\u00e9m je jist\u011b i ve vyjedn\u00e1v\u00e1n\u00ed, proto\u017ee zase nezakr\u00fdvejme si, \u017ee existuj\u00ed jist\u00e9 lobby, kter\u00e9 n\u011bjak\u00fdm zp\u016fsobem mohou ty \u00fahrady a \u00fahradovou vyhl\u00e1\u0161kou ovlivnit.<br \/><br \/>redaktorka<br \/>&#8212;&#8212;&#8212;&#8212;&#8212;&#8212;&#8211;<br \/>Ta je podle ambulantn\u00edch internist\u016f pr\u00fd katastrofou, kter\u00e1 nedok\u00e1\u017ee pokr\u00fdt z\u00e1kladn\u00ed p\u00e9\u010di. Ministerstvo\u00a0<strong>zdravotnictv\u00ed<\/strong>\u00a0pr\u00fd ale pen\u00edze na p\u0159ilit\u00ed do ambulantn\u00ed interny nem\u00e1. <\/p>\n\n\n\n<p>televize Nova.<\/p>\n\n\n\n<p><\/p>\n\n\n\n<p><\/p>\n","protected":false},"excerpt":{"rendered":"<div class=\"mh-excerpt\"><p>NOVA\u00a0&#8211; Televizn\u00ed noviny Zdravotn\u00edci z urgentn\u00edch p\u0159\u00edjm\u016f a pohotovost\u00ed cht\u011bj\u00ed zv\u00fd\u0161it poplatky za o\u0161et\u0159en\u00ed. Urgenty jsou v \u010cesku dlouhodob\u011b p\u0159et\u00ed\u017een\u00e9, a to zejm\u00e9na kv\u016fli nedostatku <a class=\"mh-excerpt-more\" href=\"https:\/\/www.invarena.cz\/?p=55115\" title=\"Zdravotn\u00edci z urgentn\u00edch p\u0159\u00edjm\u016f a pohotovost\u00ed cht\u011bj\u00ed zv\u00fd\u0161it poplatky za o\u0161et\u0159en\u00ed\u00a0\u00a0\">[&#8230;]<\/a><\/p>\n<\/div>","protected":false},"author":1,"featured_media":15420,"comment_status":"open","ping_status":"closed","sticky":false,"template":"","format":"standard","meta":{"footnotes":""},"categories":[9],"tags":[],"class_list":["post-55115","post","type-post","status-publish","format-standard","has-post-thumbnail","hentry","category-zpravy"],"_links":{"self":[{"href":"https:\/\/www.invarena.cz\/index.php?rest_route=\/wp\/v2\/posts\/55115","targetHints":{"allow":["GET"]}}],"collection":[{"href":"https:\/\/www.invarena.cz\/index.php?rest_route=\/wp\/v2\/posts"}],"about":[{"href":"https:\/\/www.invarena.cz\/index.php?rest_route=\/wp\/v2\/types\/post"}],"author":[{"embeddable":true,"href":"https:\/\/www.invarena.cz\/index.php?rest_route=\/wp\/v2\/users\/1"}],"replies":[{"embeddable":true,"href":"https:\/\/www.invarena.cz\/index.php?rest_route=%2Fwp%2Fv2%2Fcomments&post=55115"}],"version-history":[{"count":0,"href":"https:\/\/www.invarena.cz\/index.php?rest_route=\/wp\/v2\/posts\/55115\/revisions"}],"wp:featuredmedia":[{"embeddable":true,"href":"https:\/\/www.invarena.cz\/index.php?rest_route=\/wp\/v2\/media\/15420"}],"wp:attachment":[{"href":"https:\/\/www.invarena.cz\/index.php?rest_route=%2Fwp%2Fv2%2Fmedia&parent=55115"}],"wp:term":[{"taxonomy":"category","embeddable":true,"href":"https:\/\/www.invarena.cz\/index.php?rest_route=%2Fwp%2Fv2%2Fcategories&post=55115"},{"taxonomy":"post_tag","embeddable":true,"href":"https:\/\/www.invarena.cz\/index.php?rest_route=%2Fwp%2Fv2%2Ftags&post=55115"}],"curies":[{"name":"wp","href":"https:\/\/api.w.org\/{rel}","templated":true}]}}