{"id":55152,"date":"2025-02-22T02:13:51","date_gmt":"2025-02-22T01:13:51","guid":{"rendered":"https:\/\/www.invarena.cz\/?p=55152"},"modified":"2025-02-22T02:13:52","modified_gmt":"2025-02-22T01:13:52","slug":"podnikatelem-roku-ve-zlinskem-kraji-je-opet-antonin-machala-z-firmy-altech","status":"publish","type":"post","link":"https:\/\/www.invarena.cz\/?p=55152","title":{"rendered":"Podnikatelem roku ve Zl\u00ednsk\u00e9m kraji je op\u011bt Anton\u00edn Machala z firmy Altech"},"content":{"rendered":"\n<p>Anton\u00edn Machala, majitel firmy Altech, byl znovu ocen\u011bn jako Podnikatel roku ve Zl\u00ednsk\u00e9m kraji. Jeho spole\u010dnost, specializuj\u00edc\u00ed se na kompenza\u010dn\u00ed pom\u016fcky pro zdravotn\u011b posti\u017een\u00e9, se stala l\u00eddrem na evropsk\u00e9m trhu.<\/p>\n\n\n\n<p>Spole\u010dnost Altech navrhuje, vyr\u00e1b\u00ed a prod\u00e1v\u00e1 \u0161ikm\u00e9 a svisl\u00e9 schodi\u0161\u0165ov\u00e9 plo\u0161iny, schodi\u0161\u0165ov\u00e9 seda\u010dky, rampy nebo baz\u00e9nov\u00e9 zved\u00e1ky pro zdravotn\u011b posti\u017een\u00e9. V\u00fdsledky krajsk\u00e9ho kola sout\u011b\u017ee ve \u010dtvrtek 20. \u00fanora ve\u010der ve Zl\u00edn\u011b vyhl\u00e1sili z\u00e1stupci spole\u010dnosti EY, kter\u00e1 kl\u00e1n\u00ed organizuje. Jeho v\u00edt\u011bzem se Machala stal i v minulosti, a to za rok 2019.<\/p>\n\n\n\n<p>Zl\u00ednsk\u00fd kraj pova\u017euje Machala za d\u016fle\u017eit\u00e9 pr\u016fmyslov\u00e9 centrum, kde je \u00fasp\u011b\u0161n\u00fdch firem hodn\u011b. &#8222;To, \u017ee se mi poda\u0159ilo oslovit porotu sout\u011b\u017ee, m\u011b velmi t\u011b\u0161\u00ed. Je to velice pozitivn\u00ed zpr\u00e1va pro m\u011b, ale i celou firmu a na\u0161e zam\u011bstnance, kte\u0159\u00ed se na jej\u00edm budov\u00e1n\u00ed b\u011bhem let pod\u00edleli,&#8220; uvedl.<\/p>\n\n\n\n<p>Stejn\u011b jako v p\u0159edchoz\u00edch letech vyb\u00edrala laure\u00e1ta odborn\u00e1 porota slo\u017een\u00e1 i z n\u00e1rodn\u00edch v\u00edt\u011bz\u016f p\u0159edchoz\u00edch ro\u010dn\u00edk\u016f. &#8222;Anton\u00edn Machala p\u0159edstavuje sv\u00fdm p\u0159\u00edb\u011bhem dal\u0161\u00ed d\u00edl pestr\u00e9 mozaiky ocen\u011bn\u00fdch podnikatel\u016f. Uzn\u00e1n\u00ed zaslou\u017e\u00ed odvaha, se kterou se pustil do specifick\u00e9ho a z\u00e1rove\u0148 tak trochu podce\u0148ovan\u00e9ho oboru. I d\u00edky n\u011bmu je sou\u010dasn\u00fd sv\u011bt lid\u00ed s omezenou mobilitou daleko svobodn\u011bj\u0161\u00ed,&#8220; uvedla vedouc\u00ed partnerka EY \u010cesk\u00e1 republika Martina Kneiflov\u00e1.<\/p>\n\n\n\n<p>Svoboda pro lidi s omezenou mobilitou<\/p>\n\n\n\n<p>Spole\u010dnost Altech zalo\u017eil Machala se svoj\u00ed \u017eenou Mari\u00ed v roce 1992 s c\u00edlem zlep\u0161it \u017eivoty lid\u00ed se zdravotn\u00edm posti\u017een\u00edm a d\u00e1t jim svobodu pohybu. Od skromn\u00fdch za\u010d\u00e1tk\u016f v gar\u00e1\u017ei se rodinn\u00fd podnik vypracoval na p\u0159edn\u00edho evropsk\u00e9ho v\u00fdrobce kompenza\u010dn\u00edch pom\u016fcek pro zdravotn\u011b posti\u017een\u00e9. Dnes firma zam\u011bstn\u00e1v\u00e1 t\u00e9m\u011b\u0159 400 pracovn\u00edk\u016f. Jej\u00ed v\u00fdrobky ze z\u00e1vodu v Uhersk\u00e9m Hradi\u0161ti pom\u00e1haj\u00ed lidem po cel\u00e9m sv\u011bt\u011b. &#8222;P\u0159ibli\u017en\u011b 88 procent produkce je exportov\u00e1no, zejm\u00e9na do z\u00e1padn\u00ed Evropy a na Slovensko,&#8220; uvedli organiz\u00e1to\u0159i sout\u011b\u017ee.<\/p>\n\n\n\n<p>V p\u0159edchoz\u00edch letech ve Zl\u00ednsk\u00e9m kraji v sout\u011b\u017ei usp\u011bli majitel vizovick\u00e9 spole\u010dnosti Koma Modular Stanislav Martinec, spolumajitel spole\u010dnosti Tescoma Petr Chmela, kter\u00fd se stal tak\u00e9 celost\u00e1tn\u00edm v\u00edt\u011bzem sout\u011b\u017ee, gener\u00e1ln\u00ed \u0159editel zl\u00ednsk\u00e9 stroj\u00edrensk\u00e9 firmy TAJMAC-ZPS Michele Taiariol, majitel spole\u010dnosti Gemini o\u010dn\u00ed klinika Pavel Stod\u016flka nebo majitel\u00e9 Chropy\u0148sk\u00e9 stroj\u00edrny Franti\u0161ek a Robert Kudelovi. Prvenstv\u00ed si odnesli i design\u00e9r a majitel spole\u010dnosti mmcit\u00e9 David Kar\u00e1sek, majitel\u00e9 spole\u010dnosti HP Tronic Daniel Ve\u010de\u0159a a Petr Res a gener\u00e1ln\u00ed \u0159editel plastik\u00e1\u0159sk\u00e9 spole\u010dnosti Spur Tom\u00e1\u0161 Dud\u00e1k.<\/p>\n\n\n\n<p>Leto\u0161n\u00ed n\u00e1rodn\u00ed kolo se uskute\u010dn\u00ed 4. b\u0159ezna. Jeho v\u00edt\u011bz se z\u00fa\u010dastn\u00ed sv\u011btov\u00e9ho fin\u00e1le v Monaku, kde bude bojovat s ostatn\u00edmi n\u00e1rodn\u00edmi v\u00edt\u011bzi z dal\u0161\u00edch zem\u00ed sv\u011bta o titul EY Sv\u011btov\u00fd podnikatel roku. V sou\u010dasn\u00e9 dob\u011b se sout\u011b\u017e podle po\u0159adatel\u016f pravideln\u011b vyhla\u0161uje ji\u017e t\u00e9m\u011b\u0159 v 60 zem\u00edch na \u0161esti kontinentech.<\/p>\n\n\n\n<p>\u010cTK<\/p>\n\n\n\n<p>Zl\u00ednsk\u00fd den\u00edk<\/p>\n\n\n\n<p><a href=\"https:\/\/zlinsky.denik.cz\" target=\"_blank\" rel=\"noreferrer noopener\">https:\/\/zlinsky.denik.cz<\/a><\/p>\n","protected":false},"excerpt":{"rendered":"<div class=\"mh-excerpt\"><p>Anton\u00edn Machala, majitel firmy Altech, byl znovu ocen\u011bn jako Podnikatel roku ve Zl\u00ednsk\u00e9m kraji. Jeho spole\u010dnost, specializuj\u00edc\u00ed se na kompenza\u010dn\u00ed pom\u016fcky pro zdravotn\u011b posti\u017een\u00e9, se <a class=\"mh-excerpt-more\" href=\"https:\/\/www.invarena.cz\/?p=55152\" title=\"Podnikatelem roku ve Zl\u00ednsk\u00e9m kraji je op\u011bt Anton\u00edn Machala z firmy Altech\">[&#8230;]<\/a><\/p>\n<\/div>","protected":false},"author":1,"featured_media":10785,"comment_status":"open","ping_status":"closed","sticky":false,"template":"","format":"standard","meta":{"footnotes":""},"categories":[9],"tags":[],"class_list":["post-55152","post","type-post","status-publish","format-standard","has-post-thumbnail","hentry","category-zpravy"],"_links":{"self":[{"href":"https:\/\/www.invarena.cz\/index.php?rest_route=\/wp\/v2\/posts\/55152","targetHints":{"allow":["GET"]}}],"collection":[{"href":"https:\/\/www.invarena.cz\/index.php?rest_route=\/wp\/v2\/posts"}],"about":[{"href":"https:\/\/www.invarena.cz\/index.php?rest_route=\/wp\/v2\/types\/post"}],"author":[{"embeddable":true,"href":"https:\/\/www.invarena.cz\/index.php?rest_route=\/wp\/v2\/users\/1"}],"replies":[{"embeddable":true,"href":"https:\/\/www.invarena.cz\/index.php?rest_route=%2Fwp%2Fv2%2Fcomments&post=55152"}],"version-history":[{"count":0,"href":"https:\/\/www.invarena.cz\/index.php?rest_route=\/wp\/v2\/posts\/55152\/revisions"}],"wp:featuredmedia":[{"embeddable":true,"href":"https:\/\/www.invarena.cz\/index.php?rest_route=\/wp\/v2\/media\/10785"}],"wp:attachment":[{"href":"https:\/\/www.invarena.cz\/index.php?rest_route=%2Fwp%2Fv2%2Fmedia&parent=55152"}],"wp:term":[{"taxonomy":"category","embeddable":true,"href":"https:\/\/www.invarena.cz\/index.php?rest_route=%2Fwp%2Fv2%2Fcategories&post=55152"},{"taxonomy":"post_tag","embeddable":true,"href":"https:\/\/www.invarena.cz\/index.php?rest_route=%2Fwp%2Fv2%2Ftags&post=55152"}],"curies":[{"name":"wp","href":"https:\/\/api.w.org\/{rel}","templated":true}]}}