{"id":55158,"date":"2025-02-22T02:25:26","date_gmt":"2025-02-22T01:25:26","guid":{"rendered":"https:\/\/www.invarena.cz\/?p=55158"},"modified":"2025-02-22T02:25:27","modified_gmt":"2025-02-22T01:25:27","slug":"novinky-v-otnickem-domove-lila-otevre-i-denni-a-tydenni-rehabilitacni-stacionar","status":"publish","type":"post","link":"https:\/\/www.invarena.cz\/?p=55158","title":{"rendered":"Novinky v otnick\u00e9m Domov\u011b Lila: Otev\u0159e i denn\u00ed a t\u00fddenn\u00ed rehabilita\u010dn\u00ed stacion\u00e1\u0159"},"content":{"rendered":"\n<p>Dlouhodobou l\u016f\u017ekovou p\u00e9\u010di pro d\u011bti s v\u00e1\u017en\u00fdm zdravotn\u00edm handicapem poskytuje od leto\u0161n\u00edho roku Domov Lila v Otnic\u00edch na Vy\u0161kovsku. P\u00e9\u010di tam zaji\u0161tuje odborn\u00fd t\u00fdm, kter\u00fd tvo\u0159\u00ed d\u011btsk\u00fd l\u00e9ka\u0159, zdravotn\u00ed sestry, o\u0161et\u0159ovatelky, fyzioterapeuti, soci\u00e1ln\u00ed pracovnice, speci\u00e1ln\u00ed pedagogov\u00e9 a dal\u0161\u00ed. Ohl\u00e1sili pro tento rok i dal\u0161\u00ed novinky.<\/p>\n\n\n\n<p>\u201eK jednat\u0159ic\u00e1t\u00e9mu prosinci byly zru\u0161eny domovy do t\u0159\u00ed let v\u011bku, do kter\u00e9ho na\u0161e za\u0159\u00edzen\u00ed spadalo. Proto nyn\u00ed proch\u00e1z\u00ed transformac\u00ed a v sou\u010dasn\u00e9 dob\u011b ji\u017e nem\u016f\u017eeme p\u0159ij\u00edmat d\u011bti s na\u0159\u00edzenou \u00fastavn\u00ed v\u00fdchovou. I nad\u00e1le v\u0161ak z\u016fst\u00e1v\u00e1me za\u0159\u00edzen\u00ed v resortu zdravotnictv\u00ed, p\u0159\u00edsp\u011bvkov\u00e1 organizace Jihomoravsk\u00e9ho kraje, kdy poskytujeme slu\u017eby zdravotn\u011b znev\u00fdhodn\u011bn\u00edm d\u011btem,\u201c vysv\u011btlila zm\u011bny \u0159editelka domova Martina Filipov\u00e1.<\/p>\n\n\n\n<p>Jako c\u00edl za\u0159\u00edzen\u00ed vyty\u010dila podporu rodin, kter\u00e9 nemohou zaji\u0161\u0165ovat n\u00e1ro\u010dnou soustavnou zdravotn\u00ed p\u00e9\u010di o d\u00edt\u011b v dom\u00e1c\u00edm prost\u0159ed\u00ed a z\u00e1rove\u0148 s n\u00edm usiluj\u00ed o u\u017e\u0161\u00ed kontakt. \u201eSnahou je co nejv\u011bt\u0161\u00ed odleh\u010den\u00ed rodin\u00e1m s p\u00e9\u010di o takov\u00e9 d\u011bti,\u201c doplnila \u0159editelka.<\/p>\n\n\n\n<p>Domov otev\u0159e novou slu\u017ebu<\/p>\n\n\n\n<p>Od prvn\u00edho b\u0159ezna otnick\u00fd domov z\u00e1rove\u0148 otev\u00edr\u00e1 i novou slu\u017ebu a to denn\u00ed a t\u00fddenn\u00ed rehabilita\u010dn\u00ed stacion\u00e1\u0159 pro zdravotn\u011b znev\u00fdhodn\u011bn\u00e9 d\u011bti.<\/p>\n\n\n\n<p>\u201eZnovu je snahou zapojen\u00ed d\u011bt\u00ed do kolektivu a odleh\u010den\u00ed rodin\u00e1m. D\u00e1le zaji\u0161t\u011bn\u00ed zdravotnick\u00e9 p\u00e9\u010de a fyzioterapie v na\u0161em za\u0159\u00edzen\u00ed \u2013 individu\u00e1ln\u00ed fyzioterapie, cvi\u010den\u00ed v Therasiut Method, hydroterapie, canisterapie a podobn\u011b,\u201c shrnula Filipov\u00e1.<\/p>\n\n\n\n<p>V jej\u00edm za\u0159\u00edzen\u00ed se d\u011bti i vzd\u011bl\u00e1vaj\u00ed a to jak ve speci\u00e1ln\u00ed \u0161kolce, tak i ve speci\u00e1ln\u00ed z\u00e1kladn\u00ed \u0161kole a to ka\u017ed\u00fd den. \u201eTuto \u010dinnost zaji\u0161\u0165uj\u00ed speci\u00e1ln\u00ed pedagogov\u00e9 ze \u0161koly Ibsenka Brno,\u201c p\u0159ibl\u00ed\u017eila \u0159editelka.<\/p>\n\n\n\n<p>Zd\u016fraznila posl\u00e1n\u00ed v podob\u011b poskytov\u00e1n\u00ed zdravotn\u00edch, rehabilita\u010dn\u00edch a vzd\u011bl\u00e1vac\u00edch slu\u017eeb pro zdravotn\u011b znev\u00fdhodn\u011bn\u00e9 d\u011bti a to s lidskost\u00ed a laskavost\u00ed. LILA Domov se v Otnic\u00edch nach\u00e1z\u00ed na ulici Bo\u017eeny N\u011bmcov\u00e9.<\/p>\n\n\n\n<p>Jakub Dost\u00e1l<\/p>\n\n\n\n<p>Vy\u0161kovsk\u00fd den\u00edk<\/p>\n\n\n\n<p><a href=\"https:\/\/vyskovsky.denik.cz\" target=\"_blank\" rel=\"noreferrer noopener\">https:\/\/vyskovsky.denik.cz<\/a><\/p>\n","protected":false},"excerpt":{"rendered":"<div class=\"mh-excerpt\"><p>Dlouhodobou l\u016f\u017ekovou p\u00e9\u010di pro d\u011bti s v\u00e1\u017en\u00fdm zdravotn\u00edm handicapem poskytuje od leto\u0161n\u00edho roku Domov Lila v Otnic\u00edch na Vy\u0161kovsku. P\u00e9\u010di tam zaji\u0161tuje odborn\u00fd t\u00fdm, kter\u00fd <a class=\"mh-excerpt-more\" href=\"https:\/\/www.invarena.cz\/?p=55158\" title=\"Novinky v otnick\u00e9m Domov\u011b Lila: Otev\u0159e i denn\u00ed a t\u00fddenn\u00ed rehabilita\u010dn\u00ed stacion\u00e1\u0159\">[&#8230;]<\/a><\/p>\n<\/div>","protected":false},"author":1,"featured_media":23097,"comment_status":"open","ping_status":"closed","sticky":false,"template":"","format":"standard","meta":{"footnotes":""},"categories":[9],"tags":[],"class_list":["post-55158","post","type-post","status-publish","format-standard","has-post-thumbnail","hentry","category-zpravy"],"_links":{"self":[{"href":"https:\/\/www.invarena.cz\/index.php?rest_route=\/wp\/v2\/posts\/55158","targetHints":{"allow":["GET"]}}],"collection":[{"href":"https:\/\/www.invarena.cz\/index.php?rest_route=\/wp\/v2\/posts"}],"about":[{"href":"https:\/\/www.invarena.cz\/index.php?rest_route=\/wp\/v2\/types\/post"}],"author":[{"embeddable":true,"href":"https:\/\/www.invarena.cz\/index.php?rest_route=\/wp\/v2\/users\/1"}],"replies":[{"embeddable":true,"href":"https:\/\/www.invarena.cz\/index.php?rest_route=%2Fwp%2Fv2%2Fcomments&post=55158"}],"version-history":[{"count":0,"href":"https:\/\/www.invarena.cz\/index.php?rest_route=\/wp\/v2\/posts\/55158\/revisions"}],"wp:featuredmedia":[{"embeddable":true,"href":"https:\/\/www.invarena.cz\/index.php?rest_route=\/wp\/v2\/media\/23097"}],"wp:attachment":[{"href":"https:\/\/www.invarena.cz\/index.php?rest_route=%2Fwp%2Fv2%2Fmedia&parent=55158"}],"wp:term":[{"taxonomy":"category","embeddable":true,"href":"https:\/\/www.invarena.cz\/index.php?rest_route=%2Fwp%2Fv2%2Fcategories&post=55158"},{"taxonomy":"post_tag","embeddable":true,"href":"https:\/\/www.invarena.cz\/index.php?rest_route=%2Fwp%2Fv2%2Ftags&post=55158"}],"curies":[{"name":"wp","href":"https:\/\/api.w.org\/{rel}","templated":true}]}}