{"id":55176,"date":"2025-02-23T16:31:07","date_gmt":"2025-02-23T15:31:07","guid":{"rendered":"https:\/\/www.invarena.cz\/?p=55176"},"modified":"2025-02-23T16:32:22","modified_gmt":"2025-02-23T15:32:22","slug":"mestske-a-krajske-nadacni-fondy","status":"publish","type":"post","link":"https:\/\/www.invarena.cz\/?p=55176","title":{"rendered":"M\u011bstsk\u00e9 a krajsk\u00e9 nada\u010dn\u00ed fondy\u00a0poskytnou rychlou finan\u010dn\u00ed pomoc"},"content":{"rendered":"\n<p>\u010cT 1\u00a0&#8211; Ud\u00e1losti<br \/><\/p>\n\n\n\n<p>M\u011bsta i kraje za\u010d\u00ednaj\u00ed zakl\u00e1dat nada\u010dn\u00ed fondy, kter\u00e9 pom\u00e1haj\u00ed dom\u00e1cnostem p\u0159eklenout krizovou situaci, a\u0165 u\u017e jde o podporu bydlen\u00ed, nebo pe\u010duj\u00edc\u00edch.<br \/><br \/>Z\u00e1kladem je rychl\u00e1 finan\u010dn\u00ed podpora, vyu\u017e\u00edvaj\u00ed ji zejm\u00e9na lid\u00e9, kte\u0159\u00ed propad\u00e1vaj\u00ed st\u00e1tn\u00edm soci\u00e1ln\u00edm syst\u00e9mem, v n\u011bm\u017e n\u011bkdy pomoc nep\u0159ich\u00e1z\u00ed v\u010das.<br \/><br \/>P\u0159est\u011bhovat se a zaplatit v\u00fddaje v\u010detn\u011b kauce. Pro pan\u00ed Libu\u0161i stresuj\u00edc\u00ed obdob\u00ed. Star\u00e1 se o handicapovan\u00e9ho syna a pracovat m\u016f\u017ee jen dopoledne. Pen\u00edze j\u00ed nesta\u010dily. Pomohl a\u017e pra\u017esk\u00fd soci\u00e1ln\u00ed nada\u010dn\u00ed fond.<br \/><br \/>Libu\u0161e , samo\u017eivitelka a matka dvou d\u011bt\u00ed<br \/>&#8212;&#8212;&#8212;&#8212;&#8212;&#8212;&#8211;<br \/>Komunikace byla kl\u00ed\u010dov\u00e1, \u017ee se n\u011bkdo ozval, \u017ee n\u011bkdo se mnou komunikoval. P\u0159isp\u011bli \u010d\u00e1stku v r\u00e1mci 2\/3 prvn\u00edho n\u00e1jmu.<br \/><br \/>redaktorka \u010cT<br \/>&#8212;&#8212;&#8212;&#8212;&#8212;&#8212;&#8211;<br \/>V metropoli je v bytov\u00e9 nouzi zhruba 7000 dom\u00e1cnost\u00ed, dal\u0161\u00ed jsou v ohro\u017een\u00ed. Po\u010det \u017e\u00e1dost\u00ed ve fondu proto nar\u016fst\u00e1.<br \/><br \/>Barbora Komberec Novosadov\u00e1, \u0159editelka Nada\u010dn\u00edho fondu hl. m. Prahy<br \/>&#8212;&#8212;&#8212;&#8212;&#8212;&#8212;&#8211;<br \/>Dary, kter\u00e9 my d\u00e1v\u00e1me hlavn\u011b na to, aby se p\u0159edch\u00e1zelo ztr\u00e1t\u011b domova, tak ty m\u016f\u017eeme d\u00e1t a\u017e do v\u00fd\u0161e 40 000 K\u010d.<br \/><br \/> redaktorka \u010cT<br \/>&#8212;&#8212;&#8212;&#8212;&#8212;&#8212;&#8211;<br \/>Z\u00e1rove\u0148 nesupluj\u00ed d\u00e1vku \u00da\u0159adu pr\u00e1ce. \u017d\u00e1dosti se pod\u00e1vaj\u00ed on-line a b\u00fdvaj\u00ed schv\u00e1leny do 14 dn\u00ed. Podm\u00ednkou je spolupr\u00e1ce se soci\u00e1ln\u00edm pracovn\u00edkem.<br \/><br \/>Barbora Komberec Novosadov\u00e1, \u0159editelka Nada\u010dn\u00edho fondu hl. m. Prahy<br \/>&#8212;&#8212;&#8212;&#8212;&#8212;&#8212;&#8211;<br \/>Pot\u0159ebujeme n\u011bkolik p\u0159\u00edloh, kter\u00e9 n\u00e1m pomohou ilustrovat tu situaci, a n\u00e1sledn\u011b se mu zalo\u017e\u00ed \u017e\u00e1dost, kterou vypln\u00ed.<br \/><br \/>Josef\u00edna Schneiderov\u00e1, soci\u00e1ln\u00ed pracovnice, poradkyn\u011b pro oblast bydlen\u00ed<br \/>&#8212;&#8212;&#8212;&#8212;&#8212;&#8212;&#8211;<br \/>Dom\u00e1cnost vyd\u00e1v\u00e1 pen\u00edze, kter\u00fd by vlastn\u011b m\u011bly j\u00edt t\u0159eba na n\u00e1jem, tak je mus\u00ed d\u00e1t na l\u00e9ky, proto\u017ee nemaj\u00ed na vybranou, dojde k n\u011bjak\u00fdmu jako v\u00fdpadku v platb\u011b n\u00e1jmu. A na to vlastn\u011b jako st\u00e1t neum\u00ed reagovat. A v tu chvilku ten fond m\u016f\u017ee pomoct.<br \/><br \/>Lea Surovcov\u00e1, redaktorka \u010cT<br \/>&#8212;&#8212;&#8212;&#8212;&#8212;&#8212;&#8211;<br \/>Fond p\u0159isp\u00edv\u00e1 t\u0159eba i p\u011bstoun\u016fm na dou\u010dov\u00e1n\u00ed d\u011bt\u00ed nebo t\u00e1bory, handicapovan\u00fdm pak na asistenci, aby mohli \u017e\u00edt doma. O podporu mohou \u017e\u00e1dat tak\u00e9 organizace nebo m\u011bstsk\u00e9 \u010d\u00e1sti, kter\u00e9 pracuj\u00ed s lidmi v nouzi. Loni takto rozd\u011blily v Praze p\u0159es 10 000 000. Letos o\u010dek\u00e1vaj\u00ed, \u017ee by to mohlo b\u00fdt je\u0161t\u011b o 6 milion\u016f v\u00edce.<br \/><br \/>Josef\u00edna Schneiderov\u00e1, soci\u00e1ln\u00ed pracovnice, poradkyn\u011b pro oblast bydlen\u00ed<br \/>&#8212;&#8212;&#8212;&#8212;&#8212;&#8212;&#8211;<br \/>Je dobr\u00fd, aby ta obec m\u011bla n\u011bjak\u00fd n\u00e1stroj, kter\u00fd m\u016f\u017ee jako t\u011bm dom\u00e1cnostem pomoct p\u0159eklenout n\u011bjak\u00fd jednor\u00e1zov\u00fd krizov\u00fd situace, proto\u017ee to je nakonec pro v\u0161echny levn\u011bj\u0161\u00ed.<br \/><br \/>redaktorka \u010cT<br \/>&#8212;&#8212;&#8212;&#8212;&#8212;&#8212;&#8211;<br \/>Josef\u00edna Schneiderov\u00e1 proto spolupracuje s dal\u0161\u00edmi m\u011bsty. Na podobnou praxi nav\u00e1zali v Karlov\u00fdch Varech nebo Olomouci. <\/p>\n\n\n\n<p><\/p>\n","protected":false},"excerpt":{"rendered":"<div class=\"mh-excerpt\"><p>\u010cT 1\u00a0&#8211; Ud\u00e1losti M\u011bsta i kraje za\u010d\u00ednaj\u00ed zakl\u00e1dat nada\u010dn\u00ed fondy, kter\u00e9 pom\u00e1haj\u00ed dom\u00e1cnostem p\u0159eklenout krizovou situaci, a\u0165 u\u017e jde o podporu bydlen\u00ed, nebo pe\u010duj\u00edc\u00edch. Z\u00e1kladem <a class=\"mh-excerpt-more\" href=\"https:\/\/www.invarena.cz\/?p=55176\" title=\"M\u011bstsk\u00e9 a krajsk\u00e9 nada\u010dn\u00ed fondy\u00a0poskytnou rychlou finan\u010dn\u00ed pomoc\">[&#8230;]<\/a><\/p>\n<\/div>","protected":false},"author":1,"featured_media":24716,"comment_status":"open","ping_status":"closed","sticky":false,"template":"","format":"standard","meta":{"footnotes":""},"categories":[1],"tags":[],"class_list":["post-55176","post","type-post","status-publish","format-standard","has-post-thumbnail","hentry","category-nezarazene"],"_links":{"self":[{"href":"https:\/\/www.invarena.cz\/index.php?rest_route=\/wp\/v2\/posts\/55176","targetHints":{"allow":["GET"]}}],"collection":[{"href":"https:\/\/www.invarena.cz\/index.php?rest_route=\/wp\/v2\/posts"}],"about":[{"href":"https:\/\/www.invarena.cz\/index.php?rest_route=\/wp\/v2\/types\/post"}],"author":[{"embeddable":true,"href":"https:\/\/www.invarena.cz\/index.php?rest_route=\/wp\/v2\/users\/1"}],"replies":[{"embeddable":true,"href":"https:\/\/www.invarena.cz\/index.php?rest_route=%2Fwp%2Fv2%2Fcomments&post=55176"}],"version-history":[{"count":0,"href":"https:\/\/www.invarena.cz\/index.php?rest_route=\/wp\/v2\/posts\/55176\/revisions"}],"wp:featuredmedia":[{"embeddable":true,"href":"https:\/\/www.invarena.cz\/index.php?rest_route=\/wp\/v2\/media\/24716"}],"wp:attachment":[{"href":"https:\/\/www.invarena.cz\/index.php?rest_route=%2Fwp%2Fv2%2Fmedia&parent=55176"}],"wp:term":[{"taxonomy":"category","embeddable":true,"href":"https:\/\/www.invarena.cz\/index.php?rest_route=%2Fwp%2Fv2%2Fcategories&post=55176"},{"taxonomy":"post_tag","embeddable":true,"href":"https:\/\/www.invarena.cz\/index.php?rest_route=%2Fwp%2Fv2%2Ftags&post=55176"}],"curies":[{"name":"wp","href":"https:\/\/api.w.org\/{rel}","templated":true}]}}