{"id":55185,"date":"2025-02-24T11:40:42","date_gmt":"2025-02-24T10:40:42","guid":{"rendered":"https:\/\/www.invarena.cz\/?p=55185"},"modified":"2025-02-24T11:40:43","modified_gmt":"2025-02-24T10:40:43","slug":"pokuty-za-parkovani-na-stanich-pro-invalidy","status":"publish","type":"post","link":"https:\/\/www.invarena.cz\/?p=55185","title":{"rendered":"Pokuty za parkov\u00e1n\u00ed\u00a0na st\u00e1n\u00edch pro invalidy"},"content":{"rendered":"\n<p>\u010cT 1\u00a0&#8211; Ud\u00e1losti<br \/><br \/>\u0160patn\u00e9 parkov\u00e1n\u00ed jako jeden z nej\u010dast\u011bj\u0161\u00edch p\u0159estupk\u016f. T\u0159eba jen v centru Prahy jich loni evidovali t\u00e9m\u011b\u0159 170 000. \u0158idi\u010di \u010dasto chybuj\u00ed u vyhrazen\u00fdch st\u00e1n\u00ed, ur\u010den\u00fdch nap\u0159\u00edklad pro invalidy, sanitky \u010di nab\u00edjen\u00ed elektromobil\u016f. Str\u00e1\u017en\u00edci m\u016f\u017eou pokutovat i \u0161patn\u011b zaparkovan\u00e9 vozy v gar\u00e1\u017e\u00edch n\u00e1kupn\u00edch center.<br \/><br \/>Vchod do obchod\u016f a vedle n\u00ed parkovac\u00ed st\u00e1n\u00ed se symbolem\u00a0<strong>invalidn\u00edho<\/strong>\u00a0voz\u00edku. Bez pr\u016fkazky za oknem sem auto nesm\u00ed. Tahle \u0159idi\u010dka si s t\u00edm ale hlavu nel\u00e1mala.<br \/><br \/>Pavel Greiner, auto\u0161kola KING<br \/>&#8212;&#8212;&#8212;&#8212;&#8212;&#8212;&#8211;<br \/>To, \u017ee jsou lidi l\u00edn\u00fd doj\u00edt p\u00e1r krok\u016f a nebudou ohledy na lidi s n\u011bjak\u00e1m handicapem, tak to je prost\u011b \u0161patn\u011b. Je to hulv\u00e1tstv\u00ed.<br \/><br \/>redaktorka \u010cT<br \/>&#8212;&#8212;&#8212;&#8212;&#8212;&#8212;&#8211;<br \/>Situace, kter\u00e9 v\u00edd\u00e1 v ulic\u00edch i str\u00e1\u017en\u00edk Petr Mina\u0159\u00edk zd\u016fraz\u0148uje, \u017ee modr\u00e1 karta plat\u00ed jen v p\u0159\u00edpad\u011b, \u017ee ve voze skute\u010dn\u011b cestuje \u010dlov\u011bk s handicapem, jako tady.<br \/><br \/>Petr Mina\u0159\u00edk, str\u00e1\u017en\u00edk, M\u011bstsk\u00e1 policie Brno<br \/>&#8212;&#8212;&#8212;&#8212;&#8212;&#8212;&#8211;<br \/>Vysazuje osobu zjevn\u011b s posti\u017een\u00edm a \u0159idi\u010d za \u010deln\u00edm sklem m\u00e1 um\u00edst\u011bn\u00fd ten parkovac\u00ed pr\u016fkaz.<br \/><br \/>Tereza St\u00e1rkov\u00e1, redaktorka \u010cT<br \/>&#8212;&#8212;&#8212;&#8212;&#8212;&#8212;&#8211;<br \/>Podom\u00e1cku vyroben\u00e9 pad\u011blky rozezn\u00e1 na prvn\u00ed pohled b\u011b\u017en\u011b nar\u00e1\u017e\u00ed i na neplatn\u00e9 pr\u016fkazy.<br \/><br \/>Petr Mina\u0159\u00edk, str\u00e1\u017en\u00edk, M\u011bstsk\u00e1 policie Brno<br \/>&#8212;&#8212;&#8212;&#8212;&#8212;&#8212;&#8211;<br \/>Se \u0159idi\u010d sna\u017e\u00ed pouze akor\u00e1t zaclonit to, \u017ee karta je propadl\u00e1 a \u017ee ji pou\u017eil od n\u011bjak\u00e9ho sv\u00e9ho rodinn\u00e9ho p\u0159\u00edslu\u0161n\u00edka, kter\u00fd u\u017e \u010dasto ani ne\u017eije. My tomu \u0159\u00edk\u00e1me intern\u011b zlat\u00e9 d\u011bdictv\u00ed.<br \/><br \/> redaktorka \u010cT<br \/>&#8212;&#8212;&#8212;&#8212;&#8212;&#8212;&#8211;<br \/>Za neopr\u00e1vn\u011bn\u00e9 parkov\u00e1n\u00ed na vyhrazen\u00e9m st\u00e1n\u00ed pro handicapovan\u00e9 hroz\u00ed \u0159idi\u010di na m\u00edst\u011b pokuta a\u017e 3 500 korun. Ve spr\u00e1vn\u00edm \u0159\u00edzen\u00ed je to a\u017e 10 000. Za tenhle p\u0159estupek se nav\u00edc p\u0159i\u010d\u00edtaj\u00ed dva body. V posledn\u00ed dob\u011b taky p\u0159ib\u00fdvaj\u00ed m\u00edsta pro nab\u00edjen\u00ed elektromobil\u016f, tady podle instruktora auto\u0161koly hovo\u0159\u00ed zna\u010dka jasn\u011b.<br \/><br \/>Pavel Greiner, auto\u0161kola KING<br \/>&#8212;&#8212;&#8212;&#8212;&#8212;&#8212;&#8211;<br \/>Maxim\u00e1ln\u011b osm hodin dob\u00edjen\u00ed. Tady bych zase na tu mor\u00e1lku dal, \u017ee takzvan\u011b, kdo to po\u010d\u00edt\u00e1, jo, opravdu je to tady pouze pro to dob\u00edjen\u00ed, nen\u00ed to o tom, \u017ee j\u00e1 te\u010f si zaparkuj\u00ed auto.<br \/><br \/>redaktorka \u010cT<br \/>&#8212;&#8212;&#8212;&#8212;&#8212;&#8212;&#8211;<br \/>Jako t\u0159eba tohle, kter\u00e9 jen nab\u00edje\u010dku blokuje. I to str\u00e1\u017en\u00edci kontroluj\u00ed.<br \/><br \/>Petr Mina\u0159\u00edk, str\u00e1\u017en\u00edk, M\u011bstsk\u00e1 policie Brno<br \/>&#8212;&#8212;&#8212;&#8212;&#8212;&#8212;&#8211;<br \/>Tady vid\u00edme, vozidlo zcela jednozna\u010dn\u011b nab\u00edj\u00ed. Kdy\u017e se pod\u00edv\u00e1me i na \u00fadaje elektrostojanu, tak informace o nab\u00edjen\u00ed prob\u00edh\u00e1.<br \/><br \/> redaktorka \u010cT<br \/>&#8212;&#8212;&#8212;&#8212;&#8212;&#8212;&#8211;<br \/>Pokuta je a\u017e 1500. Zpravidla za \u0161patn\u00e9 parkov\u00e1n\u00ed padaj\u00ed ni\u017e\u0161\u00ed sankce. T\u0159eba v centru Prahy nebo Hradci Kr\u00e1lov\u00e9 je to okolo 600. V Karlov\u00fdch Varech je pr\u016fm\u011br je\u0161t\u011b ni\u017e\u0161\u00ed. Na \u0159ad\u011b m\u00edst ale podle Pavla Greinera zna\u010den\u00ed neodpov\u00edd\u00e1 p\u0159edpis\u016fm.<br \/><br \/>Pavel Greiner, auto\u0161kola KING<br \/>&#8212;&#8212;&#8212;&#8212;&#8212;&#8212;&#8211;<br \/>Je to n\u011bjak\u00e1 mal\u016fvka.<br \/><br \/>redaktorka \u010cT<br \/>&#8212;&#8212;&#8212;&#8212;&#8212;&#8212;&#8211;<br \/>T\u0159eba tenhle symbol ko\u010d\u00e1rku ani na t\u00e9hle zna\u010dce nen\u00ed spr\u00e1vn\u011b. Na zemi u\u017e ano, jinde b\u00fdvaj\u00ed podobn\u00e9 symboly rodiny. To pak m\u016f\u017ee b\u00fdt zav\u00e1d\u011bj\u00edc\u00ed.<br \/><br \/>Pavel Greiner, auto\u0161kola KING<br \/>&#8212;&#8212;&#8212;&#8212;&#8212;&#8212;&#8211;<br \/>Nen\u00ed to tak, \u017ee to kv\u016fli tomu, \u017ee m\u00e1m d\u00edt\u011b v autoseda\u010dce, kter\u00fd si potom vystoup\u00ed, ale opravdu tam je to speci\u00e1ln\u011b fakt pro ty ko\u010d\u00e1rky.<br \/><br \/>redaktorka \u010cT<br \/>&#8212;&#8212;&#8212;&#8212;&#8212;&#8212;&#8211;<br \/>I tady je tak kl\u00ed\u010dov\u00e1 ohleduplnost \u0159idi\u010d\u016f. <\/p>\n\n\n\n<p>\u010cesk\u00e1 televize.<br \/><\/p>\n","protected":false},"excerpt":{"rendered":"<div class=\"mh-excerpt\"><p>\u010cT 1\u00a0&#8211; Ud\u00e1losti \u0160patn\u00e9 parkov\u00e1n\u00ed jako jeden z nej\u010dast\u011bj\u0161\u00edch p\u0159estupk\u016f. T\u0159eba jen v centru Prahy jich loni evidovali t\u00e9m\u011b\u0159 170 000. \u0158idi\u010di \u010dasto chybuj\u00ed u <a class=\"mh-excerpt-more\" href=\"https:\/\/www.invarena.cz\/?p=55185\" title=\"Pokuty za parkov\u00e1n\u00ed\u00a0na st\u00e1n\u00edch pro invalidy\">[&#8230;]<\/a><\/p>\n<\/div>","protected":false},"author":1,"featured_media":9099,"comment_status":"open","ping_status":"closed","sticky":false,"template":"","format":"standard","meta":{"footnotes":""},"categories":[7],"tags":[],"class_list":["post-55185","post","type-post","status-publish","format-standard","has-post-thumbnail","hentry","category-spolecnost"],"_links":{"self":[{"href":"https:\/\/www.invarena.cz\/index.php?rest_route=\/wp\/v2\/posts\/55185","targetHints":{"allow":["GET"]}}],"collection":[{"href":"https:\/\/www.invarena.cz\/index.php?rest_route=\/wp\/v2\/posts"}],"about":[{"href":"https:\/\/www.invarena.cz\/index.php?rest_route=\/wp\/v2\/types\/post"}],"author":[{"embeddable":true,"href":"https:\/\/www.invarena.cz\/index.php?rest_route=\/wp\/v2\/users\/1"}],"replies":[{"embeddable":true,"href":"https:\/\/www.invarena.cz\/index.php?rest_route=%2Fwp%2Fv2%2Fcomments&post=55185"}],"version-history":[{"count":0,"href":"https:\/\/www.invarena.cz\/index.php?rest_route=\/wp\/v2\/posts\/55185\/revisions"}],"wp:featuredmedia":[{"embeddable":true,"href":"https:\/\/www.invarena.cz\/index.php?rest_route=\/wp\/v2\/media\/9099"}],"wp:attachment":[{"href":"https:\/\/www.invarena.cz\/index.php?rest_route=%2Fwp%2Fv2%2Fmedia&parent=55185"}],"wp:term":[{"taxonomy":"category","embeddable":true,"href":"https:\/\/www.invarena.cz\/index.php?rest_route=%2Fwp%2Fv2%2Fcategories&post=55185"},{"taxonomy":"post_tag","embeddable":true,"href":"https:\/\/www.invarena.cz\/index.php?rest_route=%2Fwp%2Fv2%2Ftags&post=55185"}],"curies":[{"name":"wp","href":"https:\/\/api.w.org\/{rel}","templated":true}]}}