{"id":55187,"date":"2025-02-24T11:43:42","date_gmt":"2025-02-24T10:43:42","guid":{"rendered":"https:\/\/www.invarena.cz\/?p=55187"},"modified":"2025-02-24T11:43:50","modified_gmt":"2025-02-24T10:43:50","slug":"znovu-nastaly-sliby-o-dostupnem-bydleni","status":"publish","type":"post","link":"https:\/\/www.invarena.cz\/?p=55187","title":{"rendered":"Znovu nastaly sliby o dostupn\u00e9m bydlen\u00ed\u00a0\u00a0"},"content":{"rendered":"\n<p>NOVA\u00a0&#8211; Televizn\u00ed noviny<br \/><br \/>Vlastn\u00ed nebo i n\u00e1jemn\u00ed bydlen\u00ed je nedosa\u017eitelnou metou pro st\u00e1le v\u00edce nejen mlad\u00fdch lid\u00ed. A uv\u011bdomuj\u00ed si to i politici.<br \/><br \/>\u0158e\u0161en\u00ed nedostupn\u00e9ho bydlen\u00ed tak bude v nadch\u00e1zej\u00edc\u00ed p\u0159edvolebn\u00ed kampani z\u0159ejm\u011b op\u011bt kl\u00ed\u010dov\u00fdm t\u00e9matem v\u011bt\u0161iny politick\u00fdch stran. Jinak tomu ale nebylo ani v minulosti.<br \/><br \/>Slibem neuraz\u00ed\u0161. Tak by se daly shrnout p\u0159edvolebn\u00ed slogany z\u0159ejm\u011b v\u0161ech politick\u00fdch uskupen\u00ed t\u00fdkaj\u00edc\u00ed se lep\u0161\u00edch podm\u00ednek pro dostupnost bydlen\u00ed.<br \/><br \/>Marian Jure\u010dka,\u00a0<strong>ministr<\/strong>\u00a0<strong>pr\u00e1ce<\/strong>\u00a0a soci\u00e1ln\u00edch v\u011bc\u00ed, tehdej\u0161\u00ed p\u0159edseda strany \/KDU-\u010cSL\/<br \/>&#8212;&#8212;&#8212;&#8212;&#8212;&#8212;&#8211;<br \/>Prosad\u00edme dostupn\u00e9 bydlen\u00ed pro mlad\u00e9, rodiny, seniory.<br \/><br \/>Andrej Babi\u0161, p\u0159edseda hnut\u00ed \/ANO\/<br \/>&#8212;&#8212;&#8212;&#8212;&#8212;&#8212;&#8211;<br \/>Mus\u00edme vy\u0159e\u0161it bytovou ot\u00e1zku.<br \/><br \/>Ivan Barto\u0161, poslanec, tehdej\u0161\u00ed p\u0159edseda strany \/Pir\u00e1ti\/<br \/>&#8212;&#8212;&#8212;&#8212;&#8212;&#8212;&#8211;<br \/>V\u00edme, jak zajistit dostupn\u00e9 bydlen\u00ed pro v\u0161echny generace.<br \/><br \/>redaktor<br \/>&#8212;&#8212;&#8212;&#8212;&#8212;&#8212;&#8211;<br \/>Takhle mluvili p\u0159edsedov\u00e9 stran p\u0159ed minul\u00fdmi volbami, kdy\u017e se uch\u00e1zeli o m\u00edsta v doln\u00ed komo\u0159e Parlamentu. Videa politik\u016f, kter\u00e1 spat\u0159uj\u00ed sv\u011btlo sv\u011bta te\u010f, se krom\u011b toho, \u017ee jsou z\u00e1konod\u00e1rci o \u010dty\u0159i roky star\u0161\u00ed, p\u0159\u00edli\u0161 nem\u011bn\u00ed. Recept na dostupn\u00e9 bydlen\u00ed maj\u00ed st\u00e1le v\u0161ichni.<br \/><br \/>Andrej Babi\u0161, p\u0159edseda hnut\u00ed \/ANO\/<br \/>&#8212;&#8212;&#8212;&#8212;&#8212;&#8212;&#8211;<br \/>Hypot\u00e9ky, bydlen\u00ed, energie, doprava. Tohle v\u0161echno, to bude na\u0161e priorita.<br \/><br \/>Zbyn\u011bk Stanjura, ministr financ\u00ed \/ODS\/<br \/>&#8212;&#8212;&#8212;&#8212;&#8212;&#8212;&#8211;<br \/>Podpora bydlen\u00ed. Jedn\u00edm z nejv\u011bt\u0161\u00edch probl\u00e9m\u016f, kter\u00fd m\u00e1me v \u010cesk\u00e9 republice, je nedostatek bydlen\u00ed.<br \/><br \/>Martin Dvo\u0159\u00e1k, ministr pro evropsk\u00e9 z\u00e1le\u017eitosti \/STAN\/<br \/>&#8212;&#8212;&#8212;&#8212;&#8212;&#8212;&#8211;<br \/>A za Starosty m\u016f\u017eu sl\u00edbit, \u017ee podpora bydlen\u00ed nez\u016fstane jenom na pap\u00ed\u0159e.<br \/><br \/>Marek V\u00fdborn\u00fd, ministr zem\u011bd\u011blstv\u00ed, p\u0159edseda strany \/KDU-\u010cSL\/<br \/>&#8212;&#8212;&#8212;&#8212;&#8212;&#8212;&#8211;<br \/>Jde n\u00e1m o robustn\u00ed syst\u00e9m dostupn\u00e9ho bydlen\u00ed.<br \/><br \/>Ivan Barto\u0161, poslanec \/Pir\u00e1ti\/<br \/>&#8212;&#8212;&#8212;&#8212;&#8212;&#8212;&#8211;<br \/>Bydlen\u00ed nesm\u00ed b\u00fdt luxus. A j\u00e1 za n\u011bj budu bojovat.<br \/><br \/>redaktor<br \/>&#8212;&#8212;&#8212;&#8212;&#8212;&#8212;&#8211;<br \/>Dostupn\u00e9 bydlen\u00ed je tak z\u0159ejm\u011b v\u011b\u010dn\u00fdm politick\u00fdm t\u00e9matem a vlajkovou lod\u00ed t\u00e9m\u011b\u0159 v\u0161ech p\u0159edvolebn\u00edch kampan\u00ed. Podle politolog\u016f d\u016fraz na toto t\u00e9ma bude do voleb je\u0161t\u011b s\u00edlit a stane se jednou z hlavn\u00edch priorit nejen market\u00e9r\u016f, ale i voli\u010d\u016f.<br \/><br \/>Milan \u0160koln\u00edk, politolog, Provozn\u011b ekonomick\u00e1 fakulta \u010cZU v Praze<br \/>&#8212;&#8212;&#8212;&#8212;&#8212;&#8212;&#8211;<br \/>Je to ur\u010dit\u011b evergreen. Na druhou stranu, v t\u011bchto volb\u00e1ch to vypad\u00e1, \u017ee by mohli rozhodovat mlad\u00ed lid\u00e9, a pr\u00e1v\u011b ot\u00e1zka cenov\u011b dostupn\u00e9ho bydlen\u00ed je ot\u00e1zka, kter\u00e1 hodn\u011b zaj\u00edm\u00e1 mlad\u00e9 lidi.<br \/><br \/>redaktor<br \/>&#8212;&#8212;&#8212;&#8212;&#8212;&#8212;&#8211;<br \/>A t\u011bch m\u016f\u017ee letos k urn\u00e1m p\u0159ij\u00edt mnohem v\u00edce ne\u017e kdy jindy. A\u017e 600 000 tzv. prvovoli\u010d\u016f je rekordn\u00ed po\u010det, a m\u016f\u017ee tak b\u00fdt rozhoduj\u00edc\u00ed silou na politick\u00fdch vah\u00e1ch.<br \/><br \/>Petr Fiala, premi\u00e9r, p\u0159edseda strany \/ODS\/<br \/>&#8212;&#8212;&#8212;&#8212;&#8212;&#8212;&#8211;<br \/>My jsme sl\u00edbili, \u017ee budeme stav\u011bt zhruba 40 000 byt\u016f ro\u010dn\u011b, a tento slib pln\u00edme, ale to samoz\u0159ejm\u011b nesta\u010d\u00ed. Proto jsme p\u0159i\u0161li s programem dostupn\u00e9 n\u00e1jemn\u00ed bydlen\u00ed, kter\u00fd umo\u017en\u00ed vytvo\u0159it a\u017e 2 000 nov\u00fdch byt\u016f do p\u0159\u00ed\u0161t\u00edho roku.<br \/><br \/>Milan \u0160koln\u00edk, politolog, Provozn\u011b ekonomick\u00e1 fakulta \u010cZU v Praze<br \/>&#8212;&#8212;&#8212;&#8212;&#8212;&#8212;&#8211;<br \/>To, jak\u00fdm zp\u016fsobem \u0159e\u0161\u00ed problematiku bydlen\u00ed, tak to bohu\u017eel zast\u00ednila ta nepoveden\u00e1 digitalizace stavebn\u00edho \u0159\u00edzen\u00ed.<br \/><br \/>redaktor<br \/>&#8212;&#8212;&#8212;&#8212;&#8212;&#8212;&#8211;<br \/>200 nov\u00fdch poslanc\u016f, kte\u0159\u00ed pak budou moci sv\u00e9 p\u0159edvolebn\u00ed sliby naplnit, budou \u010ce\u0161i vyb\u00edrat na podzim. <\/p>\n\n\n\n<p> televize Nova.<br \/><\/p>\n","protected":false},"excerpt":{"rendered":"<div class=\"mh-excerpt\"><p>NOVA\u00a0&#8211; Televizn\u00ed noviny Vlastn\u00ed nebo i n\u00e1jemn\u00ed bydlen\u00ed je nedosa\u017eitelnou metou pro st\u00e1le v\u00edce nejen mlad\u00fdch lid\u00ed. A uv\u011bdomuj\u00ed si to i politici. \u0158e\u0161en\u00ed nedostupn\u00e9ho <a class=\"mh-excerpt-more\" href=\"https:\/\/www.invarena.cz\/?p=55187\" title=\"Znovu nastaly sliby o dostupn\u00e9m bydlen\u00ed\u00a0\u00a0\">[&#8230;]<\/a><\/p>\n<\/div>","protected":false},"author":1,"featured_media":5533,"comment_status":"open","ping_status":"closed","sticky":false,"template":"","format":"standard","meta":{"footnotes":""},"categories":[6],"tags":[],"class_list":["post-55187","post","type-post","status-publish","format-standard","has-post-thumbnail","hentry","category-politika"],"_links":{"self":[{"href":"https:\/\/www.invarena.cz\/index.php?rest_route=\/wp\/v2\/posts\/55187","targetHints":{"allow":["GET"]}}],"collection":[{"href":"https:\/\/www.invarena.cz\/index.php?rest_route=\/wp\/v2\/posts"}],"about":[{"href":"https:\/\/www.invarena.cz\/index.php?rest_route=\/wp\/v2\/types\/post"}],"author":[{"embeddable":true,"href":"https:\/\/www.invarena.cz\/index.php?rest_route=\/wp\/v2\/users\/1"}],"replies":[{"embeddable":true,"href":"https:\/\/www.invarena.cz\/index.php?rest_route=%2Fwp%2Fv2%2Fcomments&post=55187"}],"version-history":[{"count":0,"href":"https:\/\/www.invarena.cz\/index.php?rest_route=\/wp\/v2\/posts\/55187\/revisions"}],"wp:featuredmedia":[{"embeddable":true,"href":"https:\/\/www.invarena.cz\/index.php?rest_route=\/wp\/v2\/media\/5533"}],"wp:attachment":[{"href":"https:\/\/www.invarena.cz\/index.php?rest_route=%2Fwp%2Fv2%2Fmedia&parent=55187"}],"wp:term":[{"taxonomy":"category","embeddable":true,"href":"https:\/\/www.invarena.cz\/index.php?rest_route=%2Fwp%2Fv2%2Fcategories&post=55187"},{"taxonomy":"post_tag","embeddable":true,"href":"https:\/\/www.invarena.cz\/index.php?rest_route=%2Fwp%2Fv2%2Ftags&post=55187"}],"curies":[{"name":"wp","href":"https:\/\/api.w.org\/{rel}","templated":true}]}}