{"id":55192,"date":"2025-02-24T11:45:27","date_gmt":"2025-02-24T10:45:27","guid":{"rendered":"https:\/\/www.invarena.cz\/?p=55192"},"modified":"2025-02-24T11:46:09","modified_gmt":"2025-02-24T10:46:09","slug":"s-bydlenim-pomaha-mestska-realitni-agentura","status":"publish","type":"post","link":"https:\/\/www.invarena.cz\/?p=55192","title":{"rendered":"S bydlen\u00edm pom\u00e1h\u00e1 m\u011bstsk\u00e1 realitn\u00ed agentura\u00a0\u00a0"},"content":{"rendered":"\n<p>\u010cT 1&nbsp;<\/p>\n\n\n\n<p><br \/>Lid\u00e9 s\u00a0<strong>invalidn\u00edm<\/strong>\u00a0d\u016fchodem nebo n\u00edzk\u00fdm m\u011bs\u00ed\u010dn\u00edm v\u00fdd\u011blkem si \u010dasto jen t\u011b\u017eko sami najdou bydlen\u00ed na kter\u00e9 finan\u010dn\u011b dos\u00e1hnou. N\u00edzkop\u0159\u00edjmov\u00fdm rodin\u00e1m. V Plzni s t\u00edm pom\u00e1h\u00e1 m\u011bstsk\u00e1 realitn\u00ed agentura. Propojuje soukrom\u00e9 majitele byt\u016f s lidmi v bytov\u00e9 nouzi a nab\u00edz\u00ed jim v\u00fdhody nad r\u00e1mec b\u011b\u017en\u00fdch realitn\u00edch kancel\u00e1\u0159\u00ed. Jak to funguje, zjistila Marcela Durasov\u00e1.<br \/><br \/>Marcela Durasov\u00e1, redaktorka<br \/>&#8212;&#8212;&#8212;&#8212;&#8212;&#8212;&#8211;<br \/>Za sebou nem\u00e1 jednoduch\u00fd \u017eivot. N\u011bjak\u00fd \u010das bydlela i na ulici. Te\u010f ale Eva Dudov\u00e1 d\u00edky pomoci m\u011bsta u\u017e bydl\u00ed s p\u0159\u00edtelem v Plzni v n\u00e1jemn\u00edm byt\u011b. A do budoucna hled\u00ed s optimismem.<br \/><br \/>Eva Dudov\u00e1, obyvatelka Plzn\u011b<br \/>&#8212;&#8212;&#8212;&#8212;&#8212;&#8212;&#8211;<br \/>Je\u0161t\u011b jednou d\u011bkuji v\u0161em t\u011bm lidem, co n\u00e1m tomu dopomohli i n\u00e1m pom\u00e1haj\u00ed a n\u00e1m budou pom\u00e1hat. Jsem velmi \u0161\u0165astn\u00e1.<br \/><br \/>Marcela Durasov\u00e1, redaktorka<br \/>&#8212;&#8212;&#8212;&#8212;&#8212;&#8212;&#8211;<br \/>V realitn\u00ed agentu\u0159e u\u017e dnes m\u016f\u017eou \u0159\u00edct, \u017ee projekt se poda\u0159ilo rozjet a lid\u00e9 maj\u00ed o bydlen\u00ed v n\u00e1jmu, kter\u00e9 zprost\u0159edkuje m\u011bsto, velk\u00fd z\u00e1jem, plze\u0148sk\u00e1 m\u011bstsk\u00e1 realitn\u00ed agentura u\u017e pomohla 10 rodin\u00e1m a dal\u0161\u00ed n\u00e1jemn\u00ed byty jsou v jedn\u00e1n\u00ed.<br \/><br \/>Sv\u011btlana Budkov\u00e1, radn\u00ed pro oblast bytovou \/STAN\/<br \/>&#8212;&#8212;&#8212;&#8212;&#8212;&#8212;&#8211;<br \/>My propojujeme vlastn\u00edky byt\u016f, kte\u0159\u00ed maj\u00ed o tu spolupr\u00e1ci z\u00e1jem s budouc\u00edmi n\u00e1jemn\u00edky, kter\u00fdm vlastn\u011b m\u00e1me v evidenci p\u0159es kontaktn\u00ed centrum pro bydlen\u00ed.<br \/><br \/>Marcela Durasov\u00e1, redaktorka<br \/>&#8212;&#8212;&#8212;&#8212;&#8212;&#8212;&#8211;<br \/>Agentura je sou\u010d\u00e1st\u00ed projektu podpora dostupnosti v bydlen\u00ed. Jej\u00ed za\u010d\u00e1tky nebyly ale jednoduch\u00e9 ani na stran\u011b pronaj\u00edmatel\u016f, ani t\u011bch, kte\u0159\u00ed bydlen\u00ed pot\u0159ebuj\u00ed. Dnes p\u0159itom u\u017e nejde pouze o lidi s n\u00edzk\u00fdm nepravideln\u00fdm p\u0159\u00edjmem.\u00a0<strong>Invalidn\u00ed<\/strong>\u00a0d\u016fchodce nebo samo\u017eivitelky. Podle sociolog\u016f se do bytov\u00e9 nouze m\u016f\u017ee dostat i ni\u017e\u0161\u00ed st\u0159edn\u00ed t\u0159\u00edda.<br \/><br \/>Ad\u00e9la Vorl\u00ed\u010dkov\u00e1, vedouc\u00ed projektu Podpora dostupnosti v bydlen\u00ed<br \/>&#8212;&#8212;&#8212;&#8212;&#8212;&#8212;&#8211;<br \/>Je to tak. Ob\u011b strany je t\u0159eba trochu popo\u0161\u0165ouchnout ke spolupr\u00e1ci, proto\u017ee majitel\u00e9 t\u011bch byt\u016f vlastn\u011b o n\u00e1s \u010dasto nev\u00ed, tak\u017ee jsme pou\u017eili v minul\u00fdm roce pro reklamn\u00ed agenturu, kter\u00e1 n\u00e1m ud\u011blala velkou kampa\u0148.<br \/><br \/>Marcela Durasov\u00e1, redaktorka<br \/>&#8212;&#8212;&#8212;&#8212;&#8212;&#8212;&#8211;<br \/>A \u017eadatel\u016fm o m\u011bstsk\u00fd byt zas v kontaktn\u00edm centru nab\u00edzej\u00ed, aby zkusili pr\u00e1v\u011b pron\u00e1jem bytu, kter\u00fd zprost\u0159edkuje m\u011bstsk\u00e1 realitn\u00ed agentura.<br \/><br \/>Sv\u011btlana Budkov\u00e1, radn\u00ed pro oblast bytovou \/STAN\/<br \/>&#8212;&#8212;&#8212;&#8212;&#8212;&#8212;&#8211;<br \/>Pro vlastn\u00edky byt\u016f. Je tam spolupr\u00e1ce v\u00fdhodn\u00e1, jeliko\u017e my garantujeme a\u017e \u010dty\u0159i v\u00fd\u0161e n\u00e1jmu, pokava\u010f by tam vznikl n\u011bjak\u00fd dluh na bydlen\u00ed.<br \/><br \/>Marcela Durasov\u00e1, redaktorka<br \/>&#8212;&#8212;&#8212;&#8212;&#8212;&#8212;&#8211;<br \/>Nov\u00fdm n\u00e1jemc\u016fm agentura nab\u00edz\u00ed poradenstv\u00ed, s mnoha v\u011bcmi jim pom\u00e1h\u00e1 soci\u00e1ln\u00ed pracovn\u00edk. Podpora dostupnosti bydlen\u00ed v Plzni pilotn\u011b v praxi testuje funk\u010dnost p\u0159ipravovan\u00e9ho z\u00e1kona o podpo\u0159e bydlen\u00ed, ten by na po\u010d\u00e1tku b\u0159ezna m\u011bl j\u00edt ve sn\u011bmovn\u011b do druh\u00e9ho \u010dten\u00ed.<br \/><br \/>Eva Dudov\u00e1, obyvatelka Plzn\u011b<br \/>&#8212;&#8212;&#8212;&#8212;&#8212;&#8212;&#8211;<br \/>A p\u0159eji v\u0161em ostatn\u00edm, a\u0165 se to takto poda\u0159\u00ed.<br \/><br \/>\u010cesk\u00e1 televize, Plze\u0148.<br \/><br \/><\/p>\n","protected":false},"excerpt":{"rendered":"<div class=\"mh-excerpt\"><p>\u010cT 1&nbsp; Lid\u00e9 s\u00a0invalidn\u00edm\u00a0d\u016fchodem nebo n\u00edzk\u00fdm m\u011bs\u00ed\u010dn\u00edm v\u00fdd\u011blkem si \u010dasto jen t\u011b\u017eko sami najdou bydlen\u00ed na kter\u00e9 finan\u010dn\u011b dos\u00e1hnou. N\u00edzkop\u0159\u00edjmov\u00fdm rodin\u00e1m. V Plzni s t\u00edm <a class=\"mh-excerpt-more\" href=\"https:\/\/www.invarena.cz\/?p=55192\" title=\"S bydlen\u00edm pom\u00e1h\u00e1 m\u011bstsk\u00e1 realitn\u00ed agentura\u00a0\u00a0\">[&#8230;]<\/a><\/p>\n<\/div>","protected":false},"author":1,"featured_media":14537,"comment_status":"open","ping_status":"closed","sticky":false,"template":"","format":"standard","meta":{"footnotes":""},"categories":[9],"tags":[],"class_list":["post-55192","post","type-post","status-publish","format-standard","has-post-thumbnail","hentry","category-zpravy"],"_links":{"self":[{"href":"https:\/\/www.invarena.cz\/index.php?rest_route=\/wp\/v2\/posts\/55192","targetHints":{"allow":["GET"]}}],"collection":[{"href":"https:\/\/www.invarena.cz\/index.php?rest_route=\/wp\/v2\/posts"}],"about":[{"href":"https:\/\/www.invarena.cz\/index.php?rest_route=\/wp\/v2\/types\/post"}],"author":[{"embeddable":true,"href":"https:\/\/www.invarena.cz\/index.php?rest_route=\/wp\/v2\/users\/1"}],"replies":[{"embeddable":true,"href":"https:\/\/www.invarena.cz\/index.php?rest_route=%2Fwp%2Fv2%2Fcomments&post=55192"}],"version-history":[{"count":0,"href":"https:\/\/www.invarena.cz\/index.php?rest_route=\/wp\/v2\/posts\/55192\/revisions"}],"wp:featuredmedia":[{"embeddable":true,"href":"https:\/\/www.invarena.cz\/index.php?rest_route=\/wp\/v2\/media\/14537"}],"wp:attachment":[{"href":"https:\/\/www.invarena.cz\/index.php?rest_route=%2Fwp%2Fv2%2Fmedia&parent=55192"}],"wp:term":[{"taxonomy":"category","embeddable":true,"href":"https:\/\/www.invarena.cz\/index.php?rest_route=%2Fwp%2Fv2%2Fcategories&post=55192"},{"taxonomy":"post_tag","embeddable":true,"href":"https:\/\/www.invarena.cz\/index.php?rest_route=%2Fwp%2Fv2%2Ftags&post=55192"}],"curies":[{"name":"wp","href":"https:\/\/api.w.org\/{rel}","templated":true}]}}