{"id":55216,"date":"2025-02-24T23:26:53","date_gmt":"2025-02-24T22:26:53","guid":{"rendered":"https:\/\/www.invarena.cz\/?p=55216"},"modified":"2025-02-24T23:26:53","modified_gmt":"2025-02-24T22:26:53","slug":"nymbursky-svaz-postizenych-civilizacnimi-chorobami-planuje-pestry-rok-2025","status":"publish","type":"post","link":"https:\/\/www.invarena.cz\/?p=55216","title":{"rendered":"Nymbursk\u00fd Svaz posti\u017een\u00fdch civiliza\u010dn\u00edmi chorobami pl\u00e1nuje pestr\u00fd rok 2025"},"content":{"rendered":"\n<p>Ve velk\u00e9m s\u00e1le Obecn\u00edho domu se 11. \u00fanora uskute\u010dnila v\u00fdro\u010dn\u00ed \u010dlensk\u00e1 sch\u016fze Z\u00e1kladn\u00ed organizace Svazu posti\u017een\u00fdch civiliza\u010dn\u00edmi chorobami (ZO SPCCH) Nymburk. Setk\u00e1n\u00ed nab\u00eddlo nejen ohl\u00e9dnut\u00ed za lo\u0148sk\u00fdmi aktivitami, ale tak\u00e9 p\u0159edstaven\u00ed pl\u00e1n\u016f na leto\u0161n\u00ed rok. M\u011bsto Nymburk dlouhodob\u011b podporuje \u010dinnost spolku, a to nejen mor\u00e1ln\u011b, ale i finan\u010dn\u011b. V roce 2024 p\u0159isp\u011blo \u010d\u00e1stkou 120 tis\u00edc korun.<\/p>\n\n\n\n<p>Sch\u016fze se z\u00fa\u010dastnili z\u00e1stupci m\u011bsta i dal\u0161\u00edch organizac\u00ed. Nechyb\u011bl starosta Nymburka Tom\u00e1\u0161 Mach, m\u00edstostarosta Zden\u011bk Voc\u00e1sek \u010di vedouc\u00ed odboru soci\u00e1ln\u00edch v\u011bc\u00ed Zuzana Aghov\u00e1. Podporu vyj\u00e1d\u0159ili i z\u00e1stupci m\u011bstsk\u00e9 policie Simona Lazarov\u00e1 a Leo\u0161 Je\u0159\u00e1bek, \u0159editel Technick\u00fdch slu\u017eeb Josef Kubi\u0161 nebo \u0159editel m\u011bstsk\u00e9 knihovny Jan \u010cervinka. Z okoln\u00edch organizac\u00ed dorazila nap\u0159\u00edklad p\u0159edsedkyn\u011b ZO Lys\u00e1 nad Labem Hana Mi\u0161kovsk\u00e1 a nov\u00e1 p\u0159edsedkyn\u011b Okresn\u00ed organizace SPCCH Marie Jen\u010dekov\u00e1. Ve\u0161ker\u00e9 informace poskytlo m\u011bsto Nymburk.<\/p>\n\n\n\n<p>\u201e\u010cinnost ZO SPCCH je pro na\u0161e ob\u010dany nesm\u00edrn\u011b p\u0159\u00ednosn\u00e1 a m\u011bsto ji podporuje. Jsme r\u00e1di, \u017ee d\u00edky t\u00e9to organizaci maj\u00ed lid\u00e9 s civiliza\u010dn\u00edmi chorobami mo\u017enost se aktivn\u011b zapojit do r\u016fznorod\u00fdch aktivit, kter\u00e9 zlep\u0161uj\u00ed jejich zdravotn\u00ed stav i kvalitu \u017eivota,\u201c uvedl starosta Tom\u00e1\u0161 Mach.<\/p>\n\n\n\n<p>V\u00fdletn\u00ed rok pln\u00fd kultury i pohybu<\/p>\n\n\n\n<p>Rok 2024 byl pro nymburskou organizaci bohat\u00fd na akce a z\u00e1\u017eitky. \u010clenov\u00e9 se v\u011bnovali nejen pravideln\u00fdm rehabilita\u010dn\u00edm cvi\u010den\u00edm, j\u00f3ze \u010di plav\u00e1n\u00ed, ale u\u017eili si i relaxaci ve v\u00ed\u0159ivce. Nechyb\u011bly ani tematick\u00e9 v\u00fdlety \u2013 nav\u0161t\u00edvili nap\u0159\u00edklad pra\u017esk\u00e9 Rudolf\u00ednum, Pr\u016fhonice, \u0160t\u011bchovickou elektr\u00e1rnu, hu\u0165 Pa\u010dinek Glass nebo v\u00e1no\u010dn\u00ed trhy v Polsku. Kulturn\u00ed program zpest\u0159ily gener\u00e1ln\u00ed zkou\u0161ky Pra\u017esk\u00e9ho filharmonick\u00e9ho orchestru a divadeln\u00ed p\u0159edstaven\u00ed, v\u010detn\u011b muzik\u00e1lu The Bodyguard \u010di jazzov\u00e9ho muzik\u00e1lu v Divadle Bez z\u00e1bradl\u00ed.<\/p>\n\n\n\n<p>Spolek tak\u00e9 pravideln\u011b po\u0159\u00e1d\u00e1 rekondi\u010dn\u00ed pobyty zam\u011b\u0159en\u00e9 na specifick\u00e9 zdravotn\u00ed pot\u0159eby sv\u00fdch \u010dlen\u016f. Na konci roku 2024 m\u011bla organizace 275 \u010dlen\u016f nejen z Nymburka, ale i z okoln\u00edch m\u011bst a obc\u00ed.<\/p>\n\n\n\n<p>Rok 2025: Pokra\u010dov\u00e1n\u00ed v rozmanit\u00e9 \u010dinnosti<\/p>\n\n\n\n<p>V leto\u0161n\u00edm roce pl\u00e1nuje SPCCH Nymburk pokra\u010dovat v pestr\u00e9 nab\u00eddce aktivit. \u201eBudeme se i nad\u00e1le soust\u0159edit na rozvoj program\u016f pro na\u0161e \u010dleny. Krom\u011b rehabilitac\u00ed a sportovn\u00edch aktivit chyst\u00e1me tak\u00e9 kulturn\u00ed akce a pozn\u00e1vac\u00ed v\u00fdlety. Podpora m\u011bsta a dal\u0161\u00edch partner\u016f n\u00e1m umo\u017e\u0148uje na\u0161e aktivity uskute\u010d\u0148ovat a roz\u0161i\u0159ovat,\u201c uvedla p\u0159edsedkyn\u011b nymbursk\u00e9 organizace Zdena Hauerlandov\u00e1.<\/p>\n\n\n\n<p>Financov\u00e1n\u00ed spolku je zaji\u0161t\u011bno z \u010dlensk\u00fdch p\u0159\u00edsp\u011bvk\u016f, dotac\u00ed a sponzorsk\u00fdch dar\u016f. Velk\u00e9 pod\u011bkov\u00e1n\u00ed p\u0159edsedkyn\u011b vzkazuje nejen m\u011bstu Nymburk, ale tak\u00e9 dal\u0161\u00edm podporovatel\u016fm \u2013 nap\u0159\u00edklad m\u011bst\u016fm Sadsk\u00e1, V\u0161echlapy, Krchleby, Lou\u010de\u0148, spole\u010dnosti VAK Nymburk \u010di osob\u00e1m MUDr. Weissovi a Janu Kazdovi.<\/p>\n\n\n\n<p>Z\u00e1jemci o \u010dlenstv\u00ed ve spolku se mohou obr\u00e1tit na kancel\u00e1\u0159 ZO SPCCH v Obecn\u00edm dom\u011b (Bed\u0159icha Smetany 55) ka\u017ed\u00e9 pond\u011bl\u00ed od 14 do 15:30 hodin nebo kontaktovat organizaci e-mailem na adrese nbk-zospcch@seznam.cz.<\/p>\n\n\n\n<p>Zdroj: m\u011bsto Nymburk<\/p>\n\n\n\n<p>Veronika H\u00fdblerov\u00e1<\/p>\n\n\n\n<p>Nymbursk\u00fd den\u00edk<\/p>\n\n\n\n<p><a href=\"https:\/\/nymbursky.denik.cz\" target=\"_blank\" rel=\"noreferrer noopener\">https:\/\/nymbursky.denik.cz<\/a><\/p>\n","protected":false},"excerpt":{"rendered":"<div class=\"mh-excerpt\"><p>Ve velk\u00e9m s\u00e1le Obecn\u00edho domu se 11. \u00fanora uskute\u010dnila v\u00fdro\u010dn\u00ed \u010dlensk\u00e1 sch\u016fze Z\u00e1kladn\u00ed organizace Svazu posti\u017een\u00fdch civiliza\u010dn\u00edmi chorobami (ZO SPCCH) Nymburk. Setk\u00e1n\u00ed nab\u00eddlo nejen ohl\u00e9dnut\u00ed <a class=\"mh-excerpt-more\" href=\"https:\/\/www.invarena.cz\/?p=55216\" title=\"Nymbursk\u00fd Svaz posti\u017een\u00fdch civiliza\u010dn\u00edmi chorobami pl\u00e1nuje pestr\u00fd rok 2025\">[&#8230;]<\/a><\/p>\n<\/div>","protected":false},"author":1,"featured_media":5327,"comment_status":"open","ping_status":"closed","sticky":false,"template":"","format":"standard","meta":{"footnotes":""},"categories":[9],"tags":[],"class_list":["post-55216","post","type-post","status-publish","format-standard","has-post-thumbnail","hentry","category-zpravy"],"_links":{"self":[{"href":"https:\/\/www.invarena.cz\/index.php?rest_route=\/wp\/v2\/posts\/55216","targetHints":{"allow":["GET"]}}],"collection":[{"href":"https:\/\/www.invarena.cz\/index.php?rest_route=\/wp\/v2\/posts"}],"about":[{"href":"https:\/\/www.invarena.cz\/index.php?rest_route=\/wp\/v2\/types\/post"}],"author":[{"embeddable":true,"href":"https:\/\/www.invarena.cz\/index.php?rest_route=\/wp\/v2\/users\/1"}],"replies":[{"embeddable":true,"href":"https:\/\/www.invarena.cz\/index.php?rest_route=%2Fwp%2Fv2%2Fcomments&post=55216"}],"version-history":[{"count":0,"href":"https:\/\/www.invarena.cz\/index.php?rest_route=\/wp\/v2\/posts\/55216\/revisions"}],"wp:featuredmedia":[{"embeddable":true,"href":"https:\/\/www.invarena.cz\/index.php?rest_route=\/wp\/v2\/media\/5327"}],"wp:attachment":[{"href":"https:\/\/www.invarena.cz\/index.php?rest_route=%2Fwp%2Fv2%2Fmedia&parent=55216"}],"wp:term":[{"taxonomy":"category","embeddable":true,"href":"https:\/\/www.invarena.cz\/index.php?rest_route=%2Fwp%2Fv2%2Fcategories&post=55216"},{"taxonomy":"post_tag","embeddable":true,"href":"https:\/\/www.invarena.cz\/index.php?rest_route=%2Fwp%2Fv2%2Ftags&post=55216"}],"curies":[{"name":"wp","href":"https:\/\/api.w.org\/{rel}","templated":true}]}}