{"id":55219,"date":"2025-02-24T23:32:02","date_gmt":"2025-02-24T22:32:02","guid":{"rendered":"https:\/\/www.invarena.cz\/?p=55219"},"modified":"2025-02-24T23:32:02","modified_gmt":"2025-02-24T22:32:02","slug":"v-chebske-nemocnici-vznikne-urgentni-prijem","status":"publish","type":"post","link":"https:\/\/www.invarena.cz\/?p=55219","title":{"rendered":"V chebsk\u00e9 nemocnici vznikne urgentn\u00ed p\u0159\u00edjem"},"content":{"rendered":"\n<p>Karlovarsk\u00fd kraj rozd\u011bl\u00ed 179 milion\u016f korun z dotace na t\u0159i urgentn\u00ed p\u0159\u00edjmy ve t\u0159ech nemocnic\u00edch v kraji. Celkov\u00e9 n\u00e1klady na vybudov\u00e1n\u00ed nov\u00fdch urgentn\u00edch p\u0159\u00edjm\u016f v nemocnic\u00edch v Karlov\u00fdch Varech, v Sokolov\u011b a Chebu budou ale v\u00fdrazn\u011b vy\u0161\u0161\u00ed. Se \u017e\u00e1dostmi o nav\u00fd\u0161en\u00ed dotace kv\u016fli tomu, \u017ee Karlovarsk\u00fd kraj nem\u00e1 fakultn\u00ed nemocnici a pat\u0159\u00ed mezi struktur\u00e1ln\u011b posti\u017een\u00e9, ale kraj neusp\u011bl.<\/p>\n\n\n\n<p>Nejv\u00edce pen\u011bz ze st\u00e1tn\u00ed dotace p\u016fjde do Karlov\u00fdch Var\u016f, kde vznikne urgentn\u00ed p\u0159\u00edjem takzvan\u011b prvn\u00edho typu, \u0159ekl \u010cTK n\u00e1m\u011bstek hejtmanky Karlovarsk\u00e9ho kraje Petr Kubis (ANO).<\/p>\n\n\n\n<p>&#8222;Je pot\u0159eba \u0159\u00edct, \u017ee v\u00fdzva je modelovan\u00e1 tak, \u017ee na urgentn\u00ed p\u0159\u00edjem prvn\u00edho typu m\u016f\u017eete \u010derpat maxim\u00e1ln\u011b 100 milion\u016f korun uznateln\u00fdch n\u00e1klad\u016f a u dvojkov\u00fdch urgent\u016f, co\u017e je Cheb a Sokolov, je to 39,5 milionu korun. Tak\u017ee v tomhle kontextu jsme se i rozhodli, \u017ee rozd\u011bl\u00edme finance. Proto\u017ee urgent v Karlov\u00fdch Varech v sou\u010dasn\u00e9 dob\u011b je ve f\u00e1zi budov\u00e1n\u00ed, kdy se demoluje budova G, kter\u00e1 by m\u011bla b\u00fdt hotov\u00e1 do b\u0159ezna, n\u00e1sledn\u011b bude realiza\u010dn\u00ed \u010d\u00e1st, projekt u\u017e je zpracovan\u00fd a stavba by m\u011bla trvat asi dva roky,&#8220; uvedl Kubis.<\/p>\n\n\n\n<p>V karlovarsk\u00e9 nemocnici se po\u010d\u00edt\u00e1 s v\u00fdstavbou \u010dty\u0159podla\u017en\u00edho objektu, v jeho\u017e spodn\u00ed \u010d\u00e1sti urgentn\u00ed p\u0159\u00edjem bude. Celkov\u00e9 n\u00e1klady jsou ale odhadovan\u00e9 na 550 milion\u016f korun, doplnil n\u00e1m\u011bstek hejtmanky.<\/p>\n\n\n\n<p>Nemocnice v Sokolov\u011b<\/p>\n\n\n\n<p>V Sokolov\u011b, kde nemocnice sice tak\u00e9 pat\u0159\u00ed Karlovarsk\u00e9mu kraji, ale provozuje ji spole\u010dnost Penta Hospitals, by urgentn\u00ed p\u0159\u00edjem m\u011bl st\u00e1t asi 170 milion\u016f korun a kraj u\u017e vyhl\u00e1sil zak\u00e1zku na jeho realizaci. Z dota\u010dn\u00edch pen\u011bz by zde cht\u011bl vyu\u017e\u00edt maxim\u00e1ln\u00ed \u010d\u00e1stku, tedy a\u017e 39,5 milionu korun.<\/p>\n\n\n\n<p>Dispozi\u010dn\u00ed zm\u011bny v Chebu<\/p>\n\n\n\n<p>Nejni\u017e\u0161\u00ed n\u00e1klady si vy\u017e\u00e1d\u00e1 vznik urgentn\u00edho p\u0159\u00edjmu v nemocnici Cheb. Tam budou pot\u0159eba jen dispozi\u010dn\u00ed \u00fapravy a odhadovan\u00e9 n\u00e1klady jsou tak jen asi 12,1 milionu korun.<\/p>\n\n\n\n<p>Podle Kubise tak \u010d\u00e1st dota\u010dn\u00edch pen\u011bz zbude a Karlovarsk\u00fd kraj je vyu\u017eije na n\u00e1kup p\u0159\u00edstrojov\u00e9ho vybaven\u00ed. U n\u011bj je v\u00fdhodou, \u017ee do uznateln\u00fdch v\u00fddaj\u016f pat\u0159\u00ed i DPH. Odhadem by tak mohl kraj i d\u00edky dotac\u00edm na urgentn\u00ed p\u0159\u00edjmy po\u0159\u00eddit p\u0159\u00edstroje pro sv\u00e9 nemocnice za des\u00edtky milion\u016f korun.<\/p>\n\n\n\n<p>\u010cTK<\/p>\n\n\n\n<p>Chebsk\u00fd den\u00edk<\/p>\n\n\n\n<p><a href=\"https:\/\/chebsky.denik.cz\" target=\"_blank\" rel=\"noreferrer noopener\">https:\/\/chebsky.denik.cz<\/a><\/p>\n","protected":false},"excerpt":{"rendered":"<div class=\"mh-excerpt\"><p>Karlovarsk\u00fd kraj rozd\u011bl\u00ed 179 milion\u016f korun z dotace na t\u0159i urgentn\u00ed p\u0159\u00edjmy ve t\u0159ech nemocnic\u00edch v kraji. Celkov\u00e9 n\u00e1klady na vybudov\u00e1n\u00ed nov\u00fdch urgentn\u00edch p\u0159\u00edjm\u016f v <a class=\"mh-excerpt-more\" href=\"https:\/\/www.invarena.cz\/?p=55219\" title=\"V chebsk\u00e9 nemocnici vznikne urgentn\u00ed p\u0159\u00edjem\">[&#8230;]<\/a><\/p>\n<\/div>","protected":false},"author":1,"featured_media":32933,"comment_status":"open","ping_status":"closed","sticky":false,"template":"","format":"standard","meta":{"footnotes":""},"categories":[9],"tags":[],"class_list":["post-55219","post","type-post","status-publish","format-standard","has-post-thumbnail","hentry","category-zpravy"],"_links":{"self":[{"href":"https:\/\/www.invarena.cz\/index.php?rest_route=\/wp\/v2\/posts\/55219","targetHints":{"allow":["GET"]}}],"collection":[{"href":"https:\/\/www.invarena.cz\/index.php?rest_route=\/wp\/v2\/posts"}],"about":[{"href":"https:\/\/www.invarena.cz\/index.php?rest_route=\/wp\/v2\/types\/post"}],"author":[{"embeddable":true,"href":"https:\/\/www.invarena.cz\/index.php?rest_route=\/wp\/v2\/users\/1"}],"replies":[{"embeddable":true,"href":"https:\/\/www.invarena.cz\/index.php?rest_route=%2Fwp%2Fv2%2Fcomments&post=55219"}],"version-history":[{"count":0,"href":"https:\/\/www.invarena.cz\/index.php?rest_route=\/wp\/v2\/posts\/55219\/revisions"}],"wp:featuredmedia":[{"embeddable":true,"href":"https:\/\/www.invarena.cz\/index.php?rest_route=\/wp\/v2\/media\/32933"}],"wp:attachment":[{"href":"https:\/\/www.invarena.cz\/index.php?rest_route=%2Fwp%2Fv2%2Fmedia&parent=55219"}],"wp:term":[{"taxonomy":"category","embeddable":true,"href":"https:\/\/www.invarena.cz\/index.php?rest_route=%2Fwp%2Fv2%2Fcategories&post=55219"},{"taxonomy":"post_tag","embeddable":true,"href":"https:\/\/www.invarena.cz\/index.php?rest_route=%2Fwp%2Fv2%2Ftags&post=55219"}],"curies":[{"name":"wp","href":"https:\/\/api.w.org\/{rel}","templated":true}]}}