{"id":55222,"date":"2025-02-24T23:37:46","date_gmt":"2025-02-24T22:37:46","guid":{"rendered":"https:\/\/www.invarena.cz\/?p=55222"},"modified":"2025-02-24T23:37:46","modified_gmt":"2025-02-24T22:37:46","slug":"odlehcovaci-pobyt-tezce-nemocneho-syna-jim-umoznil-nabrat-nove-sily","status":"publish","type":"post","link":"https:\/\/www.invarena.cz\/?p=55222","title":{"rendered":"Odleh\u010dovac\u00ed pobyt t\u011b\u017ece nemocn\u00e9ho syna jim umo\u017enil nabrat nov\u00e9 s\u00edly"},"content":{"rendered":"\n<p><em>ilustra\u010dn\u00ed foto<\/em><\/p>\n\n\n\n<p>Nep\u0159etr\u017eitou ka\u017edodenn\u00ed p\u00e9\u010di vy\u017eaduje v\u00e1\u017en\u00e1 nemoc sedmn\u00e1ctilet\u00e9ho Vojty, o n\u011bho\u017e se odmala v dom\u00e1c\u00edm prost\u0159ed\u00ed star\u00e1 maminka Jana Schwarzov\u00e1. Vojta byl jedn\u00edm z prvn\u00edch klient\u016f d\u011btsk\u00e9ho hospice D\u016fm pro Julii, kter\u00fd v Brn\u011b funguje od lo\u0148sk\u00e9ho l\u00e9ta. V\u00e1\u017en\u011b nemocn\u00fdm nab\u00edz\u00ed pobytov\u00e9 odleh\u010dovac\u00ed slu\u017eby. D\u00edky tomu se mohli rodi\u010de v\u011bnovat mlad\u0161\u00edmu synovi.<\/p>\n\n\n\n<p>Cel\u00fd \u010dl\u00e1nek naleznete na novinky.cz: <a href=\"https:\/\/www.novinky.cz\/clanek\/dite-rodina-odlehcovaci-pobyt-tezce-nemocneho-syna-jim-umoznil-nabrat-nove-sily-40509693\" target=\"_blank\" rel=\"noreferrer noopener\">https:\/\/www.novinky.cz\/clanek\/dite-rodina-odlehcovaci-pobyt-tezce-nemocneho-syna-jim-umoznil-nabrat-nove-sily-40509693<\/a><\/p>\n","protected":false},"excerpt":{"rendered":"<div class=\"mh-excerpt\"><p>ilustra\u010dn\u00ed foto Nep\u0159etr\u017eitou ka\u017edodenn\u00ed p\u00e9\u010di vy\u017eaduje v\u00e1\u017en\u00e1 nemoc sedmn\u00e1ctilet\u00e9ho Vojty, o n\u011bho\u017e se odmala v dom\u00e1c\u00edm prost\u0159ed\u00ed star\u00e1 maminka Jana Schwarzov\u00e1. Vojta byl jedn\u00edm z <a class=\"mh-excerpt-more\" href=\"https:\/\/www.invarena.cz\/?p=55222\" title=\"Odleh\u010dovac\u00ed pobyt t\u011b\u017ece nemocn\u00e9ho syna jim umo\u017enil nabrat nov\u00e9 s\u00edly\">[&#8230;]<\/a><\/p>\n<\/div>","protected":false},"author":1,"featured_media":4002,"comment_status":"open","ping_status":"closed","sticky":false,"template":"","format":"standard","meta":{"footnotes":""},"categories":[9],"tags":[],"class_list":["post-55222","post","type-post","status-publish","format-standard","has-post-thumbnail","hentry","category-zpravy"],"_links":{"self":[{"href":"https:\/\/www.invarena.cz\/index.php?rest_route=\/wp\/v2\/posts\/55222","targetHints":{"allow":["GET"]}}],"collection":[{"href":"https:\/\/www.invarena.cz\/index.php?rest_route=\/wp\/v2\/posts"}],"about":[{"href":"https:\/\/www.invarena.cz\/index.php?rest_route=\/wp\/v2\/types\/post"}],"author":[{"embeddable":true,"href":"https:\/\/www.invarena.cz\/index.php?rest_route=\/wp\/v2\/users\/1"}],"replies":[{"embeddable":true,"href":"https:\/\/www.invarena.cz\/index.php?rest_route=%2Fwp%2Fv2%2Fcomments&post=55222"}],"version-history":[{"count":0,"href":"https:\/\/www.invarena.cz\/index.php?rest_route=\/wp\/v2\/posts\/55222\/revisions"}],"wp:featuredmedia":[{"embeddable":true,"href":"https:\/\/www.invarena.cz\/index.php?rest_route=\/wp\/v2\/media\/4002"}],"wp:attachment":[{"href":"https:\/\/www.invarena.cz\/index.php?rest_route=%2Fwp%2Fv2%2Fmedia&parent=55222"}],"wp:term":[{"taxonomy":"category","embeddable":true,"href":"https:\/\/www.invarena.cz\/index.php?rest_route=%2Fwp%2Fv2%2Fcategories&post=55222"},{"taxonomy":"post_tag","embeddable":true,"href":"https:\/\/www.invarena.cz\/index.php?rest_route=%2Fwp%2Fv2%2Ftags&post=55222"}],"curies":[{"name":"wp","href":"https:\/\/api.w.org\/{rel}","templated":true}]}}