{"id":55225,"date":"2025-02-25T05:54:49","date_gmt":"2025-02-25T04:54:49","guid":{"rendered":"https:\/\/www.invarena.cz\/?p=55225"},"modified":"2025-02-25T05:54:52","modified_gmt":"2025-02-25T04:54:52","slug":"co-je-neformalni-pece-jak-na-ni-cerpat-prispevek","status":"publish","type":"post","link":"https:\/\/www.invarena.cz\/?p=55225","title":{"rendered":"Co je neform\u00e1ln\u00ed p\u00e9\u010de, jak na ni \u010derpat p\u0159\u00edsp\u011bvek\u00a0\u00a0"},"content":{"rendered":"\n<p>\u010cRo &#8211; Hradec Kr\u00e1lov\u00e9\u00a0&#8211; Radioporadna<br \/><br \/>dnes se budeme na frekvenc\u00edch \u010cesk\u00e9ho rozhlasu Hradec Kr\u00e1lov\u00e9 v\u011bnovat soci\u00e1ln\u00edm slu\u017eb\u00e1m a tzv. neform\u00e1ln\u00ed p\u00e9\u010di. Hned vysv\u011btl\u00edme, o co se jedn\u00e1, hned vysv\u011btl\u00edme, jak\u00e9 tam lid\u00e9, a\u0165 u\u017e pe\u010duj\u00edc\u00ed, nebo ty osoby, o kter\u00e9 je pe\u010dov\u00e1no, maj\u00ed mo\u017enosti. Proto\u017ee dnes tady m\u00e1m hned t\u0159i d\u00e1my, t\u0159i hosty, kter\u00e9 se v tom vyznaj\u00ed a v\u0161echno n\u00e1m vysv\u011btl\u00ed, tak za\u010dneme tady od moj\u00ed lev\u00e9 ruky, co\u017e je pan\u00ed Jana \u010cudejkov\u00e1, vedouc\u00ed soci\u00e1ln\u00ed slu\u017eby denn\u00edho stacion\u00e1\u0159e Seraf\u00edna pod oblastn\u00ed charitou ve Dvo\u0159e Kr\u00e1lov\u00e9 nad Labem. No, a tak je tady s n\u00e1mi i \u0160t\u011bp\u00e1nka Kin Kot\u00fdnkov\u00e1 z \u00da\u0159adu pr\u00e1ce v Hradci Kr\u00e1lov\u00e9, dobr\u00e9 dopoledne i v\u00e1m. No, a dal\u0161\u00edm na\u0161\u00edm hostem je Kate\u0159ina Pi\u0161torov\u00e1, vedouc\u00ed odboru \u0161kolstv\u00ed, kultury a soci\u00e1ln\u00edch v\u011bc\u00ed na M\u011bstsk\u00e9m \u00fa\u0159ad\u011b ve Dvo\u0159e Kr\u00e1lov\u00e9 nad Labem. Tak i v\u00e1m p\u0159eju dobr\u00fd den. Tak a poj\u010fme na to, d\u00e1my, poj\u010fme se te\u010f zam\u011b\u0159it na to, co je to vlastn\u011b ta neform\u00e1ln\u00ed p\u00e9\u010de a koho se t\u00fdk\u00e1, kdo je tzv. neform\u00e1ln\u00edm pe\u010dovatelem.<br \/><br \/>mluv\u010d\u00ed 3,<br \/>&#8212;&#8212;&#8212;&#8212;&#8212;&#8212;&#8211;<br \/>Neform\u00e1ln\u00ed pe\u010dovatel, jsou vlastn\u011b neprofesion\u00e1ln\u00ed pe\u010dovatel\u00e9, to znamen\u00e1, m\u016f\u017ee to b\u00fdt rodinn\u00fd p\u0159\u00edslu\u0161n\u00edk, m\u016f\u017ee to b\u00fdt o osoba z \u0161ir\u0161\u00ed rodiny, m\u016f\u017ee to b\u00fdt tak\u00e9 zn\u00e1m\u00fd soused, p\u0159\u00e1tel\u00e9, jsou to osoby, kter\u00e9 nemaj\u00ed specifick\u00e9 odborn\u00e9 vzd\u011bl\u00e1n\u00ed a nejsou za tuto pomoc a za tuto p\u00e9\u010di placeni.<br \/><br \/>Jana Kudyvejsov\u00e1, moder\u00e1torka<br \/>&#8212;&#8212;&#8212;&#8212;&#8212;&#8212;&#8211;<br \/>To znamen\u00e1, \u017ee tam asi tak\u00e9 budeme rozli\u0161ovat, jestli ten \u010dlov\u011bk u toho chod\u00ed do pr\u00e1ce nebo nechod\u00ed do zam\u011bstn\u00e1n\u00ed. Od toho pak se mo\u017en\u00e1 odv\u00edj\u00ed taky dal\u0161\u00ed z\u00e1le\u017eitosti. Jsou tam tyhle ty dv\u011b mo\u017enosti, \u017ee se m\u016f\u017ee \u00fapln\u011b v\u011bnovat t\u00e9 p\u00e9\u010di, to znamen\u00e1, \u017ee p\u0159eru\u0161\u00ed svoje pracovn\u00ed aktivity.<br \/><br \/>mluv\u010d\u00ed 3,<br \/>&#8212;&#8212;&#8212;&#8212;&#8212;&#8212;&#8211;<br \/>M\u016f\u017ee \u010derpat nap\u0159\u00edklad dlouhodob\u00e9 o\u0161et\u0159ovn\u00e9, po ukon\u010den\u00ed hospitalizace seniora nebo t\u00e9 osoby, kter\u00e1 je z\u00e1visl\u00e1 na p\u00e9\u010di, mus\u00ed l\u00e9ka\u0159 ze zdravotnick\u00e9ho l\u016f\u017ekov\u00e9ho za\u0159\u00edzen\u00ed p\u0159edepsat dlouhodob\u00e9 o\u0161et\u0159ovn\u00e9, pak m\u016f\u017ee ta pe\u010duj\u00edc\u00ed osoba pe\u010dovat o toho sv\u00e9ho bl\u00edzk\u00e9ho s t\u00edm, \u017ee p\u0159eru\u0161\u00ed zam\u011bstn\u00e1n\u00ed, je to zase se souhlasem zam\u011bstnavatele, ale pokud by nevyhov\u011bl tomu \u017eadateli, tak k tomu mus\u00ed m\u00edt v\u00e1\u017en\u00fd d\u016fvod. Tak\u017ee tam lze \u010derpat potom dlouhodob\u00e9 o\u0161et\u0159ovn\u00e9 a m\u016f\u017ee celodenn\u011b pe\u010dovat a pak samoz\u0159ejm\u011b jsou pe\u010duj\u00edc\u00ed, kte\u0159\u00ed u toho mohou i pracovat za podpory r\u016fzn\u00fdch soci\u00e1ln\u00edch slu\u017eeb, jsou to v\u011bt\u0161inou slu\u017eby ter\u00e9nn\u00ed, jako je pe\u010dovatelsk\u00e1 slu\u017eba osobn\u00ed asistence, m\u016f\u017ee to b\u00fdt tak\u00e9 t\u00eds\u0148ov\u00e1 p\u00e9\u010de, anebo i denn\u00ed stacion\u00e1\u0159, co\u017e je ambulantn\u00ed slu\u017eba, a pak se na t\u00e9to p\u00e9\u010di pod\u00edl\u00ed pr\u00e1v\u011b ta osoba pe\u010duj\u00edc\u00ed spole\u010dn\u011b se slu\u017ebami.<br \/><br \/> moder\u00e1torka<br \/>&#8212;&#8212;&#8212;&#8212;&#8212;&#8212;&#8211;<br \/>Tak to je neform\u00e1ln\u00ed p\u00e9\u010de. T\u00e9ma na\u0161\u00ed dne\u0161n\u00ed radioporadny. Pokud byste m\u011bli k tomu dotazy, tak n\u00e1m ur\u010dit\u011b zavolejte na 726 46, 46, 46 nebo p\u0159ipomenu je\u0161t\u011b na\u0161i emailovou adresu studio hradec@rozhlas.cz.  A te\u010f ur\u010dit\u011b na\u0161e poslucha\u010de budou zaj\u00edmat nejv\u00edce ty p\u0159\u00edsp\u011bvky a d\u00e1vky. Ale poj\u010fme na to od za\u010d\u00e1tku. Kdy\u017e dojde k t\u00e9 situaci, \u017ee rodina se rozhodne, \u017ee bude pe\u010dovat, jak\u00e9 by m\u011bly b\u00fdt ty prvn\u00ed kroky?<br \/><br \/>mluv\u010d\u00ed 3,<br \/>&#8212;&#8212;&#8212;&#8212;&#8212;&#8212;&#8211;<br \/>Pe\u010duj\u00edc\u00ed? \u010casto nemaj\u00ed informace a j\u00e1 bych doporu\u010dila. Nejsnadn\u011bj\u0161\u00ed pro n\u011b je bu\u010f oslovit praktick\u00e9ho l\u00e9ka\u0159e, ale samoz\u0159ejm\u011b l\u00e9ka\u0159 \u010dasto nem\u00e1 prostor pro to, aby pomohl vytipovat vhodn\u00e9 soci\u00e1ln\u00ed slu\u017eby. Pak jsou tady soci\u00e1ln\u00ed pracovnice na m\u011bstsk\u00fdch \u00fa\u0159adech, kter\u00e9 jsou pr\u00e1v\u011b proto, aby pomohly pe\u010duj\u00edc\u00ed osob\u011b zorientovat se v nab\u00eddce soci\u00e1ln\u00edch slu\u017eeb, kter\u00e1 je na Kr\u00e1lov\u00e9dvorsku velmi rozs\u00e1hl\u00e1 a \u0161irok\u00e1 a pomohou tak\u00e9 se zorientovat v d\u00e1vkov\u00e9m syst\u00e9mu. Tak to by mohl b\u00fdt ten za\u010d\u00e1tek, kde mohou za\u010d\u00edt, na koho se mohou obr\u00e1tit<br \/><br \/>moder\u00e1torka<br \/>&#8212;&#8212;&#8212;&#8212;&#8212;&#8212;&#8211;<br \/>A pak ur\u010dit\u011b taky nastane ot\u00e1zka, \u017ee se budou muset rozhodnout, kdo se stane tou hlavn\u00ed pe\u010duj\u00edc\u00ed osobou a jak vy\u0159e\u0161\u00ed svoji situaci. Jak jsme o tom mluvili, jestli bude k tomu chodit i do zam\u011bstn\u00e1n\u00ed, nebo jestli p\u0159eru\u0161\u00ed pracovn\u00ed aktivity. No, a pak se nab\u00edz\u00ed samoz\u0159ejm\u011b ta ot\u00e1zka r\u016fzn\u00fdch p\u0159\u00edsp\u011bvk\u016f, kter\u00e9 ur\u010dit\u011b jsou pot\u0159eba, kam se se \u017e\u00e1dost\u00ed obr\u00e1tit a na co v\u016fbec vlastn\u011b v\u0161echno m\u00e1me n\u00e1rok.<br \/><br \/>mluv\u010d\u00ed 3,<br \/>&#8212;&#8212;&#8212;&#8212;&#8212;&#8212;&#8211;<br \/>Tak tuhle pomoc poskytuje \u00da\u0159ad pr\u00e1ce, kter\u00fd poskytuje nepojistn\u00e9 soci\u00e1ln\u00ed d\u00e1vky. A tou typickou pro ty osoby pe\u010duj\u00edc\u00ed, kter\u00e1 se v t\u00e9 rodin\u011b vyu\u017e\u00edv\u00e1, je tzv. p\u0159\u00edsp\u011bvek na p\u00e9\u010di, je to d\u00e1vka, kter\u00e1 je teda ur\u010den\u00e1 opr\u00e1vn\u011bn\u00e9 osoby, co\u017e je ta osoba, kter\u00e1 pot\u0159ebuje tu p\u00e9\u010di, m\u00e1 n\u011bjak\u00fd dlouhodob\u011b nep\u0159\u00edzniv\u00fd zdravotn\u00ed stav a pot\u0159ebuje pomoc se zvl\u00e1d\u00e1n\u00edm t\u011bch z\u00e1kladn\u00edch \u017eivotn\u00edch pot\u0159eb. A pr\u00e1v\u011b na \u00fa\u0159ad\u011b pr\u00e1ce tam s t\u00edm jsou schopni ur\u010dit\u011b poradit kolegov\u00e9, kolegyn\u011b a ta osoba pe\u010duj\u00edc\u00ed je tam d\u016fle\u017eit\u00e1, proto\u017ee u\u017e p\u0159i t\u00e9 \u017e\u00e1dosti vlastn\u011b o tenhle ten p\u0159\u00edsp\u011bvek se mus\u00ed definovat, kdo o tu osobu bude pe\u010dovat a tahle ta d\u00e1vka, p\u0159\u00edsp\u011bvek na p\u00e9\u010di je ur\u010dena jak pro ty osoby, o kter\u00e9 pe\u010duje t\u0159eba rodina nebo n\u011bjak\u00fd soused, kamar\u00e1d, zn\u00e1m\u00fd, ale tak\u00e9 je to na \u00fahradu jak t\u011bch ter\u00e9nn\u00edch slu\u017eeb, tak i pobytov\u00fdch soci\u00e1ln\u00edch slu\u017eeb, jako je t\u0159eba domov pro seniory, tak\u017ee tam je cel\u00e1 \u0161k\u00e1la mo\u017enost\u00ed, kdo o tu osobu m\u016f\u017ee pe\u010dovat a je to vlastn\u011b o tom, \u017ee osoba si sama rozhodne, komu za tu p\u00e9\u010di bude hradit a na to vyu\u017eije pr\u00e1v\u011b tenhle ten p\u0159\u00edsp\u011bvek na p\u00e9\u010di.<br \/><br \/>moder\u00e1torka<br \/>&#8212;&#8212;&#8212;&#8212;&#8212;&#8212;&#8211;<br \/>Tam samoz\u0159ejm\u011b v\u0161echno vypl\u0148ujeme a jak bylo zm\u00edn\u011bno, na tom, nebo v\u00fd\u0161e t\u011bch d\u00e1vek t\u011bch p\u0159\u00edsp\u011bvk\u016f z\u00e1vis\u00ed na tom, jestli pr\u00e1v\u011b pe\u010duje t\u0159eba p\u0159\u00edm\u00fd p\u0159\u00edbuzn\u00fd, nebo jestli je to n\u011bjak\u00fd kamar\u00e1d, n\u011bkdo z bl\u00edzk\u00e9ho okol\u00ed.<br \/><br \/>mluv\u010d\u00ed 3,<br \/>&#8212;&#8212;&#8212;&#8212;&#8212;&#8212;&#8211;<br \/>U v\u011bt\u0161iny t\u011bch stup\u0148\u016f, proto\u017ee ten p\u0159\u00edsp\u011bvek se vypl\u00e1c\u00ed ve \u010dty\u0159ech stupn\u00edch z\u00e1vislosti, ve \u010dty\u0159ech r\u016fzn\u00fdch \u010d\u00e1stk\u00e1ch de facto, tak u v\u011bt\u0161iny t\u011bch stup\u0148\u016f na tom nez\u00e1le\u017e\u00ed a\u017e na tom nejvy\u0161\u0161\u00edm stupni, kdy je ta \u00fapln\u00e1 z\u00e1vislost, kdy ta osoba u\u017e opravdu nen\u00ed schopn\u00e1 se sama o sebe postarat, tak m\u00e1me vy\u0161\u0161\u00ed p\u0159\u00edsp\u011bvek p\u0159i t\u00e9 dom\u00e1c\u00ed p\u00e9\u010di. Tam je u dosp\u011bl\u00fdch a\u017e 27 000 K\u010d, a kdy\u017e by ta osoba byla u pobytov\u00e9 soci\u00e1ln\u00ed slu\u017eby, tak tam m\u00ed\u0159\u00ed pouze 23 000 K\u010d, ale v t\u011bch ostatn\u00edch stupn\u00edch, tam je ta \u010d\u00e1stka stejn\u00e1, ale vlastn\u011b je d\u016fle\u017eit\u00e9, aby byly ohl\u00e1\u0161eny v\u0161echny ty pe\u010duj\u00edc\u00ed osoby a \u00da\u0159ad pr\u00e1ce o tom m\u011bl p\u0159\u00edpadn\u011b p\u0159ehled.. A pak to pro ty pe\u010duj\u00edc\u00ed m\u00e1 dal\u0161\u00ed vlastn\u011b konsekvence, hrazen\u00ed pojistn\u00e9ho a tak d\u00e1l.<br \/><br \/>moder\u00e1torka<br \/>&#8212;&#8212;&#8212;&#8212;&#8212;&#8212;&#8211;<br \/>A co se t\u00fdk\u00e1 v\u00fd\u0161ky p\u0159\u00edsp\u011bvku, z\u00e1le\u017e\u00ed to i na tom, pokud t\u0159eba ta pe\u010duj\u00edc\u00ed osoba \u017eije v man\u017eelsk\u00e9m svazku a ten druh\u00fd z man\u017eel\u016f chod\u00ed do pr\u00e1ce.<br \/><br \/>mluv\u010d\u00ed 3,<br \/>&#8212;&#8212;&#8212;&#8212;&#8212;&#8212;&#8211;<br \/>Ne, tohleto v\u016fbec. Nez\u00e1visle na p\u0159\u00edjmu je to odvozen\u00e9 od t\u00e9 pot\u0159eby t\u00e9 p\u00e9\u010de. Ono se to odstup\u0148uje od toho, kolik vlastn\u011b ta osoba nezvl\u00e1d\u00e1 tzv. z\u00e1kladn\u00edch \u017eivotn\u00edch pot\u0159eb, kter\u00fdch je 10, tak\u017ee podle toho, kolik jich m\u00e1 uznan\u00fdch jako nezvl\u00e1dan\u00fdch, tak se od toho odvozuje ta v\u00fd\u0161e toho p\u0159\u00edsp\u011bvku a v\u0161echno to z\u00e1vis\u00ed na posouzen\u00ed zdravotn\u00edho stavu, kter\u00e9 prov\u00e1d\u00ed institut posuzov\u00e1n\u00ed zdravotn\u00edho stavu, co\u017e je vlastn\u011b jin\u00fd \u00fa\u0159ad ne\u017e \u00da\u0159ad pr\u00e1ce, spad\u00e1 pod \u010ceskou spr\u00e1vu soci\u00e1ln\u00edho zabezpe\u010den\u00ed. A tam pracuj\u00ed posudkov\u00ed l\u00e9ka\u0159i, kte\u0159\u00ed posuzuj\u00ed ten zdravotn\u00ed stav. Tuhle informaci pak po\u0161lou na \u00da\u0159ad pr\u00e1ce a od toho se prim\u00e1rn\u011b odvozuje ta v\u00fd\u0161e p\u0159\u00edsp\u011bvku, ale vykon\u00e1v\u00e1 se tam je\u0161t\u011b tzv. soci\u00e1ln\u00ed \u0161et\u0159en\u00ed, na kter\u00e9 chod\u00ed soci\u00e1ln\u00ed pracovn\u00edci \u00da\u0159adu pr\u00e1ce a tam zji\u0161\u0165uj\u00ed schopnost t\u00e9 osoby pr\u00e1v\u011b samostatn\u00e9ho \u017eivota v t\u00e9 dom\u00e1cnosti, jak na tom ta rodina je, jak, jak\u00e1 je situace s tou p\u00e9\u010d\u00ed. A vlastn\u011b vykon\u00e1vaj\u00ed z toho z\u00e1znam, a to se pak poskytuje t\u011bm l\u00e9ka\u0159\u016fm, a ti na z\u00e1klad\u011b dal\u0161\u00edch podklad\u016f, t\u0159eba l\u00e9ka\u0159sk\u00fdch zpr\u00e1v, v\u0161eho, \u0159eknou, jak\u00fd stupe\u0148 mi tam n\u00e1le\u017eel a v jak\u00e9 p\u0159\u00edpadn\u011b ta d\u00e1vka bude vypl\u00e1cet v p\u0159\u00edpad\u011b, \u017ee bude p\u0159izn\u00e1na.<br \/><br \/>Jana Kudyvejsov\u00e1, moder\u00e1torka<br \/>&#8212;&#8212;&#8212;&#8212;&#8212;&#8212;&#8211;<br \/>To znamen\u00e1, \u017ee ten pe\u010dovatel \u017e\u00e1dn\u00fd plat za to nedost\u00e1v\u00e1, ale ta osoba, o kterou je pe\u010dov\u00e1no, dost\u00e1v\u00e1 p\u0159\u00edsp\u011bvek a z toho m\u016f\u017ee, ano.<br \/><br \/>mluv\u010d\u00ed 3,<br \/>&#8212;&#8212;&#8212;&#8212;&#8212;&#8212;&#8211;<br \/>P\u0159esn\u011b tak.<br \/><br \/>Jana Kudyvejsov\u00e1, moder\u00e1torka<br \/>&#8212;&#8212;&#8212;&#8212;&#8212;&#8212;&#8211;<br \/>tu p\u00e9\u010di zaplatit.<br \/><br \/>mluv\u010d\u00ed 3,<br \/>&#8212;&#8212;&#8212;&#8212;&#8212;&#8212;&#8211;<br \/>D\u00e1vka je ur\u010dena na to, aby se vlastn\u011b vyu\u017eila na tu p\u00e9\u010di, tak\u017ee de facto, kdy\u017e je ohl\u00e1\u0161eno t\u0159eba dv\u011b pe\u010duj\u00edc\u00ed osoby, tak by se to podle toho, jak se pod\u00edl\u00ed na t\u00e9 p\u00e9\u010di, ten p\u0159\u00edsp\u011bvek m\u011bl rozd\u011blit vlastn\u011b t\u011bm osob\u00e1m jako \u00fahrada za tu p\u00e9\u010di, ale nen\u00ed to vylo\u017een\u011b my\u0161leno jako plat.<br \/><br \/>moder\u00e1torka<br \/>&#8212;&#8212;&#8212;&#8212;&#8212;&#8212;&#8211;<br \/>Neform\u00e1ln\u00ed p\u00e9\u010de&#8230; a poj\u010fme doplnit &#8211; je\u0161t\u011b je n\u00e1rok pro n\u011bjak\u00e9 dal\u0161\u00ed je\u0161t\u011b \u017e\u00e1dosti t\u0159eba na d\u00e1vky, na p\u0159\u00edsp\u011bvky na zdravotn\u00ed pom\u016fcky a podobn\u011b.<br \/><br \/>mluv\u010d\u00ed 3,<br \/>&#8212;&#8212;&#8212;&#8212;&#8212;&#8212;&#8211;<br \/>Tak je\u0161t\u011b u \u00da\u0159adu pr\u00e1ce je mo\u017en\u00e9 vy\u0159\u00eddit tzv. pr\u016fkaz pro osoby se zdravotn\u00edm posti\u017een\u00edm, co\u017e je vlastn\u011b ve\u0159ejn\u00e1 listina, karti\u010dka, kter\u00e1 oprav\u0148uje ty dr\u017eitele \u010derpat r\u016fzn\u00e9 v\u00fdhody, nap\u0159\u00edklad slevu na dopravu nebo n\u011bjak\u00e9 slevy na kulturn\u00ed vstupy a podobn\u011b, tak\u017ee to je pr\u016fkaz pro osoby se zdravotn\u00edm posti\u017een\u00edm, to nen\u00ed d\u00e1vka, ale od toho pr\u016fkazu se odvozuje je\u0161t\u011b p\u0159\u00edsp\u011bvek na mobilitu, t\u00edm \u00da\u0159ad pr\u00e1ce p\u0159isp\u00edv\u00e1 na dopravu t\u011bm osob\u00e1m s n\u011bjak\u00fdm zdravotn\u00edm posti\u017een\u00edm. Ten je ve v\u00fd\u0161i 900 K\u010d m\u011bs\u00ed\u010dn\u011b a ten je odvozen od n\u00e1roku na ten pr\u016fkaz, tak\u017ee vlastn\u011b kdy\u017e maj\u00ed klienti n\u00e1rok na stupe\u0148\u00a0<strong>ZTP<\/strong>\u00a0nebo\u00a0<strong>ZTP<\/strong>\/p, tak pak mohou \u010derpat i ten p\u0159\u00edsp\u011bvek na mobilitu, no, a posledn\u00ed d\u00e1vkou, to je takov\u00e1 velk\u00e1 komplexn\u00ed v\u011bc, to je p\u0159\u00edsp\u011bvek na zvl\u00e1\u0161tn\u00ed pom\u016fcku a pod t\u00edm se skr\u00fdv\u00e1 spoustu r\u016fzn\u00fdch p\u0159\u00edsp\u011bvk\u016f na kompenza\u010dn\u00ed pom\u016fcky, \u00da\u0159ad pr\u00e1ce nep\u0159isp\u00edv\u00e1 na zdravotn\u00ed pom\u016fcky, to se \u010derp\u00e1 v\u011bt\u0161inou ze zdravotn\u00edho poji\u0161t\u011bn\u00ed, ale p\u0159isp\u00edv\u00e1me nap\u0159\u00edklad na motorov\u00e9 vozidlo a jeho \u00fapravu, na \u00fapravu bytu, t\u0159eba koupelny, kdy\u017e se p\u0159estavuje, m\u011bn\u00ed se t\u0159eba vana za sprchov\u00fd kout nebo pak m\u00e1me p\u0159\u00edsp\u011bvky t\u0159eba na pom\u016fcky pro osoby se zrakov\u00fdm posti\u017een\u00edm, na r\u016fzn\u00e9 kamerov\u00e9 lupy, digit\u00e1ln\u00ed z\u00e1pisn\u00edky. A je toho cel\u00e1 \u0161k\u00e1la. Tak\u017ee v p\u0159\u00edpad\u011b, \u017ee by m\u011bl n\u011bkdo z\u00e1jem, tak je asi dobr\u00fd n\u00e1pad se informovat p\u0159\u00edmo u koleg\u016f kolegy\u0148 na \u00da\u0159adu pr\u00e1ce, jak\u00e9 jsou tam v\u0161echno mo\u017enosti.<br \/><br \/>Jana Kudyvejsov\u00e1, moder\u00e1torka<br \/>&#8212;&#8212;&#8212;&#8212;&#8212;&#8212;&#8211;<br \/>A pak je to zase na z\u00e1klad\u011b n\u011bjak\u00e9ho individu\u00e1ln\u00edho posouzen\u00ed.<br \/><br \/>mluv\u010d\u00ed 3,<br \/>&#8212;&#8212;&#8212;&#8212;&#8212;&#8212;&#8211;<br \/>Ano, p\u0159esn\u011b tak, zase se to odvozuje od zdravotn\u00edho stavu, tak\u017ee my zjist\u00edme, o kterou tu pom\u016fcku m\u00e1 klient z\u00e1jem a po\u017e\u00e1d\u00e1me zase institut posuzov\u00e1n\u00ed zdravotn\u00edho stavu o posouzen\u00ed zdravotn\u00edho stavu a podle toho, zda osoba spl\u0148uje ten zdravotn\u00ed stav, tak je p\u0159\u00edpadn\u011b p\u0159izn\u00e1na nebo nep\u0159izn\u00e1na ta d\u00e1vka, ten p\u0159\u00edsp\u011bvek.<br \/><br \/>Jana Kudyvejsov\u00e1, moder\u00e1torka<br \/>&#8212;&#8212;&#8212;&#8212;&#8212;&#8212;&#8211;<br \/>A co se t\u00fdk\u00e1 t\u011bch pe\u010duj\u00edc\u00edch osob, tak je\u0161t\u011b jednou poj\u010fme shrnout, pro v\u00e1s nen\u00ed rozhoduj\u00edc\u00ed \u017e\u00e1dn\u00fdm zp\u016fsobem, jestli tedy chod\u00ed do pr\u00e1ce nebo nechod\u00ed do pr\u00e1ce.<br \/><br \/>mluv\u010d\u00ed 3,<br \/>&#8212;&#8212;&#8212;&#8212;&#8212;&#8212;&#8211;<br \/>Ne, ne. U p\u0159\u00edsp\u011bvku na p\u00e9\u010di je to tak, \u017ee bu\u010f pe\u010duje osoba bl\u00edzk\u00e1, tam nejsou vlastn\u011b \u017e\u00e1dn\u00e9 dal\u0161\u00ed podm\u00ednky nebo pe\u010duje n\u011bjak\u00fd zn\u00e1m\u00fd soused, ne osoba p\u0159\u00edmo z rodiny, tak tam jedin\u00e9, co, tak ten se stane tzv. asistentem soci\u00e1ln\u00ed p\u00e9\u010de a je pot\u0159eba, aby tam byla seps\u00e1na p\u00edsemn\u00e1 smlouva. No, ale my nesledujeme vlastn\u011b, jestli ta osoba pe\u010duj\u00edc\u00ed chod\u00ed nebo nechod\u00ed do pr\u00e1ce, to pro n\u00e1s nen\u00ed d\u016fle\u017eit\u00e9, je d\u016fle\u017eit\u00e9, zda je obstar\u00e1na ta p\u00e9\u010de.<br \/><br \/>moder\u00e1torka<br \/>&#8212;&#8212;&#8212;&#8212;&#8212;&#8212;&#8211;<br \/>Ano, no, a je\u0161t\u011b pr\u00e1v\u011b pro ty pe\u010dovatele bude d\u016fle\u017eit\u00e1 informace, jak je to se zdravotn\u00edm, soci\u00e1ln\u00edm poji\u0161t\u011bn\u00edm a t\u0159eba zapo\u010d\u00edt\u00e1v\u00e1n\u00edm d\u016fchod\u016f.<br \/><br \/>mluv\u010d\u00ed 3,<br \/>&#8212;&#8212;&#8212;&#8212;&#8212;&#8212;&#8211;<br \/>Tak st\u00e1t hrad\u00ed zdravotn\u00ed poji\u0161t\u011bn\u00ed za osoby, kter\u00e9 pe\u010duj\u00ed o osoby ve stupni 2, 3 a \u010dty\u0159i, u toho p\u0159\u00edsp\u011bvku na p\u00e9\u010di a u d\u011bt\u00ed do 10 let je to i z\u00e1visl\u00e9 v prvn\u00edm stupni, no, a z\u00e1rove\u0148 se zapo\u010d\u00edt\u00e1 ta doba p\u00e9\u010de jako n\u00e1hradn\u00ed doba pro d\u016fchodov\u00e9 poji\u0161t\u011bn\u00ed tak\u00e9 u t\u011bch osob, co pe\u010duj\u00ed ve druh\u00e9m, t\u0159et\u00edm a \u010dtvrt\u00e9m stupni.<br \/><br \/>moder\u00e1torka<br \/>&#8212;&#8212;&#8212;&#8212;&#8212;&#8212;&#8211;<br \/>A my u\u017e se te\u010f pomalu, abychom to v\u0161echno stihli, taky, dostaneme asi k t\u011bm soci\u00e1ln\u00edm slu\u017eb\u00e1m, proto\u017ee ty osoby tedy pob\u00edraj\u00ed n\u011bjak\u00fd p\u0159\u00edsp\u011bvek na p\u00e9\u010di, tak z toho je tedy mo\u017en\u00e9 t\u0159eba i vz\u00edt pen\u00edze a zaplatit n\u011bjakou odleh\u010dovac\u00ed slu\u017ebu, te\u010f odleh\u010dovac\u00ed, j\u00e1 mysl\u00edm ve sv\u00e9m smyslu jako n\u011bjakou pomoc, proto\u017ee odleh\u010dovac\u00ed slu\u017eba, to je samoz\u0159ejm\u011b samostatn\u00fd pojem, ale poj\u010fme mluvit o tom, kdy\u017e by ten pe\u010dovatel chodil do pr\u00e1ce, tak samoz\u0159ejm\u011b pot\u0159ebuje odej\u00edt na n\u011bjakou dobu z t\u00e9 dom\u00e1cnosti, m\u016f\u017ee poprosit pe\u010dovatelskou slu\u017ebu. Jak\u00e9 jsou v\u016fbec mo\u017enosti?<br \/><br \/>mluv\u010d\u00ed 3,<br \/>&#8212;&#8212;&#8212;&#8212;&#8212;&#8212;&#8211;<br \/>Ano, m\u00e1te pravdu, \u017ee odleh\u010dovac\u00ed slu\u017eba je n\u011bco jin\u00e9ho a tady se v tomhle p\u0159\u00edpad\u011b budeme bavit o ter\u00e9nn\u00edch a ambulantn\u00edch slu\u017eb\u00e1ch, ter\u00e9nn\u00ed slu\u017eba je ta slu\u017eba, kter\u00e1 p\u0159ijde za v\u00e1mi dom\u016f, tak nap\u0159\u00edklad pe\u010dovatelsk\u00e1 slu\u017eba, osobn\u00ed asistence a ty ambulantn\u00ed slu\u017eby, kter\u00fd by mohly v tomhle p\u0159\u00edpad\u011b pomoci, tak to jsou t\u0159eba denn\u00ed stacion\u00e1\u0159e a v tom denn\u00ed stacion\u00e1\u0159i je tak jako za\u017eit\u00fd, \u017ee to je pro lidi s ment\u00e1ln\u00edm posti\u017een\u00edm, ale nen\u00ed to pravda. M\u016f\u017eou to b\u00fdt i pro seniory, tak\u017ee je dobr\u00e9 se informovat, kter\u00e9 vlastn\u011b ambulantn\u00ed slu\u017eby jsou v tom m\u011bst\u011b dan\u00e9&#8230;<br \/><br \/>Jana Kudyvejsov\u00e1, moder\u00e1torka<br \/>&#8212;&#8212;&#8212;&#8212;&#8212;&#8212;&#8211;<br \/>A kde najdou ty in informace? Pokud n\u011bkdo nen\u00ed zdatn\u00fd \u00fapln\u011b na internetu, tak mu ur\u010dit\u011b n\u011bkdo pom\u016f\u017ee, ale sp\u00ed\u0161 co p\u0159esn\u011b zad\u00e1vat, kam se pod\u00edvat, abychom zbyte\u010dn\u011b slo\u017eit\u011b nehledali.<br \/><br \/>mluv\u010d\u00ed 3,<br \/>&#8212;&#8212;&#8212;&#8212;&#8212;&#8212;&#8211;<br \/>Jak u\u017e \u0159\u00edkala tady Katka Pi\u0161torov\u00e1, tak je dobr\u00fd se objednat nebo sp\u00ed\u0161e se u\u017e uk\u00e1zat na m\u011bstsk\u00e9m \u00fa\u0159ad\u011b. A tam jsou soci\u00e1ln\u00ed pracovnice a ty maj\u00ed rozhled, p\u0159ehled o t\u011bchhle t\u011bch slu\u017eb\u00e1ch a r\u00e1di porad\u00ed.<br \/><br \/>Jana Kudyvejsov\u00e1, moder\u00e1torka<br \/>&#8212;&#8212;&#8212;&#8212;&#8212;&#8212;&#8211;<br \/>Nap\u0159\u00edklad pe\u010dovatelsk\u00e1 slu\u017eba, to jsou ale pe\u010dovatelky a pe\u010dovatel\u00e9, kte\u0159\u00ed asi nejsou zdravotn\u00ed sestry, tak\u017ee pom\u00e1haj\u00ed v n\u011bjak\u00fdch takov\u00fdch \u010dinnostech, jako t\u0159eba hygiena podobn\u011b.<br \/><br \/>mluv\u010d\u00ed 3,<br \/>&#8212;&#8212;&#8212;&#8212;&#8212;&#8212;&#8211;<br \/>Anebo i tr\u00e1ven\u00ed, n\u011bjak\u00e9 p\u0159\u00edjemn\u00e9 tr\u00e1ven\u00ed \u010dasu, ale pokud pot\u0159ebujete zdravotn\u00ed slu\u017ebu, tak existujou tak\u00e9 dom\u00e1c\u00ed p\u00e9\u010de, kter\u00fd doj\u00ed\u017ed\u011bj\u00ed pr\u00e1v\u011b za \u010dlov\u011bkem dom\u016f. Tam zase je pot\u0159eba, aby to bylo p\u0159edepsan\u00fd od l\u00e9ka\u0159e a ten vlastn\u011b tuhletu slu\u017ebu m\u016f\u017ee zajistit.<br \/><br \/>Jana Kudyvejsov\u00e1, moder\u00e1torka<br \/>&#8212;&#8212;&#8212;&#8212;&#8212;&#8212;&#8211;<br \/>Te\u010f tady m\u00e1me dotaz od jedn\u00e9 pan\u00ed poslucha\u010dky, kter\u00e1 necht\u011bla s n\u00e1mi mluvit p\u0159\u00edmo do vys\u00edl\u00e1n\u00ed. Ale m\u00e1 ve sv\u00e9m Bl\u00edzk\u00e9m okol\u00ed \u010dlov\u011bka 50 let plus, kter\u00fd m\u00e1 hodn\u011b zdravotn\u00edch probl\u00e9m\u016f. Ale jak jsme tady mluvili o tom, \u017ee pro p\u0159\u00edsp\u011bvek na p\u00e9\u010di je pot\u0159eba splnit n\u011bjak\u00fdch t\u011bch 10 bod\u016f, Tak on, \u017ee je nesplnil. A pan\u00ed poslucha\u010dka se pt\u00e1, co tedy s t\u00edm d\u011blat? Proto\u017ee zase. A zn\u00e1te ty p\u0159\u00edb\u011bhy, \u017ee zn\u00e1 jinou pan\u00ed, kter\u00e1 pob\u00edr\u00e1 p\u0159\u00edsp\u011bvek na auto a tak. Co d\u011blat, kdy\u017e \u010dlov\u011bk nespln\u00ed ty body a vlastn\u011b se dozv\u00ed, \u017ee nem\u00e1 n\u00e1rok na p\u0159\u00edsp\u011bvek na p\u00e9\u010di.<br \/><br \/>mluv\u010d\u00ed 3,<br \/>&#8212;&#8212;&#8212;&#8212;&#8212;&#8212;&#8211;<br \/>No, tak pro ten prvn\u00ed stupe\u0148 p\u0159\u00edsp\u011bvku na p\u00e9\u010di, kter\u00fd je u dosp\u011bl\u00e9ho, ve v\u00fd\u0161i 880 K\u010d m\u011bs\u00ed\u010dn\u011b, tak to je pot\u0159eba m\u00edt nezvl\u00e1dan\u00e9, uznan\u00e9 aspo\u0148 t\u0159i ty z\u00e1kladn\u00ed \u017eivotn\u00ed pot\u0159eby, tak\u017ee t\u011bch 10 to je pak u toho nejvy\u0161\u0161\u00edho stupn\u011b. \u010clov\u011bk, kter\u00fdmu je nep\u0159izn\u00e1na ta d\u00e1vka, tak se m\u016f\u017ee ur\u010dit\u011b odvolat, pokud nesouhlas\u00ed s t\u00edm posouzen\u00edm, tak\u017ee to je jedna varianta, pak je ur\u010dit\u011b varianta za n\u011bjak\u00fd \u010das, kdy\u017e se t\u0159eba je\u0161t\u011b zhor\u0161\u00ed ten stav, Po\u017e\u00e1dat znovu, p\u0159\u00edpadn\u011b zajistit si i v\u00edce podklad\u016f od r\u016fzn\u00fdch vy\u0161et\u0159en\u00ed, aby pak ten posudkov\u00fd l\u00e9ka\u0159 m\u011bl z \u010deho vych\u00e1zet p\u0159i tom posouzen\u00ed a samoz\u0159ejm\u011b je to hodn\u011b individu\u00e1ln\u00ed, nem\u016f\u017eeme zobec\u0148ovat a porovn\u00e1vat jednodu\u0161e ty situace t\u011bch r\u016fzn\u00fdch osob mezi sebou. A kdy\u017e zmi\u0148ovala pan\u00ed i n\u011bjak\u00e9 ty p\u0159\u00edsp\u011bvky na zvl\u00e1\u0161tn\u00ed pom\u016fcku, tak ty se zase posuzuj\u00ed podle jin\u00fdch krit\u00e9ri\u00ed, tak\u017ee je to takov\u00e9 slo\u017eit\u00e9.Ka\u017edop\u00e1dn\u011b je tam je\u0161t\u011b mo\u017enost nap\u0159\u00edklad po\u017e\u00e1dat i o\u00a0<strong>invalidn\u00ed<\/strong>\u00a0d\u016fchod, kter\u00fd se zase posuzuje jin\u00fdm zp\u016fsobem, tak\u017ee to je i dal\u0161\u00ed mo\u017enost podpory t\u011bchto osob.<br \/><br \/>Jana Kudyvejsov\u00e1, moder\u00e1torka<br \/>&#8212;&#8212;&#8212;&#8212;&#8212;&#8212;&#8211;<br \/>Ano, my se bav\u00edme o p\u00e9\u010di a o t\u011bch pe\u010duj\u00edc\u00edch, co\u017e samoz\u0159ejm\u011b je nelehk\u00e1 role. Je to velmi vy\u010derp\u00e1vaj\u00edc\u00ed, jak psychicky, tak fyzicky. U v\u00e1s ve Dvo\u0159e Kr\u00e1lov\u00e9 nad Labem existuje n\u011bjak\u00e1 sv\u00e9pomocn\u00e1 skupina. O co se jedn\u00e1, m\u016f\u017eete p\u0159edstavit, je to n\u011bjak\u00e1 podpora pr\u00e1v\u011b pro ty pe\u010duj\u00edc\u00ed.<br \/><br \/>mluv\u010d\u00ed 3,<br \/>&#8212;&#8212;&#8212;&#8212;&#8212;&#8212;&#8211;<br \/>Ano, je to podpora pro pe\u010duj\u00edc\u00ed, je to takov\u00e1 skupina lid\u00ed, kter\u00e1 se setk\u00e1v\u00e1 se soci\u00e1ln\u00edma pracovn\u00edkama, terapeutama. Ve Dvo\u0159e Kr\u00e1lov\u00e9 m\u00e1me dv\u011b takov\u00e9 skupiny, jedna funguje pr\u00e1v\u011b p\u0159i oblastn\u00ed charit\u011b Dv\u016fr Kr\u00e1lov\u00e9, a to je skupina pe\u010duj\u00edc\u00edch, kte\u0159\u00ed maj\u00ed doma \u010dlov\u011bka s ment\u00e1ln\u00edm posti\u017een\u00edm. A potom m\u00e1me je\u0161t\u011b jednu skupinu, kter\u00e1 funguje p\u0159i diakonii Dvor Kr\u00e1lov\u00e9 a tam se v\u011bnuj\u00ed lidem, kter\u00fd maj\u00ed n\u011bjak\u00fdm zp\u016fsobem demenci, Alzheimerovu chorobu a podobn\u00e9.<br \/><br \/>moder\u00e1torka<br \/>&#8212;&#8212;&#8212;&#8212;&#8212;&#8212;&#8211;<br \/>Pro\u010d je to d\u016fle\u017eit\u00e9? Takov\u00e1 podpora?<br \/><br \/>mluv\u010d\u00ed 3,<br \/>&#8212;&#8212;&#8212;&#8212;&#8212;&#8212;&#8211;<br \/>J\u00e1 kdy\u017e m\u016f\u017eu pozorovat na t\u011bch na\u0161ich rodi\u010d\u00edch, kdy\u017e se setk\u00e1vaj\u00ed, tak u\u017e se na to jednak t\u011b\u0161\u00ed, \u017ee si popov\u00eddaj\u00ed, jednak sd\u00edlen\u00ed se starost\u00ed i s radost\u00ed, tak je to podporuje, nenech\u00e1v\u00e1 je to v n\u011bjak\u00e9 soci\u00e1ln\u00ed izolaci, nejsou na to sami. A kdy\u017e vyjedeme jednou za rok na ten prodlou\u017een\u00fd v\u00edkend, tak vid\u00edme, jak ty rodi\u010de naberou novou s\u00edlu a je to radost pozorovat.<br \/><br \/>moder\u00e1torka<br \/>&#8212;&#8212;&#8212;&#8212;&#8212;&#8212;&#8211;<br \/>T\u00edm p\u00e1dem je to asi i v\u00fdzva pro pe\u010duj\u00edc\u00ed osoby, \u017ee je d\u016fle\u017eit\u00e9 pamatovat na sv\u00e9 psychick\u00e9 zdrav\u00ed, neodkl\u00e1dat to, \u010dasto ti lid\u00e9 zapom\u00ednaj\u00ed sami na sebe. Jenom\u017ee ono to pak \u010dlov\u011bka do\u017eene, asi ur\u010dit\u011b.<br \/><br \/>mluv\u010d\u00ed 3,<br \/>&#8212;&#8212;&#8212;&#8212;&#8212;&#8212;&#8211;<br \/>Ur\u010dit\u011b je dobr\u00fd \u0159\u00edci o tu pomoc a d\u0159\u00edv je\u0161t\u011b, ne\u017e m\u00e1m s\u00e1m n\u011bjak\u00e9 zdravotn\u00ed probl\u00e9my, \u0159\u00edci, \u017ee nemus\u00edm b\u00fdt na to s\u00e1m a neb\u00e1t se zeptat, proto\u017ee nikdo po nikom nechce, aby tam byl s\u00e1m a musel to zvl\u00e1dat s\u00e1m.<br \/><br \/>moder\u00e1torka<br \/>&#8212;&#8212;&#8212;&#8212;&#8212;&#8212;&#8211;<br \/>Vy jste p\u0159ijeli hlavn\u011b za Dv\u016fr Kr\u00e1lov\u00e9 nad Labem. Ale klidn\u011b to m\u016f\u017eeme vz\u00edt obecn\u011b je\u0161t\u011b jednou, kdy\u017e se vr\u00e1t\u00edme na za\u010d\u00e1tek. Pokud se n\u011bjak\u00e1 rodina rozhodne, \u017ee bude pe\u010dovat, kde najde ty vstupn\u00ed informace, ty nejd\u016fle\u017eit\u011bj\u0161\u00ed, kam se obr\u00e1tit.<br \/><br \/>mluv\u010d\u00ed 5,<br \/>&#8212;&#8212;&#8212;&#8212;&#8212;&#8212;&#8211;<br \/>Tak jak ji\u017e tady zazn\u011blo, tak samoz\u0159ejm\u011b mohou oslovit soci\u00e1ln\u00ed pracovnice, kter\u00e9 p\u016fsob\u00ed na v\u0161ech m\u011bstsk\u00fdch \u00fa\u0159adech a kter\u00e9 pomohou zorientovat se v t\u00e9 nab\u00eddce, v t\u00e9 prvotn\u00ed nab\u00eddce soci\u00e1ln\u00edch slu\u017eeb, proto\u017ee pro ty pe\u010duj\u00edc\u00ed&#8230;&#8230;Je ta situace nov\u00e1, nev\u011bd\u00ed, na co maj\u00ed n\u00e1rok, na koho se obr\u00e1tit, aby pr\u00e1v\u011b na tu p\u00e9\u010di nez\u016fst\u00e1vali sami, co\u017e je velmi d\u016fle\u017eit\u00e9 neb\u00e1t se \u0159\u00edci o tu pomoc, o tu podporu jak odborn\u00fdm slu\u017eb\u00e1m, l\u00e9ka\u0159\u016fm, ale tak\u00e9 pr\u00e1v\u011b soci\u00e1ln\u00edm pracovn\u00edk\u016fm. J\u00e1 bych r\u00e1da pozvala, vyu\u017eila t\u00e9to situace a cht\u011bla bych pozvat osoby pe\u010duj\u00edc\u00ed na konferenci pro neform\u00e1ln\u00ed pe\u010duj\u00edc\u00ed v dom\u00e1c\u00edm prost\u0159ed\u00ed, kter\u00e1 se te\u010f bude konat ve st\u0159edu 26. \u00fanora v Hankov\u011b dom\u011b ve Dvo\u0159e Kr\u00e1lov\u00e9 nad Labem. A kter\u00e1 je ur\u010den\u00e1 pr\u00e1v\u011b pro ty, kte\u0159\u00ed bu\u010f ji\u017e pe\u010duj\u00ed, anebo teprve za\u010d\u00ednaj\u00ed pe\u010dovat. Prvn\u00ed dopoledn\u00ed blok bude zam\u011b\u0159en na rodiny pe\u010duj\u00edc\u00ed o d\u011bti a dosp\u011bl\u00e9 se zdravotn\u00edm posti\u017een\u00edm a odpoledn\u00ed blok je zam\u011b\u0159en na pe\u010duj\u00edc\u00ed o seniory se syndromem demence. Tak\u017ee jste srde\u010dn\u011b zv\u00e1ni.<br \/><br \/>moder\u00e1torka<br \/>&#8212;&#8212;&#8212;&#8212;&#8212;&#8212;&#8211;<br \/>Je pot\u0159eba se n\u011bjak p\u0159edem p\u0159ihl\u00e1sit.<br \/><br \/>mluv\u010d\u00ed 5,<br \/>&#8212;&#8212;&#8212;&#8212;&#8212;&#8212;&#8211;<br \/>Je mo\u017en\u00e9 se p\u0159ihl\u00e1sit u kolegyn\u011b na telefonn\u00edm \u010d\u00edsle 731623108.<br \/><br \/> moder\u00e1torka<br \/>&#8212;&#8212;&#8212;&#8212;&#8212;&#8212;&#8211;<br \/>Tak\u017ee kon\u010d\u00edme dne\u0161n\u00ed radioporadnu t\u00edmto pozv\u00e1n\u00edm na st\u0159edu, te\u010f 26. \u00fanora do Hankova domu ve Dvo\u0159e Kr\u00e1lov\u00e9 nad Labem. A j\u00e1 d\u011bkuju na\u0161im host\u016fm, co\u017e byla Jana \u010cudejkov\u00e1, \u0160t\u011bp\u00e1nka Kinkotinkov\u00e1 a Kate\u0159ina Pi\u0161torov\u00e1, d\u011bkujeme za informace. <br \/><br \/><\/p>\n","protected":false},"excerpt":{"rendered":"<div class=\"mh-excerpt\"><p>\u010cRo &#8211; Hradec Kr\u00e1lov\u00e9\u00a0&#8211; Radioporadna dnes se budeme na frekvenc\u00edch \u010cesk\u00e9ho rozhlasu Hradec Kr\u00e1lov\u00e9 v\u011bnovat soci\u00e1ln\u00edm slu\u017eb\u00e1m a tzv. neform\u00e1ln\u00ed p\u00e9\u010di. Hned vysv\u011btl\u00edme, o co <a class=\"mh-excerpt-more\" href=\"https:\/\/www.invarena.cz\/?p=55225\" title=\"Co je neform\u00e1ln\u00ed p\u00e9\u010de, jak na ni \u010derpat p\u0159\u00edsp\u011bvek\u00a0\u00a0\">[&#8230;]<\/a><\/p>\n<\/div>","protected":false},"author":1,"featured_media":17812,"comment_status":"open","ping_status":"closed","sticky":false,"template":"","format":"standard","meta":{"footnotes":""},"categories":[9],"tags":[],"class_list":["post-55225","post","type-post","status-publish","format-standard","has-post-thumbnail","hentry","category-zpravy"],"_links":{"self":[{"href":"https:\/\/www.invarena.cz\/index.php?rest_route=\/wp\/v2\/posts\/55225","targetHints":{"allow":["GET"]}}],"collection":[{"href":"https:\/\/www.invarena.cz\/index.php?rest_route=\/wp\/v2\/posts"}],"about":[{"href":"https:\/\/www.invarena.cz\/index.php?rest_route=\/wp\/v2\/types\/post"}],"author":[{"embeddable":true,"href":"https:\/\/www.invarena.cz\/index.php?rest_route=\/wp\/v2\/users\/1"}],"replies":[{"embeddable":true,"href":"https:\/\/www.invarena.cz\/index.php?rest_route=%2Fwp%2Fv2%2Fcomments&post=55225"}],"version-history":[{"count":0,"href":"https:\/\/www.invarena.cz\/index.php?rest_route=\/wp\/v2\/posts\/55225\/revisions"}],"wp:featuredmedia":[{"embeddable":true,"href":"https:\/\/www.invarena.cz\/index.php?rest_route=\/wp\/v2\/media\/17812"}],"wp:attachment":[{"href":"https:\/\/www.invarena.cz\/index.php?rest_route=%2Fwp%2Fv2%2Fmedia&parent=55225"}],"wp:term":[{"taxonomy":"category","embeddable":true,"href":"https:\/\/www.invarena.cz\/index.php?rest_route=%2Fwp%2Fv2%2Fcategories&post=55225"},{"taxonomy":"post_tag","embeddable":true,"href":"https:\/\/www.invarena.cz\/index.php?rest_route=%2Fwp%2Fv2%2Ftags&post=55225"}],"curies":[{"name":"wp","href":"https:\/\/api.w.org\/{rel}","templated":true}]}}