{"id":55228,"date":"2025-02-25T06:02:16","date_gmt":"2025-02-25T05:02:16","guid":{"rendered":"https:\/\/www.invarena.cz\/?p=55228"},"modified":"2025-02-25T06:02:30","modified_gmt":"2025-02-25T05:02:30","slug":"zivot-ukrajinske-rodiny-s-dcerou-s-handicapem","status":"publish","type":"post","link":"https:\/\/www.invarena.cz\/?p=55228","title":{"rendered":"\u017divot ukrajinsk\u00e9 rodiny s dcerou s handicapem\u00a0\u00a0"},"content":{"rendered":"\n<p>\u010cT 1\u00a0<\/p>\n\n\n\n<p><br \/>A mnoz\u00ed Ukrajinci museli opustit rodnou zemi hned v prvn\u00edch dnech v\u00e1lky. P\u0159\u00edkladem je rodina dvan\u00e1ctilet\u00e9 d\u00edvky Jaroslavy, kter\u00e1 je kv\u016fli handicapu upoutan\u00e1 na l\u016f\u017eko. Za\u010d\u00e1tkem v\u00e1lky ji do bezpe\u010d\u00ed evakuovala skupina lid\u00ed z \u010ceska. Cel\u00e1 rodina te\u010f \u017eije v Pardubic\u00edch.<br \/><br \/>D\u00edvce doch\u00e1zely l\u00e9ky a cel\u00e9 rodin\u011b \u010das. Jaroslava trp\u00ed d\u011btskou mozkovou obrnou, epilepsi\u00ed a dal\u0161\u00edmi pot\u00ed\u017eemi. Nakonec se jej\u00ed matce Olze \u017du\u0148ov\u00e9 spolu s babi\u010dkou a t\u0159\u00edlet\u00fdm Kyrilem povedlo dostat do vlaku z Kyjeva sm\u011brem na z\u00e1pad, k hranici.<br \/><br \/>Olga \u017du\u0148ov\u00e1, matka\u00a0<strong>posti\u017een\u00e9<\/strong>\u00a0d\u00edvky<br \/>&#8212;&#8212;&#8212;&#8212;&#8212;&#8212;&#8211;<br \/>Prosila jsem pr\u016fvod\u010d\u00ed v prost\u0159edn\u00ed \u010d\u00e1sti vlaku, opravdu jsem ji p\u0159emlouvala, aby na\u0161la alespo\u0148 jedno m\u00edsto pro d\u00edt\u011b. Pak za\u010dala volat ostatn\u00edm pr\u016fvod\u010d\u00edm v dal\u0161\u00edch vagonech a pak \u0159ekla: b\u011b\u017ete, tam vzadu jedno m\u00edsto bude. A nakonec jsme m\u011bli \u0161t\u011bst\u00ed.<br \/><br \/>Tom\u00e1\u0161 Vlach, redaktor<br \/>&#8212;&#8212;&#8212;&#8212;&#8212;&#8212;&#8211;<br \/>Rodina Jaroslavy d\u00edky pomoci ihned po vystoupen\u00ed z vlaku p\u0159esedla do sanitky s Jakubem B\u0159ezinou za volantem a ta zam\u00ed\u0159ila k hranici. U\u017e na polsk\u00e9m \u00fazem\u00ed si ji p\u0159evzali mu\u017ei z ostravsk\u00e9 B\u00e1\u0148sk\u00e9 z\u00e1chrann\u00e9 slu\u017eby.<br \/><br \/>Jan Dubov\u00fd, z\u00e1chran\u00e1\u0159, B\u00e1\u0148sk\u00e1 z\u00e1chrann\u00e1 slu\u017eba, Ostrava<br \/>&#8212;&#8212;&#8212;&#8212;&#8212;&#8212;&#8211;<br \/>Nakonec na hranic\u00edch p\u011bti-, \u0161estihodinov\u00e9 \u010dek\u00e1n\u00ed, ne\u017e je pust\u00ed polsk\u00e1 strana, a najednou p\u0159evzet\u00ed.<br \/><br \/>Tom\u00e1\u0161 Vlach, redaktor<br \/>&#8212;&#8212;&#8212;&#8212;&#8212;&#8212;&#8211;<br \/>Dnes \u017eij\u00ed v centru Pardubic. S bydlen\u00edm jim pomohla \u010ceskobratrsk\u00e1 c\u00edrkev, ale z velk\u00e9 \u010d\u00e1sti se jim u\u017e povedlo postavit se na vlastn\u00ed nohy.<br \/><br \/>Olga \u017du\u0148ov\u00e1, matka\u00a0<strong>posti\u017een\u00e9<\/strong>\u00a0d\u00edvky<br \/>&#8212;&#8212;&#8212;&#8212;&#8212;&#8212;&#8211;<br \/>P\u0159ijeli jsme sem s jedn\u00edm kufrem a n\u011bkolika batohy. Te\u010f u\u017e jsme si n\u011bco po\u0159\u00eddili, v\u011bci a vybaven\u00ed. Ale za\u010d\u00ednali jsme od nuly. Ur\u010dit\u011b tu bylo hodn\u011b pozitivn\u00edch moment\u016f d\u00edky \u010cesku. Dalo n\u00e1m mo\u017enost pos\u00edlat syna do \u0161kolky a dceru do \u0161koly, kam m\u016f\u017ee chodit a prod\u011bl\u00e1vat fyzioterapii. Je to pro ni prosp\u011b\u0161n\u00e9.<br \/><br \/>Aleksandr \u017du\u0148, ukrajinsk\u00fd uprchl\u00edk<br \/>&#8212;&#8212;&#8212;&#8212;&#8212;&#8212;&#8211;<br \/>Star\u00e1me se, jak m\u016f\u017eeme. Finan\u010dn\u011b vych\u00e1z\u00edme, ale ka\u017ed\u00fd rok v\u0161echno zdra\u017euje. V \u010cesku i jinde. Oproti dob\u011b p\u0159ed n\u011bkolika lety a\u017e o 50 %.<br \/><br \/>Tom\u00e1\u0161 Vlach, redaktor<br \/>&#8212;&#8212;&#8212;&#8212;&#8212;&#8212;&#8211;<br \/>Olga \u017du\u0148ov\u00e1 oce\u0148uje \u010deskou zdravotn\u00ed p\u00e9\u010di, kter\u00e1 Jaroslav\u011b pom\u00e1h\u00e1. Jako pot\u00ed\u017e naopak vid\u00ed kurzy \u010de\u0161tiny. Bezplatn\u00e9 u\u017e podle n\u00ed nejsou dostupn\u00e9, ale hlavn\u011b p\u0159i p\u00e9\u010di o\u00a0<strong>posti\u017een\u00e9<\/strong>\u00a0d\u00edt\u011b na n\u011b nen\u00ed \u010das.<br \/><br \/>Olga \u017du\u0148ov\u00e1, matka\u00a0<strong>posti\u017een\u00e9<\/strong>\u00a0d\u00edvky<br \/>&#8212;&#8212;&#8212;&#8212;&#8212;&#8212;&#8211;<br \/>Ve \u010dtvrtek chod\u00edme s Jaru\u0161kou do \u0161koly, m\u00e1me muzikoterapii, relax terapii, ve \u010dtvrtek m\u00e1me fyzioterapii, ergoterapii, od \u0161koly jdeme na proch\u00e1zku do parku, trochu sp\u00ed po fyzioterapii, potom jdeme dom\u016f.<br \/><br \/>Tom\u00e1\u0161 Vlach, redaktor<br \/>&#8212;&#8212;&#8212;&#8212;&#8212;&#8212;&#8211;<br \/>Rodina nedost\u00e1v\u00e1 v \u010cesku \u017e\u00e1dn\u00e9 soci\u00e1ln\u00ed d\u00e1vky, jen\u00a0<strong>invalidn\u00ed<\/strong>\u00a0d\u016fchod z Ukrajiny. Mal\u00e1 Jaroslava i jej\u00ed m\u00e1ma stejn\u011b jako v\u0161ichni uprchl\u00edci, kte\u0159\u00ed nemohou pracovat, vyu\u017e\u00edvaj\u00ed toho, \u017ee za n\u011b \u010desk\u00fd st\u00e1t plat\u00ed nutn\u00e1 poji\u0161t\u011bn\u00ed. <\/p>\n\n\n\n<p>\u010cesk\u00e1 televize, Pardubice.<\/p>\n\n\n\n<p><\/p>\n","protected":false},"excerpt":{"rendered":"<div class=\"mh-excerpt\"><p>\u010cT 1\u00a0 A mnoz\u00ed Ukrajinci museli opustit rodnou zemi hned v prvn\u00edch dnech v\u00e1lky. P\u0159\u00edkladem je rodina dvan\u00e1ctilet\u00e9 d\u00edvky Jaroslavy, kter\u00e1 je kv\u016fli handicapu upoutan\u00e1 <a class=\"mh-excerpt-more\" href=\"https:\/\/www.invarena.cz\/?p=55228\" title=\"\u017divot ukrajinsk\u00e9 rodiny s dcerou s handicapem\u00a0\u00a0\">[&#8230;]<\/a><\/p>\n<\/div>","protected":false},"author":1,"featured_media":43411,"comment_status":"open","ping_status":"closed","sticky":false,"template":"","format":"standard","meta":{"footnotes":""},"categories":[7],"tags":[],"class_list":["post-55228","post","type-post","status-publish","format-standard","has-post-thumbnail","hentry","category-spolecnost"],"_links":{"self":[{"href":"https:\/\/www.invarena.cz\/index.php?rest_route=\/wp\/v2\/posts\/55228","targetHints":{"allow":["GET"]}}],"collection":[{"href":"https:\/\/www.invarena.cz\/index.php?rest_route=\/wp\/v2\/posts"}],"about":[{"href":"https:\/\/www.invarena.cz\/index.php?rest_route=\/wp\/v2\/types\/post"}],"author":[{"embeddable":true,"href":"https:\/\/www.invarena.cz\/index.php?rest_route=\/wp\/v2\/users\/1"}],"replies":[{"embeddable":true,"href":"https:\/\/www.invarena.cz\/index.php?rest_route=%2Fwp%2Fv2%2Fcomments&post=55228"}],"version-history":[{"count":0,"href":"https:\/\/www.invarena.cz\/index.php?rest_route=\/wp\/v2\/posts\/55228\/revisions"}],"wp:featuredmedia":[{"embeddable":true,"href":"https:\/\/www.invarena.cz\/index.php?rest_route=\/wp\/v2\/media\/43411"}],"wp:attachment":[{"href":"https:\/\/www.invarena.cz\/index.php?rest_route=%2Fwp%2Fv2%2Fmedia&parent=55228"}],"wp:term":[{"taxonomy":"category","embeddable":true,"href":"https:\/\/www.invarena.cz\/index.php?rest_route=%2Fwp%2Fv2%2Fcategories&post=55228"},{"taxonomy":"post_tag","embeddable":true,"href":"https:\/\/www.invarena.cz\/index.php?rest_route=%2Fwp%2Fv2%2Ftags&post=55228"}],"curies":[{"name":"wp","href":"https:\/\/api.w.org\/{rel}","templated":true}]}}