{"id":55232,"date":"2025-02-25T06:05:11","date_gmt":"2025-02-25T05:05:11","guid":{"rendered":"https:\/\/www.invarena.cz\/?p=55232"},"modified":"2025-02-25T06:06:30","modified_gmt":"2025-02-25T05:06:30","slug":"stovky-starostu-stale-cekaji-zda-jim-mpsv-priklepne-dotace-na-detske-skupiny","status":"publish","type":"post","link":"https:\/\/www.invarena.cz\/?p=55232","title":{"rendered":"Stovky starost\u016f st\u00e1le \u010dekaj\u00ed, zda jim MPSV p\u0159iklepne dotace na d\u011btsk\u00e9 skupiny\u00a0\u00a0"},"content":{"rendered":"\n<p>NOVA\u00a0&#8211; Televizn\u00ed noviny<br \/><br \/>Stovky starost\u016f st\u00e1le \u010dekaj\u00ed, zda jim Ministerstvo pr\u00e1ce a soci\u00e1ln\u00edch v\u011bc\u00ed p\u0159iklepne dotace na d\u011btsk\u00e9 skupiny. \u00da\u0159edn\u00edci si lh\u016ftu na hodnocen\u00ed \u017e\u00e1dost\u00ed prodlou\u017eili ze t\u0159\u00ed na \u0161est m\u011bs\u00edc\u016f a obc\u00edm t\u00edm zkr\u00e1tili \u010das. Ministerstvo jim te\u010f kv\u016fli st\u00ed\u017enostem term\u00edn o m\u011bs\u00edc posunulo. Vybudovat z\u00e1zem\u00ed by tak m\u011bly stihnout do konce dubna p\u0159\u00ed\u0161t\u00edho roku.<br \/><br \/>Tam, kde kapacity mate\u0159sk\u00fdch \u0161kol nesta\u010d\u00ed, mus\u00ed obce do p\u0159\u00ed\u0161t\u00edho roku vybudovat d\u011btsk\u00e9 skupiny. Ministerstvo pr\u00e1ce a soci\u00e1ln\u00edch v\u011bc\u00ed p\u0159isl\u00edbilo na jejich z\u0159\u00edzen\u00ed dotace, jen\u017ee \u0159ada obc\u00ed na pen\u00edze st\u00e1le \u010dek\u00e1. P\u0159ed p\u00e1r dny se do\u010dkaly v Koutech na Nymbursku a do rekonstrukce se cht\u011bj\u00ed pustit co nejd\u0159\u00edve.<br \/><br \/>Martin Pelichovsk\u00fd, starosta obce Kouty<br \/>&#8212;&#8212;&#8212;&#8212;&#8212;&#8212;&#8211;<br \/>Se n\u00e1m kr\u00e1t\u00ed \u010das na tu realizaci a j\u00e1 v tom nejsem s\u00e1m, nebo na\u0161e vesnice. To jsou jako stovky vesnic. Mysl\u00edm, \u017ee k dne\u0161n\u00edmu dni bylo vlastn\u011b pravomocn\u011b, bylo schv\u00e1len\u00fdch 76 \u017e\u00e1dost\u00ed z n\u011bjak\u00fdch necel\u00fdch 500, co\u017e je teda hrozn\u00fd.<br \/><br \/> redaktorka<br \/>&#8212;&#8212;&#8212;&#8212;&#8212;&#8212;&#8211;<br \/>D\u011btsk\u00e1 skupina m\u00e1 vzniknout v budov\u011b b\u00fdval\u00e9 \u0161koly z devaten\u00e1ct\u00e9ho stolet\u00ed. Rekonstrukce za\u010dne podle pl\u00e1nu u\u017e letos v b\u0159eznu. Starosty nejv\u00edc tr\u00e1pil \u0161ibeni\u010dn\u00ed term\u00edn pro zaps\u00e1n\u00ed d\u011btsk\u00e9 skupiny do evidence poskytovatel\u016f. M\u011bli to stihnout do konce b\u0159ezna p\u0159\u00ed\u0161t\u00edho roku, jinak by dotace museli vracet.\u00a0<strong>Ministr<\/strong>\u00a0<strong>pr\u00e1ce<\/strong>\u00a0Jure\u010dka dnes na sch\u016fzce se starosty datum o m\u011bs\u00edc posunul, a to na 30. dubna 2026.<br \/><br \/>Marian Jure\u010dka,\u00a0<strong>ministr<\/strong>\u00a0<strong>pr\u00e1ce<\/strong>\u00a0a soci\u00e1ln\u00edch v\u011bc\u00ed \/KDU-\u010cSL\/<br \/>&#8212;&#8212;&#8212;&#8212;&#8212;&#8212;&#8211;<br \/>Je to prodlou\u017een\u00ed na z\u00e1klad\u011b diskuze v reakci nap\u0159\u00edklad na probl\u00e9my se stavebn\u00edm \u0159\u00edzen\u00edm, kter\u00e9 tady byly v pr\u016fb\u011bhu podzimu. Je to nejzaz\u0161\u00ed term\u00edn, kam to prodlou\u017eit je\u0161t\u011b m\u016f\u017eeme.<br \/><br \/>Just\u00fdna Stoklasov\u00e1, redaktorka<br \/>&#8212;&#8212;&#8212;&#8212;&#8212;&#8212;&#8211;<br \/>Na p\u0159izn\u00e1n\u00ed dotace zat\u00edm \u010dekaj\u00ed i v Budim\u011b\u0159ic\u00edch na Nymbursku. D\u011btsk\u00e1 skupina tu m\u00e1 vyr\u016fst doslova na zelen\u00e9 louce.<br \/><br \/>osoba<br \/>&#8212;&#8212;&#8212;&#8212;&#8212;&#8212;&#8211;<br \/>Pro m\u011b je to ur\u010dit\u011b super, proto\u017ee budu moct malou d\u00e1t, a\u017e budu cht\u00edt jako do pr\u00e1ce, tak\u017ee se na to t\u011b\u0161\u00edme moc.<br \/><br \/>osoba<br \/>&#8212;&#8212;&#8212;&#8212;&#8212;&#8212;&#8211;<br \/>Tedy v okol\u00ed nic nen\u00ed, jsou tady akor\u00e1t Net\u0159ebice. A kdy\u017e pak hled\u00e1te pr\u00e1ci, tak je to probl\u00e9m, vozit d\u00edt\u011b do Net\u0159ebic a zase zp\u00e1tky.<br \/><br \/>redaktorka<br \/>&#8212;&#8212;&#8212;&#8212;&#8212;&#8212;&#8211;<br \/>Bez potvrzen\u00ed o z\u00edsk\u00e1n\u00ed dotace obce nem\u016f\u017eou za\u010d\u00edt stav\u011bt.<br \/><br \/>Mat\u011bj Hlavat\u00fd, starosta, Tet\u00edn \/STAN\/<br \/>&#8212;&#8212;&#8212;&#8212;&#8212;&#8212;&#8211;<br \/>Proto\u017ee my, kdybysme za\u010dali stav\u011bt bez rozhodnut\u00ed o ud\u011blen\u00ed dotace, tak by n\u00e1m hrozilo teoreticky trestn\u00ed ozn\u00e1men\u00ed a st\u00edh\u00e1n\u00ed ve v\u011bci poru\u0161en\u00ed rozpo\u010dtov\u00e9 k\u00e1zn\u011b.<br \/><br \/> redaktorka<br \/>&#8212;&#8212;&#8212;&#8212;&#8212;&#8212;&#8211;<br \/>M\u00edsto v d\u011btsk\u00e9 skupin\u011b maj\u00ed od p\u0159\u00ed\u0161t\u00edho roku obce zajistit t\u0159\u00edlet\u00fdm d\u011btem, pro kter\u00e9 nezbylo m\u00edsto ve sp\u00e1dov\u00e9 \u0161kolce. Pokud to neud\u011blaj\u00ed, m\u011bly by rodi\u010d\u016fm p\u0159isp\u00edvat t\u0159eba na ch\u016fvu. <\/p>\n\n\n\n<p>televize Nova<\/p>\n","protected":false},"excerpt":{"rendered":"<div class=\"mh-excerpt\"><p>NOVA\u00a0&#8211; Televizn\u00ed noviny Stovky starost\u016f st\u00e1le \u010dekaj\u00ed, zda jim Ministerstvo pr\u00e1ce a soci\u00e1ln\u00edch v\u011bc\u00ed p\u0159iklepne dotace na d\u011btsk\u00e9 skupiny. \u00da\u0159edn\u00edci si lh\u016ftu na hodnocen\u00ed \u017e\u00e1dost\u00ed <a class=\"mh-excerpt-more\" href=\"https:\/\/www.invarena.cz\/?p=55232\" title=\"Stovky starost\u016f st\u00e1le \u010dekaj\u00ed, zda jim MPSV p\u0159iklepne dotace na d\u011btsk\u00e9 skupiny\u00a0\u00a0\">[&#8230;]<\/a><\/p>\n<\/div>","protected":false},"author":1,"featured_media":24870,"comment_status":"open","ping_status":"closed","sticky":false,"template":"","format":"standard","meta":{"footnotes":""},"categories":[9],"tags":[],"class_list":["post-55232","post","type-post","status-publish","format-standard","has-post-thumbnail","hentry","category-zpravy"],"_links":{"self":[{"href":"https:\/\/www.invarena.cz\/index.php?rest_route=\/wp\/v2\/posts\/55232","targetHints":{"allow":["GET"]}}],"collection":[{"href":"https:\/\/www.invarena.cz\/index.php?rest_route=\/wp\/v2\/posts"}],"about":[{"href":"https:\/\/www.invarena.cz\/index.php?rest_route=\/wp\/v2\/types\/post"}],"author":[{"embeddable":true,"href":"https:\/\/www.invarena.cz\/index.php?rest_route=\/wp\/v2\/users\/1"}],"replies":[{"embeddable":true,"href":"https:\/\/www.invarena.cz\/index.php?rest_route=%2Fwp%2Fv2%2Fcomments&post=55232"}],"version-history":[{"count":0,"href":"https:\/\/www.invarena.cz\/index.php?rest_route=\/wp\/v2\/posts\/55232\/revisions"}],"wp:featuredmedia":[{"embeddable":true,"href":"https:\/\/www.invarena.cz\/index.php?rest_route=\/wp\/v2\/media\/24870"}],"wp:attachment":[{"href":"https:\/\/www.invarena.cz\/index.php?rest_route=%2Fwp%2Fv2%2Fmedia&parent=55232"}],"wp:term":[{"taxonomy":"category","embeddable":true,"href":"https:\/\/www.invarena.cz\/index.php?rest_route=%2Fwp%2Fv2%2Fcategories&post=55232"},{"taxonomy":"post_tag","embeddable":true,"href":"https:\/\/www.invarena.cz\/index.php?rest_route=%2Fwp%2Fv2%2Ftags&post=55232"}],"curies":[{"name":"wp","href":"https:\/\/api.w.org\/{rel}","templated":true}]}}