{"id":55256,"date":"2025-02-26T03:54:56","date_gmt":"2025-02-26T02:54:56","guid":{"rendered":"https:\/\/www.invarena.cz\/?p=55256"},"modified":"2025-02-26T11:33:50","modified_gmt":"2025-02-26T10:33:50","slug":"zrizeni-postu-detskeho-ombudsmana","status":"publish","type":"post","link":"https:\/\/www.invarena.cz\/?p=55256","title":{"rendered":"Z\u0159izuje se post d\u011btsk\u00e9ho ombudsmana\u00a0\u00a0"},"content":{"rendered":"\n<p>\u010cT 24<\/p>\n\n\n\n<p><br \/>Sen\u00e1t z\u0159ejm\u011b podpo\u0159\u00ed z\u0159\u00edzen\u00ed d\u011btsk\u00e9ho ombudsmana. Ke schv\u00e1len\u00ed n\u00e1vrh doporu\u010dil \u0161kolsk\u00fd sen\u00e1tn\u00ed v\u00fdbor. Novelou se z\u00e1konod\u00e1rci zab\u00fdvaj\u00ed u\u017e asi rok. P\u0159edloha m\u00e1 p\u0159isp\u011bt k prosazov\u00e1n\u00ed d\u011btsk\u00fdch pr\u00e1v a v\u010dasn\u00e9mu \u0159e\u0161en\u00ed dom\u00e1c\u00edho n\u00e1sil\u00ed. Jedn\u00e1n\u00ed v\u00fdboru sledovala Zuzana Smie\u0161kov\u00e1. Zuzano, zdrav\u00edm t\u011b. O \u010dem se vedla nejv\u011bt\u0161\u00ed diskuze?<br \/><br \/>Zuzana Smie\u0161kov\u00e1, redaktorka \u010cT<br \/>&#8212;&#8212;&#8212;&#8212;&#8212;&#8212;&#8211;<br \/>Dobr\u00e9 poledne. Na prosazen\u00ed d\u011btsk\u00e9ho ombudsmana se shodli v\u0161ichni sen\u00e1to\u0159i. Bylo to jednomysln\u00e9, jednomysln\u00fd v\u00fdsledek, jednomysln\u00e9 hlasov\u00e1n\u00ed. Ale ano, vedla se debata, nebyla n\u011bjak p\u0159\u00edli\u0161 emotivn\u00ed anebo dlouh\u00e1, ale \u0159e\u0161ilo se p\u0159\u00edpadn\u00e9 financov\u00e1n\u00ed tohoto asi ani ne \u00fapln\u011b nov\u00e9ho \u00fa\u0159adu, ale mo\u017en\u00e1 nov\u00e9 kancel\u00e1\u0159e, kter\u00e1 tedy, podot\u00fdk\u00e1m, bude spadat pod st\u00e1vaj\u00edc\u00ed Kancel\u00e1\u0159 ve\u0159ejn\u00e9ho ochr\u00e1nce pr\u00e1v. Jednodu\u0161e, kolik to cel\u00e9 bude st\u00e1t? Ta d\u016fvodov\u00e1 zpr\u00e1va vl\u00e1dn\u00edho z\u00e1kona, vl\u00e1dn\u00edho n\u00e1vrhu z\u00e1kona po\u010d\u00edt\u00e1 se \u010dty\u0159mi variantami. Ta v\u016fbec prvn\u00ed nejdra\u017e\u0161\u00ed po\u010d\u00edt\u00e1 do za\u010d\u00e1tku se 75 000 000 K\u010d a pot\u00e9 ka\u017ed\u00fd dal\u0161\u00ed rok s 38 000 000. Nejlevn\u011bj\u0161\u00ed varianta po\u010d\u00edt\u00e1 do za\u010d\u00e1tku s 8 miliony a potom ka\u017ed\u00fd dal\u0161\u00ed rok s 6,5 miliony korun. Ka\u017edop\u00e1dn\u011b tato nejlevn\u011bj\u0161\u00ed varianta zahrnuje pouze d\u011btsk\u00e9ho ombudsmana bez dal\u0161\u00edch zam\u011bstnanc\u016f. Podle Stanislava K\u0159e\u010dka, ve\u0159ejn\u00e9ho ochr\u00e1nce pr\u00e1v\u011b, je to nemysliteln\u00e9. On v t\u011bch sv\u00fdch d\u0159\u00edv\u011bj\u0161\u00edch vyj\u00e1d\u0159en\u00edch \u0159ekl, \u017ee v okam\u017eiku, kdyby byl nov\u00fd d\u011btsk\u00fd ombudsman sebe\u0161ikovn\u011bj\u0161\u00ed, tak pot\u0159ebuje n\u011bjak\u00fd apar\u00e1t kolem sebe, pot\u0159ebuje odborn\u00edky, psychology, pedagogy, pr\u00e1vn\u00edky a tak d\u00e1le. Podle Stanislava K\u0159e\u010dka je nep\u0159ijateln\u00e1 nebo t\u011b\u017eko p\u0159edstaviteln\u00e1 i druh\u00e1 nejlevn\u011bj\u0161\u00ed varianta, kter\u00e1 by po\u010d\u00edtala s p\u011bti zam\u011bstnanci. Ka\u017edop\u00e1dn\u011b vicepremi\u00e9r,\u00a0<strong>ministr<\/strong>\u00a0<strong>pr\u00e1ce<\/strong>\u00a0Marian Jure\u010dka u\u017e d\u0159\u00edve \u0159ekl, \u017ee je domluva takov\u00e1, \u017ee nejprve tedy by se m\u011bl schv\u00e1lit ten z\u00e1kon jako takov\u00fd a o financov\u00e1n\u00ed by se m\u011blo hovo\u0159it a\u017e potom. Sen\u00e1to\u0159i se tady t\u00edmto n\u00e1vrhem budou zab\u00fdvat na pl\u00e9nu, na sv\u00e9 sch\u016fzi z\u00edtra od 10 hodin.<\/p>\n\n\n\n<p><\/p>\n","protected":false},"excerpt":{"rendered":"<div class=\"mh-excerpt\"><p>\u010cT 24 Sen\u00e1t z\u0159ejm\u011b podpo\u0159\u00ed z\u0159\u00edzen\u00ed d\u011btsk\u00e9ho ombudsmana. Ke schv\u00e1len\u00ed n\u00e1vrh doporu\u010dil \u0161kolsk\u00fd sen\u00e1tn\u00ed v\u00fdbor. Novelou se z\u00e1konod\u00e1rci zab\u00fdvaj\u00ed u\u017e asi rok. P\u0159edloha m\u00e1 p\u0159isp\u011bt <a class=\"mh-excerpt-more\" href=\"https:\/\/www.invarena.cz\/?p=55256\" title=\"Z\u0159izuje se post d\u011btsk\u00e9ho ombudsmana\u00a0\u00a0\">[&#8230;]<\/a><\/p>\n<\/div>","protected":false},"author":1,"featured_media":18086,"comment_status":"open","ping_status":"closed","sticky":false,"template":"","format":"standard","meta":{"footnotes":""},"categories":[9],"tags":[],"class_list":["post-55256","post","type-post","status-publish","format-standard","has-post-thumbnail","hentry","category-zpravy"],"_links":{"self":[{"href":"https:\/\/www.invarena.cz\/index.php?rest_route=\/wp\/v2\/posts\/55256","targetHints":{"allow":["GET"]}}],"collection":[{"href":"https:\/\/www.invarena.cz\/index.php?rest_route=\/wp\/v2\/posts"}],"about":[{"href":"https:\/\/www.invarena.cz\/index.php?rest_route=\/wp\/v2\/types\/post"}],"author":[{"embeddable":true,"href":"https:\/\/www.invarena.cz\/index.php?rest_route=\/wp\/v2\/users\/1"}],"replies":[{"embeddable":true,"href":"https:\/\/www.invarena.cz\/index.php?rest_route=%2Fwp%2Fv2%2Fcomments&post=55256"}],"version-history":[{"count":0,"href":"https:\/\/www.invarena.cz\/index.php?rest_route=\/wp\/v2\/posts\/55256\/revisions"}],"wp:featuredmedia":[{"embeddable":true,"href":"https:\/\/www.invarena.cz\/index.php?rest_route=\/wp\/v2\/media\/18086"}],"wp:attachment":[{"href":"https:\/\/www.invarena.cz\/index.php?rest_route=%2Fwp%2Fv2%2Fmedia&parent=55256"}],"wp:term":[{"taxonomy":"category","embeddable":true,"href":"https:\/\/www.invarena.cz\/index.php?rest_route=%2Fwp%2Fv2%2Fcategories&post=55256"},{"taxonomy":"post_tag","embeddable":true,"href":"https:\/\/www.invarena.cz\/index.php?rest_route=%2Fwp%2Fv2%2Ftags&post=55256"}],"curies":[{"name":"wp","href":"https:\/\/api.w.org\/{rel}","templated":true}]}}