{"id":55260,"date":"2025-02-26T04:08:00","date_gmt":"2025-02-26T03:08:00","guid":{"rendered":"https:\/\/www.invarena.cz\/?p=55260"},"modified":"2025-02-26T04:08:51","modified_gmt":"2025-02-26T03:08:51","slug":"transplantace-jater-kojenci","status":"publish","type":"post","link":"https:\/\/www.invarena.cz\/?p=55260","title":{"rendered":"Unik\u00e1tn\u00ed transplantace jater kojenci\u00a0\u00a0"},"content":{"rendered":"\n<p>NOVA\u00a0&#8211; Televizn\u00ed noviny<br \/><br \/>\u010ce\u0161t\u00ed l\u00e9ka\u0159i v\u016fbec poprv\u00e9 transplantovali j\u00e1tra kojenci s v\u00e1hou ni\u017e\u0161\u00ed ne\u017e p\u011bt kilo. M\u011bs\u00ed\u010dn\u00ed hol\u010di\u010dce org\u00e1n selhal, z\u0159ejm\u011b kv\u016fli virov\u00e9 infekci. \u017divot j\u00ed zachr\u00e1nil vlastn\u00ed str\u00fdc, kter\u00fd daroval jatern\u00ed \u0161t\u011bp.<br \/><br \/>Nebyla na sv\u011bt\u011b je\u0161t\u011b ani m\u011bs\u00edc, kdy\u017e j\u00ed za\u010dala selh\u00e1vat j\u00e1tra. Brzy bylo jasn\u00e9, \u017ee se teprve 3,5 kilov\u00e1 Roz\u00e1lka bez transplantace neobejde a za\u010dal boj s \u010dasem. Vhodn\u00e9ho d\u00e1rce bylo pot\u0159eba naj\u00edt b\u011bhem p\u00e1r dn\u00ed.<br \/><br \/>Jana, matka Roz\u00e1lky<br \/>&#8212;&#8212;&#8212;&#8212;&#8212;&#8212;&#8211;<br \/>\/Zdroj: IKEM\/ J\u00e1 jsem se nab\u00eddla jako prvn\u00ed a mn\u011b dokto\u0159i \u0159ekli, \u017ee m\u011b jakoby necht\u011bj\u00ed, proto\u017ee jsem brzo po porodu. Jsme to \u0159e\u0161ili jako hromadn\u011b, jako rodina a br\u00e1cha se nab\u00eddl.<br \/><br \/>Tom\u00e1\u0161, str\u00fdc Roz\u00e1lky<br \/>&#8212;&#8212;&#8212;&#8212;&#8212;&#8212;&#8211;<br \/>No, okam\u017eit\u011b jsem si byl jistej, chci j\u00edt j\u00e1, ur\u010dit\u011b jsem r\u00e1d, \u017ee to tak dopadlo.<br \/><br \/>redaktorka<br \/>&#8212;&#8212;&#8212;&#8212;&#8212;&#8212;&#8211;<br \/>Transplantace jater u tak mal\u00e9ho miminka byla pro l\u00e9ka\u0159e premi\u00e9rou. Odebran\u00fd \u0161t\u011bp museli dvakr\u00e1t zmen\u0161it a hol\u010di\u010dka nakonec dostala 120 g.<br \/><br \/>Ji\u0159\u00ed Fron\u011bk, p\u0159ednosta\u00a0<strong>kliniky<\/strong>\u00a0transplant. chirurgie, IKEM<br \/>&#8212;&#8212;&#8212;&#8212;&#8212;&#8212;&#8211;<br \/>Ta j\u00e1tra vypln\u00ed p\u0159esn\u011b ten prostor, kter\u00fd maj\u00ed v b\u0159\u00ed\u0161ku k dispozici a porostou s n\u00edm a je na cel\u00fd \u017eivot.<br \/><br \/>redaktorka<br \/>&#8212;&#8212;&#8212;&#8212;&#8212;&#8212;&#8211;<br \/>N\u00e1ro\u010dn\u00e1 byla i poopera\u010dn\u00ed p\u00e9\u010de. Roz\u00e1lce za\u010daly selh\u00e1vat ledviny a pomoct musela dial\u00fdza. O hol\u010di\u010dku se po n\u011bkolikahodinov\u00e9m z\u00e1kroku starali i specialist\u00e9 z d\u011btsk\u00e9ho odd\u011blen\u00ed Thomayerovy\u00a0<strong>nemocnice<\/strong>.<br \/><br \/>Martin Prchl\u00edk, vedouc\u00ed l\u00e9ka\u0159 JIRP Thomayerovy\u00a0<strong>nemocnice<\/strong><br \/>&#8212;&#8212;&#8212;&#8212;&#8212;&#8212;&#8211;<br \/>Star\u00e1me se o d\u011bti vlastn\u011b od novorozeneck\u00e9ho v\u011bku. P\u00e1t\u00fd poopera\u010dn\u00ed den jsme si ji my p\u0159eb\u00edrali je\u0161t\u011b na um\u011bl\u00e9 plicn\u00ed ventilaci a dal\u0161\u00ed den u\u017e se n\u00e1m poda\u0159ilo ji p\u0159ev\u00e9st na spont\u00e1nn\u00ed d\u00fdch\u00e1n\u00ed.<br \/><br \/>redaktorka<br \/>&#8212;&#8212;&#8212;&#8212;&#8212;&#8212;&#8211;<br \/>P\u00e9\u010di o nejmen\u0161\u00ed pacienty nejv\u00edc komplikuje jejich drobn\u00fd vzr\u016fst, n\u00edzk\u00e1 v\u00e1ha nebo nezralost org\u00e1n\u016f.<br \/><br \/>Eva Kieslichov\u00e1, p\u0159ednostka\u00a0<strong>Kliniky<\/strong>\u00a0anesteziologie, resuscitace a intenzivn\u00ed p\u00e9\u010de, IKEM<br \/>&#8212;&#8212;&#8212;&#8212;&#8212;&#8212;&#8211;<br \/>Jin\u00fd metabolismus, jin\u00e9 n\u00e1roky na\u00a0<strong>l\u00e9ky<\/strong>, pod\u00e1v\u00e1n\u00ed\u00a0<strong>l\u00e9k\u016f<\/strong>, na zpracov\u00e1n\u00ed t\u011bch\u00a0<strong>l\u00e9k\u016f<\/strong>, jin\u00e9 n\u00e1roky na tepelnou pohodu, proto\u017ee d\u00edt\u011b nesm\u00ed vychladnout. Tak\u017ee my z toho d\u016fvodu jsme si i z Thomayerovy\u00a0<strong>nemocnici<\/strong>\u00a0p\u016fj\u010dili takov\u00fd inkub\u00e1tor.<br \/><br \/>Jana, matka Roz\u00e1lky<br \/>&#8212;&#8212;&#8212;&#8212;&#8212;&#8212;&#8211;<br \/>Zat\u00edm to vypad\u00e1 dob\u0159e, zapla\u0165p\u00e1nb\u016fh a budem doufat, budeme doufat, \u017ee to tak z\u016fstane. Velk\u00fd bojovn\u00edk, neuv\u011b\u0159iteln\u00fd, co u\u017e vydr\u017eela.<br \/><br \/>Robin, tat\u00ednek Roz\u00e1lky<br \/>&#8212;&#8212;&#8212;&#8212;&#8212;&#8212;&#8211;<br \/>Na jednu stranu jsme se t\u011b\u0161ili hodn\u011b dom\u016f, ale na druhou stranu m\u00e1te to v\u011bdom\u00ed, \u017ee prost\u011b kdykoliv m\u016f\u017eete zase prost\u011b jet zp\u00e1tky a zas tady b\u00fdt 14 dn\u00ed.<br \/><br \/>redaktorka<br \/>&#8212;&#8212;&#8212;&#8212;&#8212;&#8212;&#8211;<br \/>Dnes u\u017e mal\u00e1 pacientka chod\u00ed do\u00a0<strong>nemocnice<\/strong>\u00a0jen na pravideln\u00e9 kontroly, nav\u017edy ale mus\u00ed u\u017e\u00edvat\u00a0<strong>l\u00e9ky<\/strong>\u00a0potla\u010duj\u00edc\u00ed imunitn\u00ed reakci organismu. <\/p>\n\n\n\n<p><\/p>\n\n\n\n<p><\/p>\n","protected":false},"excerpt":{"rendered":"<div class=\"mh-excerpt\"><p>NOVA\u00a0&#8211; Televizn\u00ed noviny \u010ce\u0161t\u00ed l\u00e9ka\u0159i v\u016fbec poprv\u00e9 transplantovali j\u00e1tra kojenci s v\u00e1hou ni\u017e\u0161\u00ed ne\u017e p\u011bt kilo. M\u011bs\u00ed\u010dn\u00ed hol\u010di\u010dce org\u00e1n selhal, z\u0159ejm\u011b kv\u016fli virov\u00e9 infekci. \u017divot <a class=\"mh-excerpt-more\" href=\"https:\/\/www.invarena.cz\/?p=55260\" title=\"Unik\u00e1tn\u00ed transplantace jater kojenci\u00a0\u00a0\">[&#8230;]<\/a><\/p>\n<\/div>","protected":false},"author":1,"featured_media":14373,"comment_status":"open","ping_status":"closed","sticky":false,"template":"","format":"standard","meta":{"footnotes":""},"categories":[11],"tags":[],"class_list":["post-55260","post","type-post","status-publish","format-standard","has-post-thumbnail","hentry","category-zdravi"],"_links":{"self":[{"href":"https:\/\/www.invarena.cz\/index.php?rest_route=\/wp\/v2\/posts\/55260","targetHints":{"allow":["GET"]}}],"collection":[{"href":"https:\/\/www.invarena.cz\/index.php?rest_route=\/wp\/v2\/posts"}],"about":[{"href":"https:\/\/www.invarena.cz\/index.php?rest_route=\/wp\/v2\/types\/post"}],"author":[{"embeddable":true,"href":"https:\/\/www.invarena.cz\/index.php?rest_route=\/wp\/v2\/users\/1"}],"replies":[{"embeddable":true,"href":"https:\/\/www.invarena.cz\/index.php?rest_route=%2Fwp%2Fv2%2Fcomments&post=55260"}],"version-history":[{"count":0,"href":"https:\/\/www.invarena.cz\/index.php?rest_route=\/wp\/v2\/posts\/55260\/revisions"}],"wp:featuredmedia":[{"embeddable":true,"href":"https:\/\/www.invarena.cz\/index.php?rest_route=\/wp\/v2\/media\/14373"}],"wp:attachment":[{"href":"https:\/\/www.invarena.cz\/index.php?rest_route=%2Fwp%2Fv2%2Fmedia&parent=55260"}],"wp:term":[{"taxonomy":"category","embeddable":true,"href":"https:\/\/www.invarena.cz\/index.php?rest_route=%2Fwp%2Fv2%2Fcategories&post=55260"},{"taxonomy":"post_tag","embeddable":true,"href":"https:\/\/www.invarena.cz\/index.php?rest_route=%2Fwp%2Fv2%2Ftags&post=55260"}],"curies":[{"name":"wp","href":"https:\/\/api.w.org\/{rel}","templated":true}]}}