{"id":5532,"date":"2013-05-24T19:14:53","date_gmt":"2013-05-24T17:14:53","guid":{"rendered":"http:\/\/www.invarena.cz\/?p=5532"},"modified":"2014-10-20T20:12:27","modified_gmt":"2014-10-20T18:12:27","slug":"nabytek-plny-jedu-nici-lidem-zdravi","status":"publish","type":"post","link":"https:\/\/www.invarena.cz\/?p=5532","title":{"rendered":"N\u00e1bytek pln\u00fd jed\u016f ni\u010d\u00ed lidem zdrav\u00ed"},"content":{"rendered":"<p><strong>Koktejl jed\u016f v n\u00e1bytku je podobn\u011b tutlan\u00e9 tajemstv\u00ed, jak\u00fdm byla bezpe\u010dnostn\u00ed rizika alkoholu p\u0159ed kauzou metanol, tvrd\u00ed podnikatel v n\u00e1bytk\u00e1\u0159stv\u00ed Stanislav Han\u00e1k.<\/strong><\/p>\n<p><!--more--><\/p>\n<p>N\u00e1bytek, kter\u00fd m\u00e1me doma, m\u016f\u017ee b\u00fdt zdrav\u00ed nebezpe\u010dn\u00fd. &#8222;Dokud tady n\u011bkdo v\u00e1\u017en\u011b neonemocn\u00ed a neprok\u00e1\u017ee se to, nic se d\u00edt nebude,&#8220; varuje Stanislav Han\u00e1k, majitel spole\u010dnosti Han\u00e1k N\u00e1bytek. V n\u00e1bytku pln\u00e9m jed\u016f podle n\u011bj \u017eije spousta st\u00e1le pe\u010dliv\u011bji ut\u011bsn\u011bn\u00fdch dom\u00e1cnost\u00ed.<\/p>\n<p>Podle Han\u00e1ka z\u016fst\u00e1v\u00e1 probl\u00e9mem p\u0159\u00edtomnost t\u011bch, kte\u0159\u00ed &#8222;\u0161mejdy&#8220; vyr\u00e1b\u00ed. L\u017eou o n\u00e1bytku \u00fapln\u011b stejn\u011b jako ti, co prod\u00e1vaj\u00ed ony z\u00e1zra\u010dn\u00e9 hrnce.<\/p>\n<p><strong>&#8211; Vy jste z kvality neslevili?<\/strong><\/p>\n<p>Nikdy. Ani sebev\u011bt\u0161\u00ed krize n\u00e1s k tomu nep\u0159inut\u00ed. Vymysleli jsme a zavedli jen m\u00e9n\u011b pracnou variantu sedmivrstv\u00fdch lakovan\u00fdch povrch\u016f, aby v\u00fdrobek vy\u0161el o n\u011bco lacin\u011bji. Po\u0159\u00e1d je to Han\u00e1k, vstupn\u00ed materi\u00e1ly jsou toto\u017en\u00e9, nakupujeme u prov\u011b\u0159en\u00fdch zdroj\u016f z \u010desk\u00e9 nebo n\u011bmeck\u00e9 t\u011b\u017eby. \u010cili ne n\u011bkde z lesa posti\u017een\u00e9ho radioaktivn\u00edm spadem, kde m\u016f\u017ee b\u00fdt d\u0159evo kontaminov\u00e1no. Narazili jsme te\u010f na n\u011bkolik zahrani\u010dn\u00edch firem, kter\u00e9 po na\u0161\u00ed seri\u00f3zn\u00ed reklam\u011b na sedmivrstv\u00fd lak vyrukovaly s t\u00edm, \u017ee maj\u00ed lak osmivrstv\u00fd. Na\u0161e v\u00fdroba lakov\u00e1n\u00ed je skute\u010dn\u00e1, zat\u00edmco oni v\u011bt\u0161inou v\u016fbec nemaj\u00ed pot\u0159ebn\u00e9 technologie, p\u0159esto d\u00e1l klamou. Mn\u011b osobn\u011b s t\u00e1tou p\u0159edv\u00e1d\u011bla pan\u00ed v konkuren\u010dn\u00ed prodejn\u011b lesklou f\u00f3lii a tvrdila, \u017ee to je sedmivrstv\u00fd lak. Tak se k n\u00e1m na trh dost\u00e1vaj\u00ed i pod\u0159adn\u00e9 kuchyn\u011b nap\u0159\u00edklad z Polska. Prodejci ne\u0159eknou z\u00e1kazn\u00edkovi nic o p\u016fvodu materi\u00e1lu, jak\u00e9 je slo\u017een\u00ed a zat\u00ed\u017een\u00ed formaldehydem. J\u00e1 se o tom sna\u017e\u00edm mluvit 20 let, nikdo to ale nechce sly\u0161et.<\/p>\n<p><strong>&#8211; Pro\u010d?<\/strong><\/p>\n<p>Proto\u017ee to je tak velk\u00fd pr\u016f\u0161vih, \u017ee probl\u00e9my s kvalitou potravin jsou proti tomu \u010daj\u00ed\u010dek.<\/p>\n<p><strong>&#8211; Jak to mysl\u00edte?<\/strong><\/p>\n<p>Mnoz\u00ed obchodn\u00edci s n\u00e1bytkem d\u011blaj\u00ed v\u011bci, kter\u00e9 by si \u017e\u00e1dn\u00e1 seri\u00f3zn\u00ed \u010desk\u00e1 v\u00fdrobn\u00ed firma, jako jsme my, nedovolila ud\u011blat. Nakoup\u00ed n\u011bjak\u00fd levn\u00fd \u0161rot, tady ho n\u011bkolikan\u00e1sobn\u011b p\u0159edra\u017e\u00ed a prod\u00e1vaj\u00ed z\u00e1kazn\u00edk\u016fm.<\/p>\n<p><strong>&#8211; V \u010dem jsou ale ta zdravotn\u00ed rizika?<\/strong><\/p>\n<p>F\u00f3lie na dv\u00ed\u0159k\u00e1ch kuchyn\u011b se dnes vyr\u00e1b\u011bj\u00ed z m\u011bk\u010den\u00fdch plast\u016f. Tipuji, \u017ee \u0161est z deseti \u010desk\u00fdch z\u00e1kazn\u00edk\u016f m\u00e1 tento zdrav\u00ed \u0161kodliv\u00fd n\u00e1bytek doma. Nejen \u017ee se z n\u011bj odlepuj\u00ed f\u00f3lie. Probl\u00e9m je v tom, \u017ee ka\u017ed\u00fd termoplast je vlastn\u011b m\u011bk\u010den\u00e9 PVC, kter\u00e9 obsahuje ftal\u00e1ty. To je podle m\u011b velmi nebezpe\u010dn\u00e9. Obzvl\u00e1\u0161\u0165 v dne\u0161n\u00ed dob\u011b, kdy je n\u00e1bytek hermeticky uzav\u0159en\u00fd v zateplen\u00fdch domech s ut\u011bsn\u011bn\u00fdmi okny. Na obrovsk\u00e9 mno\u017estv\u00ed alergi\u00ed a nov\u00fdch nemoc\u00ed u\u017e upozor\u0148uj\u00ed l\u00e9ta i l\u00e9ka\u0159i. Probl\u00e9m p\u0159itom nen\u00ed ve venkovn\u00edm \u017eivotn\u00edm prost\u0159ed\u00ed, ale pr\u00e1v\u011b v bytech, kde jsou tyhle jedy. Ftal\u00e1ty jsou velmi nebezpe\u010dn\u00e9 l\u00e1tky zejm\u00e9na pro t\u011bhotn\u00e9 \u017eeny a d\u011bti. N\u011bkter\u00e9 levn\u00e9 f\u00f3lie m\u016f\u017eou obsahovat i t\u011b\u017ek\u00e9 kovy. V EU byly sice zak\u00e1z\u00e1ny, ale kdo je kontroluje p\u0159i dovozu nap\u0159. z Asie? Pak jsou tu karcinogenn\u00ed formaldehydy obsa\u017een\u00e9 i v n\u011bkter\u00fdch koberc\u00edch, z\u00e1clon\u00e1ch a samoz\u0159ejm\u011b i v n\u00e1bytku. Jsou sou\u010d\u00e1st\u00ed lepidla, kter\u00fdm se lep\u00ed desky.<\/p>\n<p><strong>&#8211; Vy takov\u00e9 lepidlo ve sv\u00e9m n\u00e1bytku pou\u017e\u00edv\u00e1te?<\/strong><\/p>\n<p>Tak\u00e9, ale minim\u00e1ln\u00ed mno\u017estv\u00ed. P\u0159ibli\u017en\u011b \u0161estkr\u00e1t pod normou. Nakupujeme ten nejlep\u0161\u00ed materi\u00e1l, kter\u00fd lze v Evrop\u011b sehnat. P\u0159ed t\u0159emi lety jsem byl prvn\u00ed, kdo spole\u010dn\u011b s DDL vyvinul a uv\u00e1d\u011bl na trh bezformaldehydov\u00e9 desky. Nakoupil jsem ho pro v\u00fdrobu t\u0159i kamiony. Probl\u00e9m byl ten, \u017ee m\u011b v\u0161ichni odm\u00edtli s argumentem, \u017ee to tu z d\u016fvodu vysok\u00e9 ceny nikdo nebude kupovat. Tak\u017ee jsem to lidem v podstat\u011b rozdal zdarma ve v\u00fdrobc\u00edch a spadlo to pod st\u016fl. \u010casto u\u017e nem\u00e1m s\u00edlu tady v \u010cesku dokola n\u011bkoho p\u0159esv\u011bd\u010dovat, \u017ee kvalita \u017eivota a zdrav\u00ed je d\u016fle\u017eit\u00e1 v\u011bc. Dokud se t\u00edm neza\u010dneme v\u00e1\u017en\u011b zab\u00fdvat, nic se d\u00edt nebude. M\u00e9dii prob\u011bhlo, jak k n\u00e1m p\u0159ijel n\u00e1bytek z B\u011bloruska, kter\u00fd dvakr\u00e1t p\u0159ekro\u010dil normu na uvol\u0148ov\u00e1n\u00ed karcinogenn\u00edho formaldehydu. A\u010cN (Asociace \u010desk\u00fdch n\u00e1bytk\u00e1\u0159\u016f) nakoupila uveden\u00fd n\u00e1bytek a dala ho do zku\u0161ebny. Mezi prodejnou a zku\u0161ebnou ale nejel v aut\u011b \u017e\u00e1dn\u00fd not\u00e1\u0159, kter\u00fd by potvrdil, \u017ee ten v\u00fdrobek nezam\u011bnili. A\u010cN, kter\u00e1 na v\u011bc pouk\u00e1zala, vyhro\u017eovali monstrprocesy, ta byla nakonec r\u00e1da, \u017ee z toho vycouvala. To u\u017e nebyl jen nebezpe\u010dn\u00fd n\u00e1bytek, to byl vra\u017eedn\u00fd koktejl.<\/p>\n<p><strong>&#8211; Zn\u00edte docela na\u0161tvan\u011b.<\/strong><\/p>\n<p>S n\u00e1bytkem je to jako s potravinami. Nikdo tady nem\u00e1 kapacity, aby prov\u011b\u0159oval, co v n\u011bm v\u016fbec je. Evropsk\u00e1 unie u n\u00e1bytku zva\u017euje zav\u00e1d\u011bn\u00ed rodn\u00fdch list\u016f. My u\u017e rodn\u00fd list m\u00e1me dva roky. \u010cesk\u00fd v\u00fdrobce si nedovol\u00ed d\u00e1t do zku\u0161ebny jeden v\u00fdrobek, na ten dostat certifik\u00e1t a pak prod\u00e1vat n\u011bco \u00fapln\u011b jin\u00e9ho, v\u011bt\u0161in\u011b obchodn\u00edk\u016f je to \u00fapln\u011b jedno. A v\u011bt\u0161ina stol\u00e1ren nem\u00e1 ani takov\u00fd certifik\u00e1t, tak\u017ee nem\u00e1te \u017e\u00e1dnou garanci p\u016fvodu materi\u00e1lu. Je to jako s t\u011bmi neozna\u010den\u00fdmi l\u00e1hvemi s alkoholem, stejn\u00fd probl\u00e9m.<\/p>\n<p>&#8212;<\/p>\n<p>PROFIL<\/p>\n<p>Stanislav Han\u00e1k (47)<\/p>\n<p>* Po revoluci zalo\u017eil malou rodinnou firmu na v\u00fdrobu kuchyn\u00ed. Dnes zam\u011bstn\u00e1v\u00e1 170 lid\u00ed.\u00a0 Vyr\u00e1b\u00ed i lo\u017enice, ob\u00fdvac\u00ed pokoje, nov\u011b i patentovan\u00e9 interi\u00e9rov\u00e9 dve\u0159e na m\u00edru. V t\u011bchto dnech firma spou\u0161t\u00ed v\u00fdrobu vestavn\u00fdch sk\u0159\u00edn\u00ed na m\u00edru.<\/p>\n<p>Mlad\u00e1 fronta DNES<\/p>\n<p>Karel Toman ml.<\/p>\n","protected":false},"excerpt":{"rendered":"<div class=\"mh-excerpt\"><p>Koktejl jed\u016f v n\u00e1bytku je podobn\u011b tutlan\u00e9 tajemstv\u00ed, jak\u00fdm byla bezpe\u010dnostn\u00ed rizika alkoholu p\u0159ed kauzou metanol, tvrd\u00ed podnikatel v n\u00e1bytk\u00e1\u0159stv\u00ed Stanislav Han\u00e1k.<\/p>\n<\/div>","protected":false},"author":1,"featured_media":5533,"comment_status":"open","ping_status":"open","sticky":false,"template":"","format":"standard","meta":{"footnotes":""},"categories":[12],"tags":[],"class_list":["post-5532","post","type-post","status-publish","format-standard","has-post-thumbnail","hentry","category-rozhovory"],"_links":{"self":[{"href":"https:\/\/www.invarena.cz\/index.php?rest_route=\/wp\/v2\/posts\/5532","targetHints":{"allow":["GET"]}}],"collection":[{"href":"https:\/\/www.invarena.cz\/index.php?rest_route=\/wp\/v2\/posts"}],"about":[{"href":"https:\/\/www.invarena.cz\/index.php?rest_route=\/wp\/v2\/types\/post"}],"author":[{"embeddable":true,"href":"https:\/\/www.invarena.cz\/index.php?rest_route=\/wp\/v2\/users\/1"}],"replies":[{"embeddable":true,"href":"https:\/\/www.invarena.cz\/index.php?rest_route=%2Fwp%2Fv2%2Fcomments&post=5532"}],"version-history":[{"count":0,"href":"https:\/\/www.invarena.cz\/index.php?rest_route=\/wp\/v2\/posts\/5532\/revisions"}],"wp:featuredmedia":[{"embeddable":true,"href":"https:\/\/www.invarena.cz\/index.php?rest_route=\/wp\/v2\/media\/5533"}],"wp:attachment":[{"href":"https:\/\/www.invarena.cz\/index.php?rest_route=%2Fwp%2Fv2%2Fmedia&parent=5532"}],"wp:term":[{"taxonomy":"category","embeddable":true,"href":"https:\/\/www.invarena.cz\/index.php?rest_route=%2Fwp%2Fv2%2Fcategories&post=5532"},{"taxonomy":"post_tag","embeddable":true,"href":"https:\/\/www.invarena.cz\/index.php?rest_route=%2Fwp%2Fv2%2Ftags&post=5532"}],"curies":[{"name":"wp","href":"https:\/\/api.w.org\/{rel}","templated":true}]}}