{"id":55329,"date":"2025-02-28T02:30:34","date_gmt":"2025-02-28T01:30:34","guid":{"rendered":"https:\/\/www.invarena.cz\/?p=55329"},"modified":"2025-02-28T02:30:34","modified_gmt":"2025-02-28T01:30:34","slug":"proc-nam-otekaji-nohy","status":"publish","type":"post","link":"https:\/\/www.invarena.cz\/?p=55329","title":{"rendered":"Pro\u010d n\u00e1m ot\u00e9kaj\u00ed nohy?\u00a0\u00a0"},"content":{"rendered":"\n<p>\u010cRo Dvojka\u00a0&#8211; Poradna<br \/><br \/>Otoky nohou tr\u00e1p\u00ed mnoho lid\u00ed a mohou signalizovat r\u016fzn\u00e9 zdravotn\u00ed probl\u00e9my. Jak\u00e9 jsou nej\u010dast\u011bj\u0161\u00ed p\u0159\u00ed\u010diny otok\u016f nohou? A kdy je t\u0159eba vyhledat l\u00e9ka\u0159e? A jak\u00e9 jsou i mo\u017enosti l\u00e9\u010dby?<br \/>A na\u0161\u00edm hostem pan\u00ed Dr. Petra Zimolov\u00e1, vedouc\u00ed l\u00e9ka\u0159ka angiologie kardiologick\u00e9 kliniky druh\u00e9 l\u00e9ka\u0159sk\u00e9 fakulty Univerzity Karlovy a Fakultn\u00ed nemocnice Motol. Hezk\u00e9 dopoledne. Pan\u00ed doktorko.<br \/>Ono mo\u017en\u00e1, kdy\u017e se \u0159ekne otoky nohou, tak t\u011bch p\u0159\u00ed\u010din m\u016f\u017ee b\u00fdt velk\u00e1 spousta. Mohli bychom mo\u017en\u00e1 vyjmenovat ty nej\u010dast\u011bj\u0161\u00ed.<br \/><br \/>Dr. Petra Zimolov\u00e1,<br \/>&#8212;&#8212;&#8212;&#8212;&#8212;&#8212;&#8211;<br \/>Mezi nej\u010dast\u011bj\u0161\u00ed d\u016fvody vzniku otok\u016f doln\u00edch kon\u010detin pat\u0159\u00ed chronick\u00e9 \u017eiln\u00ed onemocn\u011bn\u00ed doln\u00edch kon\u010detin a d\u00e1le otoky mohou b\u00fdt zp\u016fsobeny ledvinou, nedostate\u010dnost\u00ed kardi\u00e1ln\u00ed, tedy srde\u010dn\u00ed dekompenzac\u00ed, dekompenzac\u00ed jatern\u00edho onemocn\u011bn\u00ed, metabolick\u00fdmi onemocn\u011bn\u00edmi, poruchou funkce hormon\u016f \u0161t\u00edtn\u00e9 \u017el\u00e1zy a d\u00e1le, t\u011bch d\u016fvod\u016f je cel\u00e1 \u0159ada. Pat\u0159\u00ed sem i posttrombotick\u00fd syndrom v r\u00e1mci \u017eiln\u00edho onemocn\u011bn\u00ed a podobn\u011b.<br \/><br \/>moder\u00e1tor<br \/>&#8212;&#8212;&#8212;&#8212;&#8212;&#8212;&#8211;<br \/>Zn\u00e1m \u0159adu lid\u00ed, kter\u00fdm nohy ote\u010dou takov\u00fdm t\u00edm v uvozovk\u00e1ch b\u011b\u017en\u00fdm zp\u016fsobem, \u017ee \u0159\u00edkaj\u00ed, dlouho jsem st\u00e1l, dlouho jsem chodil nebo dlouho jsem st\u00e1la, byla jsem si zatancovat, m\u00e1m otekl\u00e9 nohy nebo jsem absolvovala dlouhou p\u011b\u0161\u00ed t\u00faru, kdyby otoky nohou m\u011bly b\u00fdt, nebo ve kter\u00e9m moment\u011b bychom m\u011bli j\u00edt za odborn\u00edkem.<br \/><br \/>mluv\u010d\u00ed 1,<br \/>&#8212;&#8212;&#8212;&#8212;&#8212;&#8212;&#8211;<br \/>Za odborn\u00edkem nebo za l\u00e9ka\u0159em? M\u016f\u017eeme za\u010d\u00edt samoz\u0159ejm\u011b praktick\u00fdm l\u00e9ka\u0159em, za n\u00edm bychom v\u017edy m\u011bli vyrazit p\u0159i n\u011bjak\u00e9 atypick\u00e9 nezvykl\u00e9 situaci. Pakli\u017ee doch\u00e1z\u00ed k otok\u016fm pravideln\u011b, tak jist\u011b je t\u0159eba to tak\u00e9 vy\u0161et\u0159it, ale nen\u00ed tam zase ta urgence n\u011bjak\u00e9ho vy\u0161et\u0159en\u00ed. V okam\u017eiku, kdy vznikne otok n\u00e1hle, nav\u00edc m\u016f\u017ee b\u00fdt bolestiv\u00fd, tak pak bychom jist\u011b nem\u011bli v\u00e1hat s t\u00edm vy\u0161et\u0159en\u00edm a j\u00edt k l\u00e9ka\u0159i.<br \/><br \/>\u0160\u00e1rka Volemanov\u00e1, moder\u00e1torka<br \/>&#8212;&#8212;&#8212;&#8212;&#8212;&#8212;&#8211;<br \/>Pan\u00ed doktorko, j\u00e1, kdy\u017e jsem se v\u00e1s ptala v prvn\u00ed ot\u00e1zce, co mohou b\u00fdt ty p\u0159\u00ed\u010diny nebo d\u016fvody otok\u016f nohou, tak jste zm\u00ednila i chronick\u00e9 \u017eiln\u00ed onemocn\u011bn\u00ed. My v\u017edycky, kdy\u017e sly\u0161\u00edme slovo chronick\u00e9, tak to znamen\u00e1 dlouhodob\u00e9, vysv\u011btl\u00edte vlastn\u011b tuhle diagn\u00f3zu? Pros\u00edm, o jakou jde a pro\u010d ta dlouhodobost tam je?<br \/><br \/>mluv\u010d\u00ed 1,<br \/>&#8212;&#8212;&#8212;&#8212;&#8212;&#8212;&#8211;<br \/>Jedn\u00e1 se o chronick\u00e9, tedy dlouhodob\u00e9 onemocn\u011bn\u00ed \u017eiln\u00edho syst\u00e9mu ve smyslu poruchy funkce \u017eil, hlavn\u00ed funkc\u00ed \u017eiln\u00edho syst\u00e9mu, toho povrchov\u00e9ho, je transport odkysli\u010den\u00e9 krve zp\u00e1tky k srdci, co\u017e je zt\u00ed\u017een\u00e9 gravitac\u00ed, n\u011bjak\u00fdm tlakem v b\u0159i\u0161e a v hrudn\u00edku, kter\u00fd v\u0161ichni standardn\u011b m\u00e1me a \u017e\u00edly to maj\u00ed zt\u00ed\u017een\u00e9 pr\u00e1v\u011b d\u00edky t\u011bmto p\u0159ek\u00e1\u017ek\u00e1m. V \u017eil\u00e1ch je spousta chlopn\u00ed, kter\u00e9 funguj\u00ed jako takov\u00e1 vrata, kter\u00e1 se mus\u00ed v\u017edy otev\u0159\u00edt a zav\u0159\u00edt, aby \u010d\u00e1st porce krve v\u017edy byla p\u0159e\u010derp\u00e1na sm\u011brem vzh\u016fru k srdci. Pakli\u017ee dojde k poru\u0161e t\u00e9to funkce, vznik\u00e1 chronick\u00e9 \u017eiln\u00ed onemocn\u011bn\u00ed a vznik\u00e1 chronick\u00e1 porucha \u017eiln\u00ed hemodynamiky, ta m\u016f\u017ee nastat i v r\u00e1mci\u00a0<strong>posti\u017een\u00ed<\/strong>\u00a0c\u00e9vn\u00ed st\u011bny nebo \u017eiln\u00ed st\u011bny. <br \/><br \/>Ji\u0159\u00ed Holoubek, moder\u00e1tor<br \/>&#8212;&#8212;&#8212;&#8212;&#8212;&#8212;&#8211;<br \/>D\u00e1 se pan\u00ed doktorko zobecnit, kdo je mo\u017en\u00e1 n\u00e1chyln\u011bj\u0161\u00ed pr\u00e1v\u011b k pot\u00ed\u017e\u00edm s otoky nohou. Podle dejme tomu, v\u011bkov\u00fdch kategori\u00ed, p\u0159\u00edpadn\u011b v\u00e1hy a podobn\u00fdch z\u00e1le\u017eitost\u00ed. Nebo to nehraje&#8230;<br \/><br \/>mluv\u010d\u00ed 1,<br \/>&#8212;&#8212;&#8212;&#8212;&#8212;&#8212;&#8211;<br \/>Hraje roli, v\u00fdznamnou roli hraje i genetika, dal\u0161\u00ed v\u00fdznamnou roli hraje pohlav\u00ed. \u017deny jsou ohro\u017eeny \u010dast\u011bji, v\u00edce\u010detn\u00e1 t\u011bhotenstv\u00ed p\u0159isp\u00edvaj\u00ed k mo\u017enosti vzniku tohoto onemocn\u011bn\u00ed, d\u00e1le nadv\u00e1ha, obezita, statick\u00fd zp\u016fsob \u017eivota, to znamen\u00e1 dlouh\u00e9 st\u00e1n\u00ed, dlouh\u00e9 sezen\u00ed, vynech\u00e1v\u00e1n\u00ed sport\u016f ve smyslu pohybu doln\u00edmi kon\u010detinami a podobn\u011b. Tito lid\u00e9 jsou ur\u010dit\u011b v\u00edc ohro\u017eeni.<br \/><br \/>moder\u00e1tor<br \/>&#8212;&#8212;&#8212;&#8212;&#8212;&#8212;&#8211;<br \/>U\u017e p\u0159ich\u00e1zej\u00ed va\u0161e dotazy, m\u016f\u017eete i zavolat na 22 155, 25, 25, ale esemeskou p\u0159i\u0161el stru\u010dn\u00fd konkr\u00e9tn\u00ed dotaz od Mirky. Jsem ve t\u0159et\u00edm trimestru t\u011bhotenstv\u00ed a pravideln\u011b mi ot\u00e9kaj\u00ed nohy, jak si pomoct.<br \/><br \/>mluv\u010d\u00ed 1,<br \/>&#8212;&#8212;&#8212;&#8212;&#8212;&#8212;&#8211;<br \/>Tady bych doporu\u010dila zevn\u00ed elastickou kompresi, tedy kompresn\u00ed pr\u00e1dlo. Domluvit se i s praktick\u00fdm l\u00e9ka\u0159em, jestli tento, \u0159ekn\u011bme, norm\u00e1ln\u00ed nebo v\u011bt\u0161inou prov\u00e1zej\u00edc\u00ed stav t\u011bhotenstv\u00ed, je v po\u0159\u00e1dku&#8230; pot\u0159ebuje do vy\u0161et\u0159en\u00ed a zevn\u00ed elastick\u00e1 komprese co nejv\u00edce d\u00e1vat nohy nahoru, podlo\u017eit si nohy v\u017edy, pakli\u017ee budete sed\u011bt, podlo\u017ete si nohy pol\u0161t\u00e1\u0159kem a polo\u017ete je na st\u016fl, to se sm\u00ed.<br \/><br \/>\u0160\u00e1rka Volemanov\u00e1, moder\u00e1torka<br \/>&#8212;&#8212;&#8212;&#8212;&#8212;&#8212;&#8211;<br \/>Pan\u00ed doktorko, my jsme si v prvn\u00ed \u010d\u00e1sti na\u0161\u00ed poradny pov\u011bd\u011bli vlastn\u011b, co m\u016f\u017ee b\u00fdt t\u011bmi p\u0159\u00ed\u010dinami, \u017ee n\u00e1m ot\u00e9kaj\u00ed nohy, pokud tedy jdeme k l\u00e9ka\u0159i, co n\u00e1s tam \u010dek\u00e1, jak\u00e1 vy\u0161et\u0159en\u00ed.<br \/><br \/>mluv\u010d\u00ed 1,<br \/>&#8212;&#8212;&#8212;&#8212;&#8212;&#8212;&#8211;<br \/>Praktick\u00fd l\u00e9ka\u0159 rozhodne, nebo vlastn\u011b si d\u00e1 v r\u00e1mci diferenci\u00e1ln\u00ed diagnostiky jist\u011b ot\u00e1zku, jestli se jedn\u00e1 o otok akutn\u00ed, anebo chronick\u00fd. V r\u00e1mci n\u00e1lezu, kter\u00fd m\u016f\u017ee b\u00fdt jednostrann\u00fd nebo oboustrann\u00fd, symetrick\u00fd otok, se pak rozhodne, jestli pot\u0159ebuje dal\u0161\u00ed dovy\u0161et\u0159en\u00ed. Vstupn\u011b se jist\u011b ud\u011blaj\u00ed laboratorn\u00ed testy, kter\u00e9 vylou\u010d\u00ed t\u0159eba srde\u010dn\u00ed rekompenzaci, jatern\u00ed ren\u00e1ln\u00ed nedostate\u010dnost a podobn\u011b. A pak m\u016f\u017ee odeslat pacienta na specializovan\u00e9 vy\u0161et\u0159en\u00ed k n\u00e1m na angiologii, kde my pomoc\u00ed r\u016fzn\u00fdch vy\u0161et\u0159ovac\u00edch metod, z\u00e1kladem je ultrazvukov\u00e9 vy\u0161et\u0159en\u00ed, zhodnot\u00edme stav a kondici \u017eil jako takov\u00fdch.<br \/><br \/> moder\u00e1tor<br \/>&#8212;&#8212;&#8212;&#8212;&#8212;&#8212;&#8211;<br \/>Co medic\u00edna dnes v tom dal\u0161\u00edm kroku o\u010dek\u00e1van\u00e9m m\u016f\u017ee zvl\u00e1dnout, znamen\u00e1 to, \u017ee otoky se nebudou zhor\u0161ovat nebo se budou zlep\u0161ovat nebo zcela zmiz\u00ed.<br \/><br \/>mluv\u010d\u00ed 1,<br \/>&#8212;&#8212;&#8212;&#8212;&#8212;&#8212;&#8211;<br \/>Asi v\u0161echno je mo\u017en\u00e9, pakli\u017ee dob\u0159e zal\u00e9\u010d\u00edme spr\u00e1vn\u011b diagnostikovanou p\u0159\u00ed\u010dinu, tak m\u016f\u017ee doj\u00edt k \u00fapln\u00e9 regresi otok\u016f, \u0159ekn\u011bme, symptom\u016f \u017eiln\u00edho onemocn\u011bn\u00ed nebo t\u011bch dal\u0161\u00edch onemocn\u011bn\u00ed, otok je jedn\u00edm ze symptom\u016f chronick\u00e9ho \u017eiln\u00edho onemocn\u011bn\u00ed a pakli\u017ee v\u010das zabr\u00e1n\u00edme progresi onemocn\u011bn\u00ed, tak m\u016f\u017eeme o\u010dek\u00e1vat i v\u00fdznamnou \u00falevu a bude li pacient dodr\u017eovat n\u00e1mi stanoven\u00e1 doporu\u010den\u00ed, tak m\u016f\u017ee m\u00edt velmi dobr\u00fd kvalitn\u00ed \u017eivot bez n\u011bjak\u00fdch t\u011bch dal\u0161\u00edch p\u0159\u00eddatn\u00fdch pot\u00ed\u017e\u00ed.<br \/><br \/>Ji\u0159\u00ed Holoubek, moder\u00e1tor<br \/>&#8212;&#8212;&#8212;&#8212;&#8212;&#8212;&#8211;<br \/>Nem\u00e1m zku\u0161enost, tedy zat\u00edm, to znamen\u00e1, \u017ee budu zobat n\u011bjak\u00e9 pr\u00e1\u0161ky.<br \/><br \/>&#8212;&#8212;&#8212;&#8212;&#8212;&#8212;&#8211;<br \/>M\u016f\u017eeme, m\u016f\u017eete zobat pr\u00e1\u0161ky. My doporu\u010dujeme, pakli\u017ee se jedn\u00e1 tedy o to chronick\u00e9 \u017eiln\u00ed onemocn\u011bn\u00ed doln\u00edch kon\u010detin, doporu\u010dujeme venofarmaka, to je jeden z pil\u00ed\u0159\u016f l\u00e9\u010dby. Dal\u0161\u00edm v\u00fdznamn\u00fdm pil\u00ed\u0159em jsou re\u017eimov\u00e1 opat\u0159en\u00ed, kdy my doporu\u010dujeme pacient\u016fm eventu\u00e1ln\u00ed redukci hmotnosti, pravideln\u00e9 cvi\u010den\u00ed, zdrav\u00fd \u017eivotn\u00ed styl a leckdy m\u016f\u017eeme doporu\u010dit i \u0159e\u0161en\u00ed chirurgickou metodou, pakli\u017ee se jedn\u00e1 o n\u011bjak\u00fd probl\u00e9m, kter\u00fd je chirurgicky odstraniteln\u00fd a vede pr\u00e1v\u011b k t\u011bm symptom\u016fm, Otok\u016fm.<br \/><br \/>moder\u00e1torka<br \/>&#8212;&#8212;&#8212;&#8212;&#8212;&#8212;&#8211;<br \/>Pan\u00ed doktorko, vy jste pov\u011bd\u011bla, \u017ee p\u0159\u00ed\u010dinou m\u016f\u017ee b\u00fdt, a te\u010f to \u0159eknu velmi laicky &#8211; T\u0159eba srdce nebo ledviny je \u0161patn\u00e1 fungov\u00e1n\u00ed, kter\u00e9 se projev\u00ed vlastn\u011b t\u00edm, \u017ee n\u00e1m ot\u00e9kaj\u00ed nohy. Co se s n\u00e1mi jako s pacientem d\u011bje? Tedy z dlouhodob\u00e9ho hlediska, tam doch\u00e1z\u00ed k n\u011bjak\u00e9 multioborov\u00e9 spolupr\u00e1ci.<br \/><br \/>mluv\u010d\u00ed 1,<br \/>&#8212;&#8212;&#8212;&#8212;&#8212;&#8212;&#8211;<br \/>Multioborov\u00e1 spolupr\u00e1ce je nesm\u00edrn\u011b d\u016fle\u017eit\u00e1 a my si vz\u00e1jemn\u011b pacienty, pakli\u017ee je to nutn\u00e9, p\u0159epos\u00edl\u00e1me, p\u0159ijde li pacient na prvn\u00ed vy\u0161et\u0159en\u00ed k n\u00e1m, my nestanov\u00edme tu diagn\u00f3zu jako z\u00e1kladn\u00ed \u017eiln\u00ed \u017eiln\u00ed dekompenzaci, v\u017edy po\u0161leme pacienta t\u0159eba na dal\u0161\u00ed kardiologick\u00e1 vy\u0161et\u0159en\u00ed, ultrazvuk srdce odebereme specifick\u00e9 markery, kter\u00e9 to signalizuj\u00ed, standardn\u011b dopl\u0148ujeme odb\u011bry ledvinn\u00fdch funkc\u00ed a  podobn\u011b.<br \/><br \/>mluv\u010d\u00ed 2,<br \/>&#8212;&#8212;&#8212;&#8212;&#8212;&#8212;&#8211;<br \/>Dobr\u00fd den. Tady poslucha\u010dka z ji\u017en\u00ed Moravy. Cht\u011bla bych se zeptat pan\u00ed doktorky, u\u017e asi 10 let m\u011b tr\u00e1p\u00ed otoky nohou a v\u0161echna vy\u0161et\u0159en\u00ed \u017e\u00edly srdce, ledviny, \u0161t\u00edtn\u00e1 \u017el\u00e1za. M\u00e1m v po\u0159\u00e1dku, nos\u00edm teda podkolenky kompresn\u00ed a stav se m\u011b v\u017edycky zhor\u0161\u00ed v l\u00e9t\u011b, kdy\u017e je horko.<br \/><br \/>mluv\u010d\u00ed 1,<br \/>&#8212;&#8212;&#8212;&#8212;&#8212;&#8212;&#8211;<br \/>Zhor. Pardon, je\u0161t\u011b n\u011bco chcete dodat.?<br \/><br \/>mluv\u010d\u00ed 2,<br \/>&#8212;&#8212;&#8212;&#8212;&#8212;&#8212;&#8211;<br \/>No, \u017ee se sna\u017e\u00edm ty nohy do t\u00e9 vyv\u00fd\u0161en\u00e9 Polohy, i v noci m\u00e1m pod nohama takov\u00fd kl\u00edn jakoby, aby je m\u011bla ve zv\u00fd\u0161en\u00e9 poloze.<br \/><br \/>mluv\u010d\u00ed 4,<br \/>&#8212;&#8212;&#8212;&#8212;&#8212;&#8212;&#8211;<br \/>Ano, Pan\u00ed doktorko.<br \/><br \/>mluv\u010d\u00ed 2,<br \/>&#8212;&#8212;&#8212;&#8212;&#8212;&#8212;&#8211;<br \/>Zhor\u0161en\u00ed pot\u00ed\u017e\u00ed v letn\u00edch m\u011bs\u00edc\u00edch je typick\u00fdm p\u0159\u00edznakem \u017eiln\u00edch pot\u00ed\u017e\u00ed nebo b\u00fdv\u00e1 prov\u00e1zanost \u017eiln\u00edmi pot\u00ed\u017eemi. Nevy\u0161et\u0159ovala jsem v\u00e1s, samoz\u0159ejm\u011b, mohli bychom za\u0159adit v\u00e1\u0161 stav mezi tzv. po\u010d\u00ednaj\u00edc\u00ed, i kdy\u017e to u\u017e trv\u00e1 10 let, \u017eiln\u00ed onemocn\u011bn\u00ed, kter\u00e9 je spojeno s typick\u00fdmi p\u0159\u00edznaky a symptomy, ale bez viditeln\u00fdch zn\u00e1mek, je na druhou stranu s podivem mo\u017en\u00e1, \u017ee l\u00e9ka\u0159i nena\u0161li a neodhalili, a jist\u011b v\u00e1s dob\u0159e vy\u0161et\u0159ili,n\u011bjakou patologii v tom \u017eiln\u00edm syst\u00e9mu, v tom proud\u011bn\u00ed krve, ale komprese ur\u010dit\u011b v po\u0159\u00e1dku a elevace doln\u00edch kon\u010detin tak\u00e9.<br \/><br \/>Ji\u0159\u00ed Holoubek, moder\u00e1tor<br \/>&#8212;&#8212;&#8212;&#8212;&#8212;&#8212;&#8211;<br \/>D\u011bkujeme za odpov\u011b\u010f a zdrav\u00edme na Moravu te\u010f dal\u0161\u00ed telefonick\u00fd dotaz. M\u00e1te slovo, hezk\u00fd den.<br \/><br \/>mluv\u010d\u00ed 2,<br \/>&#8212;&#8212;&#8212;&#8212;&#8212;&#8212;&#8211;<br \/>D\u011bkuji. Tady Sk\u0159iv\u00e1nkov\u00e1 ze Zl\u00ednska, pan\u00ed doktorko, pros\u00edm v\u00e1s, j\u00e1 otok kotn\u00edku nem\u00e1m, ale kotn\u00edkem m\u00e1m takovou, kter\u00e1 m\u011b velice bol\u00ed a v noci m\u011b stra\u0161n\u011b p\u00e1l\u00ed nohy, jako ty \u017e\u00edl\u00ed od kotn\u00edku po koleno.<br \/><br \/>Tereza St\u00fdblov\u00e1, moder\u00e1torka<br \/>&#8212;&#8212;&#8212;&#8212;&#8212;&#8212;&#8211;<br \/>To by mohla b\u00fdt n\u011bjak\u00fdm varixem mo\u017en\u00e1 ztrombotizovan\u00fdm, mo\u017en\u00e1 prost\u011b pouze v uvozovk\u00e1ch, pouze dilatovan\u00e1 roz\u0161\u00ed\u0159en\u00e1 \u017e\u00edla, to znamen\u00e1 k\u0159e\u010dov\u00e9 \u017e\u00edly, zaslou\u017eilo by to ur\u010dit\u011b ultrazvukov\u00e9 vy\u0161et\u0159en\u00ed a zase s doporu\u010den\u00edm komprese a adekv\u00e1tn\u00edch venofarmak, kter\u00e1 maj\u00ed mo\u017enost sn\u00ed\u017eit z\u00e1n\u011btliv\u00e9 zm\u011bny v t\u011bch chlopn\u00edch, z\u00e1n\u011btliv\u00e9 zm\u011bny \u017eiln\u00ed st\u011bny, vyrovn\u00e1vaj\u00ed onkotick\u00fd hydrostatick\u00fd tlak, tak\u017ee vedou k tomu, \u017ee m\u016f\u017ee se ten otok vlastn\u011b zmen\u0161ovat a regredovat a i ty pot\u00ed\u017ee, kter\u00e9 jsou s t\u00edm spojen\u00e9. Dal\u0161\u00ed symptomy bolesti, p\u00e1len\u00ed by m\u011bla venofarmaka redukovat.<br \/><br \/>moder\u00e1torka<br \/>&#8212;&#8212;&#8212;&#8212;&#8212;&#8212;&#8211;<br \/>Pan\u00ed doktorko, mo\u017en\u00e1 je\u0161t\u011b genetick\u00e1 z\u00e1t\u011b\u017e, kdy\u017e u n\u011bkoho v na\u0161\u00ed rodin\u011b se objev\u00ed vlastn\u011b pot\u00ed\u017ee s otokem nohou, jak\u00e1 je pravd\u011bpodobnost, \u017ee v r\u00e1mci t\u00e9 d\u011bdi\u010dnosti stejn\u00e9 obt\u00ed\u017ee p\u0159ijdou na n\u011bkoho z dal\u0161\u00ed generace.<br \/><br \/><br \/>&#8212;&#8212;&#8212;&#8212;&#8212;&#8212;&#8211;<br \/>Pakli\u017ee se jedn\u00e1 o otoky p\u0159i \u017eiln\u00ed nedostate\u010dnosti, tak maj\u00ed li oba rodi\u010de chronick\u00e9 \u017eiln\u00ed onemocn\u011bn\u00ed, ta mo\u017enost vzniku u n\u00e1sleduj\u00edc\u00ed generace je extr\u00e9mn\u011b vysok\u00e1 &#8211; a\u017e 80 %. Ma li pouze jeden z rodi\u010d\u016f toto onemocn\u011bn\u00ed, ta z\u00e1t\u011b\u017e je op\u011bt vysok\u00e1, mysl\u00edm si, 50, 60 %. No, a pakli\u017ee ani jeden z rodi\u010d\u016f toto onemocn\u011bn\u00ed nem\u00e1, tak to riziko po\u0159\u00e1d trv\u00e1 a je asi dvacetiprocentn\u00ed. <br \/><br \/>moder\u00e1torka<br \/>&#8212;&#8212;&#8212;&#8212;&#8212;&#8212;&#8211;<br \/>mo\u017en\u00e1 je\u0161t\u011b v souvislosti s t\u00edm, kdy\u017e tady zmi\u0148ujete to procentu\u00e1ln\u00ed riziko, jak jsme si to te\u010f poslechli, jak je to v r\u00e1mci preventivn\u00edch vy\u0161et\u0159en\u00ed, m\u016f\u017eeme na n\u011b chodit? Nebo m\u011bli bychom? A jak \u010dasto.<br \/><br \/><br \/>&#8212;&#8212;&#8212;&#8212;&#8212;&#8212;&#8211;<br \/>Preventivn\u011b \u017eiln\u00ed syst\u00e9m v tomto sm\u011bru nevy\u0161et\u0159ujeme My vlastn\u011b k vy\u0161et\u0159en\u00ed p\u0159istupujeme v p\u0159\u00edpad\u011b objeven\u00ed se symptom\u016f, proto\u017ee preventivn\u00ed vy\u0161et\u0159en\u00ed vlastn\u011b v tomto smyslu ani nem\u00e1 smysl. M\u00e1 li rodi\u010d n\u011bjak v\u00fdrazn\u00fd varixy, m\u00e1 li rodi\u010d b\u00e9rcov\u00fd, otev\u0159en\u00fd b\u00e9rcov\u00fd v\u0159ed, to je samoz\u0159ejm\u011b nejvy\u0161\u0161\u00ed stupe\u0148 toho \u017eiln\u00edho onemocn\u011bn\u00ed, tam m\u016f\u017ee b\u00fdt v\u00fdznamn\u011b poru\u0161en\u00e1 \u017eiln\u00ed hemodynamika. Pak bych sp\u00ed\u0161 ne\u017e vy\u0161et\u0159en\u00ed preventivn\u00ed bych dbala na preventivn\u00ed opat\u0159en\u00ed v r\u00e1mci \u017eivotn\u00edho stylu, omezen\u00ed statick\u00e9ho zp\u016fsobu \u017eivota, sni\u017eov\u00e1n\u00ed nadv\u00e1hy&#8230;.<br \/><br \/>Ji\u0159\u00ed Holoubek, moder\u00e1tor<br \/>&#8212;&#8212;&#8212;&#8212;&#8212;&#8212;&#8211;<br \/>P\u016fjdeme se, \u0160\u00e1rko, prob\u011bhnout hned, jak skon\u010d\u00ed dne\u0161n\u00ed Poradna, co\u017e je pr\u00e1v\u011b te\u010f. Na\u0161\u00edm hostem byla pan\u00ed Dr. Petra Zimolov\u00e1, vedouc\u00ed l\u00e9ka\u0159ka angiologie Kardiologick\u00e9 kliniky druh\u00e9 l\u00e9ka\u0159sk\u00e9 fakulty Univerzity Karlovy a Fakultn\u00ed nemocnice Motol, moc d\u011bkujeme za v\u00e1\u0161 \u010das, m\u011bjte se hezky, hodn\u011b zdrav\u00ed, a\u0165 se da\u0159\u00ed.<br \/><br \/><br \/><\/p>\n","protected":false},"excerpt":{"rendered":"<div class=\"mh-excerpt\"><p>\u010cRo Dvojka\u00a0&#8211; Poradna Otoky nohou tr\u00e1p\u00ed mnoho lid\u00ed a mohou signalizovat r\u016fzn\u00e9 zdravotn\u00ed probl\u00e9my. Jak\u00e9 jsou nej\u010dast\u011bj\u0161\u00ed p\u0159\u00ed\u010diny otok\u016f nohou? A kdy je t\u0159eba vyhledat <a class=\"mh-excerpt-more\" href=\"https:\/\/www.invarena.cz\/?p=55329\" title=\"Pro\u010d n\u00e1m ot\u00e9kaj\u00ed nohy?\u00a0\u00a0\">[&#8230;]<\/a><\/p>\n<\/div>","protected":false},"author":1,"featured_media":39486,"comment_status":"open","ping_status":"closed","sticky":false,"template":"","format":"standard","meta":{"footnotes":""},"categories":[11],"tags":[],"class_list":["post-55329","post","type-post","status-publish","format-standard","has-post-thumbnail","hentry","category-zdravi"],"_links":{"self":[{"href":"https:\/\/www.invarena.cz\/index.php?rest_route=\/wp\/v2\/posts\/55329","targetHints":{"allow":["GET"]}}],"collection":[{"href":"https:\/\/www.invarena.cz\/index.php?rest_route=\/wp\/v2\/posts"}],"about":[{"href":"https:\/\/www.invarena.cz\/index.php?rest_route=\/wp\/v2\/types\/post"}],"author":[{"embeddable":true,"href":"https:\/\/www.invarena.cz\/index.php?rest_route=\/wp\/v2\/users\/1"}],"replies":[{"embeddable":true,"href":"https:\/\/www.invarena.cz\/index.php?rest_route=%2Fwp%2Fv2%2Fcomments&post=55329"}],"version-history":[{"count":0,"href":"https:\/\/www.invarena.cz\/index.php?rest_route=\/wp\/v2\/posts\/55329\/revisions"}],"wp:featuredmedia":[{"embeddable":true,"href":"https:\/\/www.invarena.cz\/index.php?rest_route=\/wp\/v2\/media\/39486"}],"wp:attachment":[{"href":"https:\/\/www.invarena.cz\/index.php?rest_route=%2Fwp%2Fv2%2Fmedia&parent=55329"}],"wp:term":[{"taxonomy":"category","embeddable":true,"href":"https:\/\/www.invarena.cz\/index.php?rest_route=%2Fwp%2Fv2%2Fcategories&post=55329"},{"taxonomy":"post_tag","embeddable":true,"href":"https:\/\/www.invarena.cz\/index.php?rest_route=%2Fwp%2Fv2%2Ftags&post=55329"}],"curies":[{"name":"wp","href":"https:\/\/api.w.org\/{rel}","templated":true}]}}