{"id":55457,"date":"2025-03-04T22:09:06","date_gmt":"2025-03-04T21:09:06","guid":{"rendered":"https:\/\/www.invarena.cz\/?p=55457"},"modified":"2025-03-04T22:09:06","modified_gmt":"2025-03-04T21:09:06","slug":"v-canisterapii-je-dulezity-pes-i-pristup-jeho-pana-mini-bystricka-terapeutka","status":"publish","type":"post","link":"https:\/\/www.invarena.cz\/?p=55457","title":{"rendered":"V canisterapii je d\u016fle\u017eit\u00fd pes i p\u0159\u00edstup jeho p\u00e1na, m\u00edn\u00ed byst\u0159ick\u00e1 terapeutka"},"content":{"rendered":"\n<p>Zp\u016fsobilost pro canisterapii by m\u011bli ov\u011b\u0159ovat nejen psi, ale i jejich majitel\u00e9, m\u00edn\u00ed Petra K\u00f6nigov\u00e1 ze spolku Cantes Vyso\u010dina, kter\u00e1 je z\u00e1rove\u0148 vedouc\u00ed denn\u00edho stacion\u00e1\u0159e Rosa v Byst\u0159ici nad Pern\u0161tejnem na \u017d\u010f\u00e1rsku. Sama se canisterapii v\u011bnuje \u0161estn\u00e1ct let, zkou\u0161\u00ed i nov\u00e9 psy. Jednoho z t\u011bch sv\u00fdch, flat coated retr\u00edvra Dreamera, pravideln\u011b vod\u00ed i ke klient\u016fm stacion\u00e1\u0159e.<\/p>\n\n\n\n<p>\u201eU n\u00e1s v Cantes se zkou\u0161\u00ed jen psi. Jako vedouc\u00ed stacion\u00e1\u0159e i jako rozhod\u010d\u00ed si ale uv\u011bdomuji, \u017ee u\u017e je to tro\u0161ku zkostnat\u011bl\u00fd a zastaral\u00fd p\u0159\u00edstup, proto\u017ee by se m\u011bli prov\u011b\u0159ovat i ti canisterapeuti. Jsou organizace v \u010cesku, kter\u00e9 vy\u017eaduj\u00ed, aby psovodi m\u011bli alespo\u0148 kurz pracovn\u00edka v soci\u00e1ln\u00edch slu\u017eb\u00e1ch, z\u00e1kon to ale nevy\u017eaduje. Canisterapie v\u016fbec nen\u00ed n\u011bjak z\u00e1konn\u011b ukotvena,&#8220; \u0159ekla K\u00f6nigov\u00e1.<\/p>\n\n\n\n<p>Pracovat s nemocn\u00fdmi p\u0159itom podle n\u00ed nen\u00ed jednoduch\u00e9 v mnoha sm\u011brech v\u010detn\u011b komunikace, kter\u00e1 mus\u00ed m\u00edt sv\u00e1 pravidla. Z\u00e1jemci o canisterapii by tak m\u011bli b\u00fdt dop\u0159edu obezn\u00e1meni s prost\u0159ed\u00edm, ve kter\u00e9m budou p\u016fsobit, a m\u00edt pro pr\u00e1ci v soci\u00e1ln\u00edch slu\u017eb\u00e1ch p\u0159edpoklady. \u201eLid\u00e9 jsou pak ne\u0161\u0165astn\u00ed, kdy\u017e do toho jdou jen s t\u00edm, \u017ee m\u00e1m skv\u011bl\u00e9ho psa a chci pom\u00e1hat lidem. Je to stejn\u00e9, jako kdy\u017e jde n\u011bkdo pracovat sem do stacion\u00e1\u0159e. Kdy\u017e nem\u00e1 tu znalost, tak velmi rychle vyho\u0159\u00ed a skon\u010d\u00ed, a je to \u0161koda,&#8220; \u0159ekla K\u00f6nigov\u00e1.<\/p>\n\n\n\n<p>Pes vhodn\u00fd ke canisterapii, tedy l\u00e9\u010db\u011b prost\u0159ednictv\u00edm kontaktu se psem, nepot\u0159ebuje n\u00e1ro\u010dn\u00fd v\u00fdcvik. Mus\u00ed m\u00edt ale dobrou povahu, b\u00fdt socializovan\u00fd, m\u00edt r\u00e1d lidi a neb\u00fdt ani v nestandardn\u00edch situac\u00edch agresivn\u00ed. Zkou\u0161\u00ed se to t\u0159eba t\u00edm, \u017ee se p\u0159ed zv\u00ed\u0159etem zprudka rozve\u0159e de\u0161tn\u00edk. Jakmile vedle \u00faleku zareaguje tak\u00e9 t\u00edm, \u017ee se do de\u0161tn\u00edku zahryzne, je jasn\u00e9, \u017ee vhodn\u00fdm adeptem nen\u00ed.<\/p>\n\n\n\n<p>\u201eTestuje se t\u0159eba i to, zda mu nevad\u00ed, kdy\u017e ho zat\u00e1hnu, jestli mu m\u016f\u017eu s\u00e1hnout do tlamy. Nebo t\u0159eba vezmu h\u016flku, str\u010d\u00edm do n\u011bj. Zkou\u0161\u00ed se prost\u011b skoro v\u0161echny situace, kter\u00e9 by pak mohly nastat v soci\u00e1ln\u00edch slu\u017eb\u00e1ch, kam pes doch\u00e1z\u00ed,&#8220; vysv\u011btlila K\u00f6nigov\u00e1. Pat\u0159\u00ed tam i reakce psa na pohyb invalidn\u00edho voz\u00edku.<\/p>\n\n\n\n<p>Spolek Cantes vznikl v roce 2008. Samostatn\u00e1 organizace v Byst\u0159ici nad Pern\u0161tejnem funguje od roku 2011. Pozd\u011bji se p\u0159idala i organizace Cantes z T\u0159eb\u00ed\u010de a vznikla Cantes Vyso\u010dina. Samostatn\u011b p\u016fsob\u00ed organizace tak\u00e9 ve v\u00fdchodn\u00edch \u010cech\u00e1ch a v Jihomoravsk\u00e9m kraji. Kv\u016fli velk\u00e9mu \u00fabytku \u010dlen\u016f se chyst\u00e1 slou\u010den\u00ed Cantes Vyso\u010dina s organizac\u00ed v Brn\u011b.<\/p>\n\n\n\n<p>\u201e\u010clen\u016f ub\u00fdv\u00e1 zejm\u00e9na st\u00e1rnut\u00edm ps\u016f. Pes v\u00e1m odejde a dal\u0161\u00ed \u0161t\u011b\u0148\u00e1tko u\u017e t\u0159eba nen\u00ed pro canisterapii vhodn\u00e9. M\u011bli jsem 25 \u010dlen\u016f a te\u010f jsme t\u0159i, tak\u017ee se p\u0159id\u00e1me k Brnu, kde je v sou\u010dasnosti p\u0159es 50 \u010dlen\u016f. Ale nic z\u00e1sadn\u00edho se nem\u011bn\u00ed, \u0161kolen\u00ed m\u00e1me stejn\u00e9, bude to jen administrativn\u011b jednodu\u0161\u0161\u00ed, &#8220; dodala K\u00f6nigov\u00e1.<\/p>\n\n\n\n<p>\u010cTK<\/p>\n\n\n\n<p>\u017d\u010f\u00e1rsk\u00fd den\u00edk<\/p>\n\n\n\n<p><a href=\"https:\/\/zdarsky.denik.cz\" target=\"_blank\" rel=\"noreferrer noopener\">https:\/\/zdarsky.denik.cz<\/a><\/p>\n","protected":false},"excerpt":{"rendered":"<div class=\"mh-excerpt\"><p>Zp\u016fsobilost pro canisterapii by m\u011bli ov\u011b\u0159ovat nejen psi, ale i jejich majitel\u00e9, m\u00edn\u00ed Petra K\u00f6nigov\u00e1 ze spolku Cantes Vyso\u010dina, kter\u00e1 je z\u00e1rove\u0148 vedouc\u00ed denn\u00edho stacion\u00e1\u0159e <a class=\"mh-excerpt-more\" href=\"https:\/\/www.invarena.cz\/?p=55457\" title=\"V canisterapii je d\u016fle\u017eit\u00fd pes i p\u0159\u00edstup jeho p\u00e1na, m\u00edn\u00ed byst\u0159ick\u00e1 terapeutka\">[&#8230;]<\/a><\/p>\n<\/div>","protected":false},"author":1,"featured_media":24870,"comment_status":"open","ping_status":"closed","sticky":false,"template":"","format":"standard","meta":{"footnotes":""},"categories":[9],"tags":[],"class_list":["post-55457","post","type-post","status-publish","format-standard","has-post-thumbnail","hentry","category-zpravy"],"_links":{"self":[{"href":"https:\/\/www.invarena.cz\/index.php?rest_route=\/wp\/v2\/posts\/55457","targetHints":{"allow":["GET"]}}],"collection":[{"href":"https:\/\/www.invarena.cz\/index.php?rest_route=\/wp\/v2\/posts"}],"about":[{"href":"https:\/\/www.invarena.cz\/index.php?rest_route=\/wp\/v2\/types\/post"}],"author":[{"embeddable":true,"href":"https:\/\/www.invarena.cz\/index.php?rest_route=\/wp\/v2\/users\/1"}],"replies":[{"embeddable":true,"href":"https:\/\/www.invarena.cz\/index.php?rest_route=%2Fwp%2Fv2%2Fcomments&post=55457"}],"version-history":[{"count":0,"href":"https:\/\/www.invarena.cz\/index.php?rest_route=\/wp\/v2\/posts\/55457\/revisions"}],"wp:featuredmedia":[{"embeddable":true,"href":"https:\/\/www.invarena.cz\/index.php?rest_route=\/wp\/v2\/media\/24870"}],"wp:attachment":[{"href":"https:\/\/www.invarena.cz\/index.php?rest_route=%2Fwp%2Fv2%2Fmedia&parent=55457"}],"wp:term":[{"taxonomy":"category","embeddable":true,"href":"https:\/\/www.invarena.cz\/index.php?rest_route=%2Fwp%2Fv2%2Fcategories&post=55457"},{"taxonomy":"post_tag","embeddable":true,"href":"https:\/\/www.invarena.cz\/index.php?rest_route=%2Fwp%2Fv2%2Ftags&post=55457"}],"curies":[{"name":"wp","href":"https:\/\/api.w.org\/{rel}","templated":true}]}}