{"id":55559,"date":"2025-03-10T07:42:50","date_gmt":"2025-03-10T06:42:50","guid":{"rendered":"https:\/\/www.invarena.cz\/?p=55559"},"modified":"2025-03-10T07:42:51","modified_gmt":"2025-03-10T06:42:51","slug":"snemovna-schvalila-tzv-flexi-novelu-zakoniku-prace","status":"publish","type":"post","link":"https:\/\/www.invarena.cz\/?p=55559","title":{"rendered":"Sn\u011bmovna schv\u00e1lila tzv. flexi novelu z\u00e1kon\u00edku pr\u00e1ce\u00a0\u00a0"},"content":{"rendered":"\n<p>Radio\u017eurn\u00e1l\u00a0&#8211; Ozv\u011bny dne<br \/><br \/>Sn\u011bmovna schv\u00e1lila tzv. flexi novelu z\u00e1kon\u00edku pr\u00e1ce, kter\u00e1 mimo jin\u00e9 prodlu\u017euje zku\u0161ebn\u00ed dobu zam\u011bstnanc\u016f a v\u00fdpov\u011bdn\u00ed lh\u016ftu stanov\u00ed u\u017e doru\u010den\u00edm v\u00fdpov\u011bdi. Poslanci ODS a TOP 09 neprosadili v\u00fdpov\u011b\u010f bez ud\u00e1n\u00ed d\u016fvodu s vy\u0161\u0161\u00edm odstupn\u00fdm. Sn\u011bmovna jejich \u00fapravu do tzv. flexi novely z\u00e1kon\u00edku pr\u00e1ce nevlo\u017eila. Sn\u011bmovna doplnila novelu z\u00e1kon\u00edku o zm\u011bny v podpo\u0159e v nezam\u011bstnanosti v prvn\u00edch m\u011bs\u00edc\u00edch vzroste ze 65 na 85 % mzdy na 80 %, mzdy v posledn\u00edch bude ni\u017e\u0161\u00ed. J\u00e1 te\u010f ve studiu v\u00edt\u00e1m analytika pracovn\u00edho trhu ze spole\u010dnosti Alma Career Tom\u00e1\u0161e Erv\u00edna Dombrovsk\u00e9ho, dobr\u00fd den.<br \/><br \/>Sn\u011bmovna to schv\u00e1lila p\u0159es malou chv\u00edli, nicm\u00e9n\u011b tu dne\u0161n\u00ed debatu ve sn\u011bmovn\u011b ovl\u00e1dl n\u00e1vrh na zaveden\u00ed v\u00fdpov\u011bdi bez ud\u00e1n\u00ed d\u016fvod\u016f. Jeho zast\u00e1nci mluvili o zpru\u017en\u011bn\u00ed trhu pr\u00e1ce. Je to opat\u0159en\u00ed, kter\u00e9 by mohla takhle p\u016fsobit?<br \/><br \/>Tom\u00e1\u0161 Erv\u00edn Dombrovsk\u00fd, personalista, analytik pracovn\u00edho trhu Alma Career<br \/>&#8212;&#8212;&#8212;&#8212;&#8212;&#8212;&#8211;<br \/>Ona ta debata byla velmi \u0161irok\u00e1 a bohu\u017eel si ukradla ve\u0161kerou pozornost navzdory tomu, \u017ee vlastn\u011b nem\u011bla \u017e\u00e1dnou \u0161ir\u0161\u00ed podporu a byla celkem jednozna\u010dn\u011b smetena ze stolu, zat\u00edmco ty ostatn\u00ed n\u00e1vrhy, v\u010detn\u011b t\u0159eba redesignu podpory v nezam\u011bstnanosti a v rekvalifikac\u00edch, kter\u00e9 m\u016f\u017eou v\u00fdrazn\u011b v\u00edce pomoci rozh\u00fdbat pracovn\u00ed trh, tak nakonec byly p\u0159ijaty, d\u00e1 se \u0159\u00edci, jednomysln\u011b, pro bylo 156 poslanc\u016f, proti nikdo a nakonec i opozice se p\u0159ihl\u00e1sila k t\u00e9 cel\u00e9 podob\u011b flexi novely z\u00e1kon\u00edku pr\u00e1ce, v\u010detn\u011b v\u0161ech odsouhlasen\u00fdch pozm\u011b\u0148ovac\u00edch n\u00e1vrh\u016f jako celku, to znamen\u00e1, \u017ee bude u\u017eite\u010dn\u00e1, m\u011bla by podpo\u0159it, pomoci rozh\u00fdbat trh. Co se t\u00fd\u010de t\u00e9 v\u00fdpov\u011bdi bez ud\u00e1n\u00ed d\u016fvodu, jenom kr\u00e1tce. Ten n\u00e1vrh m\u011bl celou \u0159adu nedostatk\u016f, nechr\u00e1nil dostate\u010dn\u011b t\u0159eba lidi z ohro\u017een\u00fdch skupin, t\u0159eba \u017eeny v t\u011bhotenstv\u00ed a podobn\u011b. Z\u00e1rove\u0148 byl spojen\u00fd s dvojn\u00e1sobn\u00fdm odstupn\u00fdm, kter\u00e9 by paradoxn\u011b mohlo vlastn\u011b je\u0161t\u011b v\u00edce zmrazit \u010desk\u00fd pracovn\u00ed trh, proto\u017ee u\u017e dneska tady pr\u00e1ci bohu\u017eel p\u0159\u00edli\u0161 \u010dasto lid\u00e9 dobrovoln\u011b nem\u011bn\u00ed a \u010dekaj\u00ed na tu v\u00fdpov\u011b\u010f a p\u0159\u00edpadn\u00e9 odstupn\u00e9, kter\u00e9 sice v\u011bt\u0161ina nez\u00edsk\u00e1, ale u\u017e jenom ta vidina toho odstupn\u00e9ho vede k tomu, \u017ee teda \u010dekaj\u00ed, jestli se jich firma nebude pot\u0159eba zbavit a z\u016fst\u00e1vaj\u00ed. Dvojn\u00e1sobn\u00e9 odstupn\u00e9 by je\u0161t\u011b pos\u00edlilo tu s\u00e1zku na jistotu a vlastn\u011b v\u00edce zablokovalo pracovn\u00ed trh. Paradoxn\u011b.<br \/><br \/>moder\u00e1torka<br \/>&#8212;&#8212;&#8212;&#8212;&#8212;&#8212;&#8211;<br \/>A jak jinak se d\u00e1 zpru\u017enit trh pr\u00e1ce?<br \/><br \/>Tom\u00e1\u0161 Erv\u00edn Dombrovsk\u00fd, <br \/>K tomu opravdu nejv\u00edce asi sm\u011b\u0159uje jednak ten re design podpory v nezam\u011bstnanosti a v rekvalifikac\u00edch, kter\u00fd&#8230;<br \/><br \/>moder\u00e1torka<br \/>&#8212;&#8212;&#8212;&#8212;&#8212;&#8212;&#8211;<br \/>To znamen\u00e1, \u017ee v prvn\u00edch m\u011bs\u00edc\u00edch, te\u010f, kdy\u017e vzroste na 80 % a pak se bude rychleji sni\u017eovat, tak je to v po\u0159\u00e1dku, tak je to krok dobr\u00fd sm\u011brem?<br \/><br \/>Tom\u00e1\u0161 Erv\u00edn Dombrovsk\u00fd, <br \/>Ono vlastn\u011b doch\u00e1z\u00ed ke zm\u011bn\u011b \u010derp\u00e1n\u00ed, to znamen\u00e1, na za\u010d\u00e1tku bude podpora vy\u0161\u0161\u00ed, potom bude rychleji klesat a z\u00e1rove\u0148 rychleji bude lidi motivovat k tomu, aby si p\u0159\u00edpadn\u011b doplnili kvalifikaci, kdy\u017e se jim t\u0159eba neda\u0159\u00ed tu pr\u00e1ci naj\u00edt adekv\u00e1tn\u00ed vzhledem k tomu jejich zam\u011b\u0159en\u00ed nebo k tomu, co d\u011blaj\u00ed v tom m\u00edst\u011b, kde \u017eijou. Co je pot\u0159eba \u0159\u00edci, t\u00edm c\u00edlem nen\u00ed jako dostat co nejv\u00edce lid\u00ed na \u00fa\u0159ady pr\u00e1ce, aby \u010derpali podporu. Dneska opravdu 2\/3\u20133\/4 lid\u00ed, kdy\u017e m\u011bn\u00ed pr\u00e1ci, tak jdou mimo \u00fa\u0159ady pr\u00e1ce, pom\u016f\u017eou si, sami, s\u00e1zej\u00ed na vlastn\u00ed rezervy, ale podstatn\u00e9 je, \u017ee ty rezervy m\u00e1 v\u011bt\u0161ina \u010desk\u00e9 zam\u011bstnan\u00e9 populace velmi nedostate\u010dn\u00e9, opravdu 36 % lid\u00ed m\u00e1 rezervy dosa\u017eiteln\u00e9 nejv\u00fd\u0161e na m\u011bs\u00edc pro p\u0159\u00edpad v\u00fdpadku p\u0159\u00edjm\u016f a celkem 70 % nejv\u00fd\u0161e na t\u0159i m\u011bs\u00edce, co\u017e je po\u0159\u00e1d docela nedostate\u010dn\u00e1 doba pro b\u011b\u017en\u00e9 hled\u00e1n\u00ed pr\u00e1ce.<br \/><br \/> moder\u00e1torka<br \/>&#8212;&#8212;&#8212;&#8212;&#8212;&#8212;&#8211;<br \/>Je to chyba lid\u00ed nebo v\u00fd\u0161e mezd?<br \/><br \/>Tom\u00e1\u0161 Erv\u00edn Dombrovsk\u00fd, <br \/>Je to jedna chyba v\u00fd\u0161e mezd, ale z\u00e1rove\u0148 i t\u00e9 nefunk\u010dn\u00ed pojistky, proto\u017ee podpora v nezam\u011bstnanosti je de facto povinn\u00e1 pojistka, ale ta v\u00fd\u0161e sou\u010dasn\u00e9ho pln\u011bn\u00ed je naprosto neadekv\u00e1tn\u00ed pro drtivou v\u011bt\u0161inu lid\u00ed. A tady posledn\u00ed dv\u011b pozn\u00e1mky. On ten redesign p\u0159inesl je\u0161t\u011b dv\u011b novinky. Krom\u011b toho zv\u00fd\u0161en\u00ed podpory vzhledem k p\u0159edchoz\u00edm p\u0159\u00edjm\u016fm tak, aby to bylo tro\u0161ku adekv\u00e1tn\u011bj\u0161\u00ed. Jednak se nav\u00fd\u0161il strop maxim\u00e1ln\u011b dosa\u017eiteln\u00e9 podpory na 80 % pr\u016fm\u011brn\u00e9 mzdy v ekonomice, co\u017e je v\u00fdrazn\u011b vy\u0161\u0161\u00ed strop ne\u017e dosud, tak\u017ee by to mohlo pokr\u00fdt i lidi t\u0159eba se st\u0159edn\u00edmi p\u0159\u00edjmy, ne \u00fapln\u011b s vysok\u00fdmi, ale st\u0159edn\u00edmi, tak\u017ee i jim to pom\u016f\u017ee. Oni taky maj\u00ed tu finan\u010dn\u00ed bari\u00e9ru. A druh\u00e1 v\u011bc za m\u011b naprosto kl\u00ed\u010dov\u00e1, m\u00e1lo se o n\u00ed mluv\u00ed dote\u010f, byli velmi penalizov\u00e1ni v r\u00e1mci podpory v nezam\u011bstnanosti lidi, kte\u0159\u00ed odch\u00e1zeli dobrovoln\u011b z vlastn\u00ed v\u016fle, bu\u010f dali v\u00fdpov\u011b\u010f, nebo p\u0159istoupili na dohodu o ukon\u010den\u00ed pracovn\u00edho pom\u011bru.<br \/><br \/>V\u011bra \u0160techrov\u00e1, moder\u00e1torka<br \/>&#8212;&#8212;&#8212;&#8212;&#8212;&#8212;&#8211;<br \/>\u017d\u00e1dn\u00e9 odstupn\u00e9 tam nebylo t\u00edm p\u00e1dem.<br \/><br \/>Tom\u00e1\u0161 Erv\u00edn Dombrovsk\u00fd, <br \/>Nem\u011bli odstupn\u00e9 t\u0159eba a dostali 45 % podpory a po celou dobu z\u00e1rove\u0148. Te\u010f v tom n\u00e1vrhu je opravdu to sjednocen\u00ed podm\u00ednek bez ohledu na to, jestli \u010dlov\u011bk odch\u00e1z\u00ed z vlastn\u00ed v\u016fle nebo dostane v\u00fdpov\u011b\u010f. V\u0161ichni vzhledem k tomu, \u017ee si tu pojistku p\u0159edpl\u00e1cej\u00ed v\u0161ichni \u00fapln\u011b stejn\u011b ze sv\u00fdch p\u0159edchoz\u00edch p\u0159\u00edjm\u016f, tak budou m\u00edt n\u00e1rok na stejnou podporu. Na za\u010d\u00e1tku o dost vy\u0161\u0161\u00ed potom bude rychleji klesat a bude je i motivovat t\u0159eba k dopln\u011bn\u00ed kvalifikace. T\u011b\u017eit z toho ve v\u00fdsledku budou i samotn\u00e9 firmy, kter\u00fdm se tro\u0161ku uvoln\u00ed kapacita lid\u00ed pro ty kl\u00ed\u010dov\u00e9 pozice, kter\u00e9 se jim dneska extr\u00e9mn\u011b neda\u0159\u00ed obsazovat, proto\u017ee lidi sed\u00ed v n\u011bjak\u00fdch firm\u00e1ch a \u010dekaj\u00ed na v\u00fdpov\u011bdi.<br \/><br \/>V\u011bra \u0160techrov\u00e1, moder\u00e1torka<br \/>&#8212;&#8212;&#8212;&#8212;&#8212;&#8212;&#8211;<br \/>Tom\u00e1\u0161 Erv\u00edn Dombrovsk\u00fd, analytik pracovn\u00edho trhu s Alma Career, poradce\u00a0<strong>MPSV<\/strong>. D\u00edky, na sly\u0161enou.<br \/><\/p>\n","protected":false},"excerpt":{"rendered":"<div class=\"mh-excerpt\"><p>Radio\u017eurn\u00e1l\u00a0&#8211; Ozv\u011bny dne Sn\u011bmovna schv\u00e1lila tzv. flexi novelu z\u00e1kon\u00edku pr\u00e1ce, kter\u00e1 mimo jin\u00e9 prodlu\u017euje zku\u0161ebn\u00ed dobu zam\u011bstnanc\u016f a v\u00fdpov\u011bdn\u00ed lh\u016ftu stanov\u00ed u\u017e doru\u010den\u00edm v\u00fdpov\u011bdi. Poslanci <a class=\"mh-excerpt-more\" href=\"https:\/\/www.invarena.cz\/?p=55559\" title=\"Sn\u011bmovna schv\u00e1lila tzv. flexi novelu z\u00e1kon\u00edku pr\u00e1ce\u00a0\u00a0\">[&#8230;]<\/a><\/p>\n<\/div>","protected":false},"author":1,"featured_media":19485,"comment_status":"open","ping_status":"closed","sticky":false,"template":"","format":"standard","meta":{"footnotes":""},"categories":[12],"tags":[],"class_list":["post-55559","post","type-post","status-publish","format-standard","has-post-thumbnail","hentry","category-rozhovory"],"_links":{"self":[{"href":"https:\/\/www.invarena.cz\/index.php?rest_route=\/wp\/v2\/posts\/55559","targetHints":{"allow":["GET"]}}],"collection":[{"href":"https:\/\/www.invarena.cz\/index.php?rest_route=\/wp\/v2\/posts"}],"about":[{"href":"https:\/\/www.invarena.cz\/index.php?rest_route=\/wp\/v2\/types\/post"}],"author":[{"embeddable":true,"href":"https:\/\/www.invarena.cz\/index.php?rest_route=\/wp\/v2\/users\/1"}],"replies":[{"embeddable":true,"href":"https:\/\/www.invarena.cz\/index.php?rest_route=%2Fwp%2Fv2%2Fcomments&post=55559"}],"version-history":[{"count":0,"href":"https:\/\/www.invarena.cz\/index.php?rest_route=\/wp\/v2\/posts\/55559\/revisions"}],"wp:featuredmedia":[{"embeddable":true,"href":"https:\/\/www.invarena.cz\/index.php?rest_route=\/wp\/v2\/media\/19485"}],"wp:attachment":[{"href":"https:\/\/www.invarena.cz\/index.php?rest_route=%2Fwp%2Fv2%2Fmedia&parent=55559"}],"wp:term":[{"taxonomy":"category","embeddable":true,"href":"https:\/\/www.invarena.cz\/index.php?rest_route=%2Fwp%2Fv2%2Fcategories&post=55559"},{"taxonomy":"post_tag","embeddable":true,"href":"https:\/\/www.invarena.cz\/index.php?rest_route=%2Fwp%2Fv2%2Ftags&post=55559"}],"curies":[{"name":"wp","href":"https:\/\/api.w.org\/{rel}","templated":true}]}}