{"id":55584,"date":"2025-03-10T12:11:18","date_gmt":"2025-03-10T11:11:18","guid":{"rendered":"https:\/\/www.invarena.cz\/?p=55584"},"modified":"2025-03-10T12:11:18","modified_gmt":"2025-03-10T11:11:18","slug":"dobra-zprava-indukcni-smycka-pomuze-v-opave-nedoslychavym","status":"publish","type":"post","link":"https:\/\/www.invarena.cz\/?p=55584","title":{"rendered":"Dobr\u00e1 zpr\u00e1va: Induk\u010dn\u00ed smy\u010dka pom\u016f\u017ee v Opav\u011b nedosl\u00fdchav\u00fdm"},"content":{"rendered":"\n<p>M\u011bsto reagovalo na podn\u011bt sluchov\u011b posti\u017een\u00fdch Opavan\u016f a v s\u00e1le sv\u00e9ho Kulturn\u00edho domu Na Rybn\u00ed\u010dku instalovalo induk\u010dn\u00ed smy\u010dku.<\/p>\n\n\n\n<p>Induk\u010dn\u00ed smy\u010dka je asisten\u010dn\u00edm syst\u00e9mem, umo\u017e\u0148uj\u00edc\u00edm lidem s posti\u017een\u00edm sluchu, kte\u0159\u00ed si \u010dasto st\u011b\u017euj\u00ed na \u0161patnou srozumitelnost mluven\u00e9ho slova ve ve\u0159ejn\u00fdch prostor\u00e1ch, poslouchat d\u011bn\u00ed kolem sebe. Jin\u00fdmi slovy, jde o za\u0159\u00edzen\u00ed, kter\u00e9 nedosl\u00fdchav\u00fdm lidem pom\u016f\u017ee k aktivn\u011bj\u0161\u00edmu zapojen\u00ed do ve\u0159ejn\u00e9ho \u017eivota.<\/p>\n\n\n\n<p>\u201eFunguje tak, \u017ee zvuk z n\u011bjak\u00e9ho zdroje, nap\u0159\u00edklad z televize, telefonu, mikrofonu nebo p\u0159ehr\u00e1va\u010de, je vyza\u0159ovan\u00fd do prostoru formou prom\u011bnliv\u00e9ho magnetick\u00e9ho pole, modulovan\u00e9ho podle vstupn\u00edho sign\u00e1lu. Toto pole je p\u0159es speci\u00e1ln\u00ed obvody sluchadla, ozna\u010dovan\u00e9 nej\u010dast\u011bji jako \u201eT\u00e9\u010dko\u201c nebo \u201eC\u00edvka\u201c, p\u0159ij\u00edm\u00e1no a zpracov\u00e1no do zvukov\u00e9 frekvence, sly\u0161iteln\u00e9 pro u\u017eivatele sluchadel,\u201c popisuje za\u0159\u00edzen\u00ed vedouc\u00ed odboru informatiky opavsk\u00e9ho magistr\u00e1tu David Nesp\u011b\u0161n\u00fd.<\/p>\n\n\n\n<p>Uveden\u00e9 \u0159e\u0161en\u00ed eliminuje t\u00e9\u017e akustick\u00e9 ru\u0161en\u00ed okol\u00ed a lid\u00e9, pou\u017e\u00edvaj\u00edc\u00ed sluchadla, p\u0159estanou m\u00edt pocit izolovanosti a nedostatku informac\u00ed.<\/p>\n\n\n\n<p>\u201eJsem r\u00e1d, \u017ee se v\u0161echno povedlo ve spolupr\u00e1ci s provozovatelem objektu zprovoznit a umo\u017enit tak spoluob\u010dan\u016fm se slab\u0161\u00edm sluchem v\u011bt\u0161\u00ed interakci nejenom p\u0159i jedn\u00e1n\u00ed zastupitel\u016f, ale vlastn\u011b p\u0159i v\u0161ech akc\u00edch, kter\u00e9 se v Kulturn\u00edm dom\u011b Na Rybn\u00ed\u010dku konaj\u00ed, \u017d\u00e1dost byla ojedin\u011bl\u00e1, ale v\u00edme, \u017ee takov\u00fdch lid\u00ed je kolem n\u00e1s v\u00edc. Budeme jen r\u00e1di, kdy\u017e budou za\u0159\u00edzen\u00ed vyu\u017e\u00edvat a z\u00edskaj\u00ed tak mo\u017enost nejenom l\u00e9pe sly\u0161et n\u00e1zory zastupitel\u016f, ale tak\u00e9 dokonaleji pro\u017e\u00edvat r\u016fzn\u00e9 kulturn\u00ed po\u0159ady,\u201c \u0159\u00edk\u00e1 k instalaci n\u00e1m\u011bstek prim\u00e1tora Pavel Meletzk\u00fd. M\u011bsto nemuselo vy\u0159e\u0161it jen technick\u00e9 po\u017eadavky, ale muselo jednat i v souladu s pohledem pam\u00e1tkov\u00e9 p\u00e9\u010de a ohledem na u\u017e schv\u00e1len\u00fd rozpo\u010det.<\/p>\n\n\n\n<p>K t\u00e9matu<\/p>\n\n\n\n<p>Kulturn\u00ed d\u016fm Na Rybn\u00ed\u010dku je proslul\u00fdm m\u00edstem kon\u00e1n\u00ed opavsk\u00fdch kulturn\u00edch i spole\u010densk\u00fdch akc\u00ed, semin\u00e1\u0159\u016f nebo zased\u00e1n\u00ed. Postaven\u00fd byl roku 1895 na objedn\u00e1vku Spolku katolick\u00fdch tovary\u0161\u016f p\u016fvodn\u011b jako objekt pro malou divadeln\u00ed sc\u00e9nu s restaurac\u00ed, knihovnou, nocle\u017enou a kancel\u00e1\u0159emi.<\/p>\n\n\n\n<p>O rok pozd\u011bji v n\u011bm byla zah\u00e1jena tradice divadeln\u00edch p\u0159edstaven\u00ed, p\u0159edn\u00e1\u0161ek a ples\u016f. V roce 1965 pro\u0161el p\u0159estavbou st\u00e1vaj\u00edc\u00edho z\u00e1vodn\u00edho klubu Ostroj, ale sv\u00e9 zam\u011b\u0159en\u00ed si na p\u0159\u00e1n\u00ed Opavan\u016f zachoval. Dnes je jeho vlastn\u00edkem Statut\u00e1rn\u00ed m\u011bsto Opava, kter\u00e9mu se poda\u0159ilo z\u00edskat dotaci na kompletn\u00ed rekonstrukci a vybudov\u00e1n\u00ed mal\u00e9 servisn\u00ed p\u0159\u00edstavby pro technick\u00e9 z\u00e1zem\u00ed objektu a to p\u0159i zachov\u00e1n\u00ed sou\u010dasn\u00fdch kapacit i funk\u010dn\u00ed n\u00e1pln\u011b. V r\u00e1mci rekonstrukce byl vybudovan\u00fd i bezbari\u00e9rov\u00fd p\u0159\u00edstup i bezbari\u00e9rov\u00fd v\u00fdtah, ale historick\u00fd vzhled budovy p\u0159itom z\u016fstal zachovan\u00fd. Po rekonstrukci se Kulturn\u00ed d\u016fm Na Rybn\u00ed\u010dku otev\u0159el znovu ve\u0159ejnosti v roce 2012.<\/p>\n\n\n\n<p>Jitka Hru\u0161kov\u00e1<\/p>\n\n\n\n<p>Opavsk\u00fd den\u00edk<\/p>\n\n\n\n<p><a href=\"https:\/\/opavsky.denik.cz\" target=\"_blank\" rel=\"noreferrer noopener\">https:\/\/opavsky.denik.cz<\/a><\/p>\n","protected":false},"excerpt":{"rendered":"<div class=\"mh-excerpt\"><p>M\u011bsto reagovalo na podn\u011bt sluchov\u011b posti\u017een\u00fdch Opavan\u016f a v s\u00e1le sv\u00e9ho Kulturn\u00edho domu Na Rybn\u00ed\u010dku instalovalo induk\u010dn\u00ed smy\u010dku. Induk\u010dn\u00ed smy\u010dka je asisten\u010dn\u00edm syst\u00e9mem, umo\u017e\u0148uj\u00edc\u00edm lidem <a class=\"mh-excerpt-more\" href=\"https:\/\/www.invarena.cz\/?p=55584\" title=\"Dobr\u00e1 zpr\u00e1va: Induk\u010dn\u00ed smy\u010dka pom\u016f\u017ee v Opav\u011b nedosl\u00fdchav\u00fdm\">[&#8230;]<\/a><\/p>\n<\/div>","protected":false},"author":1,"featured_media":16054,"comment_status":"open","ping_status":"closed","sticky":false,"template":"","format":"standard","meta":{"footnotes":""},"categories":[9],"tags":[],"class_list":["post-55584","post","type-post","status-publish","format-standard","has-post-thumbnail","hentry","category-zpravy"],"_links":{"self":[{"href":"https:\/\/www.invarena.cz\/index.php?rest_route=\/wp\/v2\/posts\/55584","targetHints":{"allow":["GET"]}}],"collection":[{"href":"https:\/\/www.invarena.cz\/index.php?rest_route=\/wp\/v2\/posts"}],"about":[{"href":"https:\/\/www.invarena.cz\/index.php?rest_route=\/wp\/v2\/types\/post"}],"author":[{"embeddable":true,"href":"https:\/\/www.invarena.cz\/index.php?rest_route=\/wp\/v2\/users\/1"}],"replies":[{"embeddable":true,"href":"https:\/\/www.invarena.cz\/index.php?rest_route=%2Fwp%2Fv2%2Fcomments&post=55584"}],"version-history":[{"count":0,"href":"https:\/\/www.invarena.cz\/index.php?rest_route=\/wp\/v2\/posts\/55584\/revisions"}],"wp:featuredmedia":[{"embeddable":true,"href":"https:\/\/www.invarena.cz\/index.php?rest_route=\/wp\/v2\/media\/16054"}],"wp:attachment":[{"href":"https:\/\/www.invarena.cz\/index.php?rest_route=%2Fwp%2Fv2%2Fmedia&parent=55584"}],"wp:term":[{"taxonomy":"category","embeddable":true,"href":"https:\/\/www.invarena.cz\/index.php?rest_route=%2Fwp%2Fv2%2Fcategories&post=55584"},{"taxonomy":"post_tag","embeddable":true,"href":"https:\/\/www.invarena.cz\/index.php?rest_route=%2Fwp%2Fv2%2Ftags&post=55584"}],"curies":[{"name":"wp","href":"https:\/\/api.w.org\/{rel}","templated":true}]}}