{"id":556,"date":"2012-11-12T03:42:51","date_gmt":"2012-11-12T03:42:51","guid":{"rendered":"http:\/\/www.invarena.cz\/?p=556"},"modified":"2016-01-26T17:29:13","modified_gmt":"2016-01-26T16:29:13","slug":"papirovani-je-prilis-postizeni-proto-hure-shaneji-praci","status":"publish","type":"post","link":"https:\/\/www.invarena.cz\/?p=556","title":{"rendered":"Pap\u00edrov\u00e1n\u00ed je p\u0159\u00edli\u0161. Posti\u017een\u00ed proto h\u016f\u0159e sh\u00e1n\u011bj\u00ed pr\u00e1ci"},"content":{"rendered":"<p><strong>P\u0159esto\u017ee k vy\u0159\u00edzen\u00ed \u017e\u00e1dosti mnohdy sta\u010d\u00ed pouze jeden dokument m\u00edsto dvou \u010di t\u0159\u00ed, zejm\u00e9na pracovn\u00ed \u00fa\u0159ady po\u017eaduj\u00ed \u0161tosy doklad\u016f. Fakt, \u017ee zam\u011bstn\u00e1v\u00e1n\u00ed posti\u017een\u00fdch je spojeno se zna\u010dn\u00fdm pap\u00edrov\u00e1n\u00edm a \u010dast\u00fdmi kontrolami vede k tomu, \u017ee zam\u011bstnavatel\u00e9 rad\u011bji daj\u00ed pr\u00e1ci n\u011bkomu zdrav\u00e9mu, k \u010demu\u017e p\u0159isp\u00edv\u00e1 i jejich neinformovanost.<\/strong><!--more--><\/p>\n<p>foto: Photorack.net<\/p>\n<p>&#8222;Jak ukazuj\u00ed \u010derstv\u00e9 studie, zejm\u00e9na b\u011b\u017en\u00fdm zam\u011bstnavatel\u016fm chyb\u00ed informace (o povaze posti\u017een\u00ed, jeho praktick\u00e9m vlivu na vhodnou pr\u00e1ci, o zp\u016fsobu komunikace a za\u010dlen\u011bn\u00ed OZP), maj\u00ed &#8222;strach z nezn\u00e1m\u00e9ho. Tak, jak se zost\u0159uje situace na trhu pr\u00e1ce a m\u011bn\u00ed se po\u017eadavky na kvalifikaci, praxe se od proklamac\u00ed tuzemsk\u00fdch i evropsk\u00fdch sp\u00ed\u0161e lidem s posti\u017een\u00edm vzdaluje ne\u017e p\u0159ibli\u017euje,&#8220; \u0159\u00edk\u00e1 Karel Rycht\u00e1\u0159, m\u00edstop\u0159edseda Asociace zam\u011bstnavatel\u016f zdravotn\u011b posti\u017een\u00fdch \u010cR.<\/p>\n<p><strong>Jeden uk\u00e1zkov\u00fd p\u0159\u00edklad hovo\u0159\u00ed za v\u0161echny<br \/>\n<\/strong><br \/>\nPodep\u00ed\u0161ete pracovn\u00ed smlouvu a zam\u011bstnavatel jde \u017e\u00e1dat o p\u0159\u00edsp\u011bvek na zam\u011bstn\u00e1v\u00e1n\u00ed osob se zdravotn\u00edm posti\u017een\u00edm (OZP), kter\u00fd mu m\u00e1 pomoci n\u00e9st mzdov\u00e9 n\u00e1klady na va\u0161e m\u00edsto. Na \u00da\u0159adu pr\u00e1ce po n\u011bm budou po\u017eadovat potvrzen\u00ed o invalidit\u011b, co\u017e je pochopiteln\u00e9, ale u\u017e m\u00e1lokdo ch\u00e1pe, pro\u010d zam\u011bstnavatel mus\u00ed dod\u00e1vat dokument, kter\u00fd bude potvrzovat, \u017ee jste skute\u010dn\u011b obdr\u017eeli invalidn\u00ed d\u016fchod (ID).<\/p>\n<p>\u00da\u0159ad tak chce i osobn\u00ed v\u00fdpisy z \u00fa\u010dtu apod, co\u017e \u010dasto b\u00fdv\u00e1 spojeno se slo\u017eit\u00fdm hled\u00e1n\u00edm a t\u0159eba v p\u0159\u00edpad\u011b nevidom\u00fdch nebo ment\u00e1ln\u011b posti\u017een\u00fdch si to lid\u00e9 nejsou ani schopni ud\u011blat sami a mus\u00ed n\u011bkoho \u017e\u00e1dat o pomoc.<\/p>\n<p>Organizace, kter\u00e9 se zam\u011bstn\u00e1v\u00e1n\u00edm lid\u00ed s handicapem zab\u00fdvaj\u00ed, si mysl\u00ed, \u017ee \u00da\u0159ad pr\u00e1ce by nem\u011bl na zam\u011bstnavatel\u00edch po\u017eadovat potvrzen\u00ed o p\u0159\u00edjmu ID, nehled\u011b na to, \u017ee v\u0161echny dokumenty m\u00e1 \u010cesk\u00e1 spr\u00e1va soci\u00e1ln\u00edho zabezpe\u010den\u00ed a pracovn\u00ed \u00fa\u0159ad by mohl s\u00e1m \u010cSSZ kontaktovat a potvrzen\u00ed si vy\u017e\u00e1dat.<\/p>\n<p>&#8222;Pova\u017eujeme za nespr\u00e1vn\u00e9, aby \u00da\u0159ady pr\u00e1ce vy\u017eadovaly potvrzen\u00ed o tom, \u017ee zam\u011bstnanec pob\u00edr\u00e1 invalidn\u00ed d\u016fchod. Z\u00e1kon o zam\u011bstnanosti v \u00a7 67 p\u0159i vymezov\u00e1n\u00ed osob se zdravotn\u00edm posti\u017een\u00edm nemluv\u00ed o po\u017eivatel\u00edch invalidn\u00edch d\u016fchod\u016f, ale o osob\u00e1ch, kter\u00e9 byly rozhodnut\u00edm org\u00e1nu soci\u00e1ln\u00edho zabezpe\u010den\u00ed uzn\u00e1ny invalidn\u00edmi. Jde o velmi podstatn\u00fd rozd\u00edl, nebo\u0165 ve st\u00e1le v\u011bt\u0161\u00edm po\u010dtu p\u0159\u00edpad\u016f doch\u00e1z\u00ed k tomu, \u017ee invalidn\u00ed osoby nepob\u00edraj\u00ed invalidn\u00ed d\u016fchod, nebo\u0165 nespl\u0148uj\u00ed podm\u00ednku doby poji\u0161t\u011bn\u00ed,&#8220; vysv\u011btluje Jan Huta\u0159, \u0159editel legislativn\u00edho odboru N\u00e1rodn\u00ed rady zdravotn\u011b posti\u017een\u00fdch \u010cR. D\u00e1le dod\u00e1v\u00e1, \u017ee administrativn\u00ed n\u00e1ro\u010dnost je bezesporu jednou z p\u0159ek\u00e1\u017eek p\u0159i zam\u011bstn\u00e1v\u00e1n\u00ed zdravotn\u011b posti\u017een\u00fdch.<\/p>\n<p>Karel Rycht\u00e1\u0159 uzn\u00e1v\u00e1, \u017ee kontroly jsou nutn\u00e9, ale dokl\u00e1d\u00e1n\u00ed statutu invalidity a z\u00e1rove\u0148 dolo\u017een\u00ed v\u00fdplaty d\u016fchodu je evergreenem, p\u0159i\u010dem\u017e podle n\u011bj by bylo nejlep\u0161\u00ed formou \u010destn\u00e9 prohl\u00e1\u0161en\u00ed konkr\u00e9tn\u00edho zam\u011bstnavatele.<\/p>\n<p><strong>Jak hovo\u0159\u00ed z\u00e1kon?<\/strong><\/p>\n<p>Dle z\u00e1kona o zam\u011bstnanosti je po\u017eadov\u00e1no dolo\u017een\u00ed, \u017ee zam\u011bstnanec, na kter\u00e9ho je p\u0159\u00edsp\u011bvek po\u017eadov\u00e1n, je osobou se zdravotn\u00edm posti\u017een\u00edm. &#8222;K dolo\u017een\u00ed t\u00e9to skute\u010dnosti slou\u017e\u00ed posudek nebo potvrzen\u00ed org\u00e1nu soci\u00e1ln\u00edho zabezpe\u010den\u00ed. Rovn\u011b\u017e je mo\u017en\u00e9 tuto skute\u010dnost prok\u00e1zat v\u00fdpisem ze z\u00e1znamu z jedn\u00e1n\u00ed o posouzen\u00ed zdravotn\u00edho stavu, pokud fyzick\u00e9 osob\u011b je\u0161t\u011b nebyl vyd\u00e1n posudek, d\u00e1le ozn\u00e1men\u00edm o posledn\u00edm zv\u00fd\u0161en\u00ed invalidn\u00edho d\u016fchodu, p\u0159\u00edpadn\u011b potvrzen\u00edm dr\u017eitele po\u0161tovn\u00ed licence o v\u00fdplat\u011b invalidn\u00edho d\u016fchodu, kontroln\u00edm \u00fatr\u017ekem po\u0161tovn\u00ed pouk\u00e1zky nebo v\u00fdpisem z \u00fa\u010dtu veden\u00e9ho u banky. Nen\u00ed pot\u0159eba \u00da\u0159adu pr\u00e1ce dokl\u00e1dat v\u0161echny uveden\u00e9 doklady, ale jedn\u00e1 se o mo\u017enost dolo\u017een\u00ed pot\u0159ebn\u00e9 skute\u010dnosti v\u00edce formami v p\u0159\u00edpad\u011b, kdy nen\u00ed k dispozici posudek nebo potvrzen\u00ed org\u00e1nu soci\u00e1ln\u00edho zabezpe\u010den\u00ed,&#8220; uv\u00e1d\u00ed Petr Sulek, mluv\u010d\u00ed Ministerstva pr\u00e1ce a soci\u00e1ln\u00edch v\u011bc\u00ed.<\/p>\n<p>A co si mysl\u00edte vy? Nut\u00ed v\u00e1s \u00fa\u0159ady opakovan\u011b dokl\u00e1dat tyto dokumenty? P\u0159\u00edpadn\u011b m\u00e1te jin\u00e9 probl\u00e9my s rozs\u00e1hlou administrativou? Vad\u00ed v\u00e1m, \u017ee mus\u00edte o sob\u011b dod\u00e1vat soukrom\u00e1 data? Budeme r\u00e1di, kdy\u017e se vyj\u00e1d\u0159\u00edte v diskuzi pod \u010dl\u00e1nkem.<\/p>\n<p>Ji\u0159\u00ed Marek<br \/>\ninvArena<\/p>\n","protected":false},"excerpt":{"rendered":"<div class=\"mh-excerpt\"><p>P\u0159esto\u017ee k vy\u0159\u00edzen\u00ed \u017e\u00e1dosti mnohdy sta\u010d\u00ed pouze jeden dokument m\u00edsto dvou \u010di t\u0159\u00ed, zejm\u00e9na pracovn\u00ed \u00fa\u0159ady po\u017eaduj\u00ed \u0161tosy doklad\u016f. Fakt, \u017ee zam\u011bstn\u00e1v\u00e1n\u00ed posti\u017een\u00fdch je spojeno <a class=\"mh-excerpt-more\" href=\"https:\/\/www.invarena.cz\/?p=556\" title=\"Pap\u00edrov\u00e1n\u00ed je p\u0159\u00edli\u0161. Posti\u017een\u00ed proto h\u016f\u0159e sh\u00e1n\u011bj\u00ed pr\u00e1ci\">[&#8230;]<\/a><\/p>\n<\/div>","protected":false},"author":3,"featured_media":20771,"comment_status":"open","ping_status":"open","sticky":false,"template":"","format":"standard","meta":{"footnotes":""},"categories":[7,9],"tags":[],"class_list":["post-556","post","type-post","status-publish","format-standard","has-post-thumbnail","hentry","category-spolecnost","category-zpravy"],"_links":{"self":[{"href":"https:\/\/www.invarena.cz\/index.php?rest_route=\/wp\/v2\/posts\/556","targetHints":{"allow":["GET"]}}],"collection":[{"href":"https:\/\/www.invarena.cz\/index.php?rest_route=\/wp\/v2\/posts"}],"about":[{"href":"https:\/\/www.invarena.cz\/index.php?rest_route=\/wp\/v2\/types\/post"}],"author":[{"embeddable":true,"href":"https:\/\/www.invarena.cz\/index.php?rest_route=\/wp\/v2\/users\/3"}],"replies":[{"embeddable":true,"href":"https:\/\/www.invarena.cz\/index.php?rest_route=%2Fwp%2Fv2%2Fcomments&post=556"}],"version-history":[{"count":0,"href":"https:\/\/www.invarena.cz\/index.php?rest_route=\/wp\/v2\/posts\/556\/revisions"}],"wp:featuredmedia":[{"embeddable":true,"href":"https:\/\/www.invarena.cz\/index.php?rest_route=\/wp\/v2\/media\/20771"}],"wp:attachment":[{"href":"https:\/\/www.invarena.cz\/index.php?rest_route=%2Fwp%2Fv2%2Fmedia&parent=556"}],"wp:term":[{"taxonomy":"category","embeddable":true,"href":"https:\/\/www.invarena.cz\/index.php?rest_route=%2Fwp%2Fv2%2Fcategories&post=556"},{"taxonomy":"post_tag","embeddable":true,"href":"https:\/\/www.invarena.cz\/index.php?rest_route=%2Fwp%2Fv2%2Ftags&post=556"}],"curies":[{"name":"wp","href":"https:\/\/api.w.org\/{rel}","templated":true}]}}