{"id":5565,"date":"2013-05-26T14:10:00","date_gmt":"2013-05-26T12:10:00","guid":{"rendered":"http:\/\/www.invarena.cz\/?p=5565"},"modified":"2013-05-27T14:35:04","modified_gmt":"2013-05-27T12:35:04","slug":"je-libo-dziny-proti-celulitide-ci-pro-zestihleni","status":"publish","type":"post","link":"https:\/\/www.invarena.cz\/?p=5565","title":{"rendered":"Chcete d\u017e\u00edny proti celulitid\u011b nebo na ze\u0161t\u00edhlen\u00ed?"},"content":{"rendered":"<p><strong>Stanou se d\u017e\u00edny zdravotn\u00edm prost\u0159edkem nebo dokonce l\u00e9kem? Tato vize se st\u00e1v\u00e1 realitou. V Pa\u0159\u00ed\u017ei byly p\u0159edstaveny d\u017e\u00edny, kter\u00e9 zlep\u0161uj\u00ed krevn\u00ed ob\u011bh a posiluj\u00ed\u00a0 metabolismus. Jin\u00e9 zase hydratuj\u00ed poko\u017eku nohou nebo maj\u00ed antibakteri\u00e1ln\u00ed \u00fa\u010dinek. \/na sn\u00edmku d\u017e\u00edny Denim Therapy\/ <\/strong><\/p>\n<p><!--more--><\/p>\n<p>Ve v\u0161ech konc\u00edch sv\u011bta a v ka\u017ed\u00e9m v\u011bku tvo\u0159\u00ed d\u017e\u00edny z\u00e1klad oble\u010den\u00ed. V\u00fdrobci se je proto sna\u017e\u00ed st\u00e1le inovovat a uv\u00e1d\u011bj\u00ed na trh &#8222;kosmetick\u00e9&#8220; d\u017e\u00edny, kter\u00e9 maj\u00ed hydratovat poko\u017eku nohou, \u010di d\u017e\u00edny antibakteri\u00e1ln\u00ed, napsala agentura AFP.<strong> <\/strong><\/p>\n<p>V Pa\u0159\u00ed\u017ei se minul\u00fd t\u00fdden se\u0161ly des\u00edtky v\u00fdrobc\u016f d\u017e\u00edn\u016f od Indie, p\u0159es Maroko po It\u00e1lii, na mezin\u00e1rodn\u00edm salonu Denim by Premiere vision.<\/p>\n<p>P\u0159ijeli p\u0159edstavit z\u00e1kazn\u00edk\u016fm d\u017e\u00edny pr\u00eat-\u00e0-porter, jejich posledn\u00ed inovace, a\u0165 u\u017e jde o nov\u00fd, ekologi\u010dt\u011bj\u0161\u00ed zp\u016fsob v\u00fdroby, nov\u00e9 barvy \u010di nov\u00e9 n\u00e1pady&#8230;<\/p>\n<p>\u0160pan\u011blsk\u00fd v\u00fdrobce <strong>Tavex<\/strong> vytvo\u0159il Denim therapy, d\u017e\u00edny, kter\u00e9 maj\u00ed zlep\u0161ovat krevn\u00ed ob\u011bh.<\/p>\n<p>&#8222;Na prvn\u00ed pohled vypadaj\u00ed d\u017e\u00edny docela norm\u00e1ln\u011b, ale v kone\u010dn\u00e9 \u00faprav\u011b jsme aplikovali biokeramick\u00e9 vl\u00e1kno, kter\u00e9 p\u016fsob\u00ed na infra\u010derven\u00e9 z\u00e1\u0159en\u00ed lidsk\u00e9ho t\u011bla, stimuluje ob\u011bhov\u00fd syst\u00e9m a posiluje t\u011blesn\u00fd metabolismus,&#8220; vysv\u011btluje \u0159editel marketingu t\u00e9to firmy David Bardin. Jde o materi\u00e1l z\u00edskan\u00fd z pr\u00e1\u0161ku vulkanick\u00e9ho p\u016fvodu.<\/p>\n<p>&#8222;Zat\u00edm je\u0161t\u011b nem\u00e1me rozs\u00e1hlej\u0161\u00ed l\u00e9ka\u0159sk\u00e9 studie, ale tento materi\u00e1l pou\u017e\u00edvaj\u00ed n\u011bkte\u0159\u00ed p\u0159edn\u00ed sportovci,&#8220; dod\u00e1v\u00e1.<\/p>\n<p>Pro lep\u0161\u00ed krevn\u00ed ob\u011bh a pocit pohodl\u00ed pou\u017e\u00edv\u00e1 Tavex na n\u011bkter\u00fdch d\u017e\u00ednech &#8222;bambusov\u00e9 uhl\u00ed&#8220;. \u0160pan\u011blsk\u00e1 spole\u010dnost rovn\u011b\u017e za\u010dala vyr\u00e1b\u011bt d\u017e\u00edny s \u00fapravou s pou\u017eit\u00edm aloe vera k hydrataci poko\u017eky.<\/p>\n<p>Jin\u00ed v\u00fdrobci &#8222;nab\u00edzej\u00ed d\u017e\u00edny s kofeinem, kter\u00e9 mas\u00edruj\u00ed nohy a p\u016fsob\u00ed proti celulitid\u011b&#8220;, uv\u00e1d\u00ed m\u00f3dn\u00ed expertka Pascaline Wilhelmov\u00e1, kter\u00e1 s po\u0159\u00e1d\u00e1n\u00edm salonu pom\u00e1h\u00e1. &#8222;Ot\u00e1zka zn\u00ed tak: mohou se kosmetick\u00e9 inovace p\u0159izp\u016fsobit d\u017e\u00edn\u016fm?&#8220; \u0159\u00edk\u00e1.<\/p>\n<p>Tavex z\u00e1kazn\u00edk\u016fm zaru\u010duje, \u017ee si d\u017e\u00edny udr\u017e\u00ed do 20 vypr\u00e1n\u00ed svou hydrata\u010dn\u00ed schopnost a do 30 vypr\u00e1n\u00ed schopnost zlep\u0161ovat krevn\u00ed ob\u011bh, vysv\u011btluje David Bardin.<\/p>\n<p>Tureck\u00fd v\u00fdrobce <strong>Isko<\/strong> se py\u0161n\u00ed t\u00edm, \u017ee vyr\u00e1b\u00ed d\u017e\u00edny, kter\u00e9 pom\u00e1haj\u00ed \u017een\u00e1m nohy ze\u0161t\u00edhlet. N\u011bkter\u00e9 jeho stre\u010dov\u00e9 d\u017e\u00edny maj\u00ed schopnost mas\u00edrovat.<\/p>\n<p>&#8222;\u017deny cht\u011bj\u00ed m\u00edt nohy del\u0161\u00ed, \u0161t\u00edhlej\u0161\u00ed, hez\u010d\u00ed h\u00fd\u017ed\u011b. S na\u0161imi d\u017e\u00ednami to je mo\u017en\u00e9, tukov\u00e9 pol\u0161t\u00e1\u0159ky zmiz\u00ed,&#8220; tvrd\u00ed \u0161\u00e9f marketingu Iska Sultan Baykal. Uji\u0161\u0165uje, \u017ee d\u017e\u00edny jsou pohodln\u00e9, jako &#8222;druh\u00e1 k\u016f\u017ee&#8220; a \u017ee \u010dasem neztr\u00e1cej\u00ed sv\u00e9 tvary.<\/p>\n<p>Pokud jde o kosmetick\u00e9 d\u017e\u00edny firmy Tavex, kter\u00e9 p\u0159edstavuj\u00ed zat\u00edm jen malou \u010d\u00e1st pr\u016fmyslov\u00e9 v\u00fdroby, testuj\u00ed je jednotliv\u00e9 zna\u010dky v mal\u00fdch kolekc\u00edch. &#8222;Masov\u00fd trh dosud tyto d\u017e\u00edny nezn\u00e1, ale spot\u0159ebitel je na n\u011b velmi zv\u011bdav\u00fd,&#8220; vysv\u011btluje David Bardin.<\/p>\n<p>P\u00e1kist\u00e1nsk\u00fd vystavovatel <strong>Soorty<\/strong> p\u0159edstavil antibakteri\u00e1ln\u00ed d\u017e\u00edny, kter\u00e9 nemusej\u00ed b\u00fdt u\u010deny jen pro \u00fazkostliv\u011b \u010distotn\u00e9 z\u00e1kazn\u00edky. &#8222;Na univerzit\u011b nemaj\u00ed studenti \u010das, aby si sv\u00e9 d\u017e\u00edny prali.<\/p>\n<p>Antibakteri\u00e1ln\u00ed d\u017e\u00edny mohou nosit osm m\u011bs\u00edc\u016f, ani\u017e by je museli vyprat,&#8220; uv\u00e1d\u00ed z\u00e1stupce firmy Levent Korkmazer.<\/p>\n<p>&#8222;D\u017e\u00edny z\u016fst\u00e1vaj\u00ed dlouho \u010dist\u00e9, v\u016fbec nep\u00e1chnou,&#8220; zd\u016fraz\u0148uje a dod\u00e1v\u00e1, \u017ee za sv\u016fj \u010dist\u00fd vzhled vd\u011b\u010d\u00ed \u010d\u00e1stic\u00edm st\u0159\u00edbra.<\/p>\n<p>&nbsp;<\/p>\n","protected":false},"excerpt":{"rendered":"<div class=\"mh-excerpt\"><p>Stanou se d\u017e\u00edny zdravotn\u00edm prost\u0159edkem nebo dokonce l\u00e9kem? Tato vize se st\u00e1v\u00e1 realitou. V Pa\u0159\u00ed\u017ei byly p\u0159edstaveny d\u017e\u00edny, kter\u00e9 zlep\u0161uj\u00ed krevn\u00ed ob\u011bh a posiluj\u00ed\u00a0 metabolismus. <a class=\"mh-excerpt-more\" href=\"https:\/\/www.invarena.cz\/?p=5565\" title=\"Chcete d\u017e\u00edny proti celulitid\u011b nebo na ze\u0161t\u00edhlen\u00ed?\">[&#8230;]<\/a><\/p>\n<\/div>","protected":false},"author":1,"featured_media":0,"comment_status":"open","ping_status":"open","sticky":false,"template":"","format":"standard","meta":{"footnotes":""},"categories":[11],"tags":[],"class_list":["post-5565","post","type-post","status-publish","format-standard","hentry","category-zdravi"],"_links":{"self":[{"href":"https:\/\/www.invarena.cz\/index.php?rest_route=\/wp\/v2\/posts\/5565","targetHints":{"allow":["GET"]}}],"collection":[{"href":"https:\/\/www.invarena.cz\/index.php?rest_route=\/wp\/v2\/posts"}],"about":[{"href":"https:\/\/www.invarena.cz\/index.php?rest_route=\/wp\/v2\/types\/post"}],"author":[{"embeddable":true,"href":"https:\/\/www.invarena.cz\/index.php?rest_route=\/wp\/v2\/users\/1"}],"replies":[{"embeddable":true,"href":"https:\/\/www.invarena.cz\/index.php?rest_route=%2Fwp%2Fv2%2Fcomments&post=5565"}],"version-history":[{"count":0,"href":"https:\/\/www.invarena.cz\/index.php?rest_route=\/wp\/v2\/posts\/5565\/revisions"}],"wp:attachment":[{"href":"https:\/\/www.invarena.cz\/index.php?rest_route=%2Fwp%2Fv2%2Fmedia&parent=5565"}],"wp:term":[{"taxonomy":"category","embeddable":true,"href":"https:\/\/www.invarena.cz\/index.php?rest_route=%2Fwp%2Fv2%2Fcategories&post=5565"},{"taxonomy":"post_tag","embeddable":true,"href":"https:\/\/www.invarena.cz\/index.php?rest_route=%2Fwp%2Fv2%2Ftags&post=5565"}],"curies":[{"name":"wp","href":"https:\/\/api.w.org\/{rel}","templated":true}]}}