{"id":55656,"date":"2025-03-12T11:21:05","date_gmt":"2025-03-12T10:21:05","guid":{"rendered":"https:\/\/www.invarena.cz\/?p=55656"},"modified":"2025-03-12T11:22:05","modified_gmt":"2025-03-12T10:22:05","slug":"prisel-jsem-o-nohu-mam-narok-na-prispevek-na-automobil","status":"publish","type":"post","link":"https:\/\/www.invarena.cz\/?p=55656","title":{"rendered":"P\u0159i\u0161el jsem o nohu. M\u00e1m n\u00e1rok na p\u0159\u00edsp\u011bvek na automobil?"},"content":{"rendered":"\n<p><strong>Dotaz<\/strong>:<\/p>\n\n\n\n<p>M\u00e1m po amputaci nohy v kolenn\u00edm kloubu, cht\u011bl jsem se zeptat, jestli bych m\u011bl n\u00e1rok na p\u0159\u00edsp\u011bvek na zvl\u00e1\u0161tn\u00ed speci\u00e1ln\u00ed pom\u016fcku n\u00e1kup motorov\u00e9ho vozidla?<\/p>\n\n\n\n<p><strong>Odpov\u011b\u010f<\/strong>:<\/p>\n\n\n\n<p>Bude z\u00e1le\u017eet na tom, kde p\u0159esn\u011b V\u00e1m byla doln\u00ed kon\u010detina amputov\u00e1na. Obvykle se tento p\u0159\u00edsp\u011bvek poskytuje osob\u00e1m s&nbsp;anatomickou ztr\u00e1tou doln\u00ed kon\u010detiny ve stehn\u011b. Uv\u00e1d\u00edte ve sv\u00e9m dotazu, \u017ee amputace byla provedena v kolen\u011b. Bude tedy z\u00e1le\u017eet na posouzen\u00ed Va\u0161eho zdravotn\u00edho stavu l\u00e9ka\u0159em. <\/p>\n\n\n\n<p>N\u00ed\u017ee uv\u00e1d\u00edm v\u00fd\u010det vad pohybov\u00e9ho apar\u00e1tu, u kter\u00fdch se p\u0159\u00edsp\u011bvek na automobil p\u0159izn\u00e1v\u00e1.<\/p>\n\n\n\n<p>N\u00e1rok na p\u0159\u00edsp\u011bvek na motorov\u00e9 vozidlo maj\u00ed osoby s t\u011bmito vadami&nbsp;<br \/>pohybov\u00e9ho apar\u00e1tu:<\/p>\n\n\n\n<p>&#8211; anatomick\u00e1 ztr\u00e1ta obou doln\u00edch kon\u010detin v b\u00e9rc\u00edch a v\u00fd\u0161e,<br \/>&#8211; funk\u010dn\u00ed ztr\u00e1ta obou doln\u00edch kon\u010detin na podklad\u011b \u00fapln\u00e9 obrny (plegie)&nbsp;<br \/>nebo t\u011b\u017ek\u00e9ho ochrnut\u00ed,<br \/>&#8211; ankyl\u00f3za obou ky\u010deln\u00edch kloub\u016f nebo obou kolenn\u00edch kloub\u016f nebo&nbsp;<br \/>podstatn\u00e9 omezen\u00ed hybnosti obou ky\u010deln\u00edch nebo kolenn\u00edch kloub\u016f pro&nbsp;<br \/>t\u011b\u017ek\u00e9 kontraktury v okol\u00ed,<br \/>&#8211; ztuhnut\u00ed v\u0161ech \u00fasek\u016f p\u00e1te\u0159e s t\u011b\u017ek\u00fdm omezen\u00edm pohyblivosti alespo\u0148&nbsp;<br \/>dvou nosn\u00fdch kloub\u016f doln\u00edch kon\u010detin,<br \/>&#8211; t\u011b\u017ek\u00e9 funk\u010dn\u00ed poruchy pohyblivosti na z\u00e1klad\u011b posti\u017een\u00ed t\u0159\u00ed a v\u00edce&nbsp;<br \/>funk\u010dn\u00edch celk\u016f pohybov\u00e9ho \u00fastroj\u00ed s p\u0159\u00edpadnou odk\u00e1zanost\u00ed na voz\u00edk pro&nbsp;<br \/>invalidy; funk\u010dn\u00edm celkem se p\u0159itom rozum\u00ed trup, p\u00e1nev, kon\u010detina,<br \/>&#8211; dispropor\u010dn\u00ed poruchy r\u016fstu prov\u00e1zen\u00e9 deformitami kon\u010detin a hrudn\u00edku,&nbsp;<br \/>pokud t\u011blesn\u00e1 v\u00fd\u0161ka posti\u017een\u00e9ho po ukon\u010den\u00ed r\u016fstu nep\u0159esahuje 120 cm,<br \/>&#8211; anatomick\u00e1 ztr\u00e1ta doln\u00ed kon\u010detiny ve stehn\u011b bez mo\u017enosti oprot\u00e9zov\u00e1n\u00ed&nbsp;<br \/>nebo exartikulace v ky\u010deln\u00edm kloubu,<br \/>&#8211; anatomick\u00e1 ztr\u00e1ta doln\u00ed kon\u010detiny ve stehn\u011b s mo\u017enost\u00ed oprot\u00e9zov\u00e1n\u00ed,<br \/>&#8211; anatomick\u00e9 ztr\u00e1ty horn\u00edch kon\u010detin na \u00farovni obou z\u00e1p\u011bst\u00ed a v\u00fd\u0161e nebo&nbsp;<br \/>vrozen\u00e9 \u010di z\u00edskan\u00e9 vady obou horn\u00edch kon\u010detin s \u00faplnou ztr\u00e1tou z\u00e1kladn\u00ed&nbsp;<br \/>funkce obou rukou (\u00fachopu a p\u0159idr\u017eov\u00e1n\u00ed) z\u00e1va\u017en\u011b naru\u0161uj\u00edc\u00ed postur\u00e1ln\u00ed&nbsp;<br \/>funkce t\u011bla.<\/p>\n\n\n\n<p>Bc. Vaclav Sm\u00ed\u0161ek<br \/>redakce invArena<\/p>\n","protected":false},"excerpt":{"rendered":"<div class=\"mh-excerpt\"><p>Dotaz: M\u00e1m po amputaci nohy v kolenn\u00edm kloubu, cht\u011bl jsem se zeptat, jestli bych m\u011bl n\u00e1rok na p\u0159\u00edsp\u011bvek na zvl\u00e1\u0161tn\u00ed speci\u00e1ln\u00ed pom\u016fcku n\u00e1kup motorov\u00e9ho vozidla? <a class=\"mh-excerpt-more\" href=\"https:\/\/www.invarena.cz\/?p=55656\" title=\"P\u0159i\u0161el jsem o nohu. M\u00e1m n\u00e1rok na p\u0159\u00edsp\u011bvek na automobil?\">[&#8230;]<\/a><\/p>\n<\/div>","protected":false},"author":1,"featured_media":33466,"comment_status":"open","ping_status":"closed","sticky":false,"template":"","format":"standard","meta":{"footnotes":""},"categories":[18],"tags":[],"class_list":["post-55656","post","type-post","status-publish","format-standard","has-post-thumbnail","hentry","category-poradna"],"_links":{"self":[{"href":"https:\/\/www.invarena.cz\/index.php?rest_route=\/wp\/v2\/posts\/55656","targetHints":{"allow":["GET"]}}],"collection":[{"href":"https:\/\/www.invarena.cz\/index.php?rest_route=\/wp\/v2\/posts"}],"about":[{"href":"https:\/\/www.invarena.cz\/index.php?rest_route=\/wp\/v2\/types\/post"}],"author":[{"embeddable":true,"href":"https:\/\/www.invarena.cz\/index.php?rest_route=\/wp\/v2\/users\/1"}],"replies":[{"embeddable":true,"href":"https:\/\/www.invarena.cz\/index.php?rest_route=%2Fwp%2Fv2%2Fcomments&post=55656"}],"version-history":[{"count":0,"href":"https:\/\/www.invarena.cz\/index.php?rest_route=\/wp\/v2\/posts\/55656\/revisions"}],"wp:featuredmedia":[{"embeddable":true,"href":"https:\/\/www.invarena.cz\/index.php?rest_route=\/wp\/v2\/media\/33466"}],"wp:attachment":[{"href":"https:\/\/www.invarena.cz\/index.php?rest_route=%2Fwp%2Fv2%2Fmedia&parent=55656"}],"wp:term":[{"taxonomy":"category","embeddable":true,"href":"https:\/\/www.invarena.cz\/index.php?rest_route=%2Fwp%2Fv2%2Fcategories&post=55656"},{"taxonomy":"post_tag","embeddable":true,"href":"https:\/\/www.invarena.cz\/index.php?rest_route=%2Fwp%2Fv2%2Ftags&post=55656"}],"curies":[{"name":"wp","href":"https:\/\/api.w.org\/{rel}","templated":true}]}}