{"id":5579,"date":"2013-05-26T14:47:09","date_gmt":"2013-05-26T12:47:09","guid":{"rendered":"http:\/\/www.invarena.cz\/?p=5579"},"modified":"2013-05-26T14:47:34","modified_gmt":"2013-05-26T12:47:34","slug":"ma-hlas-jako-hulka-a-kolem-nej-je-jen-par-svetelek-ve-tme","status":"publish","type":"post","link":"https:\/\/www.invarena.cz\/?p=5579","title":{"rendered":"M\u00e1 hlas jako H\u016flka. A kolem n\u011bj je jen p\u00e1r sv\u011bt\u00e9lek ve tm\u011b"},"content":{"rendered":"<p><strong>Hlas m\u00e1 skoro jako Daniel H\u016flka. Syt\u00fd, nep\u0159eslechnuteln\u00fd baryton. Paradoxn\u011b ho pr\u00e1v\u011b to handicapuje. U\u017e nejednou sly\u0161el od zn\u00e1m\u00fdch osobnost\u00ed: \u00bbDruh\u00e9ho H\u016flku nepot\u0159ebujeme.\u00ab P\u0159itom Radek \u017dalud (foto) m\u00e1 jin\u00fd, skute\u010dn\u00fd handicap \u2013\u00a0 inkub\u00e1tor mu po narozen\u00ed sp\u00e1lil zrak.<\/strong><\/p>\n<p><!--more--><\/p>\n<p>P\u0159esto miluje v\u0161e kr\u00e1sn\u00e9 v \u017eivot\u011b a neboj\u00ed se otev\u0159en\u011b hovo\u0159it o tom, jak drav\u00e9 prost\u0159ed\u00ed je showbyznys, jeho\u017e z\u00e1konitosti s\u00e1m poc\u00edtil. Radek se v\u011bnuje i charitativn\u00ed \u010dinnosti a c\u00edt\u00ed se dob\u0159e mezi up\u0159\u00edmn\u00fdmi lidmi. A\u010d nevidom\u00fd, za poslucha\u010di po cel\u00e9 republice jezd\u00ed ve\u0159ejnou dopravou, a s\u00e1m.<\/p>\n<p><strong>&#8211; Kam v\u00e1s za\u0159adit \u2013 jste v\u00edce opern\u00ed, \u010di muzik\u00e1lov\u00fd zp\u011bv\u00e1k? <\/strong><br \/>\nVystudoval jsem klasickou techniku, ale t\u011b\u017eko se mohu n\u011bkam za\u0159adit. Nezp\u00edv\u00e1m toti\u017e ani v muzik\u00e1lech ani oper\u00e1ch, ale v reperto\u00e1ru m\u00e1m v\u0161echno. Tak\u017ee jsem zp\u011bv\u00e1k.<\/p>\n<p><strong>&#8211; Kde se v\u00e1\u0161 hlas vzal? Kter\u00e9 sudi\u010dky to zp\u016fsobily? <\/strong><br \/>\nJe to zvl\u00e1\u0161tn\u00ed, ale u n\u00e1s v rodin\u011b nikdo nezp\u00edv\u00e1, nehraje na \u017e\u00e1dn\u00fd hudebn\u00ed n\u00e1stroj. Jen bratranec z otcovy strany nebo prad\u011bda. Paradoxn\u011b je m\u016fj tat\u00ednek nedosl\u00fdchav\u00fd. N\u011bkdy v p\u011bti letech mi tat\u00ednk\u016fv spolupracovn\u00edk daroval helikonku. Sed\u00e1vali jsme toti\u017e s t\u00e1tou a jeho kamar\u00e1dem p\u0159ed domem na schodech, poslouchali rozhlasov\u00e9 p\u00edsni\u010dky, hlavn\u011b to byly dechovky, a zp\u00edvali jsme. Otc\u016fv kamar\u00e1d jednou \u0159ekl: \u00bbPosly\u0161, ty p\u011bkn\u011b zp\u00edv\u00e1\u0161, tak tady m\u00e1\u0161 helikonku.\u00ab<\/p>\n<p>V \u0161esti letech jsem za\u010dal chodit do b\u011b\u017en\u00e9 hudebky, tedy ZU\u0160, v \u010cesk\u00fdch Bud\u011bjovic\u00edch, kde jsem se za\u010dal u\u010dit hr\u00e1t na harmoniku. A m\u011bl jsem \u0161t\u011bst\u00ed \u2013 pan\u00ed u\u010ditelka Syrov\u00e1tkov\u00e1, kter\u00e1 se m\u011b jako nevidom\u00e9ho ujala, byla vynikaj\u00edc\u00ed. Dosud jsme v kontaktu \u2013 a je to u\u017e p\u0159es 20 let. Ob\u010das si zajdeme i na pivo.<\/p>\n<p>Pak jsem v t\u00e9\u017ee ZU\u0160 nastoupil i do p\u011bveck\u00e9ho odd\u011blen\u00ed. Zrovinka v t\u00e9 zu\u0161ce na z\u00e1skok vyu\u010dovala opern\u00ed p\u011bvkyn\u011b n\u00e1rodn\u00ed um\u011blkyn\u011b Nad\u011b\u017eda Honz\u00edkov\u00e1. K n\u00ed jsem chodil rok a po roce se vr\u00e1tila p\u016fvodn\u00ed pan\u00ed u\u010ditelka Mikul\u00e1\u0161ov\u00e1. Ta byla pro zm\u011bnu zp\u011bva\u010dkou z dechov\u00e9 kapely Budvarka. Tak jsem z\u00edskal vztah a pr\u016fpravu k r\u016fzn\u00fdm hudebn\u00edm styl\u016fm. Prost\u011b u\u017e odmala se ve mn\u011b hudebn\u00ed styly m\u00edchaly.<\/p>\n<p><strong>&#8211; Kde jste chodil do z\u00e1kladn\u00ed \u0161koly? <\/strong><br \/>\nV Bud\u011bjovic\u00edch, kde jsem na jedn\u00e9 z\u00e1kladce absolvoval bezvadn\u00fd syst\u00e9m integrovan\u00e9 v\u00fduky. P\u0159i norm\u00e1ln\u00ed Z\u0160 otev\u0159eli dv\u011b specializovan\u00e9 t\u0159\u00eddy \u2013 jedna pro nevidom\u00e9, druh\u00e1 pro slabozrak\u00e9. Ka\u017ed\u00fdm rokem bylo v\u00edce a v\u00edce hodin vyu\u010dovan\u00fdch v integrovan\u00e9 t\u0159\u00edd\u011b, kde se v\u0161echny d\u011bti m\u00edchaly. Skv\u011bl\u00e9 bylo, \u017ee jsme se v\u0161ichni znali, vznikl v\u00fdborn\u00fd kolektiv. To, co se prosazuje dnes \u2013 zav\u00e1d\u011bn\u00ed asistent\u016f u nevidom\u00fdch d\u011bt\u00ed na Z\u0160 &#8211; nevid\u00edm jako rozumn\u00e9, proto\u017ee se posti\u017een\u00e9 d\u011bti nes\u017eij\u00ed a \u00bbneobouchaj\u00ed\u00ab v kontaktu s ostatn\u00edmi. Na t\u00e9to \u0161kole jsem moc r\u00e1d \u00bbvegetil\u00ab do 6. t\u0159\u00eddy.<\/p>\n<p>Tehdy v r\u00e1mci Konzervato\u0159e Jana Deyla pro zrakov\u011b posti\u017een\u00e9 fungovaly i vy\u0161\u0161\u00ed ro\u010dn\u00edky Z\u0160, byla to takov\u00e1 p\u0159\u00edpravka pro konzervato\u0159. N\u011bkdo usoudil, \u017ee talent m\u00e1m, tak\u017ee jsem od 7. t\u0159\u00eddy vym\u011bnil Bud\u011bjovice za Prahu.<\/p>\n<p>I kdy\u017e to byl dobr\u00fd syst\u00e9m jak\u00e9si p\u0159\u00edpravy na st\u0159edn\u00ed \u0161kolu, posl\u00e9ze n\u011bkdo na ministerstvu se rozhodl, \u017ee tuto p\u0159\u00edpravku zru\u0161\u00ed, k \u010demu\u017e do\u0161lo. P\u0159itom to bylo fantastick\u00e9! Vyzkou\u0161el jsem si r\u016fzn\u00e9 hudebn\u00ed n\u00e1stroje i zp\u011bv.<\/p>\n<p>Kdy\u017e jsem ud\u011blal p\u0159ij\u00edma\u010dky do 1. ro\u010dn\u00edku konzervato\u0159e, um\u011bl jsem ji\u017e \u0159adu v\u011bc\u00ed, byl jsem s\u017eit\u00fd s prost\u0159ed\u00edm. Vid\u00edm jako velkou chybu, \u017ee tuto mo\u017enost p\u0159\u00edpravy na konzervato\u0159 zru\u0161ili.<\/p>\n<p><strong>&#8211; Jak zas\u00e1hlo do va\u0161ich p\u011bveck\u00fdch studi\u00ed obdob\u00ed, kdy jste mutoval? <\/strong><br \/>\nVlastn\u011b nijak, proto\u017ee jsem se zp\u011bvu v dob\u011b mutov\u00e1n\u00ed nev\u011bnoval, co\u017e bylo pr\u00e1v\u011b v dob\u011b, kdy jsem na tuto \u0161kolu nastoupil. Na vysv\u011btlenou \u2013 v tomto obdob\u00ed se toti\u017e m\u016f\u017ee hlas po\u0161kodit, proto by se nem\u011blo zp\u00edvat. A pozor \u2013 to se t\u00fdk\u00e1 i d\u011bv\u010dat.<\/p>\n<p>Na Deylov\u011b konzervato\u0159i, kter\u00e1 trv\u00e1 p\u011bt let k maturit\u011b a pak dva roky absolutorium, jsem nejd\u0159\u00edve za\u010dal studiem kytarov\u00e9 hry a harmoniky. Kytara byla logick\u00e1, bylo mi 15 let a \u0159\u00edkal jsem si, jak budu \u00bbbalit holky\u00ab u t\u00e1bor\u00e1ku. Jednou se v\u0161ak na konzervato\u0159i konal p\u011bveck\u00fd semin\u00e1\u0159 s prof. Andrejem Kucharsk\u00fdm, p\u011bveck\u00fdm pedagogem. Jemu jsem jen tak od boku zazp\u00edval jednu Dvo\u0159\u00e1kovu Biblickou p\u00edse\u0148 a on tehdy pronesl pam\u00e1tnou v\u011btu, \u017ee jsem zp\u011bv\u00e1k jako poleno.<\/p>\n<p>Proto\u017ee to byl profesor Gabriely Be\u0148a\u010dkov\u00e9, kapacita, tak m\u011b jeho slova natolik nakopla, \u017ee jsem ve 3. ro\u010dn\u00edku p\u0159e\u0161el z kytary na zp\u011bv. Do t\u00e9 doby jsem studoval harmoniku jako hlavn\u00ed obor a kytaru jako obor vedlej\u0161\u00ed. Tak\u017ee jsem si ud\u011blal maturitu ze zp\u011bvu a harmoniky a pak jsem si \u0159ekl, \u017ee si vystuduji i obor lad\u011bn\u00ed pian, co\u017e jsem pr\u00e1v\u011b v tomto t\u00fddnu \u00fasp\u011b\u0161n\u011b zakon\u010dil dal\u0161\u00ed maturitou.<\/p>\n<p><strong>&#8211; Shr\u0148te, co v\u0161echno vlastn\u011b krom\u011b zp\u011bvu um\u00edte? <\/strong><br \/>\nHr\u00e1t na harmoniku, kl\u00e1vesy, lad\u011bn\u00ed, ale tak\u00e9 poradenstv\u00ed v oboru po\u010d\u00edta\u010d\u016f, p\u0159ekl\u00e1d\u00e1m z angli\u010dtiny. \u0158\u00edk\u00e1m si: Kdy\u017e m\u00e1m tu mo\u017enost, tak pro\u010d bych ned\u011blal v\u00edce obor\u016f. Jsem takov\u00fd \u00bbmulti\u00ab.<\/p>\n<p><strong>&#8211; To asi nen\u00ed pro hudebn\u00edka typick\u00e9&#8230; <\/strong><br \/>\nAsi ne. D\u011bl\u00e1m to i proto, abych m\u011bl jistotu zam\u011bstn\u00e1n\u00ed. V\u00edte, jak to nyn\u00ed chod\u00ed. Kdy\u017e nebudu zp\u00edvat, budu ladit, kdy\u017e nebudu ani to, budu hr\u00e1t, atd. Taky nem\u00e1m r\u00e1d stereotypy. Spousta lid\u00ed mi \u0159\u00edk\u00e1: \u00bbJsi super zp\u011bv\u00e1k, tak zp\u00edvej!\u00ab<\/p>\n<p>No jo, ale to znamen\u00e1 chodit jen po koncertech. Nyn\u00ed to m\u00e1m pestr\u00e9, nenud\u00edm se. Koupil jsem si kl\u00e1vesy a bav\u00ed m\u011b i hr\u00e1t po z\u00e1bav\u00e1ch, po b\u00e1lech. Ale m\u00e1m i klasick\u00e9 recit\u00e1ly s p\u00eds\u0148ov\u00fdmi cykly. Jak \u0159\u00edk\u00e1m, l\u00edb\u00ed se mi v\u0161estrannost.<\/p>\n<p><strong>&#8211; V\u00e1\u0161 hlas, kter\u00fd je tolik podobn\u00fd hlasu popul\u00e1rn\u00edho Daniela H\u016flky, v\u00e1m p\u0159in\u00e1\u0161\u00ed radost, nebo i starosti? <\/strong><br \/>\nRadost to je, ale taky starosti. Nap\u0159\u00edklad Michal David mi \u0159ekl, \u017ee u\u017e jeden takov\u00fd hlas v na\u0161em showbyznysu je. Tak co s druh\u00fdm, \u017ee&#8230;<\/p>\n<p><strong>&#8211; S jak\u00fdmi zp\u011bv\u00e1ky jste m\u011bl \u0161t\u011bst\u00ed vystupovat? <\/strong><br \/>\nTak t\u0159eba v kapele jako hr\u00e1\u010d s Danielem Landou. Tam jsem se odnau\u010dil m\u00edt tr\u00e9mu. Dnes, kdy\u017e jdu zp\u00edvat, m\u011b nic nerozhod\u00ed. Nato\u010dil jsem s harmonikou n\u011bjak\u00e9 p\u00edsni\u010dky pro Zorku Jandovou, Michala Hor\u00e1\u010dka, Tom\u00e1\u0161e Kluse, spolupracoval jsem s Evou Urbanovou, doprov\u00e1zel jsem Anetu Langerovou, taky B\u00e1ru Basikovou. Ale na \u017e\u00e1dn\u00e9 desce jsem nefiguroval coby zp\u011bv\u00e1k.<\/p>\n<p><strong>&#8211; Jak to z va\u0161eho pohledu dnes chod\u00ed v showbyznysu? <\/strong><br \/>\nBu\u010f mus\u00edte b\u00fdt absolutn\u00ed \u0161pi\u010dka, nebo m\u00edt zn\u00e1mosti. Situace je fakt blb\u00e1. Hl\u00e1sil jsem se na r\u016fzn\u00e9 p\u011bveck\u00e9 konkursy, kter\u00e9 se vys\u00edlaj\u00ed i v televizi, t\u0159eba Superstar, Hlas \u010ceskoSlovenska. Pro\u0161el jsem z\u00e1kladn\u00edmi konkursy, ale pak m\u011b v\u017edycky vyhodili. \u0158ekli mi: \u00bbVy nezp\u00edv\u00e1te \u010dist\u011b.\u00ab<\/p>\n<p><strong>&#8211; To musela b\u00fdt z\u00e1minka. Jak si to vysv\u011btlujete? <\/strong><br \/>\nPod\u00edvejte, jim se nehod\u00ed, \u017ee jsem slep\u00fd. Nepasuje jim to do sc\u00e9n\u00e1\u0159e. Jim nejde o zp\u011bv. V\u017edy\u0165 m\u00e1m za sebou i mezin\u00e1rodn\u00ed p\u011bveck\u00e9 kurzy, hudebn\u00ed sluch m\u00e1m. Ale to, jak to chod\u00ed na takov\u00fdch sout\u011b\u017e\u00edch, se nesm\u00ed \u0159\u00edkat ve\u0159ejn\u011b.<\/p>\n<p>Docela jsem se znal s Michalem Davidem. Nejd\u0159\u00edve jsem sly\u0161el od n\u011bho obdivn\u00e1 slova a pak, kdy\u017e jsem v sout\u011b\u017ei zazp\u00edval p\u00edse\u0148 St\u00edn katedr\u00e1l, tak mi porotce Michal David i Dara Rolins \u0159ekli \u2013 no, d\u011blejte to, co d\u011bl\u00e1te te\u010f, p\u0159ejeme v\u00e1m hodn\u011b \u0161t\u011bst\u00ed. A do dal\u0161\u00edho kola m\u011b neposunuli. Oni p\u0159ece nepot\u0159ebuj\u00ed kvalitn\u00ed lidi, ale hv\u011bzdi\u010dky, kter\u00e9 je neohroz\u00ed, kter\u00e9 budou d\u011blat r\u016fzn\u00e9 \u0161a\u0161k\u00e1rny.<\/p>\n<p><strong>&#8211; A z\u00fa\u010dastnil jste se i jin\u00fdch sout\u011b\u017e\u00ed, kde to ne\u010dp\u00ed showbyznysem? <\/strong><br \/>\nAle ano, nap\u0159. Hv\u011bzdy nad Je\u0161t\u011bdem, Czech Talent Zl\u00edn, Jiho\u010desk\u00fd vrab\u010d\u00e1k ad. Tam \u0161lo o opravdov\u00e9 sout\u011b\u017een\u00ed. T\u011b\u0161\u00ed m\u011b, \u017ee m\u00e1m z t\u011bchto sout\u011b\u017e\u00ed i n\u011bjak\u00e1 ocen\u011bn\u00ed. Tak\u00e9 jsem se z\u00fa\u010dastnil mistrovsk\u00fdch opern\u00edch kurz\u016f, nap\u0159\u00edklad zn\u00e1m\u00e9ho p\u011bvce Petera Dvorsk\u00e9ho.<\/p>\n<p>V\u00edte, \u010desk\u00fd showbyznys mezi sebe nikoho nepust\u00ed. Uvedu dal\u0161\u00ed p\u0159\u00edklad &#8211; dostal jsem p\u00edsni\u010dku, kterou mi napsal kolega. Ale \u017e\u00e1dn\u00e9 r\u00e1dio n\u00e1m to nevezme \u2013 pr\u00fd, kdybyste byl Karel Svoboda. Hodn\u011b mi pom\u00e1h\u00e1 zp\u011bv\u00e1k Petr Dopita. Stal se pro m\u011b takov\u00fdm sv\u011bt\u00fdlkem ve tm\u011b. Je to velmi lidsk\u00fd \u010dlov\u011bk, opravdov\u00fd kolega. Ten m\u011b taky sezn\u00e1mil se zp\u011bva\u010dkou Magdou Malou, kter\u00e1 m\u011b pozvala na p\u00e1r koncert\u016f, a je to moc fajn holka.<\/p>\n<p>Petr Dopita, a\u010dkoli se pohybuje v showbyznysu, z\u016fstal norm\u00e1ln\u00ed. P\u0159edstavte si, \u017ee mi nab\u00eddl p\u00edsni\u010dku jako duet! M\u00e1lokdo by ud\u011blal takov\u00e9 gesto v\u016f\u010di za\u010d\u00ednaj\u00edc\u00edmu! Zm\u00ednil se o mn\u011b tak\u00e9 na TV \u0160l\u00e1gr, a to je to, co pot\u0159ebuji \u2013 dostat p\u0159\u00edle\u017eitost.<\/p>\n<p><strong>&#8211; N\u011bkdo m\u016f\u017ee nam\u00edtnout, \u017ee TV \u0160l\u00e1gr nen\u00ed dostate\u010dn\u011b \u00bbna \u00farovni\u00ab. <\/strong><br \/>\nAle tam si nikdo na nic nehraje, tam v\u0161ichni hraj\u00ed srdcem! Pravda, vystupuj\u00ed tam lid\u00e9, kte\u0159\u00ed hraj\u00ed i po barech, ale vy tam p\u0159ijdete a nikdo v\u00e1m nic nez\u00e1vid\u00ed. Kdy\u017e zp\u00edv\u00e1te, tak v\u00e1m v\u0161ichni fand\u00ed.<\/p>\n<p><strong>&#8211; Nazna\u010dil jste, \u017ee v\u00e1s objevil pedagog p\u011bvkyn\u011b Gabriely Be\u0148a\u010dkov\u00e9. To by bylo, kdyby s v\u00e1mi duet zazp\u00edvala t\u0159eba ona! <\/strong><br \/>\nTo by bylo fantastick\u00e9.<\/p>\n<p><strong>&#8211; D\u011bl\u00e1 n\u011bco Deylova konzervato\u0159 pro podporu talent\u016f? <\/strong><br \/>\nNe, kr\u00e9dem t\u00e9to konzervato\u0159e je, aby z n\u00ed vy\u0161li u\u010ditel\u00e9 hudby, nikoli v\u00fdkonn\u00ed um\u011blci. Nechci nijak zpochyb\u0148ovat pr\u00e1ci u\u010ditel\u016f, mo\u017en\u00e1 budu jednou taky u\u010dit, ale pozd\u011bji. Nemohu p\u0159ece vyj\u00edt z konzervato\u0159e a hned u\u010dit. Nyn\u00ed se zp\u011bvu v\u011bnuji u p\u011bvce Romana Jan\u00e1la. To je opern\u00ed \u0161pi\u010dka! Plat\u00ed toti\u017e, \u017ee \u010d\u00edm l\u00e9pe zvl\u00e1dnu klasickou techniku, t\u00edm l\u00e9pe budu zp\u00edvat i muzik\u00e1lov\u00fd reperto\u00e1r.<\/p>\n<p><strong>&#8211; Jak hodnot\u00edte sou\u010dasnou muzik\u00e1lovou produkci? <\/strong><br \/>\nMrz\u00ed m\u011b, \u017ee se spousta nov\u00fdch muzik\u00e1l\u016f p\u00ed\u0161e proto, aby se n\u011bco napsalo, a pom\u00edj\u00ed se kr\u00e1sa. Ale takov\u00e9 d\u00edlo, jako je Svobod\u016fv Dracula, nenajdete. Snad Michal David, kter\u00fd slo\u017eil Kata Mydl\u00e1\u0159e, napsal dobrou hudbu. By\u0165 jsme se s Michalem nepohodli, tak tituln\u00ed p\u00edsn\u00ed z Kata, kterou r\u00e1d zp\u00edv\u00e1m, jsem p\u0159ece jen n\u011bjak\u00e9 publikum zaujal. Petr Dopita \u0159\u00edk\u00e1, \u017ee je to takov\u00fd m\u016fj majstr\u0161tyk, proto\u017ee mohu uk\u00e1zat, jak\u00fd m\u00e1m hlas. V\u011b\u0159\u00edm, \u017ee n\u011bjak\u00e1 p\u0159\u00edle\u017eitost na m\u011b \u010dek\u00e1.<\/p>\n<p><strong>&#8211; Jak vid\u00edm, na r\u016f\u017e\u00edch rozhodn\u011b ustl\u00e1no nem\u00e1te&#8230; <\/strong><br \/>\nPod\u00edvejte, v \u017eivot\u011b m\u00e1te dv\u011b mo\u017enosti: Bu\u010fto si \u0159eknete, \u017ee jste chudinka, a to je pak stra\u0161n\u00fd. Nebo \u017ee jste na sv\u011bt\u011b jenom jednou, a pak mus\u00edte po sob\u011b na tom sv\u011bt\u011b n\u011bco zanechat.<\/p>\n<p>Hal\u00f3 noviny<\/p>\n<p>Monika HO\u0158EN\u00cd<\/p>\n","protected":false},"excerpt":{"rendered":"<div class=\"mh-excerpt\"><p>Hlas m\u00e1 skoro jako Daniel H\u016flka. Syt\u00fd, nep\u0159eslechnuteln\u00fd baryton. Paradoxn\u011b ho pr\u00e1v\u011b to handicapuje. U\u017e nejednou sly\u0161el od zn\u00e1m\u00fdch osobnost\u00ed: \u00bbDruh\u00e9ho H\u016flku nepot\u0159ebujeme.\u00ab P\u0159itom Radek <a class=\"mh-excerpt-more\" href=\"https:\/\/www.invarena.cz\/?p=5579\" title=\"M\u00e1 hlas jako H\u016flka. A kolem n\u011bj je jen p\u00e1r sv\u011bt\u00e9lek ve tm\u011b\">[&#8230;]<\/a><\/p>\n<\/div>","protected":false},"author":1,"featured_media":5580,"comment_status":"open","ping_status":"open","sticky":false,"template":"","format":"standard","meta":{"footnotes":""},"categories":[7],"tags":[],"class_list":["post-5579","post","type-post","status-publish","format-standard","has-post-thumbnail","hentry","category-spolecnost"],"_links":{"self":[{"href":"https:\/\/www.invarena.cz\/index.php?rest_route=\/wp\/v2\/posts\/5579","targetHints":{"allow":["GET"]}}],"collection":[{"href":"https:\/\/www.invarena.cz\/index.php?rest_route=\/wp\/v2\/posts"}],"about":[{"href":"https:\/\/www.invarena.cz\/index.php?rest_route=\/wp\/v2\/types\/post"}],"author":[{"embeddable":true,"href":"https:\/\/www.invarena.cz\/index.php?rest_route=\/wp\/v2\/users\/1"}],"replies":[{"embeddable":true,"href":"https:\/\/www.invarena.cz\/index.php?rest_route=%2Fwp%2Fv2%2Fcomments&post=5579"}],"version-history":[{"count":0,"href":"https:\/\/www.invarena.cz\/index.php?rest_route=\/wp\/v2\/posts\/5579\/revisions"}],"wp:featuredmedia":[{"embeddable":true,"href":"https:\/\/www.invarena.cz\/index.php?rest_route=\/wp\/v2\/media\/5580"}],"wp:attachment":[{"href":"https:\/\/www.invarena.cz\/index.php?rest_route=%2Fwp%2Fv2%2Fmedia&parent=5579"}],"wp:term":[{"taxonomy":"category","embeddable":true,"href":"https:\/\/www.invarena.cz\/index.php?rest_route=%2Fwp%2Fv2%2Fcategories&post=5579"},{"taxonomy":"post_tag","embeddable":true,"href":"https:\/\/www.invarena.cz\/index.php?rest_route=%2Fwp%2Fv2%2Ftags&post=5579"}],"curies":[{"name":"wp","href":"https:\/\/api.w.org\/{rel}","templated":true}]}}