{"id":55928,"date":"2025-03-25T11:40:52","date_gmt":"2025-03-25T10:40:52","guid":{"rendered":"https:\/\/www.invarena.cz\/?p=55928"},"modified":"2025-03-25T11:41:02","modified_gmt":"2025-03-25T10:41:02","slug":"nejvice-pacientu-s-chopn-je-na-ustecku","status":"publish","type":"post","link":"https:\/\/www.invarena.cz\/?p=55928","title":{"rendered":"Nejv\u00edce pacient\u016f s CHOPN je na \u00dastecku\u00a0\u00a0"},"content":{"rendered":"\n<p>\u010cT 1&nbsp;<\/p>\n\n\n\n<p><br \/>Nejv\u00edce pacient\u016f s chronickou obstruk\u010dn\u00ed plicn\u00ed nemoc\u00ed, zkr\u00e1cen\u011b CHOPN, je na \u00dastecku. Vypl\u00fdv\u00e1 to z dat \u010cesk\u00e9ho ob\u010dansk\u00e9ho spolku proti plicn\u00edm nemocem. Nej\u010dast\u011bj\u0161\u00ed p\u0159\u00ed\u010dinou CHOPN je aktivn\u00ed a pasivn\u00ed kou\u0159en\u00ed nebo zne\u010di\u0161t\u011bn\u00e9 ovzdu\u0161\u00ed. Ro\u010dn\u011b na n\u00ed v \u010cesku zem\u0159e 3 500 lid\u00ed.<br \/><br \/>Ond\u0159ej Bal\u00edk, prim\u00e1\u0159 plicn\u00edho odd\u011blen\u00ed, Masarykova\u00a0<strong>nemocnice<\/strong>\u00a0v \u00dast\u00ed nad Labem<br \/>&#8212;&#8212;&#8212;&#8212;&#8212;&#8212;&#8211;<br \/>M\u016f\u017eu si v\u00e1s poslechnout? Tak jo, vyhr\u0148te od\u011bv, pros\u00edm v\u00e1s.<br \/><br \/> redaktor<br \/>&#8212;&#8212;&#8212;&#8212;&#8212;&#8212;&#8211;<br \/>Poslechnout pacienta, zm\u011b\u0159it nasycen\u00ed krve kysl\u00edkem. Prvn\u00ed, co \u010dek\u00e1 \u010dlov\u011bka s podez\u0159en\u00edm na chronickou obstruk\u010dn\u00ed plicn\u00ed nemoc.<br \/><br \/>Ond\u0159ej Bal\u00edk, prim\u00e1\u0159 plicn\u00edho odd\u011blen\u00ed, Masarykova\u00a0<strong>nemocnice<\/strong>\u00a0v \u00dast\u00ed nad Labem<br \/>&#8212;&#8212;&#8212;&#8212;&#8212;&#8212;&#8211;<br \/>Asi byste si st\u011b\u017eoval na to, \u017ee t\u0159eba po r\u00e1nu vyka\u0161l\u00e1v\u00e1te hodn\u011b hlen\u016f, \u017ee prost\u011b se zad\u00fdch\u00e1v\u00e1te p\u0159i n\u00e1maze v\u00edc, ne\u017e jste se zad\u00fdch\u00e1val t\u0159eba p\u0159ed dv\u011bma lety, \u017ee ve srovn\u00e1n\u00ed s va\u0161ima vrstevn\u00edkama si p\u0159ijdete takovej ud\u00fdchanej, slabej, bez energie. Super, 99 %.<br \/><br \/>Ivo Br\u00e1ni\u0161, redaktor<br \/>&#8212;&#8212;&#8212;&#8212;&#8212;&#8212;&#8211;<br \/>Obvodn\u00ed l\u00e9ka\u0159 pak pacienta po\u0161le do plicn\u00ed ambulance. Tam mu jako z\u00e1kladn\u00ed vy\u0161et\u0159en\u00ed ud\u011blaj\u00ed rentgen a spirometrii.<br \/><br \/>redaktor<br \/>&#8212;&#8212;&#8212;&#8212;&#8212;&#8212;&#8211;<br \/>Nemoc se projevuje pozvolna. Ze za\u010d\u00e1tku hlavn\u011b du\u0161nost\u00ed. Stejn\u00e9 p\u0159\u00edznaky m\u011bl i l\u00e9ka\u0159 Stanislav Kos, kter\u00fd cel\u00fd \u017eivot pacienty s chronickou plicn\u00ed nemoc\u00ed l\u00e9\u010dil. Nakonec j\u00ed s\u00e1m onemocn\u011bl.<br \/><br \/>Stanislav Kos, pneumolog, pacient s CHOPN<br \/>&#8212;&#8212;&#8212;&#8212;&#8212;&#8212;&#8211;<br \/>Bydlel jsem p\u016fvodn\u011b ve \u010dtvrt\u00e9m poschod\u00ed, a tak jsem za\u010dal pozorovat, \u017ee p\u0159i vy\u0161\u0161\u00edch patrech jsem se zad\u00fdch\u00e1val v\u00edc, a k tomu jsem m\u011bl ka\u0161el s vyka\u0161l\u00e1v\u00e1n\u00edm.<br \/><br \/>redaktor<br \/>&#8212;&#8212;&#8212;&#8212;&#8212;&#8212;&#8211;<br \/>S nemoc\u00ed se v \u010cesk\u00e9 republice l\u00e9\u010d\u00ed zhruba 200 000 lid\u00ed. L\u00e9ka\u0159i odhaduj\u00ed, \u017ee dvakr\u00e1t tolik lid\u00ed o nemoci nev\u00ed.<br \/><br \/>Stanislav Kos, pneumolog, pacient s CHOPN<br \/>&#8212;&#8212;&#8212;&#8212;&#8212;&#8212;&#8211;<br \/>N\u011bkter\u00e9 oblasti, kde je v\u011bt\u0161\u00ed pra\u0161nost, jako jsou severn\u00ed \u010cechy nebo severn\u00ed Morava, maj\u00ed v\u011bt\u0161\u00ed v\u00fdskyt CHOPN ne\u017e pr\u016fm\u011br \u010cesk\u00e9 republiky.<br \/><br \/> redaktor<br \/>&#8212;&#8212;&#8212;&#8212;&#8212;&#8212;&#8211;<br \/>P\u0159edpoklad pro nemoc maj\u00ed lid\u00e9 se \u0161patnou \u017eivotospr\u00e1vou, ku\u0159\u00e1ci, u\u017eivatel\u00e9 drog. L\u00e9ka\u0159i rad\u00ed: dob\u0159e a kvalitn\u011b sp\u00e1t, m\u00e1lo stresu a kvalitn\u011b j\u00edst a p\u00edt. <\/p>\n\n\n\n<p>\u010cesk\u00e1 televize.<br \/><\/p>\n","protected":false},"excerpt":{"rendered":"<div class=\"mh-excerpt\"><p>\u010cT 1&nbsp; Nejv\u00edce pacient\u016f s chronickou obstruk\u010dn\u00ed plicn\u00ed nemoc\u00ed, zkr\u00e1cen\u011b CHOPN, je na \u00dastecku. Vypl\u00fdv\u00e1 to z dat \u010cesk\u00e9ho ob\u010dansk\u00e9ho spolku proti plicn\u00edm nemocem. Nej\u010dast\u011bj\u0161\u00ed <a class=\"mh-excerpt-more\" href=\"https:\/\/www.invarena.cz\/?p=55928\" title=\"Nejv\u00edce pacient\u016f s CHOPN je na \u00dastecku\u00a0\u00a0\">[&#8230;]<\/a><\/p>\n<\/div>","protected":false},"author":1,"featured_media":21174,"comment_status":"open","ping_status":"closed","sticky":false,"template":"","format":"standard","meta":{"footnotes":""},"categories":[11],"tags":[],"class_list":["post-55928","post","type-post","status-publish","format-standard","has-post-thumbnail","hentry","category-zdravi"],"_links":{"self":[{"href":"https:\/\/www.invarena.cz\/index.php?rest_route=\/wp\/v2\/posts\/55928","targetHints":{"allow":["GET"]}}],"collection":[{"href":"https:\/\/www.invarena.cz\/index.php?rest_route=\/wp\/v2\/posts"}],"about":[{"href":"https:\/\/www.invarena.cz\/index.php?rest_route=\/wp\/v2\/types\/post"}],"author":[{"embeddable":true,"href":"https:\/\/www.invarena.cz\/index.php?rest_route=\/wp\/v2\/users\/1"}],"replies":[{"embeddable":true,"href":"https:\/\/www.invarena.cz\/index.php?rest_route=%2Fwp%2Fv2%2Fcomments&post=55928"}],"version-history":[{"count":0,"href":"https:\/\/www.invarena.cz\/index.php?rest_route=\/wp\/v2\/posts\/55928\/revisions"}],"wp:featuredmedia":[{"embeddable":true,"href":"https:\/\/www.invarena.cz\/index.php?rest_route=\/wp\/v2\/media\/21174"}],"wp:attachment":[{"href":"https:\/\/www.invarena.cz\/index.php?rest_route=%2Fwp%2Fv2%2Fmedia&parent=55928"}],"wp:term":[{"taxonomy":"category","embeddable":true,"href":"https:\/\/www.invarena.cz\/index.php?rest_route=%2Fwp%2Fv2%2Fcategories&post=55928"},{"taxonomy":"post_tag","embeddable":true,"href":"https:\/\/www.invarena.cz\/index.php?rest_route=%2Fwp%2Fv2%2Ftags&post=55928"}],"curies":[{"name":"wp","href":"https:\/\/api.w.org\/{rel}","templated":true}]}}