{"id":55969,"date":"2025-03-27T08:05:43","date_gmt":"2025-03-27T07:05:43","guid":{"rendered":"https:\/\/www.invarena.cz\/?p=55969"},"modified":"2025-03-27T08:05:44","modified_gmt":"2025-03-27T07:05:44","slug":"superdavka-je-schvalena","status":"publish","type":"post","link":"https:\/\/www.invarena.cz\/?p=55969","title":{"rendered":"&#8222;Superd\u00e1vka&#8220; je schv\u00e1len\u00e1\u00a0\u00a0"},"content":{"rendered":"\n<p>Prima\u00a0&#8211; Hlavn\u00ed zpr\u00e1vy<br \/><br \/>P\u0159ed odpoledn\u00edm jedn\u00e1n\u00edm s prezidentem poslanci schv\u00e1lili reformu soci\u00e1ln\u00edch d\u00e1vek. Dojde tedy ke slou\u010den\u00ed p\u0159\u00edsp\u011bvk\u016f a doplatk\u016f na bydlen\u00ed, p\u0159\u00edsp\u011bvku na \u017eivobyt\u00ed a rodinn\u00fdch d\u00e1vek do jedn\u00e9 tzv. superd\u00e1vky.<br \/><br \/>Nejv\u011bt\u0161\u00ed zm\u011bnou p\u0159i pod\u00e1v\u00e1n\u00ed \u017e\u00e1dosti bude majetkov\u00fd test a pracovn\u00ed bonus. I kdy\u017e superd\u00e1vka dostala zelenou, n\u011bkte\u0159\u00ed politici k n\u00ed maj\u00ed v\u00fdhrady. Kdy\u017e nam\u00ed\u0159\u00edte mobil na obrazovku, p\u0159ehledn\u011b uvid\u00edte, co v\u0161echno se superd\u00e1vkou zm\u011bn\u00ed.<br \/><br \/>Majetkov\u00fd test.<br \/><br \/>Kdo bude cht\u00edt z\u00edskat d\u00e1vku, bude muset proj\u00edt majetkov\u00fdm testov\u00e1n\u00edm. St\u00e1t bude p\u0159ihl\u00ed\u017eet k tomu, kolik m\u00e1 \u017eadatel nemovitost\u00ed, kolik m\u00e1 aut a kolik m\u00e1 na\u0161et\u0159eno.<br \/><br \/>Marian Jure\u010dka,\u00a0<strong>ministr<\/strong>\u00a0<strong>pr\u00e1ce<\/strong>\u00a0a soci\u00e1ln\u00edch v\u011bc\u00ed \/KDU-\u010cSL\/<br \/>&#8212;&#8212;&#8212;&#8212;&#8212;&#8212;&#8211;<br \/>Z\u016fstatek na tom \u00fa\u010dtu, pokud nepo\u010d\u00edt\u00e1m stavebko a penzijko, je tam 200 000 K\u010d na osobu, p\u0159\u00edpadn\u011b 50 000 na ka\u017edou dal\u0161\u00ed v t\u00e9 dom\u00e1cnosti.<br \/><br \/>Pracovn\u00ed bonus.<br \/><br \/>Dal\u0161\u00ed podm\u00ednkou, aby lid\u00e9 d\u00e1vku z\u00edskali, musej\u00ed pracovat nebo aktivn\u011b pr\u00e1ci hledat.<br \/><br \/>Marian Jure\u010dka,\u00a0<strong>ministr<\/strong>\u00a0<strong>pr\u00e1ce<\/strong>\u00a0a soci\u00e1ln\u00edch v\u011bc\u00ed \/KDU-\u010cSL\/<br \/>&#8212;&#8212;&#8212;&#8212;&#8212;&#8212;&#8211;<br \/>Dojde ke sn\u00ed\u017een\u00ed u lid\u00ed, kte\u0159\u00ed mohou pracovat, jsou zdrav\u00ed, p\u0159esto n\u00e1m nepracuj\u00ed. Ani po p\u016fl roce, odm\u00edtnou ve\u0159ejnou slu\u017ebu a \u0159eknou, \u017ee necht\u011bj\u00ed d\u011blat nic, pak \u0159\u00edk\u00e1me, pak jim d\u00e1vku a podporu zastav\u00edme.<br \/><br \/>redaktorka<br \/>&#8212;&#8212;&#8212;&#8212;&#8212;&#8212;&#8211;<br \/>V\u00fdjimkou budou zraniteln\u00e9 skupiny, ur\u010dit\u00e9 typy senior\u016f, pe\u010duj\u00edc\u00ed o t\u011b\u017ece nemocn\u00e9, handicapovan\u00ed a rodi\u010de d\u011bt\u00ed do sedmi let d\u00edt\u011bte.<br \/><br \/>Marian Jure\u010dka,\u00a0<strong>ministr<\/strong>\u00a0<strong>pr\u00e1ce<\/strong>\u00a0a soci\u00e1ln\u00edch v\u011bc\u00ed \/KDU-\u010cSL\/<br \/>&#8212;&#8212;&#8212;&#8212;&#8212;&#8212;&#8211;<br \/>Pro\u010d na v\u011bk sedm let, je to v n\u00e1vaznosti na \u0161koln\u00ed doch\u00e1zku. Zraniteln\u00fdm seniorem je ten \u010dlov\u011bk v okam\u017eiku, kdy bu\u010fto dos\u00e1hne v\u011bku 67 let, nebo se n\u00e1m st\u00e1v\u00e1 starobn\u00edm d\u016fchodcem.<br \/><br \/>redaktorka<br \/>&#8212;&#8212;&#8212;&#8212;&#8212;&#8212;&#8211;<br \/>P\u0159esto\u017ee superd\u00e1vka pro\u0161la, opozice poukazuje na ur\u010dit\u00e1 rizika. Pir\u00e1t\u016fm nap\u0159\u00edklad vad\u00ed, \u017ee rezort Mariana Jure\u010dky nezve\u0159ejnil kalkula\u010dku.<br \/><br \/>Olga Richterov\u00e1, m\u00edstop\u0159edsedkyn\u011b Poslaneck\u00e9 sn\u011bmovny \/Pir\u00e1ti\/<br \/>&#8212;&#8212;&#8212;&#8212;&#8212;&#8212;&#8211;<br \/>Pro\u010d? Proto\u017ee ty dopady prost\u011b taj\u00ed. Boj\u00ed se toho, jak to na ty rodiny dopadne a jak by si to mohly spo\u010d\u00edtat. A podle v\u00fdpo\u010dtu \u0159ady analytik\u016f se ukazuje, \u017ee n\u011bkter\u00e9 rodiny, samo\u017eivitel\u00e9, samo\u017eivitelky budou m\u00edt o mnoho tis\u00edc korun m\u00e9n\u011b.<br \/><br \/>redaktorka<br \/>&#8212;&#8212;&#8212;&#8212;&#8212;&#8212;&#8211;<br \/>A emoce bud\u00ed i majetkov\u00fd test.<br \/><br \/>Lucie \u0160afr\u00e1nkov\u00e1, poslankyn\u011b, m\u00edstop\u0159edsedkyn\u011b v\u00fdboru pro soci\u00e1ln\u00ed politiku \/SPD\/<br \/>&#8212;&#8212;&#8212;&#8212;&#8212;&#8212;&#8211;<br \/>Pokud vlastn\u00edte nemovitost, ale z\u00e1rove\u0148 m\u00e1te n\u011bkde na zahrad\u011b zahradn\u00ed chatku, tak do t\u0159\u00ed let, abyste d\u00e1le mohli pob\u00edrat soci\u00e1ln\u00ed d\u00e1vky, tak se tohoto budete muset zbavit.<br \/><br \/>Ale\u0161 Juchelka, m\u00edstop\u0159edseda poslaneck\u00e9ho klubu, st\u00ednov\u00fd\u00a0<strong>ministr<\/strong>\u00a0<strong>pr\u00e1ce<\/strong>\u00a0a soci\u00e1ln\u00edch v\u011bc\u00ed \/ANO\/<br \/>&#8212;&#8212;&#8212;&#8212;&#8212;&#8212;&#8211;<br \/>Ten, kdo m\u00e1 t\u0159eba na\u0161et\u0159en\u00e9 pen\u00edze a je zodpov\u011bdn\u00fd v tom sv\u00e9m \u017eivot\u011b, cel\u00fd \u017eivot pracuje, tak je bit pr\u00e1v\u011b na tom, kdy\u017e se mu stane v \u017eivot\u011b n\u011bco aktu\u00e1ln\u00edho, t\u0159eba ztrat\u00ed zam\u011bstn\u00e1n\u00ed, proto\u017ee mu prost\u011b st\u00e1t nepom\u016f\u017ee.<br \/><br \/>redaktorka<br \/>&#8212;&#8212;&#8212;&#8212;&#8212;&#8212;&#8211;<br \/>Jedna d\u00e1vka soci\u00e1ln\u00ed pomoci by m\u011bla za\u010d\u00edt platit od \u0159\u00edjna tohoto roku. Rezort pr\u00e1ce a soci\u00e1ln\u00edch v\u011bc\u00ed si od toho slibuje jednodu\u0161\u0161\u00ed \u017e\u00e1dosti d\u00edky digitalizaci, spravedliv\u011bj\u0161\u00ed syst\u00e9m a v\u011bt\u0161\u00ed motivaci lid\u00ed k pr\u00e1ci. Andrea Teissigov\u00e1 a Monika Ber\u00e1nkov\u00e1, CNN Prima News.<br \/><br \/>Spor vl\u00e1dn\u00ed koalice o to, kolik m\u011bs\u00ed\u010dn\u011b sta\u010d\u00ed dosp\u011bl\u00e9 osob\u011b na j\u00eddlo a dal\u0161\u00ed nezbytn\u00e9 pot\u0159eby, st\u00e1le nen\u00ed vy\u0159e\u0161en\u00fd. N\u00e1vrh poslance Havr\u00e1nka tvrd\u00ed, \u017ee by se m\u011blo jednat o 7 000 K\u010d.<br \/><br \/>Starostov\u00e9 na posledn\u00edm koali\u010dn\u00edm jedn\u00e1n\u00ed prosadili, aby se tato \u010d\u00e1stka zv\u00fd\u0161ila na skoro 8 000. Jen\u017ee te\u010f je jasn\u00e9, \u017ee \u010derstv\u011b schv\u00e1len\u00e9 zv\u00fd\u0161en\u00ed \u017eivotn\u00edho minima zp\u016fsob\u00ed, \u017ee minim\u00e1ln\u00ed \u010d\u00e1stka pova\u017eovan\u00e1 za nezbytnou pro \u00fatraty za j\u00eddlo a b\u011b\u017en\u00e9 pot\u0159eby na m\u011bs\u00edc se m\u00e1 zv\u00fd\u0161it na skoro 9 000.<br \/><br \/>Zeptali jsme se v Brat\u010dic\u00edch na \u010c\u00e1slavsku, kde je poslanec Ji\u0159\u00ed Havr\u00e1nek zastupitelem, zda by lidem sta\u010dilo na j\u00eddlo a b\u011b\u017en\u00e9 pot\u0159eby po ode\u010dten\u00ed n\u00e1klad\u016f na bydlen\u00ed 7 000 K\u010d.<br \/><br \/>anketa<br \/>&#8212;&#8212;&#8212;&#8212;&#8212;&#8212;&#8211;<br \/>Asi by to sta\u010dilo, proto\u017ee j\u00e1 teda nouz\u00ed netrp\u00edm.<br \/><br \/>anketa<br \/>&#8212;&#8212;&#8212;&#8212;&#8212;&#8212;&#8211;<br \/>No, to by mi sta\u010dilo.<br \/><br \/>anketa<br \/>&#8212;&#8212;&#8212;&#8212;&#8212;&#8212;&#8211;<br \/>Ur\u010dit\u011b 7 000 sta\u010d\u00ed.<br \/><br \/>anketa<br \/>&#8212;&#8212;&#8212;&#8212;&#8212;&#8212;&#8211;<br \/>Ur\u010dit\u011b by mi to nesta\u010dilo a panu poslanci Havr\u00e1nkovi bych doporu\u010dil, aby si to vyzkou\u0161el s\u00e1m.<br \/><br \/>redaktorka<br \/>&#8212;&#8212;&#8212;&#8212;&#8212;&#8212;&#8211;<br \/>Na tom, kolik pen\u011bz sta\u010d\u00ed jedno\u010dlenn\u00e9 dom\u00e1cnosti na j\u00eddlo a b\u011b\u017en\u00e9 pot\u0159eby, se nemohou shodnout ani koali\u010dn\u00ed poslanci.<br \/><br \/>Petra Jarom\u011b\u0159sk\u00e1, redaktorka<br \/>&#8212;&#8212;&#8212;&#8212;&#8212;&#8212;&#8211;<br \/>A pr\u00e1v\u011b podle poslance Havr\u00e1nka by 7 000 K\u010d m\u011blo sta\u010dit.<br \/><br \/>Ji\u0159\u00ed Havr\u00e1nek, poslanec \/ODS\/<br \/>&#8212;&#8212;&#8212;&#8212;&#8212;&#8212;&#8211;<br \/>Je na tom shoda Ministerstva pr\u00e1ce a Ministerstva pro m\u00edstn\u00ed rozvoj.<br \/><br \/>redaktorka<br \/>&#8212;&#8212;&#8212;&#8212;&#8212;&#8212;&#8211;<br \/>Starostov\u00e9 ale p\u0159i\u0161li s t\u00edm, \u017ee je to m\u00e1lo, a cht\u011bj\u00ed zv\u00fd\u0161en\u00ed.<br \/><br \/>Pavla PIVO\u0147KA VA\u0147KOV\u00c1, m\u00edstop\u0159edsedkyn\u011b poslaneck\u00e9ho klubu \/STAN\/<br \/>&#8212;&#8212;&#8212;&#8212;&#8212;&#8212;&#8211;<br \/>V\u010dera bylo koali\u010dn\u00ed jedn\u00e1n\u00ed, kde se p\u0159edstavitel\u00e9 koalice dohodli. Je\u0161t\u011b nem\u016f\u017eeme prezentovat, na jak\u00e9 v\u00fd\u0161i.<br \/><br \/>redaktorka<br \/>&#8212;&#8212;&#8212;&#8212;&#8212;&#8212;&#8211;<br \/>Podle informac\u00ed CNN Prima News to p\u016fvodn\u011b m\u011blo b\u00fdt na necel\u00fdch 8 000. Do toho ale Sn\u011bmovna odhlasovala zv\u00fd\u0161en\u00ed \u017eivotn\u00edho minima o 650 K\u010d, co\u017e je \u010d\u00e1stka, od kter\u00e9 se odv\u00edj\u00ed v\u00fdpo\u010det st\u00e1tn\u00ed podpory. Jin\u00fdmi slovy, ze st\u00e1tn\u00edho rozpo\u010dtu p\u016fjde na d\u00e1vky v\u00edc pen\u011bz.<br \/><br \/>Marian Jure\u010dka,\u00a0<strong>ministr<\/strong>\u00a0<strong>pr\u00e1ce<\/strong>\u00a0a soci\u00e1ln\u00edch v\u011bc\u00ed \/KDU-\u010cSL\/<br \/>&#8212;&#8212;&#8212;&#8212;&#8212;&#8212;&#8211;<br \/>Ty dopady, kter\u00e9 byly v tom n\u00e1vrhu, jsou zhruba mezi 1,2 a 1,4 miliardami korun.<br \/><br \/>redaktorka<br \/>&#8212;&#8212;&#8212;&#8212;&#8212;&#8212;&#8211;<br \/>A zv\u00fd\u0161en\u00ed \u017eivotn\u00edho minima tak\u00e9 znamen\u00e1, \u017ee se zvy\u0161uje i u\u017e diskutovan\u00e1 \u010d\u00e1stka, kterou by jedno\u010dlenn\u00e1 dom\u00e1cnost m\u011bla m\u00edt na m\u011bs\u00edc na j\u00eddlo a b\u011b\u017en\u00e9 pot\u0159eby, a to na skoro 9 000 K\u010d. Od t\u00e9to \u010d\u00e1stky se p\u0159itom odv\u00edj\u00ed st\u00e1tn\u00ed podpora dostupn\u00e9ho bydlen\u00ed.<br \/><br \/>Ale\u0161 Juchelka, m\u00edstop\u0159edseda poslaneck\u00e9ho klubu, st\u00ednov\u00fd\u00a0<strong>ministr<\/strong>\u00a0<strong>pr\u00e1ce<\/strong>\u00a0a soci\u00e1ln\u00edch v\u011bc\u00ed \/ANO\/<br \/>&#8212;&#8212;&#8212;&#8212;&#8212;&#8212;&#8211;<br \/>Jestli sta\u010d\u00ed 7, nebo 8 000. Je to pro m\u011b \u00fasm\u011bvn\u00e9, kdy\u017e se o tom dohaduj\u00ed vl\u00e1dn\u00ed politici, kte\u0159\u00ed hlasovali pro ve\u0161ker\u00e9 zdra\u017eov\u00e1n\u00ed. To znamen\u00e1 pro ve\u0161ker\u00fd da\u0148ov\u00fd bal\u00ed\u010dek, kter\u00fd mnohdy zdra\u017eil lidem potraviny.<br \/><br \/>CNN Prima News.<br \/><\/p>\n","protected":false},"excerpt":{"rendered":"<div class=\"mh-excerpt\"><p>Prima\u00a0&#8211; Hlavn\u00ed zpr\u00e1vy P\u0159ed odpoledn\u00edm jedn\u00e1n\u00edm s prezidentem poslanci schv\u00e1lili reformu soci\u00e1ln\u00edch d\u00e1vek. Dojde tedy ke slou\u010den\u00ed p\u0159\u00edsp\u011bvk\u016f a doplatk\u016f na bydlen\u00ed, p\u0159\u00edsp\u011bvku na \u017eivobyt\u00ed <a class=\"mh-excerpt-more\" href=\"https:\/\/www.invarena.cz\/?p=55969\" title=\"&#8222;Superd\u00e1vka&#8220; je schv\u00e1len\u00e1\u00a0\u00a0\">[&#8230;]<\/a><\/p>\n<\/div>","protected":false},"author":1,"featured_media":24717,"comment_status":"open","ping_status":"closed","sticky":false,"template":"","format":"standard","meta":{"footnotes":""},"categories":[9],"tags":[],"class_list":["post-55969","post","type-post","status-publish","format-standard","has-post-thumbnail","hentry","category-zpravy"],"_links":{"self":[{"href":"https:\/\/www.invarena.cz\/index.php?rest_route=\/wp\/v2\/posts\/55969","targetHints":{"allow":["GET"]}}],"collection":[{"href":"https:\/\/www.invarena.cz\/index.php?rest_route=\/wp\/v2\/posts"}],"about":[{"href":"https:\/\/www.invarena.cz\/index.php?rest_route=\/wp\/v2\/types\/post"}],"author":[{"embeddable":true,"href":"https:\/\/www.invarena.cz\/index.php?rest_route=\/wp\/v2\/users\/1"}],"replies":[{"embeddable":true,"href":"https:\/\/www.invarena.cz\/index.php?rest_route=%2Fwp%2Fv2%2Fcomments&post=55969"}],"version-history":[{"count":0,"href":"https:\/\/www.invarena.cz\/index.php?rest_route=\/wp\/v2\/posts\/55969\/revisions"}],"wp:featuredmedia":[{"embeddable":true,"href":"https:\/\/www.invarena.cz\/index.php?rest_route=\/wp\/v2\/media\/24717"}],"wp:attachment":[{"href":"https:\/\/www.invarena.cz\/index.php?rest_route=%2Fwp%2Fv2%2Fmedia&parent=55969"}],"wp:term":[{"taxonomy":"category","embeddable":true,"href":"https:\/\/www.invarena.cz\/index.php?rest_route=%2Fwp%2Fv2%2Fcategories&post=55969"},{"taxonomy":"post_tag","embeddable":true,"href":"https:\/\/www.invarena.cz\/index.php?rest_route=%2Fwp%2Fv2%2Ftags&post=55969"}],"curies":[{"name":"wp","href":"https:\/\/api.w.org\/{rel}","templated":true}]}}