{"id":5601,"date":"2013-05-27T23:58:39","date_gmt":"2013-05-27T21:58:39","guid":{"rendered":"http:\/\/www.invarena.cz\/?p=5601"},"modified":"2014-10-20T20:12:27","modified_gmt":"2014-10-20T18:12:27","slug":"lukostrelec-na-voziku-dava-nadeji","status":"publish","type":"post","link":"https:\/\/www.invarena.cz\/?p=5601","title":{"rendered":"Lukost\u0159elec na voz\u00edku d\u00e1v\u00e1 nad\u011bji"},"content":{"rendered":"<h5>&#8222;Dne\u0161n\u00ed doba d\u00e1v\u00e1 \u010dlov\u011bku velk\u00e9 mo\u017enosti. Chce to jen nevzdat,&#8220; \u0159\u00edk\u00e1 David Drahon\u00ednsk\u00fd (foto), kter\u00fd nav\u0161t\u00edvil libereckou traumatologii, aby mezi voz\u00ed\u010dk\u00e1\u0159i vzbudil nad\u011bji. &#8222;D\u016fle\u017eit\u00e9 je sm\u00ed\u0159it se s realitou voz\u00edku a hledat nov\u00e9 cesty,&#8220; vysv\u011btluje na sv\u00e9m turn\u00e9 po nemocnic\u00edch a rehabilita\u010dn\u00edch \u00fastavech.<\/h5>\n<p><!--more--><\/p>\n<p>Na voz\u00edk dostal Davida Drahon\u00ednsk\u00e9ho p\u00e1d ze t\u0159et\u00edho patra. Bylo mu \u0161estn\u00e1ct let a na balk\u00f3n, odkud se z\u0159\u00edtil k zemi, ho dovedla n\u00e1m\u011bs\u00ed\u010dnost. B\u011bhem dal\u0161\u00edch \u010dtrn\u00e1cti let se stal paralympijsk\u00fdm v\u00edt\u011bzem v lukost\u0159elb\u011b, vystudoval Metropolitn\u00ed univerzitu a na\u0161el si m\u00edsto ve zdravotn\u00ed poji\u0161\u0165ovn\u011b.<\/p>\n<p>V Liberci za\u010dal Drahon\u00ednsk\u00fd v p\u00e1tek svou tuzemskou j\u00edzdu po \u010desk\u00fdch spin\u00e1ln\u00edch jednotk\u00e1ch a rehabilita\u010dn\u00edch \u00fastavech, kde se po v\u00e1\u017en\u00fdch \u00farazech l\u00e9\u010d\u00ed lid\u00e9 s po\u0161kozenou m\u00edchou. Jeho tour se jmenuje &#8222;Kdy\u017e m\u00e1 \u010dlov\u011bk o \u010dty\u0159i kola v\u00edc&#8220; a jej\u00edm patronem je n\u011bmeck\u00fd koncern B. Braun.<\/p>\n<p>&#8222;\u0158\u00edk\u00e1m lidem na voz\u00ed\u010dku sv\u016fj p\u0159\u00edb\u011bh a sna\u017e\u00edm se je motivovat,&#8220; podot\u00fdk\u00e1 Drahon\u00ednsk\u00fd. Na vlastn\u00ed k\u016f\u017ei zn\u00e1 pocity, kdy kv\u016fli po\u0161kozen\u00e9 m\u00ed\u0161e \u010dlov\u011bk m\u016f\u017ee pohybovat nejd\u0159\u00edve jen o\u010dima. A brzy zn\u00e1 na strop\u011b ka\u017edou prasklinu.<\/p>\n<p>Na spin\u00e1ln\u00ed jednotce v libereck\u00e9 krajsk\u00e9 nemocnici stoj\u00ed patn\u00e1ct l\u016f\u017eek a ro\u010dn\u011b se na nich vyst\u0159\u00edd\u00e1 kolem stovky pacient\u016f. Mezi person\u00e1lem jsou i dva voz\u00ed\u010dk\u00e1\u0159i &#8211; instruktor sob\u011bsta\u010dnosti Ji\u0159\u00ed Such\u00e1nek a klinick\u00fd psycholog Pavel Selinger. &#8222;Jirka tady ale dneska nen\u00ed. Na velk\u00e9m turnaji v Bratislav\u011b sb\u00edr\u00e1 body, aby se mohl kvalifikovat na mistrovstv\u00ed sv\u011bta a na olympi\u00e1du,&#8220; prozrazuje stani\u010dn\u00ed sestra Alena Kyri\u00e1nov\u00e1. Such\u00e1nek je pro \u0159adu voz\u00ed\u010dk\u00e1\u0159\u016f podobnou inspirac\u00ed jako Drahon\u00ednsk\u00fd.<\/p>\n<p>Oba se se\u0161li v \u010desk\u00e9 reprezentaci na lo\u0148sk\u00e9 paralympi\u00e1d\u011b v Lond\u00fdn\u011b. Such\u00e1nek bojoval v pingpongov\u00e9m turnaji. Pr\u00e1v\u011b stoln\u00ed tenist\u00e9 a lukost\u0159elci dok\u00e1\u017eou z voz\u00edk\u016f \u010dasto por\u00e1\u017eet &#8222;chod\u00edc\u00ed&#8220; soupe\u0159e.<\/p>\n<p>Sport se st\u00e1v\u00e1 pro nejednoho paraplegika nov\u00fdm smyslem \u017eivota. &#8222;Pov\u00edm v\u00e1m ale jednu mo\u017en\u00e1 kac\u00ed\u0159skou my\u0161lenku,&#8220; dod\u00e1v\u00e1 prim\u00e1\u0159 z libereck\u00e9 spin\u00e1ln\u00ed jednotky Jaroslav \u0160r\u00e1m. &#8222;Sport a dal\u0161\u00ed kon\u00ed\u010dky jsou dobr\u00fdm zp\u016fsobem, jak se voz\u00ed\u010dk\u00e1\u0159i dostanou mezi lidi. Ale hlavn\u00ed v\u011bc je, aby n\u011bkde pracovali. Z na\u0161ich zku\u0161enost\u00ed v\u0161ak bohu\u017eel vypl\u00fdv\u00e1, \u017ee zam\u011bstn\u00e1n\u00ed se\u017eene jen asi t\u0159icet a\u017e \u010dty\u0159icet procent z nich. Pr\u00e1ce si p\u0159itom velmi v\u00e1\u017e\u00ed, a ke sv\u00fdm firm\u00e1m jsou velmi loaj\u00e1ln\u00ed.&#8220;<\/p>\n<p>Mezi p\u0159\u00edpady, kdy voz\u00ed\u010dk\u00e1\u0159i z\u00edskali dobr\u00e9 zam\u011bstn\u00e1n\u00ed, uv\u00e1d\u00ed \u0160r\u00e1m mu\u017ee, kter\u00fd se t\u011b\u017ece zranil p\u0159i automobilov\u00e9 rallye. Stal se odborn\u00edkem na evropsk\u00e9 projekty. N\u011bkdy se prosad\u00ed i handicapovan\u00ed lid\u00e9 s d\u011blnick\u00fdmi profesemi. Nap\u0159\u00edklad jeden mu\u017e na voz\u00ed\u010dku opravuje \u00fasp\u011b\u0161n\u011b auta a motocykly.<\/p>\n<p>\u0160r\u00e1m pova\u017euje za d\u016fle\u017eit\u00e9, aby voz\u00ed\u010dk\u00e1\u0159i m\u011bli co nejvy\u0161\u0161\u00ed vzd\u011bl\u00e1n\u00ed a navzdory \u00faraz\u016fm dokon\u010dili rozd\u011blanou st\u0159edn\u00ed nebo vysokou \u0161kolu. &#8222;Jen m\u00e1lo \u0161kol je v\u0161ak bezbari\u00e9rov\u00fdch,&#8220; prohla\u0161uje \u0160r\u00e1m. &#8222;Podm\u00ednky pro pohyb voz\u00ed\u010dk\u00e1\u0159\u016f jsou v v na\u0161\u00ed republice st\u00e1le je\u0161t\u011b pro ostudu.&#8220; Podle Selingera pat\u0159\u00ed mezi v\u00fdjimky mimo jin\u00e9 \u010deskolipsk\u00e9 gymn\u00e1zium, kde vybudovali v\u00fdtahy.<\/p>\n<p>Selinger se ocitl na voz\u00edku p\u0159ed osmi lety, kdy havaroval s autem. &#8222;Sta\u010d\u00ed okam\u017eik a \u017eivot se v\u00e1m \u00fapln\u011b zm\u011bn\u00ed,&#8220; upozor\u0148uje psycholog. Dopravn\u00ed nehody pat\u0159\u00ed mezi nej\u010dast\u011bj\u0161\u00ed d\u016fvody, pro\u010d lid\u00e9 le\u017e\u00ed na spin\u00e1ln\u00ed jednotce. Hodn\u011b pacient\u016f tam p\u0159ivedly rovn\u011b\u017e \u00farazy p\u0159i sjezdov\u00e9m ly\u017eov\u00e1n\u00ed. &#8222;Na \u010desk\u00fdch hor\u00e1ch se jezd\u00ed hodn\u011b mezi lesy a k po\u0161kozen\u00ed m\u00edchy doch\u00e1z\u00ed po n\u00e1razech do strom\u016f,&#8220; uv\u00e1d\u00ed \u0160r\u00e1m.<\/p>\n<p>Podle Selingera se n\u011bkte\u0159\u00ed lid\u00e9 smi\u0159uj\u00ed s celo\u017eivotn\u00edm upout\u00e1n\u00edm na voz\u00edk velmi dlouho. &#8222;J\u00e1 jsem si p\u0159iznal, \u017ee to takhle u\u017e z\u016fstane, asi po p\u016fl roce,&#8220; poznamen\u00e1v\u00e1 psycholog. &#8222;N\u011bkdo ale je\u0161t\u011b po dvou nebo t\u0159ech letech nav\u0161t\u011bvuje l\u00e9\u010ditele a v\u011b\u0159\u00ed, \u017ee ho uzdrav\u00ed.&#8220;<\/p>\n<p>Drahon\u00ednsk\u00fd se pr\u00fd nikdy nevyrovn\u00e1 se skute\u010dnost\u00ed, \u017ee u\u017e nikdy nebude chodit. &#8222;Ale na nohy jsem se postavil jinak,&#8220; tvrd\u00ed. &#8222;Prac\u00ed, sportem, d\u00edky rodin\u011b i p\u0159\u00e1tel\u016fm.&#8220;<\/p>\n<p>Na spin\u00e1ln\u00ed jednotce uk\u00e1zal, co se d\u00e1 nau\u010dit i s nehybn\u00fdma nohama. P\u0159ed okno postavil ter\u010d a pos\u00edlal do n\u011bj z druh\u00e9ho konce chodby jeden \u0161\u00edp za druh\u00fdm. Nezap\u0159el, \u017ee u\u017e p\u0159ed osudn\u00fdm p\u00e1dem z balkonu hodn\u011b sportoval. D\u011blal taaekwondo, fotbal a hokejbal.<\/p>\n<p>&#8222;Kdo \u017eil aktivn\u011b p\u0159ed \u00farazem, tak mu to v\u011bt\u0161inou vydr\u017e\u00ed i po n\u011bm&#8220; shrnuje Selinger. Na voz\u00edku z\u016fstal v\u011brn\u00fd turistice. Jezd\u00ed na T\u0159ebo\u0148sku, ale i po Jizersk\u00fdch hor\u00e1ch.<\/p>\n<p>Mlad\u00e1 fronta Dnes<\/p>\n<p>Miloslav Lubas<\/p>\n<p>David Drahon\u00ednsk\u00fd se m\u016f\u017ee pochlubit dv\u011bma medailemi z paralympijsk\u00fdch her,\u00a0 zlat\u00e9 v Pekingu a st\u0159\u00edbrn\u00e9 loni z Lond\u00fdna. &#8222;Chl\u00e1cholen\u00ed, \u017ee jednou budou mo\u017en\u00e1 chodit, jim nepom\u016f\u017ee. N\u011bkte\u0159\u00ed mo\u017en\u00e1 budou, dob\u0159e, ale d\u016fle\u017eit\u00e9 je sm\u00ed\u0159it se s i realitou voz\u00edku a hledat nov\u00e9 cesty,&#8220; vysv\u011btluje v r\u00e1mci sv\u00e9ho turn\u00e9 po nemocnic\u00edch a rehabilita\u010dn\u00edch \u00fastavech.<\/p>\n<p>&nbsp;<\/p>\n","protected":false},"excerpt":{"rendered":"<div class=\"mh-excerpt\"><p>&#8222;Dne\u0161n\u00ed doba d\u00e1v\u00e1 \u010dlov\u011bku velk\u00e9 mo\u017enosti. Chce to jen nevzdat,&#8220; \u0159\u00edk\u00e1 David Drahon\u00ednsk\u00fd (foto), kter\u00fd nav\u0161t\u00edvil libereckou traumatologii, aby mezi voz\u00ed\u010dk\u00e1\u0159i vzbudil nad\u011bji. &#8222;D\u016fle\u017eit\u00e9 je <a class=\"mh-excerpt-more\" href=\"https:\/\/www.invarena.cz\/?p=5601\" title=\"Lukost\u0159elec na voz\u00edku d\u00e1v\u00e1 nad\u011bji\">[&#8230;]<\/a><\/p>\n<\/div>","protected":false},"author":1,"featured_media":5659,"comment_status":"open","ping_status":"open","sticky":false,"template":"","format":"standard","meta":{"footnotes":""},"categories":[7],"tags":[],"class_list":["post-5601","post","type-post","status-publish","format-standard","has-post-thumbnail","hentry","category-spolecnost"],"_links":{"self":[{"href":"https:\/\/www.invarena.cz\/index.php?rest_route=\/wp\/v2\/posts\/5601","targetHints":{"allow":["GET"]}}],"collection":[{"href":"https:\/\/www.invarena.cz\/index.php?rest_route=\/wp\/v2\/posts"}],"about":[{"href":"https:\/\/www.invarena.cz\/index.php?rest_route=\/wp\/v2\/types\/post"}],"author":[{"embeddable":true,"href":"https:\/\/www.invarena.cz\/index.php?rest_route=\/wp\/v2\/users\/1"}],"replies":[{"embeddable":true,"href":"https:\/\/www.invarena.cz\/index.php?rest_route=%2Fwp%2Fv2%2Fcomments&post=5601"}],"version-history":[{"count":0,"href":"https:\/\/www.invarena.cz\/index.php?rest_route=\/wp\/v2\/posts\/5601\/revisions"}],"wp:featuredmedia":[{"embeddable":true,"href":"https:\/\/www.invarena.cz\/index.php?rest_route=\/wp\/v2\/media\/5659"}],"wp:attachment":[{"href":"https:\/\/www.invarena.cz\/index.php?rest_route=%2Fwp%2Fv2%2Fmedia&parent=5601"}],"wp:term":[{"taxonomy":"category","embeddable":true,"href":"https:\/\/www.invarena.cz\/index.php?rest_route=%2Fwp%2Fv2%2Fcategories&post=5601"},{"taxonomy":"post_tag","embeddable":true,"href":"https:\/\/www.invarena.cz\/index.php?rest_route=%2Fwp%2Fv2%2Ftags&post=5601"}],"curies":[{"name":"wp","href":"https:\/\/api.w.org\/{rel}","templated":true}]}}