{"id":56013,"date":"2025-03-28T06:40:10","date_gmt":"2025-03-28T05:40:10","guid":{"rendered":"https:\/\/www.invarena.cz\/?p=56013"},"modified":"2025-03-28T06:40:25","modified_gmt":"2025-03-28T05:40:25","slug":"charitativni-akce-brnenskych-ridicu","status":"publish","type":"post","link":"https:\/\/www.invarena.cz\/?p=56013","title":{"rendered":"Charitativn\u00ed akce brn\u011bnsk\u00fdch \u0159idi\u010d\u016f\u00a0\u00a0"},"content":{"rendered":"\n<p>\u00a0\u010cT 1\u00a0&#8211; Ud\u00e1losti<br \/><br \/>\u0158idi\u010di autobus\u016f pom\u00e1haj\u00ed tancem. Skupina \u0161of\u00e9r\u016f z brn\u011bnsk\u00e9ho dopravn\u00edho podniku vytvo\u0159ila tane\u010dn\u00ed skupinu. Nafotili i vlastn\u00ed charitativn\u00ed kalend\u00e1\u0159. V\u00fdd\u011blek pos\u00edlaj\u00ed na pomoc onkologicky nemocn\u00fdm d\u011btem.<br \/><br \/>B\u011b\u017en\u011b v n\u011bm usedaj\u00ed za volant, dnes \u0159idi\u010di autobus vyu\u017eili jako p\u0159evl\u00e9k\u00e1rnu do sv\u00fdch tane\u010dn\u00edch kost\u00fdm\u016f.<br \/><br \/>A v tane\u010dn\u00ed obuvi u\u017e vyr\u00e1\u017eej\u00ed na n\u00e1cvik, m\u00edsto zrcadel se ale jejich baletn\u00ed siluety odr\u00e1\u017eej\u00ed v oknech autobus\u016f.<br \/><br \/>Miloslav Gr\u00e9gr, vedouc\u00ed skupiny a \u0159idi\u010d autobusu, Bus Men Dance<br \/>&#8212;&#8212;&#8212;&#8212;&#8212;&#8212;&#8211;<br \/>Vzhledem k tomu, kdy\u017e se pod\u00edv\u00e1te na ty na\u0161e postavy, t\u011bch \u010dlen\u016f, tak ono ze za\u010d\u00e1tku to n\u00e1ro\u010dn\u00fd bylo samoz\u0159ejm\u011b.<br \/><br \/>Barbora Rand\u00fdskov\u00e1, redaktorka \u010cT<br \/>&#8212;&#8212;&#8212;&#8212;&#8212;&#8212;&#8211;<br \/>Postupem \u010dasu se ale z intern\u00ed z\u00e1bavy stalo i pobaven\u00ed pro okol\u00ed na diskot\u00e9k\u00e1ch \u010di plesech.<br \/><br \/>Hana Toma\u0161t\u00edkov\u00e1, mluv\u010d\u00ed, DPMB<br \/>&#8212;&#8212;&#8212;&#8212;&#8212;&#8212;&#8211;<br \/>Tuto skupinu a jej\u00ed aktivity sledujeme. Dokonce v lo\u0148sk\u00e9m roce m\u011bli vystoupen\u00ed na na\u0161em doprav\u00e1ck\u00e9m plesu a m\u011bli samoz\u0159ejm\u011b velk\u00fd \u00fasp\u011bch, tak\u017ee je budeme sledovat a zv\u00e1t na na\u0161e akce i d\u00e1le.<br \/><br \/>Barbora Rand\u00fdskov\u00e1, redaktorka \u010cT<br \/>&#8212;&#8212;&#8212;&#8212;&#8212;&#8212;&#8211;<br \/>I pomoc\u00ed tohoto kalend\u00e1\u0159e \u0159idi\u010di dosud vybrali 22 000 korun. Ty poputuj\u00ed na\u00a0<strong>kliniku<\/strong>\u00a0d\u011btsk\u00e9 onkologie Fakultn\u00ed\u00a0<strong>nemocnice<\/strong>\u00a0Brno.<br \/><br \/>Miloslav Gr\u00e9gr, vedouc\u00ed skupiny a \u0159idi\u010d autobusu, Bus Men Dance<br \/>&#8212;&#8212;&#8212;&#8212;&#8212;&#8212;&#8211;<br \/>Jsme se bavili s jedn\u00edm kolegem, on n\u00e1m popisoval situaci, jako \u017ee p\u0159es n\u011bjak\u00e9ho zn\u00e1m\u00e9ho, \u017ee teda m\u00e1 nemocn\u00fd d\u00edt\u011b, atd., tak\u017ee dostali jsme se n\u011bjak k t\u011bm onkologick\u00fdm onemocn\u011bn\u00edm. P\u0159em\u00fd\u0161leli jsme, jak\u00fdm zp\u016fsobem jim pomoct nebo to ud\u011blat, a napadlo n\u00e1s vlastn\u011b, \u017ee bysme mohli touhle formou t\u011bm d\u011btem pomoct.<br \/><br \/>Barbora Rand\u00fdskov\u00e1, redaktorka \u010cT<br \/>&#8212;&#8212;&#8212;&#8212;&#8212;&#8212;&#8211;<br \/>A nen\u00ed to jedin\u00e9 tancov\u00e1n\u00ed, do kter\u00e9ho se lid\u00e9 z brn\u011bnsk\u00e9ho dopravn\u00edho podniku pustili. B\u011bhem epidemie koronaviru takto doporu\u010dovali, jak se bezpe\u010dn\u011b chovat v dopravn\u00edch prost\u0159edc\u00edch. A pr\u00e1v\u011b i n\u011bkter\u00e9 \u0159idi\u010dky tramvaj\u00ed letos tane\u010dn\u00ed skupinu pos\u00edl\u00ed. Tanec \u0161of\u00e9\u0159i tr\u00e9nuj\u00ed hlavn\u011b o v\u00edkendech. A i kdy\u017e s n\u00edm maj\u00ed \u00fasp\u011bch, po\u0159\u00e1d jsou si jist\u011bj\u0161\u00ed za volanty sv\u00fdch autobus\u016f. <\/p>\n\n\n\n<p>\u010cesk\u00e1 televize.<\/p>\n\n\n\n<p><\/p>\n\n\n\n<p><\/p>\n","protected":false},"excerpt":{"rendered":"<div class=\"mh-excerpt\"><p>\u00a0\u010cT 1\u00a0&#8211; Ud\u00e1losti \u0158idi\u010di autobus\u016f pom\u00e1haj\u00ed tancem. Skupina \u0161of\u00e9r\u016f z brn\u011bnsk\u00e9ho dopravn\u00edho podniku vytvo\u0159ila tane\u010dn\u00ed skupinu. Nafotili i vlastn\u00ed charitativn\u00ed kalend\u00e1\u0159. V\u00fdd\u011blek pos\u00edlaj\u00ed na pomoc <a class=\"mh-excerpt-more\" href=\"https:\/\/www.invarena.cz\/?p=56013\" title=\"Charitativn\u00ed akce brn\u011bnsk\u00fdch \u0159idi\u010d\u016f\u00a0\u00a0\">[&#8230;]<\/a><\/p>\n<\/div>","protected":false},"author":1,"featured_media":28491,"comment_status":"open","ping_status":"closed","sticky":false,"template":"","format":"standard","meta":{"footnotes":""},"categories":[7],"tags":[],"class_list":["post-56013","post","type-post","status-publish","format-standard","has-post-thumbnail","hentry","category-spolecnost"],"_links":{"self":[{"href":"https:\/\/www.invarena.cz\/index.php?rest_route=\/wp\/v2\/posts\/56013","targetHints":{"allow":["GET"]}}],"collection":[{"href":"https:\/\/www.invarena.cz\/index.php?rest_route=\/wp\/v2\/posts"}],"about":[{"href":"https:\/\/www.invarena.cz\/index.php?rest_route=\/wp\/v2\/types\/post"}],"author":[{"embeddable":true,"href":"https:\/\/www.invarena.cz\/index.php?rest_route=\/wp\/v2\/users\/1"}],"replies":[{"embeddable":true,"href":"https:\/\/www.invarena.cz\/index.php?rest_route=%2Fwp%2Fv2%2Fcomments&post=56013"}],"version-history":[{"count":0,"href":"https:\/\/www.invarena.cz\/index.php?rest_route=\/wp\/v2\/posts\/56013\/revisions"}],"wp:featuredmedia":[{"embeddable":true,"href":"https:\/\/www.invarena.cz\/index.php?rest_route=\/wp\/v2\/media\/28491"}],"wp:attachment":[{"href":"https:\/\/www.invarena.cz\/index.php?rest_route=%2Fwp%2Fv2%2Fmedia&parent=56013"}],"wp:term":[{"taxonomy":"category","embeddable":true,"href":"https:\/\/www.invarena.cz\/index.php?rest_route=%2Fwp%2Fv2%2Fcategories&post=56013"},{"taxonomy":"post_tag","embeddable":true,"href":"https:\/\/www.invarena.cz\/index.php?rest_route=%2Fwp%2Fv2%2Ftags&post=56013"}],"curies":[{"name":"wp","href":"https:\/\/api.w.org\/{rel}","templated":true}]}}