{"id":56085,"date":"2025-04-01T10:41:45","date_gmt":"2025-04-01T08:41:45","guid":{"rendered":"https:\/\/www.invarena.cz\/?p=56085"},"modified":"2025-04-01T10:41:46","modified_gmt":"2025-04-01T08:41:46","slug":"jak-zlepsit-dochazku-deti-do-skol-davame-snidane-zdarma","status":"publish","type":"post","link":"https:\/\/www.invarena.cz\/?p=56085","title":{"rendered":"Jak zlep\u0161it doch\u00e1zku d\u011bt\u00ed do \u0161kol? D\u00e1v\u00e1me sn\u00eddan\u011b zdarma\u00a0"},"content":{"rendered":"\n<p>NOVA&nbsp;<\/p>\n\n\n\n<p><br \/>Recept na to, jak zlep\u0161it doch\u00e1zku d\u011bt\u00ed ze soci\u00e1ln\u011b slab\u0161\u00edch rodin, na\u0161li na jedn\u00e9 z\u00e1kladn\u00ed \u0161kole v Ostrav\u011b. Zavedli tam pro n\u011b sn\u00eddan\u011b zdarma a plat\u00ed je ze st\u00e1tn\u00edch pen\u011bz.<br \/><br \/>Sn\u00eddan\u011b chystaj\u00ed pro \u017e\u00e1ky Z\u00e1kladn\u00ed \u0161koly Chrjukinova u\u010ditel\u00e9.<br \/><br \/>Radka Ol\u0161arov\u00e1, u\u010ditelka, Z\u0160 Chrjukinova<br \/>&#8212;&#8212;&#8212;&#8212;&#8212;&#8212;&#8211;<br \/>Dneska zde pod\u00e1v\u00e1me slune\u010dnicov\u00fd chleba, s\u00fdr mozzarellu, oblo\u017een\u00e9 chleby budou s paprikou a s okurkou.<br \/><br \/>redaktor<br \/>&#8212;&#8212;&#8212;&#8212;&#8212;&#8212;&#8211;<br \/>Ka\u017ed\u00e9 r\u00e1no tam na sn\u00eddani p\u0159ijde p\u0159ibli\u017en\u011b 100 d\u011bt\u00ed.<br \/><br \/>anketa<br \/>&#8212;&#8212;&#8212;&#8212;&#8212;&#8212;&#8211;<br \/>M\u00e1m nejrad\u0161i toust na sn\u00eddani.<br \/><br \/>anketa<br \/>&#8212;&#8212;&#8212;&#8212;&#8212;&#8212;&#8211;<br \/>J\u00e1 m\u00e1m nejrad\u0161i jabko a ovoce.<br \/><br \/>anketa<br \/>&#8212;&#8212;&#8212;&#8212;&#8212;&#8212;&#8211;<br \/>R\u00e1da tu chod\u00edm na sn\u00eddan\u011b.<br \/><br \/>redaktor<br \/>&#8212;&#8212;&#8212;&#8212;&#8212;&#8212;&#8211;<br \/>Poka\u017ed\u00e9 jim u\u010ditelky p\u0159iprav\u00ed n\u011bco jin\u00e9ho.<br \/><br \/>Monika Jur\u00e1kov\u00e1, u\u010ditelka, Z\u0160 Chrjukinova<br \/>&#8212;&#8212;&#8212;&#8212;&#8212;&#8212;&#8211;<br \/>Nejrad\u011bji d\u011bti maj\u00ed pr\u00e1v\u011b oblo\u017een\u00e9 housky, oblo\u017een\u00fd chleba, r\u016fzn\u00e9 druhy pomaz\u00e1nek.<br \/><br \/>Zuzana \u010cani, u\u010ditelka, Z\u0160 Chrjukinova<br \/>&#8212;&#8212;&#8212;&#8212;&#8212;&#8212;&#8211;<br \/>T\u00edm \u017ee nemaj\u00ed doma t\u0159eba tu mo\u017enost m\u00edt tu sn\u00eddani tak r\u016fznorodou, tak se do t\u00e9 \u0161koly t\u011b\u0161\u00ed v\u00edc.<br \/><br \/> redaktor<br \/>&#8212;&#8212;&#8212;&#8212;&#8212;&#8212;&#8211;<br \/>Sn\u00eddan\u011bmi zdarma cht\u011bj\u00ed u\u010ditel\u00e9 motivovat \u017e\u00e1ky, aby chodili do \u0161koly, ne\u017e je \u0161kola zavedla, n\u011bkte\u0159\u00ed \u017e\u00e1ci \u010dasto chyb\u011bli, dal\u0161\u00ed byli r\u00e1no hladov\u00ed a pak se nemohli soust\u0159edit na v\u00fduku. To se zm\u011bnilo.<br \/><br \/>Zuzana \u010cani, u\u010ditelka, Z\u0160 Chrjukinova<br \/>&#8212;&#8212;&#8212;&#8212;&#8212;&#8212;&#8211;<br \/>Chod\u00ed do \u0161koly v\u010das, maj\u00ed v\u00edce energie, ta absence je men\u0161\u00ed t\u011bch d\u011bt\u00ed.<br \/><br \/>Karolina Joannidu, z\u00e1stupkyn\u011b \u0159editele, Z\u0160 Chrjukinova<br \/>&#8212;&#8212;&#8212;&#8212;&#8212;&#8212;&#8211;<br \/>D\u011bti pokud r\u00e1no nemaj\u00ed hlad, tak jsou klidn\u011bj\u0161\u00ed. P\u0159isp\u011bjeme t\u00edm tak\u00e9 vlastn\u011b ke zdrav\u011bj\u0161\u00edmu \u017eivotn\u00edmu stylu t\u011bch d\u011bt\u00ed.<br \/><br \/> redaktor<br \/>&#8212;&#8212;&#8212;&#8212;&#8212;&#8212;&#8211;<br \/>Sn\u00eddan\u011b vyjdou \u0161kolu na 5 000 K\u010d t\u00fddn\u011b. Potraviny nakupuj\u00ed u\u010ditelky hlavn\u011b v akc\u00edch.<br \/><br \/>Jan V\u00f6r\u00f6\u0161 Ma\u0161uta, \u0159editel, Odbor rovn\u00e9ho p\u0159\u00edstupu ke vzd\u011bl\u00e1n\u00ed, Ministerstvo \u0161kolstv\u00ed<br \/>&#8212;&#8212;&#8212;&#8212;&#8212;&#8212;&#8211;<br \/>Aktivity podobn\u00e9ho typu ministerstvo \u0161kolstv\u00ed podporuje a tato \u0161kola tak \u010d\u00e1st finan\u010dn\u00ed podpory v\u011bnuje pr\u00e1v\u011b na p\u0159\u00edpravu sn\u00eddan\u00ed pro zejm\u00e9na soci\u00e1ln\u011b znev\u00fdhodn\u011bn\u00e9 d\u011bti.<br \/><br \/> redaktor<br \/>&#8212;&#8212;&#8212;&#8212;&#8212;&#8212;&#8211;<br \/>Ostrava jako prvn\u00ed m\u011bsto v \u010cesku u\u017e v\u00edce ne\u017e rok tak\u00e9 nab\u00edz\u00ed na v\u011bt\u0161in\u011b z\u00e1kladn\u00edch \u0161kol zdarma menstrua\u010dn\u00ed pot\u0159eby, za pomoc pro t\u00e9m\u011b\u0159 4 500 d\u00edvek m\u011bsto letos zaplat\u00ed milion korun. Ministerstvo\u00a0<strong>zdravotnictv\u00ed<\/strong>\u00a0u\u017e p\u0159ipravuje zm\u011bnu vyhl\u00e1\u0161ky tak, aby tyto hygienick\u00e9 pot\u0159eby byly zdarma ve v\u0161ech z\u00e1kladn\u00edch a st\u0159edn\u00edch \u0161kol\u00e1ch. <\/p>\n\n\n\n<p><\/p>\n","protected":false},"excerpt":{"rendered":"<div class=\"mh-excerpt\"><p>NOVA&nbsp; Recept na to, jak zlep\u0161it doch\u00e1zku d\u011bt\u00ed ze soci\u00e1ln\u011b slab\u0161\u00edch rodin, na\u0161li na jedn\u00e9 z\u00e1kladn\u00ed \u0161kole v Ostrav\u011b. Zavedli tam pro n\u011b sn\u00eddan\u011b zdarma <a class=\"mh-excerpt-more\" href=\"https:\/\/www.invarena.cz\/?p=56085\" title=\"Jak zlep\u0161it doch\u00e1zku d\u011bt\u00ed do \u0161kol? D\u00e1v\u00e1me sn\u00eddan\u011b zdarma\u00a0\">[&#8230;]<\/a><\/p>\n<\/div>","protected":false},"author":1,"featured_media":18703,"comment_status":"open","ping_status":"closed","sticky":false,"template":"","format":"standard","meta":{"footnotes":""},"categories":[7],"tags":[],"class_list":["post-56085","post","type-post","status-publish","format-standard","has-post-thumbnail","hentry","category-spolecnost"],"_links":{"self":[{"href":"https:\/\/www.invarena.cz\/index.php?rest_route=\/wp\/v2\/posts\/56085","targetHints":{"allow":["GET"]}}],"collection":[{"href":"https:\/\/www.invarena.cz\/index.php?rest_route=\/wp\/v2\/posts"}],"about":[{"href":"https:\/\/www.invarena.cz\/index.php?rest_route=\/wp\/v2\/types\/post"}],"author":[{"embeddable":true,"href":"https:\/\/www.invarena.cz\/index.php?rest_route=\/wp\/v2\/users\/1"}],"replies":[{"embeddable":true,"href":"https:\/\/www.invarena.cz\/index.php?rest_route=%2Fwp%2Fv2%2Fcomments&post=56085"}],"version-history":[{"count":0,"href":"https:\/\/www.invarena.cz\/index.php?rest_route=\/wp\/v2\/posts\/56085\/revisions"}],"wp:featuredmedia":[{"embeddable":true,"href":"https:\/\/www.invarena.cz\/index.php?rest_route=\/wp\/v2\/media\/18703"}],"wp:attachment":[{"href":"https:\/\/www.invarena.cz\/index.php?rest_route=%2Fwp%2Fv2%2Fmedia&parent=56085"}],"wp:term":[{"taxonomy":"category","embeddable":true,"href":"https:\/\/www.invarena.cz\/index.php?rest_route=%2Fwp%2Fv2%2Fcategories&post=56085"},{"taxonomy":"post_tag","embeddable":true,"href":"https:\/\/www.invarena.cz\/index.php?rest_route=%2Fwp%2Fv2%2Ftags&post=56085"}],"curies":[{"name":"wp","href":"https:\/\/api.w.org\/{rel}","templated":true}]}}