{"id":5610,"date":"2013-05-27T10:29:55","date_gmt":"2013-05-27T08:29:55","guid":{"rendered":"http:\/\/www.invarena.cz\/?p=5610"},"modified":"2013-05-28T10:22:50","modified_gmt":"2013-05-28T08:22:50","slug":"ve-spekulacich-kolem-skarty-se-dnes-uz-nikdo-nevyzna-mini-mullerova","status":"publish","type":"post","link":"https:\/\/www.invarena.cz\/?p=5610","title":{"rendered":"Ve spekulac\u00edch kolem sKarty se dnes u\u017e nikdo nevyzn\u00e1, m\u00edn\u00ed M\u00fcllerov\u00e1"},"content":{"rendered":"<p><strong>Ministryn\u011b pr\u00e1ce a soci\u00e1ln\u00edch v\u011bc\u00ed Ludmila M\u00fcllerov\u00e1 v rozhovoru pro server E15.cz mluvila o sKart\u00e1ch. Na n\u00e1prav\u011b projektu\u00a0 nyn\u00ed pracuje expertn\u00ed skupina, kter\u00e1 by vl\u00e1d\u011b m\u011bla p\u0159edlo\u017eit \u0159e\u0161en\u00ed.<\/strong><br \/>\n<!--more--><br \/>\nM\u00fcllerov\u00e1 k sKart\u00e1m uvedla, \u017ee se celou situaci sna\u017e\u00ed vy\u0159e\u0161it ku prosp\u011bchu u\u017eivatel\u016f a aby bylo v\u0161e po pr\u00e1vn\u00ed str\u00e1nce v po\u0159\u00e1dku. Za ne\u0161\u0165astnou v\u011bc pova\u017euje uzav\u0159en\u00ed smlouvy s \u010ceskou spo\u0159itelnou.<\/p>\n<p><strong>\u0160ance na n\u00e1pravu tady byla. Dnes u\u017e se v tom nikdo nevyzn\u00e1<\/strong><\/p>\n<p>&#8222;Jsem p\u0159esv\u011bd\u010den\u00e1, \u017ee byla \u0161ance v\u011bci souvisej\u00edc\u00ed s sKartou napravit. Dnes se u\u017e bohu\u017eel m\u00e1lokdo vyzn\u00e1 ve v\u0161ech t\u011bch spekulac\u00edch a nepravd\u00e1ch, kter\u00e9 se kolem sKarty \u010dasem vytvo\u0159ily. A m\u00e1lokdo chce sly\u0161et, \u017ee by mohla b\u00fdt pro st\u00e1t i lidi dobrou slu\u017ebou,&#8220; prohl\u00e1sila v rozhovoru pro E15.cz.<\/p>\n<p>Sou\u010dasn\u00e1 ministryn\u011b pr\u00e1ce p\u0159ipou\u0161t\u00ed, \u017ee p\u0159edchoz\u00ed veden\u00ed \u00fa\u0159adu p\u0159ipravovalo projekt &#8222;v poklusu&#8220;. P\u0159\u00edli\u0161 mnoho v\u011bc\u00ed se tak nedostate\u010dn\u011b p\u0159ipravilo a zm\u011bny se provedly p\u0159\u00edli\u0161 rychle.<\/p>\n<p><strong>Ne\u017e budu pokra\u010dovat d\u00e1l, budu vy\u017eadovat maximum informac\u00ed<\/strong><\/p>\n<p>Na napraven\u00ed projektu sKaret te\u010f pracuje expertn\u00ed skupina, jej\u00ed\u017e \u010dlenov\u00e9 jsou experti z ministerstva pr\u00e1ce, gener\u00e1ln\u00edho \u0159editelstv\u00ed \u00da\u0159adu pr\u00e1ce \u010cR a \u010cesk\u00e9 spo\u0159itelny. M\u00fcllerov\u00e1 m\u00e1 pot\u00e9 vl\u00e1d\u011b p\u0159edlo\u017eit n\u00e1vrh zm\u011bn. Konkr\u00e9tn\u00ed term\u00edn ale nebyl stanoven.<\/p>\n<p>Na p\u0159\u00edpadn\u00e9ho dal\u0161\u00edho kostlivce ve sk\u0159\u00edni po Jarom\u00edru Dr\u00e1bkovi je M\u00fcllerov\u00e1 p\u0159ipraven\u00e1. &#8222;Ti, kdo m\u011b znaj\u00ed, v\u011bd\u00ed, \u017ee chci m\u00edt maximum informac\u00ed. Jen tak se mohu p\u0159ipravit a nejl\u00e9pe rozhodnout, kam se vydat d\u00e1l. Jednodu\u0161e je to cesta, na kter\u00e9 se sem tam objev\u00ed n\u011bjak\u00fd v\u00fdmol, dopravn\u00ed komplikace a vy je nem\u016f\u017eete p\u0159ehl\u00ed\u017eet, ale mus\u00edte s nimi po\u010d\u00edtat,&#8220; uzav\u0159ela.<\/p>\n<p>Parlamentnilisty.cz<\/p>\n","protected":false},"excerpt":{"rendered":"<div class=\"mh-excerpt\"><p>Ministryn\u011b pr\u00e1ce a soci\u00e1ln\u00edch v\u011bc\u00ed Ludmila M\u00fcllerov\u00e1 v rozhovoru pro server E15.cz mluvila o sKart\u00e1ch. Na n\u00e1prav\u011b projektu\u00a0 nyn\u00ed pracuje expertn\u00ed skupina, kter\u00e1 by vl\u00e1d\u011b <a class=\"mh-excerpt-more\" href=\"https:\/\/www.invarena.cz\/?p=5610\" title=\"Ve spekulac\u00edch kolem sKarty se dnes u\u017e nikdo nevyzn\u00e1, m\u00edn\u00ed M\u00fcllerov\u00e1\">[&#8230;]<\/a><\/p>\n<\/div>","protected":false},"author":1,"featured_media":0,"comment_status":"open","ping_status":"open","sticky":false,"template":"","format":"standard","meta":{"footnotes":""},"categories":[6],"tags":[],"class_list":["post-5610","post","type-post","status-publish","format-standard","hentry","category-politika"],"_links":{"self":[{"href":"https:\/\/www.invarena.cz\/index.php?rest_route=\/wp\/v2\/posts\/5610","targetHints":{"allow":["GET"]}}],"collection":[{"href":"https:\/\/www.invarena.cz\/index.php?rest_route=\/wp\/v2\/posts"}],"about":[{"href":"https:\/\/www.invarena.cz\/index.php?rest_route=\/wp\/v2\/types\/post"}],"author":[{"embeddable":true,"href":"https:\/\/www.invarena.cz\/index.php?rest_route=\/wp\/v2\/users\/1"}],"replies":[{"embeddable":true,"href":"https:\/\/www.invarena.cz\/index.php?rest_route=%2Fwp%2Fv2%2Fcomments&post=5610"}],"version-history":[{"count":0,"href":"https:\/\/www.invarena.cz\/index.php?rest_route=\/wp\/v2\/posts\/5610\/revisions"}],"wp:attachment":[{"href":"https:\/\/www.invarena.cz\/index.php?rest_route=%2Fwp%2Fv2%2Fmedia&parent=5610"}],"wp:term":[{"taxonomy":"category","embeddable":true,"href":"https:\/\/www.invarena.cz\/index.php?rest_route=%2Fwp%2Fv2%2Fcategories&post=5610"},{"taxonomy":"post_tag","embeddable":true,"href":"https:\/\/www.invarena.cz\/index.php?rest_route=%2Fwp%2Fv2%2Ftags&post=5610"}],"curies":[{"name":"wp","href":"https:\/\/api.w.org\/{rel}","templated":true}]}}