{"id":56224,"date":"2025-04-07T10:44:42","date_gmt":"2025-04-07T08:44:42","guid":{"rendered":"https:\/\/www.invarena.cz\/?p=56224"},"modified":"2025-04-07T10:44:43","modified_gmt":"2025-04-07T08:44:43","slug":"sokolov-rozsiruje-dotace-pro-postizene-deti-rodice-mohou-zadat-az-20-tisic","status":"publish","type":"post","link":"https:\/\/www.invarena.cz\/?p=56224","title":{"rendered":"Sokolov roz\u0161i\u0159uje dotace pro posti\u017een\u00e9 d\u011bti. Rodi\u010de mohou \u017e\u00e1dat a\u017e 20 tis\u00edc"},"content":{"rendered":"\n<p>M\u011bsto Sokolov roz\u0161i\u0159uje sv\u016fj program dotac\u00ed na podporu integrace zdravotn\u011b posti\u017een\u00fdch d\u011bt\u00ed, aby zahrnul v\u0161echny stupn\u011b znev\u00fdhodn\u011bn\u00ed. Nov\u011b mohou rodi\u010de \u017e\u00e1dat o finan\u010dn\u00ed p\u0159\u00edsp\u011bvky na rehabilitace a pom\u016fcky pro sv\u00e9 d\u011bti, a to a\u017e do v\u00fd\u0161e 20 tis\u00edc korun ro\u010dn\u011b. Tato iniciativa m\u00e1 za c\u00edl usnadnit p\u00e9\u010di o d\u011bti s r\u016fzn\u00fdmi formami zdravotn\u00edho posti\u017een\u00ed a zv\u00fd\u0161it pov\u011bdom\u00ed o dostupn\u00e9 podpo\u0159e mezi rodi\u010di a pe\u010duj\u00edc\u00edmi. Nov\u00e1 pravidla za\u010dnou platit od kv\u011btna.<\/p>\n\n\n\n<p>&#8222;Ji\u017e n\u011bkolik let m\u00e1me program na podporu t\u011b\u017ece zdravotn\u011b znev\u00fdhodn\u011bn\u00fdch d\u011bt\u00ed. Podpora byla ur\u010dena d\u011btem ve t\u0159et\u00edm a \u010dtvrt\u00e9m stupni znev\u00fdhodn\u011bn\u00ed, tedy t\u011bm nejt\u011b\u017e\u0161\u00edm p\u0159\u00edpad\u016fm. Nyn\u00ed jsme se p\u0159iklonili k tomu, \u017ee pom\u016f\u017eeme \u00fapln\u011b v\u0161em skupin\u00e1m posti\u017een\u00ed, tedy i t\u011bm leh\u010d\u00edm. Ceny let\u00ed nahoru, v\u010detn\u011b rehabilitac\u00ed pro d\u011bti, v\u010detn\u011b v\u0161ech pom\u016fcek, speci\u00e1ln\u00ed stravy, kterou mus\u00ed m\u00edt, a tak d\u00e1le,&#8220; \u0159\u00edk\u00e1 m\u00edstostarostka Sokolova Renata Oulehlov\u00e1. Rodi\u010de pe\u010duj\u00edc\u00ed o d\u00edt\u011b do 18 let v prvn\u00edm stupni posti\u017een\u00ed mohou \u017e\u00e1dat o jednor\u00e1zov\u00fd ro\u010dn\u00ed p\u0159\u00edsp\u011bvek p\u011bt tis\u00edc korun, ve druh\u00e9m stupni o 10 tis\u00edc, t\u0159et\u00edm 15 tis\u00edc a \u010dtvrt\u00e9m 20 tis\u00edc korun. Proces je velmi jednoduch\u00fd. Sta\u010d\u00ed kontaktovat odbor soci\u00e1ln\u00edch v\u011bc\u00ed a tamn\u00ed \u00fa\u0159ednice s v\u00e1mi v\u011bc vy\u0159\u00edd\u00ed. Pokud \u017eadatel spln\u00ed v\u0161echny podm\u00ednky, tak o ud\u011blen\u00ed p\u0159\u00edsp\u011bvku rozhodne rada m\u011bsta. Cel\u00fd proces by tak m\u011bl b\u00fdt velmi rychl\u00fd.<\/p>\n\n\n\n<p>&#8222;\u017d\u00e1d\u00e1 se p\u0159es odbor soci\u00e1ln\u00ed a v\u011bt\u0161inou to maminky pou\u017e\u00edvaj\u00ed na r\u016fzn\u00e9 rehabilitace nebo na pom\u016fcky, stravu \u010di l\u00e9ky, kter\u00e9 nepropl\u00e1c\u00ed poji\u0161\u0165ovna. P\u0159\u00edsp\u011bvkem chceme zm\u00edrnit rodi\u010d\u016fm starost o d\u011bti, kter\u00e1 je i tak n\u00e1ro\u010dn\u00e1,&#8220; konstatuje Oulehlov\u00e1.<\/p>\n\n\n\n<p>V minul\u00fdch letech se p\u0159ihl\u00e1sili jednotlivci. Ve 22 tis\u00edcov\u00e9m Sokolov\u011b jich bylo zhruba osm. A letos se prozat\u00edm p\u0159ihl\u00e1sila pouze jedna maminka. T\u00e9 bylo doporu\u010deno, \u017ee pokud nejde o nal\u00e9havou situaci, aby po\u017e\u00e1dala a\u017e v kv\u011btnu za nov\u011b zv\u00fdhodn\u011bn\u00fdch podm\u00ednek.<\/p>\n\n\n\n<p>P\u0159\u00edsp\u011bvek Sokolov poskytuje od roku 2019 a \u017e\u00e1d\u00e1 si p\u0159ekvapiv\u011b m\u00e1lo rodi\u010d\u016f. M\u011bsto proto chce, aby se tato informace dostala v\u00edce mezi rodi\u010de, p\u011bstouny nebo pe\u010duj\u00edc\u00ed, kte\u0159\u00ed to pot\u0159ebuj\u00ed. V\u00fd\u0161e p\u0159\u00edsp\u011bvku plat\u00ed pro jedno d\u00edt\u011b s pobytem v Sokolov\u011b, do osmn\u00e1cti let, a to jednou ro\u010dn\u011b. \u017d\u00e1dat lze \u00ed v\u00edcekr\u00e1t do roka, ale jen do vy\u010derp\u00e1n\u00ed dan\u00e9 \u010d\u00e1stky.<\/p>\n\n\n\n<p>&#8222;Sokolov m\u00e1 p\u0159ipravenou \u010d\u00e1stku ve v\u00fd\u0161i 220 tis\u00edc korun. V minulosti v\u017edy bohat\u011b sta\u010dila. Pokud by nyn\u00ed po\u010det \u017e\u00e1dost\u00ed tuto sumu p\u0159evy\u0161oval, nic se ned\u011bje.<\/p>\n\n\n\n<p>&#8222;Jsme p\u0159ipraveni ji nav\u00fd\u0161it. Pokud by si opravdu rodi\u010de za\u010dali ve velk\u00e9m \u017e\u00e1dat, tak sumu nav\u00fd\u0161\u00edme v pr\u016fb\u011bhu roku. Zat\u00edm si mysl\u00edme, \u017ee ne v\u0161ichni to v\u00ed. My se sna\u017e\u00edme tuto informaci mezi n\u011b dostat a to i nap\u0159\u00edklad p\u0159es pediatry. Smek\u00e1m p\u0159ede v\u0161emi, kte\u0159\u00ed se o nemocn\u00e9 \u010di jinak hendikepovan\u00e9 d\u011bti staraj\u00ed,&#8220; dodala Oulehlov\u00e1.<\/p>\n\n\n\n<p>&#8222;Ka\u017ed\u00e1 pomocn\u00e1 ruka v takov\u00fdchto p\u0159\u00edpadech je skv\u011bl\u00e1. N\u011bkter\u00e1 m\u011bsta to nemaj\u00ed takto automaticky dan\u00e9 jako nyn\u00ed v Sokolov\u011b, ale po\u017e\u00e1dat lze u nich individu\u00e1ln\u011b tak\u00e9. Potom u\u017e nezb\u00fdv\u00e1 ne\u017e \u010dekat a doufat, zda usp\u011bjete tak\u00e9 \u010di nikoliv. V\u0161echny pom\u016fcky, rehabilitace, speci\u00e1ln\u00ed strava, n\u00e1v\u0161t\u011bvy fyzioterapeutick\u00fdch center jsou velmi drah\u00e1 z\u00e1le\u017eitost. A zdravotn\u00ed poji\u0161\u0165ovny propl\u00e1cej\u00ed jen to nejnutn\u011bj\u0161\u00ed. Speci\u00e1ln\u00ed pom\u016fcky, cvi\u010den\u00ed, stravu a mnoho dal\u0161\u00edch v\u011bc\u00ed bohu\u017eel ne,&#8220; \u0159\u00edk\u00e1 jedna z osloven\u00fdch p\u011bstounek La\u010fka, kter\u00e1 m\u00e1 v p\u00e9\u010di jeden\u00e1ctiletou hol\u010di\u010dku.<\/p>\n\n\n\n<p>Roman Cichocki<\/p>\n\n\n\n<p>Sokolovsk\u00fd den\u00edk<\/p>\n\n\n\n<p><a href=\"https:\/\/sokolovsky.denik.cz\" target=\"_blank\" rel=\"noreferrer noopener\">https:\/\/sokolovsky.denik.cz<\/a><\/p>\n","protected":false},"excerpt":{"rendered":"<div class=\"mh-excerpt\"><p>M\u011bsto Sokolov roz\u0161i\u0159uje sv\u016fj program dotac\u00ed na podporu integrace zdravotn\u011b posti\u017een\u00fdch d\u011bt\u00ed, aby zahrnul v\u0161echny stupn\u011b znev\u00fdhodn\u011bn\u00ed. Nov\u011b mohou rodi\u010de \u017e\u00e1dat o finan\u010dn\u00ed p\u0159\u00edsp\u011bvky na <a class=\"mh-excerpt-more\" href=\"https:\/\/www.invarena.cz\/?p=56224\" title=\"Sokolov roz\u0161i\u0159uje dotace pro posti\u017een\u00e9 d\u011bti. Rodi\u010de mohou \u017e\u00e1dat a\u017e 20 tis\u00edc\">[&#8230;]<\/a><\/p>\n<\/div>","protected":false},"author":1,"featured_media":19889,"comment_status":"open","ping_status":"closed","sticky":false,"template":"","format":"standard","meta":{"footnotes":""},"categories":[9],"tags":[],"class_list":["post-56224","post","type-post","status-publish","format-standard","has-post-thumbnail","hentry","category-zpravy"],"_links":{"self":[{"href":"https:\/\/www.invarena.cz\/index.php?rest_route=\/wp\/v2\/posts\/56224","targetHints":{"allow":["GET"]}}],"collection":[{"href":"https:\/\/www.invarena.cz\/index.php?rest_route=\/wp\/v2\/posts"}],"about":[{"href":"https:\/\/www.invarena.cz\/index.php?rest_route=\/wp\/v2\/types\/post"}],"author":[{"embeddable":true,"href":"https:\/\/www.invarena.cz\/index.php?rest_route=\/wp\/v2\/users\/1"}],"replies":[{"embeddable":true,"href":"https:\/\/www.invarena.cz\/index.php?rest_route=%2Fwp%2Fv2%2Fcomments&post=56224"}],"version-history":[{"count":0,"href":"https:\/\/www.invarena.cz\/index.php?rest_route=\/wp\/v2\/posts\/56224\/revisions"}],"wp:featuredmedia":[{"embeddable":true,"href":"https:\/\/www.invarena.cz\/index.php?rest_route=\/wp\/v2\/media\/19889"}],"wp:attachment":[{"href":"https:\/\/www.invarena.cz\/index.php?rest_route=%2Fwp%2Fv2%2Fmedia&parent=56224"}],"wp:term":[{"taxonomy":"category","embeddable":true,"href":"https:\/\/www.invarena.cz\/index.php?rest_route=%2Fwp%2Fv2%2Fcategories&post=56224"},{"taxonomy":"post_tag","embeddable":true,"href":"https:\/\/www.invarena.cz\/index.php?rest_route=%2Fwp%2Fv2%2Ftags&post=56224"}],"curies":[{"name":"wp","href":"https:\/\/api.w.org\/{rel}","templated":true}]}}