{"id":56304,"date":"2025-04-14T05:01:43","date_gmt":"2025-04-14T03:01:43","guid":{"rendered":"https:\/\/www.invarena.cz\/?p=56304"},"modified":"2025-04-14T05:02:02","modified_gmt":"2025-04-14T03:02:02","slug":"rodice-mohou-zadat-o-1-500-kc-na-krouzky-pro-dite","status":"publish","type":"post","link":"https:\/\/www.invarena.cz\/?p=56304","title":{"rendered":"Rodi\u010de mohou \u017e\u00e1dat o 1 500 K\u010d na krou\u017eky pro d\u00edt\u011b"},"content":{"rendered":"\n<p>Dnes Darujeme krou\u017eky d\u011btem s koordin\u00e1torem tohoto projektu Markem Havrl\u00edkem. Tak dnes si p\u0159ipom\u00edn\u00e1me ten den, kdy mohou rodi\u010de \u017e\u00e1dat o p\u0159\u00edsp\u011bvek, poj\u010fte p\u0159ibl\u00ed\u017eit je\u0161t\u011b znovu projekt a o co vlastn\u011b ti rodi\u010de \u017e\u00e1dat mohou?<br \/><br \/>Marek Havrl\u00edk,<br \/>&#8212;&#8212;&#8212;&#8212;&#8212;&#8212;&#8211;<br \/>Ur\u010dit\u011b projekt Darujeme krou\u017eky d\u011btem, je tady pro rodi\u010de, kter\u00fd pob\u00edraj\u00ed p\u0159\u00eddavek na d\u00edt\u011b, p\u0159\u00edsp\u011bvek na p\u00e9\u010di, nebo jsou to p\u011bstouni, nebo jsou to ukrajin\u0161t\u00ed rodi\u010de, kte\u0159\u00ed jsou zde na z\u00e1klad\u011b v\u00edza do\u010dasn\u00e9 ochrany. Projekt je ur\u010den pro d\u011bti ve v\u011bku 3\u201318 let a na dlouhodob\u00e9 volno\u010dasov\u00e9 aktivity. Rodi\u010de se u n\u00e1s zaregistruj\u00ed do syst\u00e9mu aktivn\u00edho m\u011bsta, kde dokl\u00e1daj\u00ed, \u017ee pat\u0159\u00ed do dan\u00e9 kategorie. N\u00e1sledn\u011b \u017e\u00e1daj\u00ed o p\u0159\u00edsp\u011bvek 1 500 K\u010d na jedno d\u00edt\u011b.<br \/><br \/>mluv\u010d\u00ed 12,<br \/>&#8212;&#8212;&#8212;&#8212;&#8212;&#8212;&#8211;<br \/>Na pololet\u00ed, na pololet\u00ed. Tak jenom Je\u0161t\u011b zopakujte tu webovou adresu, kde se tak d\u00e1 u\u010dinit?<br \/><br \/>Marek Havrl\u00edk<br \/>&#8212;&#8212;&#8212;&#8212;&#8212;&#8212;&#8211;<br \/>Www.darujemekrouzky.cz.<br \/><br \/>mluv\u010d\u00ed 1,<br \/>&#8212;&#8212;&#8212;&#8212;&#8212;&#8212;&#8211;<br \/>V\u011bkov\u00e9 skupiny, kter\u00e9 podporujete. A jak vlastn\u011b ta \u0161irok\u00e1 je ta v\u011bkov\u00e1 skupina?<br \/><br \/>Marek Havrl\u00edk<br \/>&#8212;&#8212;&#8212;&#8212;&#8212;&#8212;&#8211;<br \/>Ta \u0161\u00ed\u0159e t\u00fd v\u011bkov\u00fd skupiny je, jak jsem \u0159\u00edkal, 3\u201318 let, nicm\u00e9n\u011b ze statistik d\u011bti, kter\u00fd jsme podpo\u0159ili, tak n\u00e1m vych\u00e1z\u00ed, \u017ee pro \u010desk\u00e9 d\u011bti m\u00e1me to t\u011b\u017ei\u0161t\u011b ve v\u011bku 7\u201310, 11 let, tam m\u00e1me nejv\u00edce podpo\u0159en\u00fdch d\u011bt\u00ed, u ukrajinsk\u00fdch d\u011bt\u00ed je to tro\u0161ku v\u00edce \u0161ir\u0161\u00ed. Tahle ta kategorie, tam se jedn\u00e1 od sedm a\u017e t\u0159eba 12, 13 let.<br \/><br \/>mluv\u010d\u00ed 13,<br \/>&#8212;&#8212;&#8212;&#8212;&#8212;&#8212;&#8211;<br \/>Vy jste loni, tu\u0161\u00edm, z\u00edskali takovou speci\u00e1ln\u00ed z\u00e1\u0161titu.<br \/><br \/>Marek Havrl\u00edk<br \/>&#8212;&#8212;&#8212;&#8212;&#8212;&#8212;&#8211;<br \/>je to tak. Projekt Darujeme. Krou\u017eky d\u011btem za\u0161t\u00edtila prvn\u00ed d\u00e1ma, pan\u00ed Eva Pavlov\u00e1.<br \/><br \/>mluv\u010d\u00ed 1,<br \/>&#8212;&#8212;&#8212;&#8212;&#8212;&#8212;&#8211;<br \/>Jak\u00fdm zp\u016fsobem ten projekt pom\u00e1h\u00e1 t\u011bm d\u011btem? Proto\u017ee ty krou\u017eky samy o sob\u011b? \u010clov\u011bk si \u0159ekne, jak u\u017e \u0159\u00edkal P\u00e9\u0165a, je to volno\u010dasov\u00e1 aktivita, tak co to p\u0159in\u00e1\u0161\u00ed t\u011bm d\u011btem?<br \/><br \/>Marek Havrl\u00edk<br \/>&#8212;&#8212;&#8212;&#8212;&#8212;&#8212;&#8211;<br \/>P\u0159in\u00e1\u0161\u00ed to hlavn\u011b pro rodi\u010de m\u00e9n\u011b stresu Nemus\u00ed se strachovat, jestli maj\u00ed p\u016fj\u010dit, nebo jestli v\u016fbec j\u00edt do volno\u010dasov\u00fdch aktivit sv\u00fdch d\u011bt\u00ed, co\u017e by nem\u011blo b\u00fdt. Nad rozvojem vlastn\u00edch d\u011bt\u00ed by \u010dlov\u011bk nem\u011bl d\u011blat vlastn\u011b dilema a p\u0159in\u00e1\u0161\u00ed to potom tu mo\u017enost zaplatit \u010dlensk\u00e9 p\u0159\u00edsp\u011bvky, anebo p\u0159\u00edpadn\u011b, kdy\u017e je to v r\u00e1mci dlouhodob\u00e9 volno\u010dasov\u00e9 aktivity t\u0159eba i n\u011bjak\u00fd soust\u0159ed\u011bn\u00ed nebo v\u00fdpravu nebo v\u00fdjezd. Tak\u017ee kdy\u017e rodi\u010d t\u0159eba m\u00e1 na regul\u00e9rn\u00ed \u010dlensk\u00e9 p\u0159\u00edsp\u011bvky, tak mu to umo\u017en\u00ed, aby d\u00edt\u011b mohlo jet i na ty akce, kter\u00e9 s t\u00edm souvis\u00ed.<br \/><br \/>mluv\u010d\u00ed 3,<br \/>&#8212;&#8212;&#8212;&#8212;&#8212;&#8212;&#8211;<br \/>Ono se to asi t\u011b\u017eko prokazuje, ale j\u00e1 to stejn\u011b \u0159eknu, ono to vlastn\u011b mus\u00ed m\u00edt dalekos\u00e1hl\u00e9 n\u00e1sledky, kdy\u017e si p\u0159edstav\u00edme prost\u011b n\u011bjakou soci\u00e1ln\u011b slab\u0161\u00ed rodinu, kter\u00e1 na to teda nem\u00e1, pob\u00edr\u00e1 v\u0161echny tyhle p\u0159\u00edsp\u011bvky, jak jste \u0159\u00edkal, ale stejn\u011b nem\u00e1 na krou\u017eky, to d\u00edt\u011b prost\u011b z\u016fst\u00e1v\u00e1 doma, rodi\u010de jsou t\u0159eba v pr\u00e1ci nebo n\u011bco, tak co, tak z\u016fstane na ulici a z toho m\u016f\u017eou vlastn\u011b b\u00fdt velik\u00e9 probl\u00e9my, anebo jde do krou\u017ek\u016f, kde se setk\u00e1 se sv\u00fdmi vrstevn\u00edky, m\u00e1 n\u011bjak\u00e9 veden\u00ed a nemus\u00ed&#8230;..Prost\u011b Chci \u0159\u00edct, \u017ee t\u0159eba nedojde k n\u011bjak\u00e9 krimin\u00e1ln\u00ed \u010dinnosti u t\u011bch d\u011bt\u00ed nebo k n\u011bjak\u00e9mu \u0161patn\u00e9mu v\u00fdvoji, \u017ee jo.<br \/><br \/>Marek Havrl\u00edk<br \/>&#8212;&#8212;&#8212;&#8212;&#8212;&#8212;&#8211;<br \/>To samoz\u0159ejm\u011b nejsme schopn\u00fd prok\u00e1zat, ale samoz\u0159ejm\u011b to, \u017ee d\u00edt\u011b v\u011bnuje sv\u016fj voln\u00fd \u010das smyslupln\u011b, tak se to d\u00e1 p\u0159edpokl\u00e1dat. Co my d\u011bl\u00e1me, tak v\u017edycky d\u011bl\u00e1me v r\u00e1mci \u0161et\u0159en\u00ed zp\u011btn\u00fd vazby po pololet\u00ed, jak to vlastn\u011b rodi\u010de a u\u017eivatel\u00e9 vn\u00edmali Jsou s t\u00edm velmi spokojen\u00fd a mnohdy pr\u00e1v\u011b \u0159\u00edkaj\u00ed, \u017ee za a pro d\u00edt\u011b to m\u016f\u017ee znamenat start v r\u00e1mci volno\u010dasov\u00fdch aktivit, \u017ee nyn\u00ed si m\u016f\u017eou dovolit prvn\u00ed volno\u010dasov\u00e9 aktivity a m\u016f\u017eou aktivn\u011b hledat, kde d\u00edt\u011b m\u00e1 talent, anebo naopak. Zase druh\u00e1 strana, \u017ee si m\u016f\u017eou dovolit pokra\u010dovat ve volno\u010dasov\u00fdch aktivit\u00e1ch, kter\u00fd d\u00edt\u011b bav\u00ed. A nemus\u00edte sv\u00e9mu d\u00edt\u011bti vysv\u011btlovat, \u017ee prost\u011b te\u010fka na p\u016flrok nebo rok nebude d\u011blat to, co m\u00e1 r\u00e1d.<br \/><br \/>mluv\u010d\u00ed 1,<br \/>&#8212;&#8212;&#8212;&#8212;&#8212;&#8212;&#8211;<br \/>Tak\u017ee projekt Darujme krou\u017eky d\u011btem. Dnes startuje tedy ta mo\u017enost p\u0159ihl\u00e1sit se o p\u0159\u00edsp\u011bvek. P\u0159ipom\u00edn\u00e1me, no, a p\u0159ejeme spoustu zda\u0159il\u00fdch let tomuto projektu. A\u0165 pom\u00e1h\u00e1te d\u011btem t\u00edmto zp\u016fsobem.<br \/>Dr\u017e\u00edme V\u00e1m palce mockr\u00e1t.<br \/><br \/><\/p>\n","protected":false},"excerpt":{"rendered":"<div class=\"mh-excerpt\"><p>Dnes Darujeme krou\u017eky d\u011btem s koordin\u00e1torem tohoto projektu Markem Havrl\u00edkem. Tak dnes si p\u0159ipom\u00edn\u00e1me ten den, kdy mohou rodi\u010de \u017e\u00e1dat o p\u0159\u00edsp\u011bvek, poj\u010fte p\u0159ibl\u00ed\u017eit je\u0161t\u011b <a class=\"mh-excerpt-more\" href=\"https:\/\/www.invarena.cz\/?p=56304\" title=\"Rodi\u010de mohou \u017e\u00e1dat o 1 500 K\u010d na krou\u017eky pro d\u00edt\u011b\">[&#8230;]<\/a><\/p>\n<\/div>","protected":false},"author":1,"featured_media":5878,"comment_status":"open","ping_status":"closed","sticky":false,"template":"","format":"standard","meta":{"footnotes":""},"categories":[1],"tags":[],"class_list":["post-56304","post","type-post","status-publish","format-standard","has-post-thumbnail","hentry","category-nezarazene"],"_links":{"self":[{"href":"https:\/\/www.invarena.cz\/index.php?rest_route=\/wp\/v2\/posts\/56304","targetHints":{"allow":["GET"]}}],"collection":[{"href":"https:\/\/www.invarena.cz\/index.php?rest_route=\/wp\/v2\/posts"}],"about":[{"href":"https:\/\/www.invarena.cz\/index.php?rest_route=\/wp\/v2\/types\/post"}],"author":[{"embeddable":true,"href":"https:\/\/www.invarena.cz\/index.php?rest_route=\/wp\/v2\/users\/1"}],"replies":[{"embeddable":true,"href":"https:\/\/www.invarena.cz\/index.php?rest_route=%2Fwp%2Fv2%2Fcomments&post=56304"}],"version-history":[{"count":0,"href":"https:\/\/www.invarena.cz\/index.php?rest_route=\/wp\/v2\/posts\/56304\/revisions"}],"wp:featuredmedia":[{"embeddable":true,"href":"https:\/\/www.invarena.cz\/index.php?rest_route=\/wp\/v2\/media\/5878"}],"wp:attachment":[{"href":"https:\/\/www.invarena.cz\/index.php?rest_route=%2Fwp%2Fv2%2Fmedia&parent=56304"}],"wp:term":[{"taxonomy":"category","embeddable":true,"href":"https:\/\/www.invarena.cz\/index.php?rest_route=%2Fwp%2Fv2%2Fcategories&post=56304"},{"taxonomy":"post_tag","embeddable":true,"href":"https:\/\/www.invarena.cz\/index.php?rest_route=%2Fwp%2Fv2%2Ftags&post=56304"}],"curies":[{"name":"wp","href":"https:\/\/api.w.org\/{rel}","templated":true}]}}