{"id":56345,"date":"2025-04-14T05:52:07","date_gmt":"2025-04-14T03:52:07","guid":{"rendered":"https:\/\/www.invarena.cz\/?p=56345"},"modified":"2025-04-14T05:52:07","modified_gmt":"2025-04-14T03:52:07","slug":"ranni-prujmy-byvaji-casto-zalezitosti-psychiky","status":"publish","type":"post","link":"https:\/\/www.invarena.cz\/?p=56345","title":{"rendered":"Rann\u00ed pr\u016fjmy b\u00fdvaj\u00ed \u010dasto z\u00e1le\u017eitost\u00ed psychiky"},"content":{"rendered":"\n<p> \u010cRo Radioporadna<\/p>\n\n\n\n<p><br \/>Dneska si budeme pov\u00eddat s prof. Marcelou Kop\u00e1\u010dovou na t\u00e9ma syndrom dr\u00e1\u017ediv\u00e9ho tra\u010dn\u00edku, co\u017e je takov\u00e9 specifick\u00e9 onemocn\u011bn\u00ed.<\/p>\n\n\n\n<p>mluv\u010d\u00ed 1,<br \/>&#8212;&#8212;&#8212;&#8212;&#8212;&#8212;&#8211;<br \/>Ano, je to, je to t\u00e9ma, kter\u00e9 si mysl\u00edm, zaj\u00edm\u00e1 spoustu lid\u00ed, proto\u017ee st\u0159\u00edzliv\u00fdm odhadem v populaci asi 15 % t\u011bchto lid\u00ed a t\u00edm m\u00e9n\u011b st\u0159\u00edzliv\u00fdm je to asi a\u017e 1\/3 populace, kter\u00e1 trp\u00ed ve v\u011bt\u0161\u00ed \u010di men\u0161\u00ed m\u00ed\u0159e t\u00edm syndromem dr\u00e1\u017ediv\u00e9ho tra\u010dn\u00edku, je pot\u0159eba zd\u016fraznit, \u017ee syndrom dr\u00e1\u017ediv\u00e9ho tra\u010dn\u00edku se rozpad\u00e1 do n\u011bkolika podjednotek, jednak je to ten syndrom, kter\u00fd je prov\u00e1zen pr\u016fjmy, pak naopak z\u00e1cpou a pak je to takov\u00fd sm\u00ed\u0161en\u00fd syndrom, kdy jednou m\u00e1 ten \u010dlov\u011bk pr\u016fjmy, podruh\u00e9 m\u00e1 z\u00e1cpu a r\u016fzn\u011b se mu to st\u0159\u00edd\u00e1. Je to onemocn\u011bn\u00ed, kter\u00e9 do ur\u010dit\u00e9 m\u00edry limituje nebo do zna\u010dn\u00e9 m\u00edry limituje zejm\u00e9na ty pacienty, kte\u0159\u00ed trp\u00ed na pr\u016fjem, ti \u010dasto m\u00edvaj\u00ed tzv. rann\u00ed debakly, to znamen\u00e1 po r\u00e1nu mus\u00ed se vypr\u00e1zdnit n\u011bkolikr\u00e1t, opakovan\u011b, t\u0159ikr\u00e1t, \u010dty\u0159ikr\u00e1t, p\u011btkr\u00e1t. A zejm\u00e9na ti, co chod\u00ed do pr\u00e1ce, maj\u00ed vytipovan\u00e9 t\u0159eba na cest\u011b do pr\u00e1ce z\u00e1chodky, benz\u00ednov\u00e9 pumpy a podobn\u011b, aby v\u011bd\u011bli, kam mohou se uch\u00fdlit, kdy\u017e teda to na n\u011b p\u0159ijde, proto\u017ee ten pr\u016fjem b\u00fdv\u00e1 velmi urgentn\u00ed. Ta z\u00e1cpa samoz\u0159ejm\u011b je ale taky nep\u0159\u00edjemn\u00e1, tak\u017ee t\u011b\u017eko to n\u011bjak hodnotit, kdo trp\u00ed v\u00edce. Jinak je pot\u0159eba \u0159\u00edct, \u017ee do obrazu toho dr\u00e1\u017ediv\u00e9ho tra\u010dn\u00edku pat\u0159\u00ed je\u0161t\u011b potom takov\u00fd b\u0159i\u0161n\u00ed diskomfort, nep\u0159\u00edjemn\u00e9 pocity, k\u0159e\u010de, nad\u00fdm\u00e1n\u00ed, to je velmi \u010dast\u00e9 a \u0159ada t\u011bch nemocn\u00fdch u\u017e sama o sob\u011b m\u00e1 vytipovan\u00e9 t\u0159eba i ur\u010dit\u00e9 potraviny, kter\u00e9 nem\u016f\u017ee j\u00edst, tak\u017ee jedn\u00edm z t\u011bch faktor\u016f, kter\u00e9 vedou k syndromu dr\u00e1\u017ediv\u00e9ho tre\u010dn\u00edku, je samoz\u0159ejm\u011b potrava. Dal\u0161\u00ed faktory mohou b\u00fdt rodinn\u00e9 n\u00e1vyky nebo i genetick\u00e9, to nev\u00edme, a v neposledn\u00ed \u0159ad\u011b je to takov\u00e9to spojen\u00ed mozek &#8211; st\u0159evo, to, co mysl\u00edm si, \u017ee nejd\u016fle\u017eit\u011bj\u0161\u00ed u toho syndromu dr\u00e1\u017ediv\u00e9ho tra\u010dn\u00edku je, \u017ee neohro\u017euje nijak pacienta na \u017eivot\u011b, on mu jenom zhor\u0161uje komfort \u017eivotn\u00ed a nut\u00ed ho d\u011blat ur\u010dit\u00e9 v\u011bci, kter\u00e9 by jinak ned\u011blal, nebo naopak omezit aktivity, kter\u00e9 by r\u00e1d m\u011bl. Ta onemocn\u011bn\u00ed obecn\u011b rozd\u011blujeme na organick\u00e1 a funk\u010dn\u00ed, organick\u00e1, znamen\u00e1, \u017ee je\u00a0<strong>posti\u017een\u00fd<\/strong>\u00a0org\u00e1n, jsou tam v\u0159edy nebo n\u011bjak\u00e9 jin\u00e9 projevy. Funk\u010dn\u00ed, co\u017e je pr\u00e1v\u011b ten dr\u00e1\u017ediv\u00fd tra\u010dn\u00edk, funk\u010dn\u00ed\u00a0<strong>posti\u017een\u00ed<\/strong>\u00a0nem\u00e1\u00a0<strong>posti\u017een\u00ed<\/strong>\u00a0toho st\u0159eva, to znamen\u00e1, my kdy\u017e d\u011bl\u00e1me endoskopie, tak tam najdeme \u00fapln\u011b norm\u00e1ln\u00ed tra\u010dn\u00edk, norm\u00e1ln\u00ed st\u0159evo, norm\u00e1ln\u00ed tenk\u00e9 st\u0159evo, norm\u00e1ln\u00ed \u017ealudek, \u017e\u00e1dn\u00e9 poruchy zjevn\u00e9 tam nejsou, a to ani histologicky, ani kdy\u017e odebereme vzore\u010dky, tak\u017ee toto je asi tak jako k t\u00e9 stru\u010dn\u00e9 charakteristice toho dr\u00e1\u017ediv\u00e9ho tra\u010dn\u00edku, jak \u0159\u00edk\u00e1m, tr\u00e1p\u00ed to mnoho lid\u00ed, tak\u017ee jist\u011b je pot\u0159eba o tom hovo\u0159it.<\/p>\n\n\n\n<p>moder\u00e1torka<br \/>&#8212;&#8212;&#8212;&#8212;&#8212;&#8212;&#8211;<br \/>No, a nav\u00edc pr\u00e1v\u011b jsou to probl\u00e9my, o kter\u00fdch se nemluv\u00ed \u00fapln\u011b lehce, asi to tak \u010dlov\u011bku nen\u00ed \u00fapln\u011b p\u0159\u00edjemn\u00e9, proto tady m\u00e1me dost emailov\u00fdch dotaz\u016f, \u017ee to rad\u0161i t\u0159eba lidi nap\u00ed\u0161ou, tak my se je pokus\u00edme t\u0159eba i n\u011bjak zobecnit a postupn\u011b na n\u011b odpov\u00eddat. Ale pan\u00ed profesorko, co to vlastn\u011b v\u016fbec je? Ten tra\u010dn\u00edk? My zn\u00e1me t\u0159eba \u017elu\u010dn\u00edkov\u00e9 kameny, probl\u00e9my se \u017elu\u010dn\u00edkem, \u017ealudek taky m\u016f\u017ee m\u00edt n\u011bjak\u00fd z\u00e1n\u011bt \u017ealudku, ale ten tra\u010dn\u00edk?<\/p>\n\n\n\n<p>mluv\u010d\u00ed 1,<br \/>&#8212;&#8212;&#8212;&#8212;&#8212;&#8212;&#8211;<br \/>Je tlust\u00e9 st\u0159evo. Tlust\u00e9 st\u0159evo je tra\u010dn\u00edk, to je synonymum a jak jsem \u0159\u00edkala, tomu tra\u010dn\u00edku zjevn\u011b nen\u00ed nic, ale je tam porucha na t\u00e9 ose mozek &#8211; st\u0159evo, kdy samoz\u0159ejm\u011b i pacienti v\u011bd\u00ed, \u017ee kdy\u017e maj\u00ed n\u011bjak\u00fd stres nebo nervozitu nebo v\u011bd\u00ed, \u017ee mus\u00ed stihnout autobus, odjet do pr\u00e1ce atd. tak se ty symptomy zhor\u0161\u00ed. Najednou ten pr\u016fjem p\u0159ijde velice urgentn\u011b atd. \u010dili to je jeden z t\u011bch rizikov\u00fdch faktor\u016f, kter\u00e9 vedou k tomu dr\u00e1\u017ediv\u00e9mu tra\u010dn\u00edku, pr\u00e1v\u011b ten stres a r\u016fzn\u00e9 pocity diskomfortu, kter\u00e9 jsou v hlav\u011b, proto taky \u0159ada t\u011bchto pacient\u016f nem\u00e1 probl\u00e9my v noci nebo t\u00e9m\u011b\u0159 nikdo z nich nem\u00e1 probl\u00e9my v noci, je to v\u017edycky r\u00e1no, kdy\u017e se vzbud\u00ed, kdy\u017e v\u00ed, jak\u00e1 ta denn\u00ed n\u00e1lo\u017e na n\u011bj \u010dek\u00e1, kdy to p\u0159ijde, tak tehdy ty probl\u00e9my jsou nejv\u011bt\u0161\u00ed a pak b\u011bhem dne t\u0159eba je\u0161t\u011b n\u011bjak\u00e1 ta stolice p\u0159ijde, ale v noci pacient sp\u00ed, odpoj\u00ed se mozek od st\u0159eva a to st\u0159evo&#8230;<\/p>\n\n\n\n<p> moder\u00e1torka<br \/>&#8212;&#8212;&#8212;&#8212;&#8212;&#8212;&#8211;<br \/>M\u00e1 klid a je to v po\u0159\u00e1dku. No, a nav\u00edc, kdy\u017e n\u00e1s to t\u0159eba tr\u00e1p\u00ed dlouhodob\u011b, tak v\u011b\u0159\u00edm a i n\u00e1m to poslucha\u010di p\u00ed\u0161ou, \u017ee u\u017e je napad\u00e1, jestli se t\u0159eba nem\u016f\u017ee jednat o n\u011bjak\u00e9 v\u00e1\u017en\u011bj\u0161\u00ed onemocn\u011bn\u00ed, d\u011bs\u00ed je to samoz\u0159ejm\u011b, maj\u00ed strach, stoj\u00ed to chv\u00edli odhodl\u00e1v\u00e1n\u00ed, ne\u017e se vyprav\u00ed n\u011bkam k l\u00e9ka\u0159i. Tak jak\u00e1 t\u0159eba vy m\u016f\u017eete prov\u00e9st vy\u0161et\u0159en\u00ed? A co m\u016f\u017eete poradit? O tom si pov\u00edme po p\u00eds.Prof. Marcelou Kop\u00e1\u010dovou. Dnes v radioporadn\u011b prob\u00edr\u00e1me syndrom dr\u00e1\u017ediv\u00e9ho tra\u010dn\u00edku. Mnoh\u00e9 u\u017e zazn\u011blo, zazn\u011bly projevy samoz\u0159ejm\u011b velmi nep\u0159\u00edjemn\u00e9. M\u016f\u017ee to m\u00edt r\u016fznou intenzitu a pan\u00ed profesorka \u0159\u00edkala, a to je zaj\u00edmav\u00e9, \u017ee kdy\u017e potom, proto\u017ee tra\u010dn\u00edk, jak jsme se dozv\u011bd\u011bli, je tlust\u00e9 st\u0159evo, kdy\u017e potom \u010dlov\u011bk p\u0159ijde na vy\u0161et\u0159en\u00ed, tak\u017ee tam nemus\u00edte v\u016fbec nic z\u00e1sadn\u00edho naj\u00edt v tom st\u0159ev\u011b, tak ale jak se tedy ur\u010d\u00ed, \u017ee je to syndrom dr\u00e1\u017ediv\u00e9ho tra\u010dn\u00edku? Ono v\u016fbec o tom onemocn\u011bn\u00ed se \u0159\u00edk\u00e1, \u017ee je docela slo\u017eit\u00e9ho diagnostikovat a \u0159\u00edct, \u017ee p\u0159esn\u011b o toto se jedn\u00e1.<\/p>\n\n\n\n<p>mluv\u010d\u00ed 1,<br \/>&#8212;&#8212;&#8212;&#8212;&#8212;&#8212;&#8211;<br \/>Ano, to je p\u0159esn\u011b tak, jak \u0159\u00edk\u00e1te, syndrom dr\u00e1\u017ediv\u00e9ho tra\u010dn\u00edku je onemocn\u011bn\u00ed, kter\u00e9 se ur\u010d\u00ed nebo stanov\u00ed se diagn\u00f3za per exclusionem, to znamen\u00e1, \u017ee my mus\u00edme vylou\u010dit, \u017ee se nejedn\u00e1 o nic jin\u00e9ho. K tomu pat\u0159\u00ed samoz\u0159ejm\u011b vy\u0161et\u0159en\u00ed st\u0159eva, vy\u0161et\u0159en\u00ed ultrazvuku b\u0159icha atd. podle projev\u016f, kter\u00e9 ten pacient m\u00e1. Obecn\u011b bych ale zd\u016fraznila, \u017ee v na\u0161em st\u00e1t\u011b je prevence kolorekt\u00e1ln\u00edho karcinomu a \u017ee ka\u017ed\u00fd \u010dlov\u011bk nad 50 let v\u011bku by optim\u00e1ln\u011b m\u011bl podstoupit koloskopii, to znamen\u00e1, ti pacienti, kte\u0159\u00ed maj\u00ed strach z organick\u00e9ho onemocn\u011bn\u00ed, by se t\u00edm vlastn\u011b uklidnili a zjistili by, \u017ee jsou po str\u00e1nce toho tlust\u00e9ho st\u0159eva v po\u0159\u00e1dku. A to je, mysl\u00edm si, z\u00e1sadn\u00ed v\u011bc, \u017ee i vzhledem k tomu, \u017ee psychika je jedn\u00edm z hlavn\u00edch vyvol\u00e1vaj\u00edc\u00edch faktor\u016f, tak to uklidn\u011bn\u00ed pacienta je nesm\u00edrn\u011b d\u016fle\u017eit\u00e9, tak to asi je takov\u00e1 st\u011b\u017eejn\u00ed message, kterou bych cht\u011bla pacient\u016fm poslat, \u017ee m\u016f\u017eou se p\u0159ihl\u00e1sit na vy\u0161et\u0159en\u00ed tlust\u00e9ho st\u0159eva, samoz\u0159ejm\u011b mohou p\u0159ij\u00edt i na test na okultn\u00ed krv\u00e1cen\u00ed, ale pro takov\u00e9to uklidn\u011bn\u00ed a pro jistotu, \u017ee v tom tlust\u00e9m st\u0159ev\u011b opravdu nic \u0161patn\u00e9ho nen\u00ed, je optim\u00e1ln\u00ed koloskopie.<\/p>\n\n\n\n<p>Jana Kudyvejsov\u00e1, moder\u00e1torka<br \/>&#8212;&#8212;&#8212;&#8212;&#8212;&#8212;&#8211;<br \/>Tak to je jedno z vy\u0161et\u0159en\u00ed, pak, kter\u00fdmi dal\u0161\u00edmi je pot\u0159eba, aby pro\u0161ly?<\/p>\n\n\n\n<p>mluv\u010d\u00ed 1,<br \/>&#8212;&#8212;&#8212;&#8212;&#8212;&#8212;&#8211;<br \/>To z\u00e1le\u017e\u00ed na tom, jak\u00e9 m\u00e1 ten pacient pot\u00ed\u017ee, \u010dili pokud m\u00e1 bolesti b\u0159icha, tak samoz\u0159ejm\u011b budeme cht\u00edt vy\u0161et\u0159it ultrazvuk b\u0159icha, abychom vylou\u010dili, \u017ee tam je n\u011bco dal\u0161\u00edho v t\u00e9 b\u0159i\u0161n\u00ed dutin\u011b, ur\u010dit\u011b budeme cht\u00edt vy\u0161et\u0159it n\u011bjakou laborato\u0159, krevn\u00ed obraz, jestli nem\u00e1 an\u00e9mii, teda chudokrevnost, jestli m\u00e1 v\u0161echno v po\u0159\u00e1dku, jestli nem\u00e1 zv\u00fd\u0161en\u00e9 zn\u00e1mky z\u00e1n\u011btu CRP a dal\u0161\u00ed zn\u00e1mky, \u010dili to je \u0159ada v\u011bc\u00ed, kter\u00e9 u\u017e mus\u00ed ten l\u00e9ka\u0159 u\u0161\u00edt tomu pacientovi na m\u00edru. Nem\u016f\u017eeme \u0159\u00edct obecn\u011b, \u017ee pokud m\u00e1 n\u011bkdo nad\u00fdm\u00e1n\u00ed a pr\u016fjmy, tak mus\u00ed podstoupit to a to.<\/p>\n\n\n\n<p>, moder\u00e1torka<br \/>&#8212;&#8212;&#8212;&#8212;&#8212;&#8212;&#8211;<br \/>No, a jak se dostane k t\u011bm vy\u0161et\u0159en\u00edm p\u0159es praktick\u00e9ho l\u00e9ka\u0159e? Tam prvn\u00ed zm\u00ednit tyhle ty probl\u00e9my.<\/p>\n\n\n\n<p>mluv\u010d\u00ed 1,<br \/>&#8212;&#8212;&#8212;&#8212;&#8212;&#8212;&#8211;<br \/>Tady je prost\u011b probl\u00e9m v tom, \u017ee \u0159ada t\u011bch pacient\u016f m\u00e1 ty pot\u00ed\u017ee ob\u010das a nemaj\u00ed a\u017e tak v\u00fdrazn\u00e9, tak\u017ee spousta lid\u00ed, kte\u0159\u00ed trp\u00ed t\u00edmto syndromem, v\u016fbec k l\u00e9ka\u0159i nejde. Jednak se za to styd\u00ed, jednak ty projevy nejsou a\u017e tak hrozn\u00e9, aby museli podstoupit n\u011bjak\u00e1 vy\u0161et\u0159en\u00ed a potom, pokud teda u\u017e skute\u010dn\u011b ten pacient nazn\u00e1, \u017ee pot\u0159ebuje n\u011bjakou p\u00e9\u010di, tak by m\u011bl j\u00edt za sv\u00fdm praktick\u00fdm l\u00e9ka\u0159em, probrat s n\u00edm sv\u00e9 pot\u00ed\u017ee a praktick\u00fd l\u00e9ka\u0159 by ho nasm\u011broval k odborn\u00edkovi, pokud to bude pot\u0159eba. A na druhou stranu bych cht\u011bla zm\u00ednit to, \u017ee pokud je krev ve stolici, v\u00e1hov\u00fd \u00fabytek, nechutenstv\u00ed, chudokrevnost, tak to jsou tzv. alarmuj\u00edc\u00ed p\u0159\u00edznaky a tam je pot\u0159eba, aby ten pacient byl \u0159\u00e1dn\u011b vy\u0161et\u0159en, to nepat\u0159\u00ed do obrazu dr\u00e1\u017ediv\u00e9ho tra\u010dn\u00edku.<\/p>\n\n\n\n<p> moder\u00e1torka<br \/>&#8212;&#8212;&#8212;&#8212;&#8212;&#8212;&#8211;<br \/>A pokud to budeme br\u00e1t tak, \u017ee se jedn\u00e1 o syndrom dr\u00e1\u017ediv\u00e9ho tr\u00e1\u010dn\u00edku a \u0159\u00edkali jsme, \u017ee to nen\u00ed \u017eivot ohro\u017euj\u00edc\u00ed onemocn\u011bn\u00ed, tak pokud by se nijak nel\u00e9\u010dilo, nedala se \u017e\u00e1dn\u00e1 podp\u016frn\u00e1 l\u00e9\u010dba, tak m\u016f\u017ee se n\u011bco v\u00e1\u017en\u011bj\u0161\u00edho rozvinout, je tam tohle to riziko?<\/p>\n\n\n\n<p>mluv\u010d\u00ed 1,<br \/>&#8212;&#8212;&#8212;&#8212;&#8212;&#8212;&#8211;<br \/>Ne tam jedin\u011b riziko n\u011bjak\u00e9, dejme tomu, psychick\u00e9 deprese atd. proto\u017ee pokud to pacienta dlouhodob\u011b tr\u00e1p\u00ed a omezuje, tak m\u016f\u017ee ta psychika utrp\u011bt v\u00edc, ne\u017e byla na za\u010d\u00e1tku, tak\u017ee asi mo\u017en\u00e1 toto by bylo ur\u010dit\u00e9 riziko, ale jin\u00e9 riziko tam nevypl\u00fdv\u00e1.<\/p>\n\n\n\n<p>moder\u00e1torka<br \/>&#8212;&#8212;&#8212;&#8212;&#8212;&#8212;&#8211;<br \/>Syndrom dr\u00e1\u017ediv\u00e9ho tra\u010dn\u00edku. To je na\u0161e dne\u0161n\u00ed t\u00e9ma v radioporadn\u011b \u010cesk\u00e9ho rozhlasu Hradec Kr\u00e1lov\u00e9 s pan\u00ed prof. Marcelou Kop\u00e1\u010dovou z Fakultn\u00ed nemocnice v Hradci Kr\u00e1lov\u00e9. Mluvili jsme u\u017e i o t\u00e9 diagnostice, \u017ee to nen\u00ed n\u011bkdy jednoduch\u00e9, n\u011bkdo taky k l\u00e9ka\u0159i nep\u0159ijde v\u016fbec, kdy\u017e nem\u00e1 ty obt\u00ed\u017ee tak velik\u00e9, ale p\u0159esto, kdy\u017e n\u011bkdo p\u0159ijde. A pokud tedy ten z\u00e1v\u011br je, \u017ee by se mohlo jednat o toto onemocn\u011bn\u00ed nebo o tento probl\u00e9m, tak existuje n\u011bjak\u00e1 l\u00e9\u010dba nebo alespo\u0148 n\u011bjak\u00e1 podp\u016frn\u00e1, kter\u00e1 by zm\u00edrnila n\u011bkter\u00e9 ty p\u0159\u00edznaky, jako jsou \u010dast\u00e9 pr\u016fjmy nebo t\u0159eba naopak \u010dast\u00e9 z\u00e1cpy?<\/p>\n\n\n\n<p>mluv\u010d\u00ed 1,<br \/>&#8212;&#8212;&#8212;&#8212;&#8212;&#8212;&#8211;<br \/>Ur\u010dit\u011b ano. Jak u\u017e jsem zm\u00ednila, je pot\u0159eba toho \u010dlov\u011bka zklidnit, \u010dili uklidnit ho, \u017ee se nejedn\u00e1 o \u017e\u00e1dn\u00e9 z\u00e1va\u017en\u00e9 onemocn\u011bn\u00ed, vysv\u011btlit mu podstatu toho onemocn\u011bn\u00ed, a druh\u00e1 v\u011bc je, \u017ee \u010dasto, jak jsem \u0159\u00edkala, pacienti u\u017e maj\u00ed vysledovan\u00e9 ur\u010dit\u00e9 potraviny, my teda doporu\u010dujeme dietu, kter\u00e1 je bez alkoholu, pokud mo\u017eno bez kofeinu, ne dr\u00e1\u017ediv\u00e9 l\u00e1tky, ne p\u00e1liv\u00e1 j\u00eddla a podobn\u011b, \u010dili takov\u00e1 \u0161et\u0159\u00edc\u00ed, j\u00e1 v\u017edycky \u0159\u00edk\u00e1m batolec\u00ed strava, to, co byste dali \u010dty\u0159let\u00e9mu d\u00edt\u011bti, to si m\u016f\u017eete vz\u00edt. Tak\u017ee to je jedna z t\u011bch v\u011bc\u00ed, pokud tato z\u00e1kladn\u00ed opat\u0159en\u00ed nepomohou, tak potom m\u00e1me dal\u0161\u00ed mo\u017enosti. Samoz\u0159ejm\u011b je to cel\u00e1 \u0161k\u00e1la l\u00e9k\u016f, kter\u00e9 m\u016f\u017eeme nasadit. Te\u010f tady asi nebudu jmenovat. A postupn\u011b vyzkou\u0161et, jestli by neovlivnili n\u011bjak ty pot\u00ed\u017ee, ale potom je dal\u0161\u00ed v\u011bc, a to se jmenuje FODMAP, je to zkratka, jsou to fermentovateln\u00e9 oligo disacharidy a monosacharidy, kter\u00e9 v potravy b\u011b\u017en\u011b p\u0159ij\u00edm\u00e1me a u n\u011bkter\u00fdch pacient\u016f pr\u00e1v\u011b vznik\u00e1 ur\u010dit\u00e1 reakce st\u0159evn\u00edch bakteri\u00ed na tyto fermentovateln\u00e9 mal\u00e9 cukry a tam je pot\u0159eba tu dietu potom \u0159\u00eddit tak, aby co nejm\u00e9n\u011b t\u011bch formab se do t\u00e9 diety dostalo. Zase na druhou stranu je pot\u0159eba \u0159\u00edct, \u017ee v\u011bt\u0161ina t\u011bchto drobn\u00fdch sacharid\u016f se vyskytuje pr\u00e1v\u011b v j\u00eddlech, kter\u00e9 maj\u00ed t\u0159eba hrubou vl\u00e1kninu nebo jsou jinak pro to t\u011blo doporu\u010dovan\u00e9 a cht\u011bn\u00e9, tak\u017ee nem\u016f\u017eeme obecn\u011b doporu\u010dit tuto dietu pro v\u0161echny lidi, aby si ji nasadili a budeme v\u0161ichni v r\u00e1ji, je pot\u0159eba, aby si \u010dlov\u011bk na\u0161el sv\u00e9ho dietologa, sv\u00e9ho specialistu, kter\u00fd rozum\u00ed nutrici a kter\u00fd s n\u00edm tu dietu povede. Na sam\u00e9m za\u010d\u00e1tku je pot\u0159eba v\u0161echny ty potraviny, kter\u00e9 maj\u00ed hodn\u011b FODMAP, vysadit a postupn\u011b potom po t\u0159ech a\u017e osmi t\u00fddnech, pokud se projev\u00ed, \u017ee ten pacient skute\u010dn\u011b se c\u00edt\u00ed daleko l\u00e9pe, tak pak se m\u016f\u017eou postupn\u011b nasazovat zase zp\u00e1tky a otestovat, kter\u00e1 z t\u011bch potravin vad\u00ed a kter\u00e1 nevad\u00ed, proto\u017ee na t\u00e9 diet\u011b striktn\u00ed by se nedalo dlouhodob\u011b p\u0159e\u017e\u00edvat, tak\u017ee to je jedna z mo\u017enost\u00ed. N\u011bjak\u00fd nutricionista, kter\u00fd rozum\u00ed oboru, aby toho pacienta vedl a potom dal\u0161\u00ed, co m\u016f\u017ee si ka\u017ed\u00fd pacient koupit s\u00e1m, ten dr\u00e1\u017ediv\u00fd tra\u010dn\u00edk se jinak jmenuje irritable bowel syndrom, \u010dili IBS, a ten l\u00e9k se jmenuje, vyr\u00e1b\u00ed se z aloe Vera, je to vlastn\u011b aloe Vera, takov\u00fd gel, kter\u00fd pokryje sliznice a t\u00edm vlastn\u011b odizoluje tu tr\u00e1veninu od toho tra\u010dn\u00edku a omez\u00ed ty probl\u00e9my a ten l\u00e9k se jmenuje proIBS, b\u011b\u017en\u011b v l\u00e9k\u00e1rn\u00e1ch k dost\u00e1n\u00ed by m\u011bl b\u00fdt.<\/p>\n\n\n\n<p>Jana Kudyvejsov\u00e1, moder\u00e1torka<br \/>&#8212;&#8212;&#8212;&#8212;&#8212;&#8212;&#8211;<br \/>Co n\u011bjak\u00e9 bylinky nebo n\u011bjak\u00e1 p\u0159\u00edrodn\u00ed l\u00e9\u010dba.<\/p>\n\n\n\n<p>mluv\u010d\u00ed 1,<br \/>&#8212;&#8212;&#8212;&#8212;&#8212;&#8212;&#8211;<br \/>Tohle je p\u0159\u00edrodn\u00ed l\u00e9\u010dba &#8211; to aloe vera.<\/p>\n\n\n\n<p>moder\u00e1torka<br \/>&#8212;&#8212;&#8212;&#8212;&#8212;&#8212;&#8211;<br \/>A n\u011bjak\u00e9 bylinky, kdo sp\u00ed\u0161 bych cht\u011bl j\u00edt touhletou cestou?<\/p>\n\n\n\n<p>mluv\u010d\u00ed 1,<br \/>&#8212;&#8212;&#8212;&#8212;&#8212;&#8212;&#8211;<br \/>Up\u0159\u00edmn\u011b, nem\u00e1m. Existuj\u00ed l\u00e9ky typu iberogast, kde z t\u011bch bylinek ur\u010dit\u00e9 extrakty se pou\u017e\u00edvaj\u00ed, ale \u017ee bych \u0159ekla, \u017ee si maj\u00ed va\u0159it He\u0159m\u00e1nek a bude jim dob\u0159e&#8230;. to asi nem\u016f\u017eeme takhle zjednodu\u0161it.<\/p>\n\n\n\n<p>Jana Kudyvejsov\u00e1, moder\u00e1torka<br \/>&#8212;&#8212;&#8212;&#8212;&#8212;&#8212;&#8211;<br \/>No. \u0158\u00edkali jsme, \u017ee existuje i spousta l\u00e9k\u016f, kter\u00e9 nebudeme jmenovat, ale sp\u00ed\u0161 jde o to, jestli je nutn\u00e9 je t\u0159eba u\u017e\u00edvat dlouhodob\u011b, anebo jestli to jsou l\u00e9ky ur\u010den\u00e9 pro ten p\u0159\u00edpad, kdy se dostav\u00ed ty akutn\u00ed obt\u00ed\u017ee?<\/p>\n\n\n\n<p>mluv\u010d\u00ed 1,<br \/>&#8212;&#8212;&#8212;&#8212;&#8212;&#8212;&#8211;<br \/>Toto, co jsem zm\u00ednila, to jsou l\u00e9ky, kter\u00e9 by bylo pot\u0159eba jist\u011b u\u017e\u00edvat dlouhodob\u011b, ne li celo\u017eivotn\u011b, ale cht\u011bla bych z\u00e1rove\u0148 varovat p\u0159ed l\u00e9ky, kter\u00e9 t\u0159eba stav\u00ed pr\u016fjem nebo p\u0159ed proj\u00edmadly, kter\u00e9 mohou toho pacienta po\u0161kodit, to znamen\u00e1, jsou to l\u00e9ky typu t\u0159eba i m\u00f3dia, kter\u00e9 si vezmeme, kdy\u017e m\u00e1me akutn\u00ed pr\u016fjem n\u011bkde v cizin\u011b a pot\u0159ebujeme se n\u011bjak tam obej\u00edt, ale rozhodn\u011b to nejsou l\u00e9ky, kter\u00e9 by si pacient m\u011bl br\u00e1t \u010dasto, proto\u017ee po\u0161kozuj\u00ed to st\u0159evo, stejn\u011b tak na tu z\u00e1cpu si nebudeme br\u00e1t proj\u00edmadla. Pokud n\u011bco, tak tam by byla jako l\u00e9k volby laktul\u00f3za nebo p\u0159\u00edpadn\u011b psilium nebo chia sem\u00ednka, takov\u00e9 ty p\u0159\u00edrodn\u00ed v\u011bci, kter\u00e9 ve st\u0159ev\u011b nabobtnaj\u00ed a umo\u017en\u00ed pr\u016fchod tr\u00e1veniny, vlastn\u011b zm\u011bk\u010d\u00ed tu velice tuhou stolici.<\/p>\n\n\n\n<p> moder\u00e1torka<br \/>&#8212;&#8212;&#8212;&#8212;&#8212;&#8212;&#8211;<br \/>Tak t\u00edmto jsme odpov\u011bd\u011bli i na jeden z dotaz\u016f, kter\u00fd p\u0159i\u0161el od pan\u00ed poslucha\u010dky, ptala se, \u010d\u00edm zklidnit sliznice p\u0159i dr\u00e1\u017ediv\u00e9m tra\u010dn\u00edku. No, ale m\u00e1me tady i dal\u0161\u00ed dotazy, tak se do nich pod\u00edv\u00e1me, volala pan\u00ed poslucha\u010dka, jestli bychom mohli objasnit, zda s dr\u00e1\u017ediv\u00fdm tra\u010dn\u00edkem souvis\u00ed divertikul\u00f3za, p\u0159\u00edpadn\u011b o co se jedn\u00e1 a jestli to m\u016f\u017ee n\u011bjak ohro\u017eovat.<\/p>\n\n\n\n<p>mluv\u010d\u00ed 1,<br \/>&#8212;&#8212;&#8212;&#8212;&#8212;&#8212;&#8211;<br \/>Tak divertikul\u00f3za je onemocn\u011bn\u00ed tak\u00e9 tra\u010dn\u00edku, ale z \u00fapln\u011b jin\u00e9ho soudku, je to onemocn\u011bn\u00ed, kdy se na tra\u010dn\u00edku tvo\u0159\u00ed v\u00fdchlipky, souvis\u00ed to tro\u0161ku s takovou tou m\u00e9n\u011bcennost\u00ed pojiva, dru\u017e\u00ed se to \u010dasto s hemoroidy nebo s varik\u00f3zn\u00edmi \u017eilami na doln\u00edch kon\u010detin\u00e1ch. \u0158ada lid\u00ed m\u00e1 t\u0159eba z\u00e1cpu, kter\u00e1 p\u0159isp\u00edv\u00e1 k t\u00e9 tvorb\u011b divertiklu a spousta lid\u00ed nem\u00e1 v\u016fbec \u017e\u00e1dn\u00e9 pot\u00ed\u017ee, to znamen\u00e1, m\u00e1 divertikly, v\u016fbec o nich nev\u00ed a \u017e\u00e1dn\u00e9 pot\u00ed\u017ee nem\u00e1, ale potom m\u016f\u017ee b\u00fdt takov\u00e1 jednotka &#8211; divertikulitida, to znamen\u00e1, \u017ee dojde k z\u00e1n\u011btu. V t\u00e9 v\u00fdchlipce je to n\u011bco podobn\u00e9ho, jako kdy\u017e se zan\u00edt\u00ed slep\u00e9 st\u0159evo, tak tady tak\u00e9 je to takov\u00e1 v\u00fdchlipka, v kter\u00e9 uv\u00edzne t\u0159eba \u010d\u00e1st stolice a dojde tam k z\u00e1n\u011btu a tam potom hroz\u00ed prod\u011brav\u011bn\u00ed t\u00e9 v\u00fdchlipky, to je tzv. ta prezidentsk\u00e1 nemoc, jak se o n\u00ed p\u0159ed \u010dasem mluvilo v souvislosti s panem prezidentem Havlem, kdy m\u016f\u017ee doj\u00edt k prod\u011brav\u011bn\u00ed st\u0159eva, n\u00e1hl\u00e9 p\u0159\u00edhod\u011b b\u0159i\u0161n\u00ed a pak k do\u010dasn\u00e9mu v\u00fdvodu st\u0159evn\u00edmu, tak\u017ee to je takov\u00e1 nep\u0159\u00edjemn\u00e1 komplikace.Dal\u0161\u00ed komplikace, ke kter\u00e9 m\u016f\u017ee doj\u00edt, je krv\u00e1cen\u00ed z toho divertiklu, z t\u00e9 v\u00fdchlipky, tak\u017ee na rozd\u00edl od toho IBS, od toho dr\u00e1\u017ediv\u00e9ho tra\u010dn\u00edku, tak tady skute\u010dn\u011b ty komplikace jsou a je to onemocn\u011bn\u00ed tedy organick\u00e9, ne funk\u010dn\u00ed, tady funk\u010dn\u00ed ten tra\u010dn\u00edk je, v po\u0159\u00e1dku, ale organicky Ne.<\/p>\n\n\n\n<p> moder\u00e1torka<br \/>&#8212;&#8212;&#8212;&#8212;&#8212;&#8212;&#8211;<br \/>Ano, no, pak tady m\u00e1me dotaz od pan\u00ed Jitky, ten je takov\u00fd obs\u00e1hlej\u0161\u00ed ve zkratce 69 let p\u016fl \u017eivota. M\u011b bol\u00ed b\u0159icho, koloskopiie, dal\u0161\u00ed vy\u0161et\u0159en\u00ed negativn\u00ed, v posledn\u00edch dev\u00edti letech mi p\u0159i pohybu hrudn\u00edku k noze vyl\u00e9z\u00e1 velik\u00e1 tvrd\u00e1 boule, stra\u0161n\u011b to bol\u00ed. Za p\u00e1r dn\u00ed zaleze, tak\u017ee p\u0159i ultrazvuku se nic nedohled\u00e1. Bylo i c\u00e9t\u00e9\u010dko, to uk\u00e1zalo \u0161patn\u00e1 z\u00e1da. Ka\u017ed\u00e9ho p\u016fl roku. Kontrola cyst na slinivce. Potom tady je u\u017e\u00edv\u00e1n\u00ed n\u011bjak\u00fdch l\u00e9k\u016f a pak pan\u00ed p\u00ed\u0161e, \u017ee v posledn\u00ed dob\u011b hubnu, nem\u00e1m chu\u0165 k j\u00eddlu. B\u0159icho, z\u00e1da bolely. Tak\u017ee jestli by byla n\u011bjak\u00e1 l\u00e9\u010dba, nemohu cestovat, naj\u00edst se, koloskopii, budu m\u00edt po t\u0159ech letech kontrolu.<\/p>\n\n\n\n<p>mluv\u010d\u00ed 1,<br \/>&#8212;&#8212;&#8212;&#8212;&#8212;&#8212;&#8211;<br \/>Tak\u017ee tady bych to rozd\u011blila na n\u011bkolik \u010d\u00e1st\u00ed. Jist\u011b je mo\u017en\u00e9, \u017ee tam je to IBS, \u017ee toto, jak pan\u00ed \u0159\u00edkala na za\u010d\u00e1tku, \u017ee m\u00e1 teda ty probl\u00e9my takov\u00e9 nespecifick\u00e9 v tom b\u0159i\u0161e, ale pak jsou tam je\u0161t\u011b dv\u011b v\u011bci, kter\u00e9 u\u017e do toho obrazu IBS nepat\u0159\u00ed. Ta prvn\u00ed je ta boule, kter\u00e1 pan\u00ed vyleze, kdy\u017e se p\u0159edklon\u00ed. To si mysl\u00edm, \u017ee bude nejsp\u00ed\u0161 k\u00fdla b\u0159i\u0161n\u00ed, to znamen\u00e1, \u017ee tam vyh\u0159ez\u00e1vaj\u00ed \u00fatroby skrz st\u011bnu b\u0159i\u0161n\u00ed, skrz st\u011bnu, kter\u00e1 je tvo\u0159en\u00e1 svalovinou a tam bych si myslela, \u017ee by m\u011bla nav\u0161t\u00edvit chirurga a p\u0159edv\u00e9st mu ten man\u00e9vr, p\u0159i kter\u00e9m se ta boule objev\u00ed, aby vid\u011bl, co to tedy skute\u010dn\u011b je. A dal\u0161\u00ed v\u011bc, kter\u00e1 by se, mi nel\u00edbila, je, \u017ee pan\u00ed m\u00e1 nechutenstv\u00ed. A v\u00e1hov\u00fd \u00fabytek. To u\u017e rozhodn\u011b do obrazu dr\u00e1\u017ediv\u00e9ho tra\u010dn\u00edku nepat\u0159\u00ed. Jak jsme si \u0159\u00edkali, a tam je pot\u0159eba n\u011bjak\u00e9 komplexn\u011bj\u0161\u00ed vy\u0161et\u0159en\u00ed, koloskopie je jist\u011b na m\u00edst\u011b, i kdy\u017e po t\u0159ech letech asi nelze p\u0159edpokl\u00e1dat, \u017ee by tam bylo n\u011bjak\u00e9 velmi z\u00e1va\u017en\u00e9 onemocn\u011bn\u00ed, ale je pot\u0159eba vy\u0161et\u0159it i ostatn\u00ed b\u0159i\u0161n\u00ed org\u00e1ny.<\/p>\n\n\n\n<p> moder\u00e1torka<br \/>&#8212;&#8212;&#8212;&#8212;&#8212;&#8212;&#8211;<br \/>Tak a te\u010f uzav\u0159eme jedn\u00edm dotazem a v odpov\u011bdi asi shrneme to, co u\u017e tady mo\u017en\u00e1 zazn\u011blo, napsala n\u00e1m pan\u00ed V\u011bra, \u017ee pr\u00e1v\u011b m\u00e1 tyto probl\u00e9my, kter\u00e9 jsme popisovali, kter\u00e9 souvis\u00ed se syndromem dr\u00e1\u017ediv\u00e9ho tr\u010dn\u00edku, u n\u00ed se jedn\u00e1 hlavn\u011b o ty pr\u016fjmy, hlavn\u011b pr\u00e1v\u011b po r\u00e1nu. Je to p\u0159esn\u011b to, o \u010dem jsme mluvili, \u017ee kdy\u017e to t\u0159eba prob\u00edr\u00e1 s n\u011bjakou kamar\u00e1dkou, tak i kdy\u017e se lidi styd\u00ed o tom mluvit, tak se potom shodnou, \u017ee to tr\u00e1p\u00ed v\u00edce lid\u00ed, tak\u017ee cestov\u00e1n\u00ed je probl\u00e9m. N\u00e1v\u0161t\u011bva l\u00e9ka\u0159e, kde nervy pracuj\u00ed, tak je probl\u00e9m, tak co by s t\u00edm \u0161lo d\u011blat? Mo\u017en\u00e1. Poj\u010fme shrnout tedy, kam se obr\u00e1tit&#8230;..<\/p>\n\n\n\n<p>mluv\u010d\u00ed 1,<br \/>&#8212;&#8212;&#8212;&#8212;&#8212;&#8212;&#8211;<br \/>Tak\u017ee to je ten typick\u00fd obraz, kter\u00fd jsme tady m\u011bli, ten typick\u00fd obraz pro pr\u016fjem, to znamen\u00e1 ta jednotka, kter\u00e1 se projevuje pr\u016fjmem. Jsou to ty rann\u00ed debakly, rann\u00ed stolice opakovan\u00e9, kdy ten pacient m\u00e1 probl\u00e9m se v\u016fbec vypravit z domu a n\u011bkam se dostat. Pan\u00ed ur\u010dit\u011b bych doporu\u010dila nav\u0161t\u00edvit l\u00e9ka\u0159e, zklidnit, uklidnit se, \u017ee se nejedn\u00e1 o \u017e\u00e1dn\u00e9 z\u00e1va\u017en\u00e9 onemocn\u011bn\u00ed. Rozhodn\u011b bych na prvn\u00edm m\u00edst\u011b volila tu dietu takovou tu nedr\u00e1\u017edivou, to znamen\u00e1 bez alkoholu, bez kofeinu a bez dr\u00e1\u017ediv\u00fdch l\u00e1tek, tu batolec\u00ed, jak j\u00e1 \u0159\u00edk\u00e1m, a pokud by to nepomohlo, tak si naj\u00edt n\u011bjak\u00e9ho nutri\u010dn\u00edho terapeuta, kter\u00fd by s n\u00ed projel to podmaps, n\u011bjakou dietu pro ni vytvo\u0159il na m\u00edru, aby se j\u00ed ulevilo, p\u0159\u00edpadn\u011b m\u016f\u017ee zkusit aloe Vera.<\/p>\n\n\n\n<p>Jana Kudyvejsov\u00e1, moder\u00e1torka<br \/>&#8212;&#8212;&#8212;&#8212;&#8212;&#8212;&#8211;<br \/>Tak v\u00e1m d\u011bkujeme. D\u011bkujeme za n\u00e1v\u0161t\u011bvu prof. Marcele kop\u00e1\u010dov\u00e9 z Fakultn\u00ed nemocnice v Hradci Kr\u00e1lov\u00e9, a\u0165 se da\u0159\u00ed. <\/p>\n\n\n\n<p><br \/><\/p>\n","protected":false},"excerpt":{"rendered":"<div class=\"mh-excerpt\"><p>\u010cRo Radioporadna Dneska si budeme pov\u00eddat s prof. Marcelou Kop\u00e1\u010dovou na t\u00e9ma syndrom dr\u00e1\u017ediv\u00e9ho tra\u010dn\u00edku, co\u017e je takov\u00e9 specifick\u00e9 onemocn\u011bn\u00ed. mluv\u010d\u00ed 1,&#8212;&#8212;&#8212;&#8212;&#8212;&#8212;&#8211;Ano, je to, je <a class=\"mh-excerpt-more\" href=\"https:\/\/www.invarena.cz\/?p=56345\" title=\"Rann\u00ed pr\u016fjmy b\u00fdvaj\u00ed \u010dasto z\u00e1le\u017eitost\u00ed psychiky\">[&#8230;]<\/a><\/p>\n<\/div>","protected":false},"author":1,"featured_media":1645,"comment_status":"open","ping_status":"closed","sticky":false,"template":"","format":"standard","meta":{"footnotes":""},"categories":[11],"tags":[],"class_list":["post-56345","post","type-post","status-publish","format-standard","has-post-thumbnail","hentry","category-zdravi"],"_links":{"self":[{"href":"https:\/\/www.invarena.cz\/index.php?rest_route=\/wp\/v2\/posts\/56345","targetHints":{"allow":["GET"]}}],"collection":[{"href":"https:\/\/www.invarena.cz\/index.php?rest_route=\/wp\/v2\/posts"}],"about":[{"href":"https:\/\/www.invarena.cz\/index.php?rest_route=\/wp\/v2\/types\/post"}],"author":[{"embeddable":true,"href":"https:\/\/www.invarena.cz\/index.php?rest_route=\/wp\/v2\/users\/1"}],"replies":[{"embeddable":true,"href":"https:\/\/www.invarena.cz\/index.php?rest_route=%2Fwp%2Fv2%2Fcomments&post=56345"}],"version-history":[{"count":0,"href":"https:\/\/www.invarena.cz\/index.php?rest_route=\/wp\/v2\/posts\/56345\/revisions"}],"wp:featuredmedia":[{"embeddable":true,"href":"https:\/\/www.invarena.cz\/index.php?rest_route=\/wp\/v2\/media\/1645"}],"wp:attachment":[{"href":"https:\/\/www.invarena.cz\/index.php?rest_route=%2Fwp%2Fv2%2Fmedia&parent=56345"}],"wp:term":[{"taxonomy":"category","embeddable":true,"href":"https:\/\/www.invarena.cz\/index.php?rest_route=%2Fwp%2Fv2%2Fcategories&post=56345"},{"taxonomy":"post_tag","embeddable":true,"href":"https:\/\/www.invarena.cz\/index.php?rest_route=%2Fwp%2Fv2%2Ftags&post=56345"}],"curies":[{"name":"wp","href":"https:\/\/api.w.org\/{rel}","templated":true}]}}