{"id":56461,"date":"2025-04-18T05:14:34","date_gmt":"2025-04-18T03:14:34","guid":{"rendered":"https:\/\/www.invarena.cz\/?p=56461"},"modified":"2025-04-18T10:52:28","modified_gmt":"2025-04-18T08:52:28","slug":"popalky-zvou-na-piknik-rovnosti-tvari","status":"publish","type":"post","link":"https:\/\/www.invarena.cz\/?p=56461","title":{"rendered":"Pop\u00e1lky zvou na Piknik rovnosti tv\u00e1\u0159\u00ed"},"content":{"rendered":"\n<p><\/p>\n\n\n\n<p>\u010cT 1 <\/p>\n\n\n\n<p><br \/>V\u011bnujeme se pop\u00e1lenin\u00e1m a te\u010f od n\u00e1s dostanete tak\u00e9 dobr\u00e9 praktick\u00e9 rady. J\u00e1 jsem r\u00e1da, \u017ee p\u0159edstav\u00edme neziskovou organizaci Pop\u00e1lky, konkr\u00e9tn\u011b jsou tu s n\u00e1mi Petr Il\u010d\u00edk a Jana Lacinov\u00e1, dobr\u00fd den. \u010c\u00edm se Pop\u00e1lky zab\u00fdvaj\u00ed?<\/p>\n\n\n\n<p>mluv\u010d\u00ed 4,<br \/>&#8212;&#8212;&#8212;&#8212;&#8212;&#8212;&#8211;<br \/>Pop\u00e1lky se zab\u00fdvaj\u00ed pomoci pop\u00e1len\u00edm a \u0161\u00ed\u0159en\u00ed pop\u00e1leninov\u00e9ho \u00farazu, prevenc\u00ed pop\u00e1leninov\u00e9ho \u00farazu.<\/p>\n\n\n\n<p>mluv\u010d\u00ed 3,<br \/>&#8212;&#8212;&#8212;&#8212;&#8212;&#8212;&#8211;<br \/>Jak dlouho vlastn\u011b tahle ta organizace funguje.<\/p>\n\n\n\n<p>mluv\u010d\u00ed 4,<br \/>&#8212;&#8212;&#8212;&#8212;&#8212;&#8212;&#8211;<br \/>Tak vlastn\u011b Pop\u00e1lky jako takov\u00e9 funguj\u00ed jeden\u00e1ct\u00fdm rokem, ale vlastn\u011b vznikly transformac\u00ed ze sdru\u017een\u00ed pop\u00e1len\u00fdm d\u011btem, kter\u00fd bylo zalo\u017eeno u\u017e v roce 1994.<\/p>\n\n\n\n<p>mluv\u010d\u00ed 3,<br \/>&#8212;&#8212;&#8212;&#8212;&#8212;&#8212;&#8211;<br \/>A jak\u00e1 byla va\u0161e cesta k pop\u00e1lk\u00e1m?<\/p>\n\n\n\n<p>mluv\u010d\u00ed 5,<br \/>&#8212;&#8212;&#8212;&#8212;&#8212;&#8212;&#8211;<br \/>Moje cesta k pop\u00e1lk\u00e1m byla pr\u00e1v\u011b u\u017e v roce 1993, kdy se m\u011b stal pop\u00e1leninov\u00fd \u00faraz a stal se tak, \u017ee n\u011bkdo nalil ho\u0159lavinu do ohn\u011b. Ten ohe\u0148 se tak vzn\u00edtil, \u017ee m\u011b chytly vlastn\u011b oble\u010den\u00ed, ruce a z\u016fstaly mi takhle i po 30 letech pr\u00e1v\u011b jizvy na obli\u010deji a m\u00e1m i pop\u00e1len\u00e9 h\u0159bety rukou a tehd\u00e1 jsem jezdil pr\u00e1v\u011b, kdy\u017e vznikl sdru\u017een\u00ed, tak do toho sdru\u017een\u00ed a n\u00e1sledn\u011b jsem potom tehdy p\u0159i\u0161el do pop\u00e1lek, \u017ee bych cht\u011bl n\u011bjak jako dobrovoln\u00edk pom\u00e1hat.<\/p>\n\n\n\n<p>mluv\u010d\u00ed 3,<br \/>&#8212;&#8212;&#8212;&#8212;&#8212;&#8212;&#8211;<br \/>\u00da\u017easn\u00e1 cesta vlastn\u011b od \u00farazu k dobrovolni\u010den\u00ed. Je to, \u0159ekn\u011bme, n\u011bjak\u00fd standard u lid\u00ed, kte\u0159\u00ed u v\u00e1s pracuj\u00ed.<\/p>\n\n\n\n<p>mluv\u010d\u00ed 4,<br \/>&#8212;&#8212;&#8212;&#8212;&#8212;&#8212;&#8211;<br \/>A d\u00e1 se \u0159\u00edct, \u017ee ano, ne, teda samoz\u0159ejm\u011b v\u0161ichni, proto\u017ee v sou\u010dasn\u00e9 dob\u011b pop\u00e1lky u\u017e jsou profesion\u00e1ln\u00ed organizace, ale v\u011bt\u0161ina z n\u00e1s, kte\u0159\u00ed jsme v pop\u00e1lk\u00e1ch, ty, kte\u0159\u00ed si pro\u0161li pop\u00e1leninov\u00fdm \u00farazem, anebo jsou bl\u00edzc\u00ed pop\u00e1len\u00e9ho, tak my s Petrem jsme vlastn\u011b vze\u0161li z t\u011bch dobrovoln\u00edk\u016f, ale m\u00e1me \u0159adu dobrovoln\u00edk\u016f pr\u00e1v\u011b, kte\u0159\u00ed n\u00e1m pom\u00e1haj\u00ed z \u0159ad, a\u0165 u\u017e to jsou pop\u00e1len\u00ed, anebo \u010dasto to jsou rodi\u010de pop\u00e1len\u00fdch d\u011bt\u00ed<\/p>\n\n\n\n<p>mluv\u010d\u00ed 3,<br \/>&#8212;&#8212;&#8212;&#8212;&#8212;&#8212;&#8211;<br \/>Petr\u016fv p\u0159\u00edb\u011bh. Jsme zmi\u0148ovali, jak\u00fd je ten v\u00e1\u0161?<\/p>\n\n\n\n<p>mluv\u010d\u00ed 4,<br \/>&#8212;&#8212;&#8212;&#8212;&#8212;&#8212;&#8211;<br \/>Ano, tak j\u00e1 jsem, kdy\u017e mi bylo 13 let, tak jsem si vylezla na \u017eelezni\u010dn\u00ed vagon, tak\u017ee jsem vlastn\u011b byla pop\u00e1len\u00e1 od \u017eelezni\u010dn\u00ed troleje, tam jsem jsem se j\u00ed ani nedotkla, jenom jsem vylezla tak, \u017ee jsem m\u011bla takhle o\u010di nad \u00farovn\u00ed st\u0159echy toho vagonu a u\u017e na m\u011b p\u0159esko\u010dil elektrick\u00fd oblouk a pop\u00e1leniny 60 % t\u011bla.<\/p>\n\n\n\n<p>mluv\u010d\u00ed 3,<br \/>&#8212;&#8212;&#8212;&#8212;&#8212;&#8212;&#8211;<br \/>60 % t\u011bla, to u\u017e je dost.<\/p>\n\n\n\n<p>mluv\u010d\u00ed 4,<br \/>&#8212;&#8212;&#8212;&#8212;&#8212;&#8212;&#8211;<br \/>U\u017e je to hodn\u011b. My vlastn\u011b v\u017edycky, kdy\u017e jsme s Petrem spolu, tak \u0159\u00edk\u00e1me, kdo z n\u00e1s je na tom h\u016f\u0159? Jestli P\u00e9\u0165a, kter\u00fd m\u00e1 sice pop\u00e1len\u00fd 20 %, ale m\u00e1 to na obli\u010deji, na ruk\u00e1ch, tak\u017ee vlastn\u011b ka\u017ed\u00fd den vystavov\u00e1n t\u011bm pohled\u016fm, anebo vy na m\u011b na prvn\u00ed pohled nic nev\u00edte, proto\u017ee j\u00e1 mam to pop\u00e1len\u00e9 t\u011blo schovan\u00e9 pod oble\u010den\u00edm.<\/p>\n\n\n\n<p>mluv\u010d\u00ed 3,<br \/>&#8212;&#8212;&#8212;&#8212;&#8212;&#8212;&#8211;<br \/>Kdy\u017e pom\u00e1h\u00e1te lidem, kte\u0159\u00ed maj\u00ed za sebou takovouhle zku\u0161enost, jak konkr\u00e9tn\u011b ta pomoc vypad\u00e1.<\/p>\n\n\n\n<p>mluv\u010d\u00ed 4,<br \/>&#8212;&#8212;&#8212;&#8212;&#8212;&#8212;&#8211;<br \/>Tak my v sou\u010dasn\u00e9 dob\u011b u\u017e jsme registrovan\u00e1 soci\u00e1ln\u00ed slu\u017eba odborn\u00e9ho soci\u00e1ln\u00edho poradenstv\u00ed pro pop\u00e1len\u00e9 a pom\u00e1h\u00e1me pop\u00e1len\u00fdm z cel\u00e9 \u010cesk\u00e9 republiky a ta slu\u017eba zahrnuje n\u011bkolik typ\u016f t\u011bch slu\u017eeb a mo\u017en\u00e1 to vezmeme rovnou v n\u011bjak\u00fdm konkr\u00e9tn\u00edm p\u0159\u00edpadu, jak vlastn\u011b m\u016f\u017eeme tomu \u010dlov\u011bku pomoci, tak te\u010f se n\u00e1m zrovna uzav\u0159el jeden p\u0159\u00edpad, kter\u00fd jsme prov\u00e1zeli \u0159adu let, a to je p\u0159\u00edpad mlad\u00e9 sle\u010dny, kter\u00e1 se pop\u00e1lila p\u0159i \u0161koln\u00ed praxi na ostrov\u011b Rhodos, kde vlastn\u011b m\u00edsto toho, aby byla na place jako serv\u00edrka, tak ji str\u010dili do pr\u00e1delny a ona se tam pop\u00e1lila ruku, \u017ee si ji uzav\u0159ela do mandlu a pot\u00e9 se dostala zp\u011bt do \u010cech, byla na klinice pop\u00e1lenin v Brn\u011b a tam u\u017e p\u0159i\u0161la ta na\u0161e slu\u017eba, proto\u017ee my \u00fazce spolupracujeme s klinikou pop\u00e1lenin v Brn\u011b, proto\u017ee jsme tam b\u00fdval\u00ed pacienti, ale spolupracujeme i se zb\u00fdvaj\u00edc\u00edmi klinikami a tam v tom Brn\u011b my doch\u00e1z\u00edme p\u0159\u00edmo na kliniku a tam jsem se p\u0159\u00edmo u\u017e potkala se Sabinou, ten pacient hospitalizovan\u00fd je v nejlep\u0161\u00edch ruk\u00e1ch na t\u011bch pop\u00e1leninov\u00fdch klinik\u00e1ch, ale j\u00e1 kdy\u017e p\u0159ich\u00e1z\u00edm k tomu l\u016f\u017eku, tak jim v\u017edycky \u0159\u00edk\u00e1m, a\u017e budete doma, tak ty nejlep\u0161\u00ed ruce budou ty va\u0161e ruce a abyste na to nebyli sami, tak jsme tady pr\u00e1v\u011b proto my, abychom v\u00e1s mohli prov\u00e9st t\u011bmi n\u00e1sledky toho pop\u00e1leninov\u00e9ho zran\u011bn\u00ed a u t\u00e9 Sabiny vlastn\u011b to potom n\u00e1sledovalo, proto\u017ee ona p\u0159i\u0161la o v\u0161echny prsty na t\u00e9 ruce a t\u00edm, \u017ee to bylo zp\u016fsoben\u00e9 zran\u011bn\u00ed p\u0159i t\u00e9 praxi, tak tam ten p\u0159\u00edpad obn\u00e1\u0161el soudn\u00ed spor, tlumo\u010den\u00ed, dokonce i kolegyn\u011b. A tenkr\u00e1t ji doprov\u00e1zela jakoby p\u0159\u00edmo na ten Rhodos, aby se tam vy\u0159e\u0161ily v\u0161echny ty pr\u00e1vnick\u00fd v\u011bci a vlastn\u011b cel\u00fd ten p\u0159\u00edpad jsme prov\u00e1zeli a te\u010f se ten p\u0159\u00edpad uzav\u0159el, kdy Sabina n\u00e1m volala a psala n\u00e1m a d\u011bkovala n\u00e1m, \u017ee vlastn\u011b d\u00edky n\u00e1m se poda\u0159ilo tenhle ten p\u0159\u00edpad uzav\u0159\u00edt i u n\u00ed, v n\u00ed, proto\u017ee ona \u0159\u00edkala, \u017ee na to sama by nikdy nem\u011bla s\u00edlu proj\u00edt t\u00edm soudn\u00edm procesem, tak\u017ee tohleto soci\u00e1ln\u00ed poradenstv\u00ed a dal\u0161\u00ed slu\u017eby. <\/p>\n\n\n\n<p>mluv\u010d\u00ed 3,<br \/>&#8212;&#8212;&#8212;&#8212;&#8212;&#8212;&#8211;<br \/>Pe\u0165u neuv\u011b\u0159iteln\u00fd p\u0159\u00edb\u011bh. A je vid\u011bt, \u017ee v\u00edce lid\u00ed dohromady v\u00edce zm\u016f\u017ee.<\/p>\n\n\n\n<p>mluv\u010d\u00ed 4,<br \/>&#8212;&#8212;&#8212;&#8212;&#8212;&#8212;&#8211;<br \/>P\u0159esn\u011b tak, p\u0159esn\u011b, p\u0159esn\u011b tak. A vlastn\u011b i potom ty, kdy\u017e prov\u00e1z\u00edme ty lidi, tak oni sami se stav\u00ed, st\u00e1vaj\u00ed dobrovoln\u00edky, co\u017e t\u0159eba dal\u0161\u00ed ta slu\u017eba je t\u0159eba uzav\u0159en\u00e1 facebookov\u00e1 skupina, o kter\u00e9 vlastn\u011b m\u016f\u017ee \u0159\u00edct i v\u00edc.<\/p>\n\n\n\n<p>mluv\u010d\u00ed 3,<br \/>&#8212;&#8212;&#8212;&#8212;&#8212;&#8212;&#8211;<br \/>Pet\u0159e, kdy\u017e n\u00e1m \u0159eknete.<\/p>\n\n\n\n<p>mluv\u010d\u00ed 5,<br \/>&#8212;&#8212;&#8212;&#8212;&#8212;&#8212;&#8211;<br \/>J\u00e1 bych tady p\u0159edstavil zase jin\u00fd p\u0159\u00edb\u011bh, je to p\u0159\u00edb\u011bh Maru\u0161ky, ale tak\u00e9 cel\u00e9 jej\u00ed rodiny, konkr\u00e9tn\u011b maminky, kter\u00e1 zalo\u017eila pr\u00e1v\u011b facebookovou skupinu v dob\u011b, kdy se Maru\u0161ce stal \u00faraz, Maru\u0161ka te\u010fka v uvozovk\u00e1ch slavila 10 let od \u00farazu, proto\u017ee se pop\u00e1lila horkou tekutinou, konkr\u00e9tn\u011b od hork\u00e9 pol\u00e9vky, kdy\u017e j\u00ed byly t\u0159i roky, te\u010f u\u017e to bylo, jak jsem zmi\u0148oval, v\u00edce ne\u017e 10 let a tam je \u00fa\u017easn\u00e1 taky cesta v tom, \u017ee tehd\u00e1 pot\u0159ebovala hlavn\u011b pomoct ta maminka. Tak\u017ee my \u0159\u00edk\u00e1me, \u017ee pom\u00e1h\u00e1me t\u011bm bl\u00edzk\u00fdm, proto\u017ee i tohle to je velice d\u016fle\u017eit\u00e9 a nyn\u00ed u\u017e pom\u00e1h\u00e1 Maru\u0161ka vlastn\u011b sama. Na tom bych p\u0159edstavil krom\u011b facebookov\u00e9 skupiny, kde pr\u00e1v\u011b od t\u00e9 doby funguje a my j\u00ed te\u010fka spravujeme, m\u016f\u017eou p\u0159ij\u00edt pr\u00e1v\u011b pop\u00e1len\u00ed bl\u00edzc\u00ed a vym\u011b\u0148ovat si ty osobn\u00ed zku\u0161enosti, proto\u017ee tohle to je taky velmi cenn\u00e9, jak tady Jana zmi\u0148ovala i tu n\u00e1v\u0161t\u011bvu p\u0159\u00edmo v nemocnici, tak tam je t\u0159eba situace, kdy va\u0161e d\u00edt\u011b le\u017e\u00ed na intenzivn\u00ed p\u00e9\u010di, vy tam c\u00edt\u00edte tu bezmoc, beznad\u011bj, ten strach, nev\u00edte, jak m\u00e1te pomoct a v tu chv\u00edli se m\u016f\u017eete obr\u00e1tit na tu facebookovou skupinu a m\u016f\u017eete tam se jenom t\u0159eba vypsat z toho, co c\u00edt\u00edte, m\u016f\u017eete se tam poptat na to, jak se hoj\u00ed jizvy a v tu dobu je ta aktu\u00e1ln\u00ed pomoc. A to zalo\u017eila ta pan\u00ed Lari\u0161ov\u00e1 a Maru\u0161ka. Cht\u011bl bych zm\u00ednit, \u017ee Maru\u0161ka pr\u00e1v\u011b u\u017e dneska po t\u011bch 10 letech pom\u00e1h\u00e1 sama a t\u0159eba jsme j\u00ed m\u011bli ned\u00e1vno na webin\u00e1\u0159i a zase tam bylo velmi cenn\u00e9 to, \u017ee ona mohla t\u011bm rodi\u010d\u016fm \u0159\u00edct, jak ona tehdy jako d\u00edt\u011b c\u00edtila se, kdy\u017e byla pop\u00e1lena a t\u011bm rodi\u010d\u016fm to pr\u00e1v\u011b dod\u00e1 to bezpe\u010d\u00ed, kdy\u017e si \u0159eknou, aha, tak to moje d\u00edt\u011b opravdu v t\u011bch nejlep\u0161\u00edch rukou a ono mo\u017en\u00e1 te\u010fka t\u0159eba m\u011b sice vn\u00edm\u00e1, ale nec\u00edt\u00ed bolest.<\/p>\n\n\n\n<p>mluv\u010d\u00ed 3,<br \/>&#8212;&#8212;&#8212;&#8212;&#8212;&#8212;&#8211;<br \/>Bolest, strach, bezmoc, beznad\u011bj, to jsou ty pocity, kter\u00e9 za\u017e\u00edvaj\u00ed pr\u00e1v\u011b lid\u00e9 i jejich rodiny v souvislosti s t\u00edm, kdy\u017e se jim stane n\u011bjak\u00fd takov\u00fd \u00faraz, kdy\u017e se mus\u00ed pot\u00fdkat s pop\u00e1len\u00edm. Ale vy organizujete naprosto \u00fa\u017easnou akci, kter\u00e1 vlastn\u011b \u0159adu lid\u00ed sdru\u017euje. O co jde? Pet\u0159e.<\/p>\n\n\n\n<p>mluv\u010d\u00ed 5,<br \/>&#8212;&#8212;&#8212;&#8212;&#8212;&#8212;&#8211;<br \/>Jmenuje se to <strong>Piknik rovnosti tv\u00e1\u0159\u00ed <\/strong>a r\u00e1d bych pozval va\u0161e div\u00e1ky na ten piknik, kter\u00fd se bude te\u010fka konat <strong>18. kv\u011btna, bude tady v Praze v parce Gutovka<\/strong>, sjedou se tam v\u0161ichni z cel\u00e9 \u010cesk\u00e9 republiky. A ten piknik je opravdu pro v\u0161echny, a\u0165 si je to pro lidi, kte\u0159\u00ed maj\u00ed t\u0159eba odli\u0161nou tv\u00e1\u0159 a nejenom tv\u00e1\u0159, ale odli\u0161n\u00e9 t\u011blo. T\u0159eba vlivem jizev, tam je d\u016fle\u017eit\u00e9 zm\u00ednit to, \u017ee my jsme si ten vzhled sami nevybrali, ale je to vlivem nemoci anebo pr\u00e1v\u011b vlivem \u00faraz\u016f a pro m\u011b t\u0159eba konkr\u00e9tn\u011b ty\u00a0<strong>handicap<\/strong>\u00a0nejsou ale jen do t\u00e9 doby, dokud m\u011b neza\u010dne odsuzovat spole\u010dnost, tak\u017ee zvu v\u0161echny na tenhle ten piknik. Za\u017eijeme tam p\u0159\u00edjemnou atmosf\u00e9ru. A v \u010dem to konkr\u00e9tn\u011b pom\u016f\u017ee? I to, \u017ee n\u00e1m se to do toho mozku zap\u00ed\u0161e, tam se vytvo\u0159\u00ed pozitivn\u00ed vzorec, \u017ee jsme za\u017eili n\u011bjak\u00e9 p\u0159\u00edjemn\u00e9 pocity, pr\u00e1v\u011b se n\u00e1m tam p\u0159etav\u00ed ta beznad\u011bj, bezmoc do t\u011bch pozitivn\u00edch, \u017ee m\u00e1me n\u011bjakou moc s t\u00edm ud\u011blat, s t\u011bma situacema, kte\u0159\u00ed se c\u00edt\u00edme nekomfortn\u011b a p\u0159etav\u00ed se to i do toho b\u011b\u017en\u00e9ho \u017eivota, kdy\u017e se setk\u00e1me t\u0159eba s n\u011bjakou nad\u00e1vkou nebo s n\u011bjak\u00fdm posm\u011b\u0161kem, tak si to t\u011blo vzpomene na tu pozitivn\u00ed situaci.<\/p>\n\n\n\n<p>mluv\u010d\u00ed 3,<br \/>&#8212;&#8212;&#8212;&#8212;&#8212;&#8212;&#8211;<br \/>Moc v\u00e1m d\u011bkuju za pov\u00edd\u00e1n\u00ed. Velmi siln\u00e9. Dal\u0161\u00ed je k dispozici u v\u00e1s na va\u0161ich str\u00e1nk\u00e1ch, kter\u00e1 se pr\u00e1v\u011b v\u011bnuje neziskov\u00e9 organizaci pop\u00e1lky. Je tam cel\u00e1 \u0159ada velmi siln\u00fdch p\u0159\u00edb\u011bh\u016f. No, a j\u00e1 z v\u00e1s tedy c\u00edt\u00edm velkou s\u00edlu a velkou hrdost za to, \u017ee j\u00e1 s v\u00e1mi tady m\u016f\u017eu b\u00fdt, a to bych v\u00e1m taky r\u00e1da p\u0159edala na z\u00e1v\u011br na\u0161eho rozhovoru d\u00edky za to, a\u0165 se v\u00e1m da\u0159\u00ed.<\/p>\n\n\n\n<p><\/p>\n\n\n\n<p><\/p>\n","protected":false},"excerpt":{"rendered":"<div class=\"mh-excerpt\"><p>\u010cT 1 V\u011bnujeme se pop\u00e1lenin\u00e1m a te\u010f od n\u00e1s dostanete tak\u00e9 dobr\u00e9 praktick\u00e9 rady. J\u00e1 jsem r\u00e1da, \u017ee p\u0159edstav\u00edme neziskovou organizaci Pop\u00e1lky, konkr\u00e9tn\u011b jsou tu <a class=\"mh-excerpt-more\" href=\"https:\/\/www.invarena.cz\/?p=56461\" title=\"Pop\u00e1lky zvou na Piknik rovnosti tv\u00e1\u0159\u00ed\">[&#8230;]<\/a><\/p>\n<\/div>","protected":false},"author":1,"featured_media":56497,"comment_status":"open","ping_status":"closed","sticky":false,"template":"","format":"standard","meta":{"footnotes":""},"categories":[7],"tags":[],"class_list":["post-56461","post","type-post","status-publish","format-standard","has-post-thumbnail","hentry","category-spolecnost"],"_links":{"self":[{"href":"https:\/\/www.invarena.cz\/index.php?rest_route=\/wp\/v2\/posts\/56461","targetHints":{"allow":["GET"]}}],"collection":[{"href":"https:\/\/www.invarena.cz\/index.php?rest_route=\/wp\/v2\/posts"}],"about":[{"href":"https:\/\/www.invarena.cz\/index.php?rest_route=\/wp\/v2\/types\/post"}],"author":[{"embeddable":true,"href":"https:\/\/www.invarena.cz\/index.php?rest_route=\/wp\/v2\/users\/1"}],"replies":[{"embeddable":true,"href":"https:\/\/www.invarena.cz\/index.php?rest_route=%2Fwp%2Fv2%2Fcomments&post=56461"}],"version-history":[{"count":0,"href":"https:\/\/www.invarena.cz\/index.php?rest_route=\/wp\/v2\/posts\/56461\/revisions"}],"wp:featuredmedia":[{"embeddable":true,"href":"https:\/\/www.invarena.cz\/index.php?rest_route=\/wp\/v2\/media\/56497"}],"wp:attachment":[{"href":"https:\/\/www.invarena.cz\/index.php?rest_route=%2Fwp%2Fv2%2Fmedia&parent=56461"}],"wp:term":[{"taxonomy":"category","embeddable":true,"href":"https:\/\/www.invarena.cz\/index.php?rest_route=%2Fwp%2Fv2%2Fcategories&post=56461"},{"taxonomy":"post_tag","embeddable":true,"href":"https:\/\/www.invarena.cz\/index.php?rest_route=%2Fwp%2Fv2%2Ftags&post=56461"}],"curies":[{"name":"wp","href":"https:\/\/api.w.org\/{rel}","templated":true}]}}