{"id":56467,"date":"2025-04-17T03:46:03","date_gmt":"2025-04-17T01:46:03","guid":{"rendered":"https:\/\/www.invarena.cz\/?p=56467"},"modified":"2025-04-17T03:46:04","modified_gmt":"2025-04-17T01:46:04","slug":"jak-resit-problemy-vyloucene-lokality-odpovida-reditel-mestske-policie-v-moste","status":"publish","type":"post","link":"https:\/\/www.invarena.cz\/?p=56467","title":{"rendered":"Jak \u0159e\u0161it probl\u00e9my vylou\u010den\u00e9 lokality? Odpov\u00edd\u00e1 \u0159editel M\u011bstsk\u00e9 policie v Most\u011b"},"content":{"rendered":"\n<p>\u010cT 1<\/p>\n\n\n\n<p><br \/>Soci\u00e1ln\u00ed vylou\u010den\u00ed ale samoz\u0159ejm\u011b nen\u00ed jenom probl\u00e9m \u010cesk\u00e9 T\u0159ebov\u00e9 nebo Vysok\u00e9ho M\u00fdta a Pardubick\u00e9ho kraje. Je to velk\u00e9 a mo\u017en\u00e1 je\u0161t\u011b v\u011bt\u0161\u00ed t\u00e9ma v \u00dasteck\u00e9m kraji. Mluvit o tom te\u010f budu tak\u0159\u00edkaj\u00edc z praxe s \u0159editelem M\u011bstsk\u00e9 policie v Most\u011b Jaroslavem Hrvolem. <br \/>Tak jak vy tu situaci p\u0159\u00edmo v ter\u00e9nu zn\u00e1te, jak\u00e9 jsou nej\u010dast\u011bj\u0161\u00ed, nejv\u011bt\u0161\u00ed probl\u00e9my nebo p\u0159\u00ed\u010diny probl\u00e9m\u016f a kriminality ve vylou\u010den\u00fdch lokalit\u00e1ch?<\/p>\n\n\n\n<p>Jaroslav Hrvol, \u0159editel, M\u011bstsk\u00e1 policie Most<br \/>&#8212;&#8212;&#8212;&#8212;&#8212;&#8212;&#8211;<br \/>Tak my samoz\u0159ejm\u011b m\u00e1me ten probl\u00e9m v Most\u011b, \u017ee ty vylou\u010den\u00e9 lokality, kter\u00fd jsou v jin\u00fdch m\u011bstech, na periferi\u00edch, tak my je m\u00e1me p\u0159\u00edmo v centru m\u011bsta. \u010casto se m\u00edch\u00e1 do sebe ten zp\u016fsob \u017eivota pracuj\u00edc\u00edch lid\u00ed a t\u011bch, kte\u0159\u00ed opravdu dlouhodob\u011b nepracuj\u00ed, jsou z\u00e1visl\u00ed na soci\u00e1ln\u00edch&nbsp;<strong>d\u00e1vk\u00e1ch<\/strong>, a samoz\u0159ejm\u011b z toho pramen\u00ed n\u011bjak\u00e9 probl\u00e9my, tak\u017ee m\u011bstsk\u00e1 policie neust\u00e1le vyj\u00ed\u017ed\u00ed na n\u011bjak\u00e9 sousedsk\u00e9 h\u00e1dky, ru\u0161en\u00ed no\u010dn\u00edho klidu, zne\u010di\u0161\u0165ov\u00e1n\u00ed ve\u0159ejn\u00e9ho prostranstv\u00ed, to jsou asi nej\u010dast\u011bj\u0161\u00ed p\u0159estupky, kter\u00e9 \u0159e\u0161\u00edme, a \u0159ekn\u011bme, \u017ee jezd\u00edme opravdu denn\u011b k n\u011bkolika des\u00edtk\u00e1m t\u011bchto ozn\u00e1men\u00ed.<\/p>\n\n\n\n<p>moder\u00e1tor<br \/>&#8212;&#8212;&#8212;&#8212;&#8212;&#8212;&#8211;<br \/>No a te\u010f ot\u00e1zka, na kterou asi nikdo nena\u0161el je\u0161t\u011b odpov\u011b\u010f. Co mysl\u00edte, \u017ee by nejv\u00edc pomohlo aspo\u0148 uspokojiv\u00e9mu \u0159e\u0161en\u00ed?<\/p>\n\n\n\n<p>Jaroslav Hrvol, \u0159editel, M\u011bstsk\u00e1 policie Most<br \/>&#8212;&#8212;&#8212;&#8212;&#8212;&#8212;&#8211;<br \/>Tak samoz\u0159ejm\u011b my vol\u00e1me po tom dlouho, samoz\u0159ejm\u011b zm\u011bna legislativy. Co se t\u00fd\u010de str\u00e1\u017en\u00edk\u016f, vymahatelnost pr\u00e1va, proto\u017ee v sou\u010dasn\u00e9 dob\u011b opravdu, kdy\u017e ty p\u0159estupky ulo\u017e\u00edme, tak ti nep\u0159izp\u016fsobiv\u00ed ob\u010dan\u00e9 nebo probl\u00e9mov\u00ed je nezaplat\u00ed, to vym\u00e1h\u00e1n\u00ed samoz\u0159ejm\u011b je nemo\u017en\u00e9, a proto ob\u010das to na\u0161e jedn\u00e1n\u00ed nebo ten trest t\u00fd pokuty nen\u00ed tak \u00fa\u010dinn\u00fd, jak by m\u011bl b\u00fdt. Tak\u017ee ur\u010dit\u011b bysme cht\u011bli, aby se tohleto dok\u00e1zalo&#8230;<\/p>\n\n\n\n<p>moder\u00e1tor<br \/>&#8212;&#8212;&#8212;&#8212;&#8212;&#8212;&#8211;<br \/>No, ale v\u00edte, oni nezaplat\u00ed pokutu, ale nezaplat\u00ed ji t\u0159eba proto, \u017ee na ni nemaj\u00ed, tak\u017ee jak\u00e9 to m\u00e1 \u0159e\u0161en\u00ed?<\/p>\n\n\n\n<p>Jaroslav Hrvol, \u0159editel, M\u011bstsk\u00e1 policie Most<br \/>&#8212;&#8212;&#8212;&#8212;&#8212;&#8212;&#8211;<br \/>\u010castokr\u00e1t se st\u00e1v\u00e1, my nap\u0159\u00edklad v\u00edme, \u017ee maj\u00ed nadstandardn\u00ed&nbsp;<strong>d\u00e1vky<\/strong>&nbsp;v hmotn\u00e9 nouzi, p\u0159\u00edsp\u011bvky na bydlen\u00ed, ty \u010d\u00e1stky jsou opravdu nadstandardn\u00ed oproti t\u011bm obvykl\u00fdm n\u00e1jm\u016fm v t\u00e9 lokalit\u011b, tak si mysl\u00edm, \u017ee by bylo opravdu vhodn\u00e9 s\u00e1hnout i na tu soci\u00e1ln\u00ed&nbsp;<strong>d\u00e1vku<\/strong>. Klidn\u011b n\u011bjakou \u010d\u00e1st, n\u011bjak\u00fd spl\u00e1tkov\u00fd kalend\u00e1\u0159 nebo n\u011bco, aby si ty lidi opravdu zapamatovali, \u017ee tohleto ten p\u0159estupek nebo to jedn\u00e1n\u00ed, kter\u00e9 opravdu d\u011blaj\u00ed, tak se d\u011blat nem\u00e1, a aby n\u011bjak\u00fdm aspo\u0148 minim\u00e1ln\u00edm trestem byli hn\u00e1ni k odpov\u011bdnosti.<\/p>\n\n\n\n<p> moder\u00e1tor<br \/>&#8212;&#8212;&#8212;&#8212;&#8212;&#8212;&#8211;<br \/>V \u010cesk\u00e9 T\u0159ebov\u00e9 za\u010dali nov\u011b spolupracovat s Agenturou pro soci\u00e1ln\u00ed za\u010dle\u0148ov\u00e1n\u00ed. Vy v Most\u011b m\u00e1te zku\u0161enost s podobnou spoluprac\u00ed s r\u016fzn\u00fdmi neziskov\u00fdmi organizacemi, st\u00e1tn\u00edmi agenturami, pop\u0159\u00edpad\u011b se \u0161kolami, soci\u00e1ln\u00edmi slu\u017ebami. Co se osv\u011bd\u010dilo a co naopak v\u016fbec?<\/p>\n\n\n\n<p>Jaroslav Hrvol, \u0159editel, M\u011bstsk\u00e1 policie Most<br \/>&#8212;&#8212;&#8212;&#8212;&#8212;&#8212;&#8211;<br \/>J\u00e1 bych \u0159ekl, \u017ee my konkr\u00e9tn\u011b v Most\u011b a v cel\u00e9m \u00dasteck\u00e9m kraji m\u00e1me nadstandardn\u00ed, \u0159ekn\u011bme, n\u011bjakou spolupr\u00e1ci se v\u0161emi neziskov\u00fdmi organizacemi a vzhledem k tomu, \u017ee u\u017e ten probl\u00e9m \u0159e\u0161\u00edme dlouho, tak \u017ee spolupracujeme, \u0159ekn\u011bme, se v\u0161emi neziskovkami. S Agenturou pro soci\u00e1ln\u00ed za\u010dle\u0148ov\u00e1n\u00ed jsme ukon\u010dili spolupr\u00e1ci v roce 2020 kv\u016fli mo\u017en\u00e9 v\u00fdstavb\u011b modulov\u00fdch dom\u016f v Ch\u00e1nov\u011b, tam jsme se n\u011bjak\u00fdm zp\u016fsobem nesladili v n\u00e1zorech, ale jinak se v\u0161emi spolupracujeme. My n\u011bjak\u00fdm zp\u016fsobem kvitujeme tu spolupr\u00e1ci, ta spolupr\u00e1ce funguje, ale probl\u00e9mem je to, \u017ee ta koncentrace t\u011bchhlet\u011bch lid\u00ed je tak vysok\u00e1, \u017ee i ve\u0161ker\u00e9 agentury a soci\u00e1ln\u00ed odbory, obecn\u00ed policie, m\u011bstsk\u00e9 policie na to nesta\u010d\u00ed a pomohlo by n\u00e1m samoz\u0159ejm\u011b, aby se ty probl\u00e9my rozvrstvily do dal\u0161\u00edch m\u00edst v republice, abysme je mohli efektivn\u011b \u0159e\u0161it.<\/p>\n\n\n\n<p>moder\u00e1tor<br \/>&#8212;&#8212;&#8212;&#8212;&#8212;&#8212;&#8211;<br \/>Pane \u0159editeli, j\u00e1 v\u00e1m d\u011bkuji. <\/p>\n","protected":false},"excerpt":{"rendered":"<div class=\"mh-excerpt\"><p>\u010cT 1 Soci\u00e1ln\u00ed vylou\u010den\u00ed ale samoz\u0159ejm\u011b nen\u00ed jenom probl\u00e9m \u010cesk\u00e9 T\u0159ebov\u00e9 nebo Vysok\u00e9ho M\u00fdta a Pardubick\u00e9ho kraje. Je to velk\u00e9 a mo\u017en\u00e1 je\u0161t\u011b v\u011bt\u0161\u00ed t\u00e9ma <a class=\"mh-excerpt-more\" href=\"https:\/\/www.invarena.cz\/?p=56467\" title=\"Jak \u0159e\u0161it probl\u00e9my vylou\u010den\u00e9 lokality? Odpov\u00edd\u00e1 \u0159editel M\u011bstsk\u00e9 policie v Most\u011b\">[&#8230;]<\/a><\/p>\n<\/div>","protected":false},"author":1,"featured_media":7832,"comment_status":"open","ping_status":"closed","sticky":false,"template":"","format":"standard","meta":{"footnotes":""},"categories":[7],"tags":[],"class_list":["post-56467","post","type-post","status-publish","format-standard","has-post-thumbnail","hentry","category-spolecnost"],"_links":{"self":[{"href":"https:\/\/www.invarena.cz\/index.php?rest_route=\/wp\/v2\/posts\/56467","targetHints":{"allow":["GET"]}}],"collection":[{"href":"https:\/\/www.invarena.cz\/index.php?rest_route=\/wp\/v2\/posts"}],"about":[{"href":"https:\/\/www.invarena.cz\/index.php?rest_route=\/wp\/v2\/types\/post"}],"author":[{"embeddable":true,"href":"https:\/\/www.invarena.cz\/index.php?rest_route=\/wp\/v2\/users\/1"}],"replies":[{"embeddable":true,"href":"https:\/\/www.invarena.cz\/index.php?rest_route=%2Fwp%2Fv2%2Fcomments&post=56467"}],"version-history":[{"count":0,"href":"https:\/\/www.invarena.cz\/index.php?rest_route=\/wp\/v2\/posts\/56467\/revisions"}],"wp:featuredmedia":[{"embeddable":true,"href":"https:\/\/www.invarena.cz\/index.php?rest_route=\/wp\/v2\/media\/7832"}],"wp:attachment":[{"href":"https:\/\/www.invarena.cz\/index.php?rest_route=%2Fwp%2Fv2%2Fmedia&parent=56467"}],"wp:term":[{"taxonomy":"category","embeddable":true,"href":"https:\/\/www.invarena.cz\/index.php?rest_route=%2Fwp%2Fv2%2Fcategories&post=56467"},{"taxonomy":"post_tag","embeddable":true,"href":"https:\/\/www.invarena.cz\/index.php?rest_route=%2Fwp%2Fv2%2Ftags&post=56467"}],"curies":[{"name":"wp","href":"https:\/\/api.w.org\/{rel}","templated":true}]}}