{"id":56550,"date":"2025-04-21T22:21:02","date_gmt":"2025-04-21T20:21:02","guid":{"rendered":"https:\/\/www.invarena.cz\/?p=56550"},"modified":"2025-04-21T22:21:02","modified_gmt":"2025-04-21T20:21:02","slug":"chranene-dilne-z-usti-vynesly-velikonocni-trhy-energetiku-slusne-penize","status":"publish","type":"post","link":"https:\/\/www.invarena.cz\/?p=56550","title":{"rendered":"Chr\u00e1n\u011bn\u00e9 d\u00edln\u011b z \u00dast\u00ed vynesly Velikono\u010dn\u00ed trhy energetik\u016f slu\u0161n\u00e9 pen\u00edze"},"content":{"rendered":"\n<p>Tradi\u010dn\u00ed Velikono\u010dn\u00ed trhy prob\u011bhly v d\u011b\u010d\u00ednsk\u00e9m s\u00eddle \u010cEZ Distribuce. Dv\u011b chr\u00e1n\u011bn\u00e9 d\u00edlny si dohromady p\u0159i\u0161ly na 18 200 korun. O jejich v\u00fdrobky byl mezi energetiky jako v\u017edy velik\u00fd z\u00e1jem, nakupovali u nich i ti, kte\u0159\u00ed do D\u011b\u010d\u00edna dorazili na n\u011bjak\u00e9 jedn\u00e1n\u00ed z jin\u00fdch distribu\u010dn\u00edch lokalit, nap\u0159\u00edklad z Liberecka \u010di dokonce a\u017e z Hradce Kr\u00e1lov\u00e9. Sdru\u017een\u00ed Tulipan z Liberce nab\u00edzelo keramick\u00e9 v\u00fdrobky s velikono\u010dn\u00ed tematikou, sv\u00ed\u010dky a ru\u010dn\u011b vyroben\u00e1 m\u00fddla. Chr\u00e1n\u011bn\u00e1 \u0161ic\u00ed d\u00edlna Fokus Labe z \u00dast\u00ed nad Labem p\u0159ijela jako v\u017edy se \u0161irokou nab\u00eddkou zv\u00ed\u0159\u00e1tek a r\u016fzn\u00fdch dekorac\u00ed, v\u010detn\u011b ta\u0161ek p\u0159es rameno, a to nejen na t\u00e9ma sv\u00e1tk\u016f Jara, u\u0161it\u00fdch z certifikovan\u00fdch a tud\u00ed\u017e zdravotn\u011b nez\u00e1vadn\u00fdch l\u00e1tek a v\u00fdpln\u00ed. Libere\u010dt\u00ed odj\u00ed\u017ed\u011bli dom\u016f s tr\u017ebou 5 200 korun, \u0161ic\u00ed d\u00edlna si p\u0159i\u0161la na rovn\u00fdch 13 000 korun.<\/p>\n\n\n\n<p>Posl\u00e1n\u00edm Fokusu Labe je podpora lid\u00ed se zku\u0161enost\u00ed s du\u0161evn\u00edm onemocn\u011bn\u00edm v jejich schopnosti \u017e\u00edt norm\u00e1ln\u00edm \u017eivotem a vymanit se z traumatu du\u0161evn\u00edho onemocn\u011bn\u00ed. Sv\u00fdm klient\u016fm nab\u00edz\u00ed komplexn\u00ed komunitn\u00ed p\u00e9\u010di v ne\u00fastavn\u00edch podm\u00ednk\u00e1ch. Ve sv\u00fdch centrech a t\u00fdmech du\u0161evn\u00edho zdrav\u00ed poskytuje v 7 okresech \u00dasteck\u00e9ho kraje soci\u00e1ln\u011b &#8211; zdravotn\u00ed slu\u017eby ter\u00e9nn\u00edho a ambulantn\u00edho charakteru v\u010detn\u011b poskytov\u00e1n\u00ed podpory v soci\u00e1ln\u00ed a zdravotn\u00ed krizi. Za \u00fa\u010delem zkvalitn\u011bn\u00ed ka\u017edodenn\u00edho \u017eivota lid\u00ed, kte\u0159\u00ed se n\u011bkdy ve sv\u00e9m \u017eivot\u011b setkali s du\u0161evn\u00edm onemocn\u011bn\u00edm a maj\u00ed pot\u00ed\u017ee s nalezen\u00edm pr\u00e1ce, poskytuje Fokus Labe zaj\u00edmav\u00e9 zam\u011bstn\u00e1n\u00ed v oblasti gastronomie, tiska\u0159sk\u00e9 v\u00fdroby, rukod\u011bln\u00e9 \u0161ic\u00ed v\u00fdroby a v oblasti \u00fadr\u017eby. Podporu a p\u00e9\u010di nab\u00edz\u00ed jak dosp\u011bl\u00fdm lidem ze v\u0161ech sedmi okres\u016f \u00dasteck\u00e9ho kraje, tak i d\u011btem a mlad\u00fdm lidem v okrese \u00dast\u00ed nad Labem. V\u00edce na <a href=\"http:\/\/www.fokuslabe.cz\" target=\"_blank\" rel=\"noreferrer noopener\">www.fokuslabe.cz<\/a>.<\/p>\n\n\n\n<p>Sdru\u017een\u00ed TULIPAN, z. s., Liberec provozuje nejen chr\u00e1n\u011bnou d\u00edlnu, ale poskytuje i poradensk\u00e9 a soci\u00e1ln\u00ed slu\u017eby osob\u00e1m se zdravotn\u00edm znev\u00fdhodn\u011bn\u00edm, v\u010detn\u011b neform\u00e1ln\u00edm pe\u010duj\u00edc\u00edm. Realizuje i celou \u0159adu kulturn\u00edch, volno\u010dasov\u00fdch\u00a0 a vzd\u011bl\u00e1vac\u00edch akc\u00ed, jejich\u017e c\u00edlem je inkluze mezi zdravou a handicapovanou populac\u00ed. Z\u00e1kladn\u00edm posl\u00e1n\u00edm sdru\u017een\u00ed je podpora samostatnosti, ob\u010dansk\u00e9ho za\u010dlen\u011bn\u00ed a realizace volno\u010dasov\u00fdch aktivit rozv\u00edjej\u00edc\u00edch osobnost; podpora sebeobslu\u017en\u00fdch dovednost\u00ed, resp. pracovn\u00ed rehabilitace a uplatn\u011bn\u00ed osobnostn\u00edho potenci\u00e1lu; zlep\u0161ov\u00e1n\u00ed informa\u010dn\u00ed dostupnosti a poskytov\u00e1n\u00ed bezplatn\u00e9ho poradenstv\u00ed a roz\u0161i\u0159ov\u00e1n\u00ed alternativ tvo\u0159iv\u00e9ho tr\u00e1ven\u00ed voln\u00e9ho \u010dasu \u010di podm\u00ednek pro seberealizaci. Pomocnou ruku najdou v Tulipanu jak klienti, tak i jejich rodi\u010de a p\u0159\u00edbuzn\u00ed pe\u010duj\u00edc\u00ed o lidi s handicapem bez ohledu na jejich v\u011bk. V\u00edce na <a href=\"http:\/\/www.sdruzenitulipan.cz\" target=\"_blank\" rel=\"noreferrer noopener\">www.sdruzenitulipan.cz<\/a>.<\/p>\n\n\n\n<p>Ob\u011b chr\u00e1n\u011bn\u00e9 d\u00edlny jsou pravideln\u00fdmi \u00fa\u010dastn\u00edky Velikono\u010dn\u00edch a V\u00e1no\u010dn\u00edch trh\u016f energetik\u016f v d\u011b\u010d\u00ednsk\u00e9m s\u00eddle \u010cEZ Distribuce ji\u017e \u0159adu let, prakticky od jejich prvn\u00edch kon\u00e1n\u00ed. V p\u0159\u00edpad\u011b Velikonoc od roku 2017. Historie V\u00e1no\u010dn\u00edch trh\u016f v D\u011b\u010d\u00edn\u011b pak sah\u00e1 a\u017e p\u0159ed rok 2013. Celkem si Fokus Labe v p\u0159\u00edpad\u011b obou trh\u016f p\u0159i\u0161el od roku 2017 na 89 251 a Tulipan Liberec na 79 146 korun. Ob\u011b chr\u00e1n\u011bn\u00e9 d\u00edlny p\u0159itom vyu\u017e\u00edvaj\u00ed utr\u017een\u00e9 pen\u00edze na dal\u0161\u00ed rozvoj sv\u00fdch aktivit. V\u011bt\u0161inou jde o n\u00e1kup materi\u00e1lu pot\u0159ebn\u00e9ho pro tvorbu nov\u00fdch v\u00fdrobk\u016f. Ty pak op\u011bt nab\u00edzej\u00ed na velikono\u010dn\u00edch a v\u00e1no\u010dn\u00edch trz\u00edch &#8211; a tak to vlastn\u011b jde po\u0159\u00e1d dokola.<\/p>\n\n\n\n<p>Ota Schnepp,<\/p>\n\n\n\n<p>region\u00e1ln\u00ed mana\u017eer komunikace<\/p>\n\n\n\n<p>\u00dasteck\u00fd den\u00edk<\/p>\n\n\n\n<p><a href=\"https:\/\/ustecky.denik.cz\" target=\"_blank\" rel=\"noreferrer noopener\">https:\/\/ustecky.denik.cz<\/a><\/p>\n","protected":false},"excerpt":{"rendered":"<div class=\"mh-excerpt\"><p>Tradi\u010dn\u00ed Velikono\u010dn\u00ed trhy prob\u011bhly v d\u011b\u010d\u00ednsk\u00e9m s\u00eddle \u010cEZ Distribuce. Dv\u011b chr\u00e1n\u011bn\u00e9 d\u00edlny si dohromady p\u0159i\u0161ly na 18 200 korun. O jejich v\u00fdrobky byl mezi energetiky <a class=\"mh-excerpt-more\" href=\"https:\/\/www.invarena.cz\/?p=56550\" title=\"Chr\u00e1n\u011bn\u00e9 d\u00edln\u011b z \u00dast\u00ed vynesly Velikono\u010dn\u00ed trhy energetik\u016f slu\u0161n\u00e9 pen\u00edze\">[&#8230;]<\/a><\/p>\n<\/div>","protected":false},"author":1,"featured_media":20608,"comment_status":"open","ping_status":"closed","sticky":false,"template":"","format":"standard","meta":{"footnotes":""},"categories":[9],"tags":[],"class_list":["post-56550","post","type-post","status-publish","format-standard","has-post-thumbnail","hentry","category-zpravy"],"_links":{"self":[{"href":"https:\/\/www.invarena.cz\/index.php?rest_route=\/wp\/v2\/posts\/56550","targetHints":{"allow":["GET"]}}],"collection":[{"href":"https:\/\/www.invarena.cz\/index.php?rest_route=\/wp\/v2\/posts"}],"about":[{"href":"https:\/\/www.invarena.cz\/index.php?rest_route=\/wp\/v2\/types\/post"}],"author":[{"embeddable":true,"href":"https:\/\/www.invarena.cz\/index.php?rest_route=\/wp\/v2\/users\/1"}],"replies":[{"embeddable":true,"href":"https:\/\/www.invarena.cz\/index.php?rest_route=%2Fwp%2Fv2%2Fcomments&post=56550"}],"version-history":[{"count":0,"href":"https:\/\/www.invarena.cz\/index.php?rest_route=\/wp\/v2\/posts\/56550\/revisions"}],"wp:featuredmedia":[{"embeddable":true,"href":"https:\/\/www.invarena.cz\/index.php?rest_route=\/wp\/v2\/media\/20608"}],"wp:attachment":[{"href":"https:\/\/www.invarena.cz\/index.php?rest_route=%2Fwp%2Fv2%2Fmedia&parent=56550"}],"wp:term":[{"taxonomy":"category","embeddable":true,"href":"https:\/\/www.invarena.cz\/index.php?rest_route=%2Fwp%2Fv2%2Fcategories&post=56550"},{"taxonomy":"post_tag","embeddable":true,"href":"https:\/\/www.invarena.cz\/index.php?rest_route=%2Fwp%2Fv2%2Ftags&post=56550"}],"curies":[{"name":"wp","href":"https:\/\/api.w.org\/{rel}","templated":true}]}}