{"id":56553,"date":"2025-04-21T22:27:47","date_gmt":"2025-04-21T20:27:47","guid":{"rendered":"https:\/\/www.invarena.cz\/?p=56553"},"modified":"2025-04-21T22:27:48","modified_gmt":"2025-04-21T20:27:48","slug":"gabine-z-brna-pres-noc-zmodral-palec-nakonec-ji-museli-amputovat-obe-nohy","status":"publish","type":"post","link":"https:\/\/www.invarena.cz\/?p=56553","title":{"rendered":"G\u00e1bin\u011b z Brna p\u0159es noc zmodral palec. Nakonec j\u00ed museli amputovat ob\u011b nohy"},"content":{"rendered":"\n<p>Jednoho r\u00e1na se Gabriela Kone\u010dn\u00e1 z Brna probudila s modr\u00fdm palcem u nohy. Tehdy je\u0161t\u011b netu\u0161ila, \u017ee to bude za\u010d\u00e1tek cesty, kter\u00e1 j\u00ed nav\u017edy zm\u011bn\u00ed \u017eivot. P\u0159\u00edznak, kter\u00fd zprvu nep\u016fsobil a\u017e tak d\u011bsiv\u011b, ji p\u0159ipravil b\u011bhem dvou let o ob\u011b nohy. D\u016fvodem byla vrozen\u00e1 porucha sr\u00e1\u017elivosti krve. Do t\u00e9 doby Gabriela v\u016fbec nev\u011bd\u011bla, \u017ee tuto poruchu m\u00e1. P\u0159esto neztr\u00e1c\u00ed nad\u011bji ani s\u00edlu bojovat za voln\u00fd pohyb, nez\u00e1vislost a za \u010das str\u00e1ven\u00fd se sv\u00fdm vnukem, kter\u00fd se ned\u00e1vno narodil.<\/p>\n\n\n\n<p>Od t\u00e9 doby, co se v kv\u011btnu minul\u00e9ho roku stala 62let\u00e1 Gabriela Kone\u010dn\u00e1 z Brna babi\u010dkou, m\u00e1 jedinou touhu. Cht\u011bla by sv\u00e9ho vnuka v ko\u010d\u00e1rku doprov\u00e1zet na proch\u00e1zk\u00e1ch, b\u00fdt sou\u010d\u00e1st\u00ed jeho prvn\u00edch kr\u016f\u010dk\u016f, ka\u017edodenn\u00edch \u00fasm\u011bv\u016f a pro\u017e\u00edvat s n\u00edm v\u0161elijak\u00e1 dobrodru\u017estv\u00ed.<\/p>\n\n\n\n<p>Osud ji ale postavil p\u0159ed t\u011b\u017ekou \u017eivotn\u00ed zkou\u0161ku. Po dvou letech vy\u010derp\u00e1vaj\u00edc\u00edch z\u00e1krok\u016f p\u0159i\u0161la energick\u00e1 a d\u0159\u00edve velmi aktivn\u00ed \u017eena o ob\u011b doln\u00ed kon\u010detiny. Ztratila tak mo\u017enost voln\u00e9ho pohybu a nem\u016f\u017ee vykon\u00e1vat sv\u00e9 zam\u011bstn\u00e1n\u00ed (kade\u0159nice; pozn. red.). Bez pomoci ostatn\u00edch tu nav\u00edc nem\u016f\u017ee b\u00fdt ani pro sv\u00e9ho vnuka tak, jak by si p\u0159edstavovala.<\/p>\n\n\n\n<p>Na nemoc upozornil palec u nohy<\/p>\n\n\n\n<p>V\u0161echno za\u010dalo pom\u011brn\u011b nen\u00e1padn\u011b jednoho lednov\u00e9ho r\u00e1na v roce 2021. Kdy\u017e se G\u00e1bina probudila, v\u0161imla si, \u017ee j\u00ed p\u0159es noc v\u00fdznamn\u011b zmodral palec na lev\u00e9 noze. Tehdy ale je\u0161t\u011b netu\u0161ila, jak hlubokou stopu tahle zd\u00e1nliv\u00e1 mali\u010dkost zanech\u00e1.<\/p>\n\n\n\n<p>Postupn\u011b G\u00e1bina prod\u011blala jeden\u00e1ct angioplastik (roz\u0161\u00ed\u0159en\u00ed koron\u00e1rn\u00ed tepny speci\u00e1ln\u00edm z\u00e1krokem; pozn. red.), \u010dty\u0159i operace a dva bypassy (chirurgick\u00e9 p\u0159emost\u011bn\u00ed z\u00fa\u017een\u00e9ho nebo uzav\u0159en\u00e9ho \u00faseku tepny; pozn. red.).<\/p>\n\n\n\n<p>\u201eV\u0161e se odehr\u00e1lo kv\u016fli vrozen\u00e9 vad\u011b sr\u00e1\u017elivosti krve, o kter\u00e9 jsem do t\u00e9 chv\u00edle nem\u011bla ani tu\u0161en\u00ed. P\u0159es ve\u0161ker\u00e9 \u00fasil\u00ed l\u00e9ka\u0159\u016f jsem nakonec musela podstoupit amputaci obou nohou pod koleny. A to v rozmez\u00ed pouh\u00fdch \u0161esti t\u00fddn\u016f,\u201c uvedla pro Den\u00edk G\u00e1bina, kter\u00e1 kv\u016fli sv\u00e9mu hendikepu zalo\u017eila sb\u00edrku na dobro\u010dinn\u00e9 platform\u011b Donio.<\/p>\n\n\n\n<p>Milovala pohyb, dnes je upoutan\u00e1 na voz\u00ed\u010dek<\/p>\n\n\n\n<p>P\u0159edt\u00edm, ne\u017e se u n\u00ed nemoc projevila naplno, byla Gabriela velice aktivn\u00ed \u017eenou. Milovala pohyb, r\u00e1da sportovala, pot\u00e1p\u011bla se, plavala a b\u011bhala. Pracovala jako kade\u0159nice a do pr\u00e1ce se v\u017edy vracela s radost\u00ed. Nyn\u00ed v\u0161ak musela kv\u016fli t\u011blesn\u00fdm omezen\u00edm, kter\u00e1 se n\u00e1hle stala jej\u00ed ka\u017edodenn\u00ed realitou, svou profesn\u00ed dr\u00e1hu p\u0159eru\u0161it a obl\u00edben\u00fdch aktivit se vzd\u00e1t.<\/p>\n\n\n\n<p>Co j\u00ed ale tr\u00e1p\u00ed nejv\u00edc, je nemo\u017enost tr\u00e1vit v\u00edce napln\u011bn\u00e9ho \u010dasu se sv\u00fdm vnou\u010dkem, kter\u00e9mu bude brzy jeden rok. P\u0159esto v\u0161ak jej\u00ed p\u0159\u00edb\u011bh nen\u00ed jen o ztr\u00e1t\u011b. Je tak\u00e9 o s\u00edle a vd\u011b\u010dnosti v\u016f\u010di rodin\u011b a p\u0159\u00e1tel\u016fm, kte\u0159\u00ed ji podr\u017eeli v t\u011bch nejtemn\u011bj\u0161\u00edch chv\u00edl\u00edch.<\/p>\n\n\n\n<p>\u201eNedovedu si p\u0159edstavit, jak slo\u017eit\u00fd by byl \u017eivot bez pomoci m\u00e9 rodiny a v\u0161ech m\u00fdch bl\u00edzk\u00fdch p\u0159\u00e1tel. T\u011bm v\u0161em pat\u0159\u00ed m\u016fj obrovsk\u00fd d\u00edk,\u201c pokra\u010duje Gabriela, kter\u00e1 nep\u0159est\u00e1v\u00e1 v\u011b\u0159it, \u017ee se jednoho dne vr\u00e1t\u00ed k b\u011b\u017en\u00e9mu \u017eivotu, by\u0165 s ur\u010dit\u00fdmi p\u0159ek\u00e1\u017ekami. Aby se tak v\u0161ak mohlo st\u00e1t, je pot\u0159eba \u0159ada opat\u0159en\u00ed.<\/p>\n\n\n\n<p>Chce z\u016fstat siln\u00e1 a vr\u00e1tit se do \u017eivota<\/p>\n\n\n\n<p>V prvn\u00ed \u0159ad\u011b Gabriela pot\u0159ebuje upravit sv\u016fj domov tak, aby se v n\u011bm mohla bezpe\u010dn\u011b pohybovat.<\/p>\n\n\n\n<p>R\u00e1da by si po\u0159\u00eddila i kvalitn\u00ed prot\u00e9zy a dal\u0161\u00ed pom\u016fcky, bez kter\u00fdch se obejde jen st\u011b\u017e\u00ed. D\u00edky nim se bude moci op\u011bt alespo\u0148 \u010d\u00e1ste\u010dn\u011b vr\u00e1tit nejen ke sv\u00fdm z\u00e1jm\u016fm, ale tak\u00e9 do sv\u00e9ho zam\u011bstn\u00e1n\u00ed. V neposledn\u00ed \u0159ad\u011b tu bude moci b\u00fdt v\u00edce i pro sv\u00e9ho vnuka.<\/p>\n\n\n\n<p>Probl\u00e9mem ale je, \u017ee poji\u0161\u0165ovna j\u00ed na v\u0161echno nep\u0159isp\u011bje. Zalo\u017eila proto sb\u00edrku na dobro\u010dinn\u00e9 platform\u011b Donio (<a href=\"https:\/\/donio.cz\/pomoc-pro-gabcu-po-amputaci-obou-dolnich-koncetin\" target=\"_blank\" rel=\"noreferrer noopener\">https:\/\/donio.cz\/pomoc-pro-gabcu-po-amputaci-obou-dolnich-koncetin<\/a>), ve kter\u00e9 vyb\u00edr\u00e1 200 000 korun.<\/p>\n\n\n\n<p>Kate\u0159ina N\u011bmcov\u00e1<\/p>\n\n\n\n<p>Den\u00edk.cz<\/p>\n\n\n\n<p><a href=\"https:\/\/www.denik.cz\" target=\"_blank\" rel=\"noreferrer noopener\">https:\/\/www.denik.cz<\/a><\/p>\n","protected":false},"excerpt":{"rendered":"<div class=\"mh-excerpt\"><p>Jednoho r\u00e1na se Gabriela Kone\u010dn\u00e1 z Brna probudila s modr\u00fdm palcem u nohy. Tehdy je\u0161t\u011b netu\u0161ila, \u017ee to bude za\u010d\u00e1tek cesty, kter\u00e1 j\u00ed nav\u017edy zm\u011bn\u00ed <a class=\"mh-excerpt-more\" href=\"https:\/\/www.invarena.cz\/?p=56553\" title=\"G\u00e1bin\u011b z Brna p\u0159es noc zmodral palec. Nakonec j\u00ed museli amputovat ob\u011b nohy\">[&#8230;]<\/a><\/p>\n<\/div>","protected":false},"author":1,"featured_media":1457,"comment_status":"open","ping_status":"closed","sticky":false,"template":"","format":"standard","meta":{"footnotes":""},"categories":[9],"tags":[],"class_list":["post-56553","post","type-post","status-publish","format-standard","has-post-thumbnail","hentry","category-zpravy"],"_links":{"self":[{"href":"https:\/\/www.invarena.cz\/index.php?rest_route=\/wp\/v2\/posts\/56553","targetHints":{"allow":["GET"]}}],"collection":[{"href":"https:\/\/www.invarena.cz\/index.php?rest_route=\/wp\/v2\/posts"}],"about":[{"href":"https:\/\/www.invarena.cz\/index.php?rest_route=\/wp\/v2\/types\/post"}],"author":[{"embeddable":true,"href":"https:\/\/www.invarena.cz\/index.php?rest_route=\/wp\/v2\/users\/1"}],"replies":[{"embeddable":true,"href":"https:\/\/www.invarena.cz\/index.php?rest_route=%2Fwp%2Fv2%2Fcomments&post=56553"}],"version-history":[{"count":0,"href":"https:\/\/www.invarena.cz\/index.php?rest_route=\/wp\/v2\/posts\/56553\/revisions"}],"wp:featuredmedia":[{"embeddable":true,"href":"https:\/\/www.invarena.cz\/index.php?rest_route=\/wp\/v2\/media\/1457"}],"wp:attachment":[{"href":"https:\/\/www.invarena.cz\/index.php?rest_route=%2Fwp%2Fv2%2Fmedia&parent=56553"}],"wp:term":[{"taxonomy":"category","embeddable":true,"href":"https:\/\/www.invarena.cz\/index.php?rest_route=%2Fwp%2Fv2%2Fcategories&post=56553"},{"taxonomy":"post_tag","embeddable":true,"href":"https:\/\/www.invarena.cz\/index.php?rest_route=%2Fwp%2Fv2%2Ftags&post=56553"}],"curies":[{"name":"wp","href":"https:\/\/api.w.org\/{rel}","templated":true}]}}