{"id":56637,"date":"2025-04-26T09:16:09","date_gmt":"2025-04-26T07:16:09","guid":{"rendered":"https:\/\/www.invarena.cz\/?p=56637"},"modified":"2025-04-26T09:16:09","modified_gmt":"2025-04-26T07:16:09","slug":"podvodny-podnikatel-nevrati-penize-ani-invalidum","status":"publish","type":"post","link":"https:\/\/www.invarena.cz\/?p=56637","title":{"rendered":"Podvodn\u00fd podnikatel nevr\u00e1t\u00ed pen\u00edze ani invalid\u016fm"},"content":{"rendered":"\n<p>NOVA &#8211; Televizn\u00ed noviny<\/p>\n\n\n\n<p><br \/>Nab\u00edzel d\u0159ev\u011bn\u00e9 domky, kas\u00edroval z\u00e1lohy, nic nepostavil a pen\u00edze nevr\u00e1til. A bral je i od\u00a0<strong>posti\u017een\u00fdch<\/strong>. Na p\u0159\u00edpad podnikatele z libereck\u00e9 pily upozornili kolegov\u00e9 z po\u0159adu Na va\u0161\u00ed stran\u011b u\u017e v lednu, ale od t\u00e9 doby se oz\u00fdvaj\u00ed dal\u0161\u00ed po\u0161kozen\u00ed.<\/p>\n\n\n\n<p>Daniela Ha\u0161tabov\u00e1, po\u0161kozen\u00e1<br \/>&#8212;&#8212;&#8212;&#8212;&#8212;&#8212;&#8211;<br \/>Budu to prost\u011b ka\u017edej m\u011bs\u00edc spl\u00e1cet prost\u011b z pen\u011bz, kter\u00fd m\u00e1me m\u00edt na j\u00eddlo.<\/p>\n\n\n\n<p>, redaktor<br \/>&#8212;&#8212;&#8212;&#8212;&#8212;&#8212;&#8211;<br \/>Pan\u00ed Daniela se star\u00e1 o syna s Downov\u00fdm syndromem. N\u00e1jem hled\u00e1 t\u011b\u017eko. \u00da\u0159ady j\u00ed povolily d\u0159ev\u011bn\u00fd domek na zahrad\u011b. Loni si pl\u00e1cla s Tom\u00e1\u0161em Bittnerem z libereck\u00e9 pily. Vybrala \u00faspory, p\u016fj\u010dila si a p\u0159edem mu zaplatila polovinu, p\u0159es 300 000.<\/p>\n\n\n\n<p>Daniela Ha\u0161tabov\u00e1, po\u0161kozen\u00e1<br \/>&#8212;&#8212;&#8212;&#8212;&#8212;&#8212;&#8211;<br \/>Pan Bittner jako m\u011b p\u0159esv\u011bd\u010dil, \u017ee vlastn\u011b z\u010d\u00e1sti to chce ud\u011blat pro Mat\u011bje.<\/p>\n\n\n\n<p>, redaktor<br \/>&#8212;&#8212;&#8212;&#8212;&#8212;&#8212;&#8211;<br \/>V\u00fdsledkem je, \u017ee nem\u00e1 domek ani pen\u00edze. Podobn\u011b si Bittner nev\u00e1hal vz\u00edt 200 000 od mu\u017ee, kter\u00fd p\u0159i\u0161el o nohy.<\/p>\n\n\n\n<p>Petr Fechtner, po\u0161kozen\u00fd<br \/>&#8212;&#8212;&#8212;&#8212;&#8212;&#8212;&#8211;<br \/>Dobr\u00fd den, pane Bittner&#8230; Vy jste m\u011b jenom obral o pen\u00edze. Jenom sliby a sliby a l\u017ei.<\/p>\n\n\n\n<p>, redaktor<br \/>&#8212;&#8212;&#8212;&#8212;&#8212;&#8212;&#8211;<br \/>Po\u0161kozen\u00fdch je ale mnohem v\u00edc.<\/p>\n\n\n\n<p>Tom\u00e1\u0161 Bittner, podnikatel a um\u011blec<br \/>&#8212;&#8212;&#8212;&#8212;&#8212;&#8212;&#8211;<br \/>A\u0165 d\u00e1vaj\u00ed ozn\u00e1men\u00ed.<\/p>\n\n\n\n<p>Daniela Ha\u0161tabov\u00e1, po\u0161kozen\u00e1<br \/>&#8212;&#8212;&#8212;&#8212;&#8212;&#8212;&#8211;<br \/>Tak\u017ee moji z\u00e1lohu m\u00e1te?<\/p>\n\n\n\n<p>Tom\u00e1\u0161 Bittner, podnikatel a um\u011blec<br \/>&#8212;&#8212;&#8212;&#8212;&#8212;&#8212;&#8211;<br \/>Ne, nem\u00e1m.<\/p>\n\n\n\n<p>Vojt\u011bch Robovsk\u00fd, mluv\u010d\u00ed Policie \u010cR, Libereck\u00fd kraj<br \/>&#8212;&#8212;&#8212;&#8212;&#8212;&#8212;&#8211;<br \/>Jsou prov\u011b\u0159ov\u00e1ny okolnosti maj\u00edc\u00ed znaky trestn\u00fdch \u010din\u016f podvodu a zpronev\u011bry.<\/p>\n\n\n\n<p>, redaktor<br \/>&#8212;&#8212;&#8212;&#8212;&#8212;&#8212;&#8211;<br \/>Policie odkr\u00fdv\u00e1 spletit\u00e9 toky pen\u011bz i materi\u00e1l\u016f. \u0158ada plateb byla podle sv\u011bdk\u016f v hotovosti. Sotva mu skon\u010dilo oddlu\u017een\u00ed, Bittner za\u010dal s podnik\u00e1n\u00edm. To bylo p\u0159ed t\u0159emi lety. Pronajal si pilu a znovu \u010delil exekuci. Z\u00e1jemci se hrnuli, exekuc\u00ed p\u0159ib\u00fdvalo. Neplatil ani dodavateli oken.<\/p>\n\n\n\n<p>Josef Verner, po\u0161kozen\u00fd<br \/>&#8212;&#8212;&#8212;&#8212;&#8212;&#8212;&#8211;<br \/>Nikdo z n\u011bj nic nedostane. Lid\u00ed je spousta. I j\u00e1, star\u00fd pitomec. Dlu\u017e\u00ed mi 200 tis\u00edc.<\/p>\n\n\n\n<p>, redaktor<br \/>&#8212;&#8212;&#8212;&#8212;&#8212;&#8212;&#8211;<br \/>Na pile to Bittner zabalil, ale maluje a prod\u00e1v\u00e1 sv\u00e9 obrazy. U pra\u017esk\u00e9ho M\u00e1nesa se m\u00e1 sej\u00edt se z\u00e1jemcem. P\u0159i\u0161el d\u0159\u00edv. Jdeme na to. Dobr\u00fd den, pane Bittner. P\u0159ekvapen\u00ed, o obrazech \u0159e\u010d opravdu nebude. Co ty lidi, co t\u011bch 200 tis\u00edc?<\/p>\n\n\n\n<p>Tom\u00e1\u0161 Bittner, podnikatel a um\u011blec<br \/>&#8212;&#8212;&#8212;&#8212;&#8212;&#8212;&#8211;<br \/>J\u00e1 nem\u00e1m z\u00e1jem s v\u00e1ma mluvit.<\/p>\n\n\n\n<p>, redaktor<br \/>&#8212;&#8212;&#8212;&#8212;&#8212;&#8212;&#8211;<br \/>Kam jste ty pen\u00edze dal? Kv\u016fli v\u00e1m se na pan\u00ed d\u011bl\u00e1 sb\u00edrka.\u00a0<strong>Posti\u017een\u00fd<\/strong>\u00a0syn, Down\u016fv syndrom a vy je p\u0159ipravujete o pen\u00edze. Sly\u0161\u00edte?<\/p>\n\n\n\n<p>Tom\u00e1\u0161 Bittner, podnikatel a um\u011blec<br \/>&#8212;&#8212;&#8212;&#8212;&#8212;&#8212;&#8211;<br \/>Bez koment\u00e1\u0159e.<\/p>\n\n\n\n<p>, redaktor<br \/>&#8212;&#8212;&#8212;&#8212;&#8212;&#8212;&#8211;<br \/>Bittnerovi jsme p\u0159ipomn\u011bli, komu dlu\u017e\u00ed.<\/p>\n\n\n\n<p>Petra Kol\u00e1\u0159ov\u00e1, v\u00fdkonn\u00e1 \u0159editelka \u010cesk\u00e9 asociace v\u011b\u0159itel\u016f<br \/>&#8212;&#8212;&#8212;&#8212;&#8212;&#8212;&#8211;<br \/>Ob\u00e1v\u00e1m se, \u017ee ta nad\u011bje na n\u00e1vratnost t\u00e9 pohled\u00e1vky je minim\u00e1ln\u00ed. V N\u011bmecku je b\u011b\u017en\u00fd princip prop\u00edchnut\u00ed z\u00e1voje spole\u010dnosti, tak vlastn\u011b je mo\u017en\u00e9 ty pohled\u00e1vky n\u011bjak\u00fdm zp\u016fsobem uplat\u0148ovat na t\u011bch jednatel\u00edch, kte\u0159\u00ed jednali podvodn\u011b. To bohu\u017eel u n\u00e1s nefunguje.<\/p>\n\n\n\n<p>Michal \u017di\u017elavsk\u00fd, pr\u00e1vn\u00edk a insolven\u010dn\u00ed spr\u00e1vce<br \/>&#8212;&#8212;&#8212;&#8212;&#8212;&#8212;&#8211;<br \/>Vymahatelnost v\u00fdrazn\u011b kles\u00e1 v oddlu\u017een\u00edch, co\u017e m\u00e1 prost\u011b za n\u00e1sledek ta posledn\u00ed a p\u0159edposledn\u00ed novela insolven\u010dn\u00edho z\u00e1kona.<\/p>\n\n\n\n<p>Daniela Ha\u0161tabov\u00e1, po\u0161kozen\u00e1<br \/>&#8212;&#8212;&#8212;&#8212;&#8212;&#8212;&#8211;<br \/>Fakt nev\u00edm, jak to prost\u011b jako dopadne.<\/p>\n\n\n\n<p>, redaktor<br \/>&#8212;&#8212;&#8212;&#8212;&#8212;&#8212;&#8211;<br \/>Propojili jsme ji s organizac\u00ed Znesn\u00e1ze21. Ve sb\u00edrce se pro ni u\u017e vybralo p\u0159es 200 000. D\u011bkujeme. <\/p>\n\n\n\n<p>televize Nova.<\/p>\n","protected":false},"excerpt":{"rendered":"<div class=\"mh-excerpt\"><p>NOVA &#8211; Televizn\u00ed noviny Nab\u00edzel d\u0159ev\u011bn\u00e9 domky, kas\u00edroval z\u00e1lohy, nic nepostavil a pen\u00edze nevr\u00e1til. A bral je i od\u00a0posti\u017een\u00fdch. Na p\u0159\u00edpad podnikatele z libereck\u00e9 pily <a class=\"mh-excerpt-more\" href=\"https:\/\/www.invarena.cz\/?p=56637\" title=\"Podvodn\u00fd podnikatel nevr\u00e1t\u00ed pen\u00edze ani invalid\u016fm\">[&#8230;]<\/a><\/p>\n<\/div>","protected":false},"author":1,"featured_media":56701,"comment_status":"open","ping_status":"closed","sticky":false,"template":"","format":"standard","meta":{"footnotes":""},"categories":[7],"tags":[],"class_list":["post-56637","post","type-post","status-publish","format-standard","has-post-thumbnail","hentry","category-spolecnost"],"_links":{"self":[{"href":"https:\/\/www.invarena.cz\/index.php?rest_route=\/wp\/v2\/posts\/56637","targetHints":{"allow":["GET"]}}],"collection":[{"href":"https:\/\/www.invarena.cz\/index.php?rest_route=\/wp\/v2\/posts"}],"about":[{"href":"https:\/\/www.invarena.cz\/index.php?rest_route=\/wp\/v2\/types\/post"}],"author":[{"embeddable":true,"href":"https:\/\/www.invarena.cz\/index.php?rest_route=\/wp\/v2\/users\/1"}],"replies":[{"embeddable":true,"href":"https:\/\/www.invarena.cz\/index.php?rest_route=%2Fwp%2Fv2%2Fcomments&post=56637"}],"version-history":[{"count":0,"href":"https:\/\/www.invarena.cz\/index.php?rest_route=\/wp\/v2\/posts\/56637\/revisions"}],"wp:featuredmedia":[{"embeddable":true,"href":"https:\/\/www.invarena.cz\/index.php?rest_route=\/wp\/v2\/media\/56701"}],"wp:attachment":[{"href":"https:\/\/www.invarena.cz\/index.php?rest_route=%2Fwp%2Fv2%2Fmedia&parent=56637"}],"wp:term":[{"taxonomy":"category","embeddable":true,"href":"https:\/\/www.invarena.cz\/index.php?rest_route=%2Fwp%2Fv2%2Fcategories&post=56637"},{"taxonomy":"post_tag","embeddable":true,"href":"https:\/\/www.invarena.cz\/index.php?rest_route=%2Fwp%2Fv2%2Ftags&post=56637"}],"curies":[{"name":"wp","href":"https:\/\/api.w.org\/{rel}","templated":true}]}}