{"id":56639,"date":"2025-04-26T09:23:14","date_gmt":"2025-04-26T07:23:14","guid":{"rendered":"https:\/\/www.invarena.cz\/?p=56639"},"modified":"2025-04-26T09:23:31","modified_gmt":"2025-04-26T07:23:31","slug":"zena-se-vzacnym-genetickym-onemocnenim-ma-potize-s-priznanim-plne-invalidity","status":"publish","type":"post","link":"https:\/\/www.invarena.cz\/?p=56639","title":{"rendered":"\u017dena se vz\u00e1cn\u00fdm genetick\u00fdm onemocn\u011bn\u00edm m\u00e1 pot\u00ed\u017ee s p\u0159izn\u00e1n\u00edm pln\u00e9 invalidity"},"content":{"rendered":"\n<p>\u010cT 1 &#8211; \u010cern\u00e9 ovce<\/p>\n\n\n\n<p><\/p>\n\n\n\n<p>Vr\u00e1t\u00edme se k p\u0159\u00edb\u011bhu \u017eeny se vz\u00e1cnou genetickou poruchou. Nejd\u0159\u00edv j\u00ed \u00fa\u0159ady necht\u011bly p\u0159iznat t\u0159et\u00ed stupe\u0148 invalidity. Te\u010f j\u00ed pro zm\u011bnu odebraly pr\u016fkaz ZTP\/P. Pro\u010d j\u00ed necht\u011bj\u00ed nechat alespo\u0148 t\u011bch n\u011bkolik m\u00e1lo v\u00fdhod, kter\u00e9 z n\u011bj plynou?<\/p>\n\n\n\n<p>Pan\u00ed Sikorov\u00e1 z Ostravy se na n\u00e1s obr\u00e1tila, proto\u017ee j\u00ed byl opakovan\u011b zam\u00edt\u00e1n pln\u00fd invalidn\u00ed d\u016fchod, a to i p\u0159esto, \u017ee se jej\u00ed zdravotn\u00ed stav kv\u016fli jej\u00edmu vz\u00e1cn\u00e9mu genetick\u00e9mu onemocn\u011bn\u00ed st\u00e1le zhor\u0161oval a nebyla schopn\u00e1 p\u0159iv\u00fdd\u011blku.<\/p>\n\n\n\n<p>Marie Sikorov\u00e1, pacientka<br \/>&#8212;&#8212;&#8212;&#8212;&#8212;&#8212;&#8211;<br \/>Toto specifick\u00e9 genetick\u00e9&nbsp;<strong>posti\u017een\u00ed<\/strong>&nbsp;je velice vz\u00e1cn\u00e9, jmenuje se syndrom Ellis-van-Creveld a je specifick\u00e9 v tom, \u017ee jsem se narodila se \u0161esti prsty na rukou. V jednom roce mi byly tady tyhle dva p\u0159ebyte\u010dn\u00e9 prsty amputov\u00e1ny, a to z d\u016fvodu, aby tady ty prsty rostly rovn\u011b. Je z\u0159ejm\u00e9, \u017ee od narozen\u00ed m\u00e1m&nbsp;<strong>posti\u017eenou<\/strong>&nbsp;jemnou a hrubou motoriku.<\/p>\n\n\n\n<p>Miroslav Weber, ortoped<br \/>&#8212;&#8212;&#8212;&#8212;&#8212;&#8212;&#8211;<br \/>Pan\u00ed Sikorov\u00e1 m\u00e1, a\u010dkoliv se to nezd\u00e1, ale relativn\u011b v uvozovk\u00e1ch standardn\u00ed rozm\u011bry hrudn\u00edku, p\u00e1nve ale m\u00e1 v\u00fdrazn\u011b zkr\u00e1cen\u00e9 doln\u00ed a horn\u00ed kon\u010detiny. Nav\u00edc u toho pom\u011brn\u011b vz\u00e1cn\u00e9ho onemocn\u011bn\u00ed jsou posti\u017eeny i prsty, nehtov\u00e1 l\u016f\u017eka, zuby, velmi \u010dasto b\u00fdvaj\u00ed posti\u017eeny vnit\u0159n\u00ed org\u00e1ny.<\/p>\n\n\n\n<p>, redaktorka<br \/>&#8212;&#8212;&#8212;&#8212;&#8212;&#8212;&#8211;<br \/>Pan\u00ed Sikorov\u00e1 je jen 140 cm vysok\u00e1 a m\u00e1 i men\u0161\u00ed a m\u00e9n\u011b pohybliv\u00e9 prsty na nohou a rukou.<\/p>\n\n\n\n<p>Marie Sikorov\u00e1, pacientka<br \/>&#8212;&#8212;&#8212;&#8212;&#8212;&#8212;&#8211;<br \/>Kdy\u017e si chci n\u011bco otev\u0159\u00edt, tak to prost\u011b nejde, proto\u017ee to neuchop\u00edm.<\/p>\n\n\n\n<p>, redaktorka<br \/>&#8212;&#8212;&#8212;&#8212;&#8212;&#8212;&#8211;<br \/>Z\u00edskala druh\u00fd stupe\u0148 invalidity a s pen\u011bzi, kter\u00e9 dostala, musela vysta\u010dit \u0159adu let. \u010casem ale za\u010dala m\u00edt probl\u00e9my i s ch\u016fz\u00ed, a tak po\u017e\u00e1dala o t\u0159et\u00ed stupe\u0148 invalidity. Ten j\u00ed ale \u010cesk\u00e1 spr\u00e1va soci\u00e1ln\u00edho zabezpe\u010den\u00ed zam\u00edtla. Podle pan\u00ed Sikorov\u00e9 to bylo t\u00edm, \u017ee jej\u00ed nemoc posudkov\u00fd l\u00e9ka\u0159 neznal, proto\u017ee je pom\u011brn\u011b vz\u00e1cn\u00e1.<\/p>\n\n\n\n<p>Miroslav Weber, ortoped<br \/>&#8212;&#8212;&#8212;&#8212;&#8212;&#8212;&#8211;<br \/>Ona toti\u017e m\u00e1 vrozen\u011b jin\u00fd \u00fapln\u011b tvar t\u0159eba kloubn\u00edch \u0161t\u011brbin, to, \u017ee je ten kloub&nbsp;<strong>posti\u017een\u00fd<\/strong>, \u017ee je jinak jakoby vytvo\u0159en\u00fd, podle m\u011b nen\u00ed posti\u017eeno v \u017e\u00e1dn\u00fdch tabulk\u00e1ch. \u00da\u0159edn\u00edci na soci\u00e1ln\u00ed spr\u00e1v\u011b na podobn\u00e9 v\u011bci tedy toto n\u011bjak\u00fdm zp\u016fsobem nereflektuj\u00ed.<\/p>\n\n\n\n<p>, redaktorka<br \/>&#8212;&#8212;&#8212;&#8212;&#8212;&#8212;&#8211;<br \/>V souvislosti se zam\u00edtnut\u00edm t\u0159et\u00edho stupn\u011b invalidity se se\u0161la i p\u0159\u00edmo s ministrem pr\u00e1ce a soci\u00e1ln\u00edch v\u011bc\u00ed. Sch\u016fzka ale nedopadla dob\u0159e. Ministr Jure\u010dka j\u00ed \u0159ekl, \u017ee by m\u011bla j\u00edt pracovat.<\/p>\n\n\n\n<p>Marie Sikorov\u00e1, pacientka<br \/>&#8212;&#8212;&#8212;&#8212;&#8212;&#8212;&#8211;<br \/>Bych t\u0159eba mohla d\u011blat oper\u00e1torku, co\u017e l\u00e9ka\u0159i mi tohle neumo\u017en\u00ed, proto\u017ee zdravotn\u00ed stav tomu neodpov\u00edd\u00e1.<\/p>\n\n\n\n<p>, redaktorka<br \/>&#8212;&#8212;&#8212;&#8212;&#8212;&#8212;&#8211;<br \/>Pan\u00ed Sikorov\u00e9 jsme tedy doporu\u010dili pod\u00e1n\u00ed \u017e\u00e1dosti o odstran\u011bn\u00ed tvrdosti z\u00e1kona, o kter\u00e9 rozhoduje tak\u00e9 ministr a m\u016f\u017ee ji podat nap\u0159\u00edklad ten, kdo m\u00e1 specifick\u00e9 probl\u00e9my. A to se nakonec povedlo. \u017d\u00e1dosti bylo vyhov\u011bno a pan\u00ed Sikorov\u00e1 se do\u010dkala p\u0159izn\u00e1n\u00ed t\u0159et\u00edho stupn\u011b invalidity. Mezit\u00edm j\u00ed ale odebrali pr\u016fkazku ZTP\/P. Ta j\u00ed umo\u017e\u0148ovala pohybovat se s doprovodem, kter\u00fd pak m\u011bl nap\u0159\u00edklad j\u00edzdn\u00e9 v MHD zdarma nebo zv\u00fdhodn\u011bn\u00e9 parkov\u00e1n\u00ed.<\/p>\n\n\n\n<p>Marie Sikorov\u00e1, pacientka<br \/>&#8212;&#8212;&#8212;&#8212;&#8212;&#8212;&#8211;<br \/>U\u017e n\u011bkolik m\u011bs\u00edc\u016f pou\u017e\u00edv\u00e1m k ch\u016fzi chod\u00edtko, kdy si vlastn\u011b odleh\u010duju tu p\u00e1te\u0159 i ty kolena. Te\u010fko m\u00e1m za sebou \u010derstv\u011b hospitalizaci v rehabilita\u010dn\u00edm \u00fastavu, \u010dasto od t\u00e9 doby, co jsme se nevid\u011bli, jsem chodila na pohotovost, na obst\u0159iky, na infuze.<\/p>\n\n\n\n<p>Miroslav Weber, ortoped<br \/>&#8212;&#8212;&#8212;&#8212;&#8212;&#8212;&#8211;<br \/>Ten \u010dlov\u011bk nen\u00ed schopn\u00fd standardn\u00ed ch\u016fze, mus\u00ed prost\u011b p\u0159en\u00e1\u0161et v\u00e1hu zleva doprava, t\u00edm se nam\u00e1haj\u00ed bedra, b\u00fdv\u00e1 u toho samoz\u0159ejm\u011b i&nbsp;<strong>posti\u017een\u00ed<\/strong>&nbsp;kr\u010dn\u00ed, bedern\u00ed p\u00e1te\u0159e a to d\u00e1l ve spir\u00e1le jakoby prohlubuje ty obt\u00ed\u017ee, kter\u00fd ji omezuj\u00ed v n\u011bjak\u00fdch jakoby \u010dinnostech.<\/p>\n\n\n\n<p>, redaktorka<br \/>&#8212;&#8212;&#8212;&#8212;&#8212;&#8212;&#8211;<br \/>K p\u0159\u00edpadu pan\u00ed Sikorov\u00e9 jsme se vr\u00e1tili. Ta se ohledn\u011b pr\u016fkazky ZTP\/P obr\u00e1tila na soud. Tam Ministerstvo pr\u00e1ce a soci\u00e1ln\u00edch v\u011bc\u00ed argumentovalo, \u017ee kdysi, kdy\u017e j\u00ed byl tento pr\u016fkaz p\u0159iznan\u00fd do konce \u017eivota, se jednalo o omyl. To pochyben\u00ed bylo n\u011bjak konkretizovan\u00fd?<\/p>\n\n\n\n<p>Marie Sikorov\u00e1, pacientka<br \/>&#8212;&#8212;&#8212;&#8212;&#8212;&#8212;&#8211;<br \/>Jenom \u017ee se spletla a nadhodnotila posudek.<br \/>Tehdej\u0161\u00ed l\u00e9ka\u0159ka.<\/p>\n\n\n\n<p>V\u00e1clav Kr\u00e1sa, p\u0159edseda, N\u00e1rodn\u00ed rada osob se zdravotn\u00edm posti\u017een\u00edm \u010cR, z.s.<br \/>&#8212;&#8212;&#8212;&#8212;&#8212;&#8212;&#8211;<br \/>Posudkov\u00e1 slu\u017eba v\u016fbec neod\u016fvodnila, v \u010dem tehdy v tom roce 2016 bylo to hodnocen\u00ed nadhodnocen\u00e9. To konstatov\u00e1n\u00ed vlastn\u00ed, i soud \u0159\u00edk\u00e1, \u017ee prost\u011b neobstoj\u00ed p\u0159ed ni\u010d\u00edm.<\/p>\n\n\n\n<p>, redaktorka<br \/>&#8212;&#8212;&#8212;&#8212;&#8212;&#8212;&#8211;Soud tak\u00e9 zkritizoval z\u00e1v\u011bry posudkov\u00e9ho l\u00e9ka\u0159e, kter\u00e9 vyhodnotil jako velmi stru\u010dn\u00e9 a nep\u0159esv\u011bd\u010div\u00e9.<\/p>\n\n\n\n<p>Petr Mikysek, advok\u00e1t<br \/>&#8212;&#8212;&#8212;&#8212;&#8212;&#8212;&#8211;<br \/>Rozhodnut\u00ed MPSV konstatuje&nbsp;<strong>posti\u017een\u00ed<\/strong>&nbsp;dvou funk\u010dn\u00edch celk\u016f, to znamen\u00e1 doln\u00edch kon\u010detin a horn\u00edch kon\u010detin, a pr\u00e1v\u011b rozsudek Krajsk\u00e9ho soudu v Ostrav\u011b \u0159\u00edk\u00e1, \u017ee m\u00e1 MPSV zd\u016fvodnit, pro\u010d kdy\u017e bylo zji\u0161t\u011bno po\u0161kozen\u00ed dal\u0161\u00edho funk\u010dn\u00edho celku, co\u017e je v tomto p\u0159\u00edpad\u011b p\u00e1te\u0159, tak pro\u010d to nezapo\u010detl jako poruchu t\u0159et\u00edho funk\u010dn\u00edho celku.<\/p>\n\n\n\n<p>Marie Sikorov\u00e1, pacientka<br \/>&#8212;&#8212;&#8212;&#8212;&#8212;&#8212;&#8211;<br \/>\u017de to ministerstvo nevyhodnotilo spr\u00e1vn\u011b,&nbsp;<strong>posti\u017een\u00ed<\/strong>&nbsp;rukou, nohou a p\u00e1te\u0159e, \u017ee to vlastn\u011b jakoby nese\u010detli.<\/p>\n\n\n\n<p>, redaktorka<br \/>&#8212;&#8212;&#8212;&#8212;&#8212;&#8212;&#8211;<br \/>Proto\u017ee pokud m\u00e1 n\u011bkdo po\u0161kozen\u00e9 alespo\u0148 t\u0159i \u010d\u00e1sti t\u011bla, m\u011bl by m\u00edt n\u00e1rok na pr\u016fkazku ZTP\/P. Tak je to ve vyhl\u00e1\u0161ce Ministerstva pr\u00e1ce a soci\u00e1ln\u00edch v\u011bc\u00ed.<\/p>\n\n\n\n<p>Petr Mikysek, advok\u00e1t<br \/>&#8212;&#8212;&#8212;&#8212;&#8212;&#8212;&#8211;<br \/>P\u0159i\u010dem\u017e funk\u010dn\u00edmi celky vyhl\u00e1\u0161ka definuje hrudn\u00edk, p\u00e1te\u0159, p\u00e1nev a kon\u010detiny horn\u00ed i doln\u00ed.<\/p>\n\n\n\n<p>, redaktorka<br \/>&#8212;&#8212;&#8212;&#8212;&#8212;&#8212;&#8211;<br \/>Pan\u00ed Sikorov\u00e1 soud vyhr\u00e1la a p\u0159\u00edpad se vr\u00e1til na ministerstvo, kter\u00e9 nechalo vypracovat nov\u00fd posudek. V n\u011bm ale posudkov\u00fd l\u00e9ka\u0159 vych\u00e1zel z v\u00edce jak rok star\u00fdch l\u00e9ka\u0159sk\u00fdch zpr\u00e1v. O jin\u00e9 si v\u00e1s nepo\u017e\u00e1dali?<\/p>\n\n\n\n<p>Marie Sikorov\u00e1, pacientka<br \/>&#8212;&#8212;&#8212;&#8212;&#8212;&#8212;&#8211;<br \/>Nepo\u017e\u00e1dali a ani nepo\u017e\u00e1dali o osobn\u00ed sch\u016fzku, aby m\u011b ten l\u00e9ka\u0159 vid\u011bl, \u017ee jo.<\/p>\n\n\n\n<p>, redaktorka<br \/>&#8212;&#8212;&#8212;&#8212;&#8212;&#8212;&#8211;<br \/>Tak\u017ee vych\u00e1zeli jenom z n\u011b\u010deho, co je vlastn\u011b star\u00e9 rok a v\u00edce.<\/p>\n\n\n\n<p>Marie Sikorov\u00e1, pacientka<br \/>&#8212;&#8212;&#8212;&#8212;&#8212;&#8212;&#8211;<br \/>Ano, a ten zdravotn\u00ed stav se zhor\u0161uje, tud\u00ed\u017e to ani u\u017e nen\u00ed de facto aktu\u00e1ln\u00ed.<\/p>\n\n\n\n<p>, redaktorka<br \/>&#8212;&#8212;&#8212;&#8212;&#8212;&#8212;&#8211;<br \/>Ty nohy se po\u0159\u00e1d zhor\u0161uj\u00ed, jsou teda hor\u0161\u00ed, ne\u017e kdy\u017e jsme tady byli p\u0159ed rokem?<\/p>\n\n\n\n<p>Miroslav Weber, ortoped<br \/>&#8212;&#8212;&#8212;&#8212;&#8212;&#8212;&#8211;<br \/>Pomalu, ale jist\u011b ano. Proto je vlastn\u011b vybavena t\u00edm chod\u00edtkem a dal\u0161\u00edmi jakoby pom\u016fckami, aby ta z\u00e1t\u011b\u017e se byla schopn\u00e1 rozprost\u0159\u00edt na co nejv\u011bt\u0161\u00ed plochu.<\/p>\n\n\n\n<p>, redaktorka<br \/>&#8212;&#8212;&#8212;&#8212;&#8212;&#8212;&#8211;<br \/>Pr\u016fkaz ZTP\/P byl pan\u00ed Sikorov\u00e9 op\u011bt zam\u00edtnut\u00fd, a to i p\u0159esto, \u017ee j\u00ed tentokr\u00e1t bylo uzn\u00e1no&nbsp;<strong>posti\u017een\u00ed<\/strong>&nbsp;t\u0159\u00ed \u010d\u00e1st\u00ed t\u011bla.<\/p>\n\n\n\n<p>Petr Mikysek, advok\u00e1t<br \/>&#8212;&#8212;&#8212;&#8212;&#8212;&#8212;&#8211;<br \/>V nov\u00e9m rozhodnut\u00ed Ministerstvo pr\u00e1ce a soci\u00e1ln\u00edch v\u011bc\u00ed p\u0159ipou\u0161t\u00ed, \u017ee pan\u00ed Sikorov\u00e1 m\u00e1&nbsp;<strong>posti\u017een\u00ed<\/strong>&nbsp;t\u0159\u00ed funk\u010dn\u00edch celk\u016f, ale podle jejich v\u00fdkladu se nejedn\u00e1 o natolik z\u00e1va\u017en\u00e1 po\u0161kozen\u00ed, aby to spl\u0148ovalo podm\u00ednky vyd\u00e1n\u00ed t\u00e9 pr\u016fkazky. Nicm\u00e9n\u011b, ta prov\u00e1d\u011bc\u00ed vyhl\u00e1\u0161ka nestanov\u00ed jako krit\u00e9rium z\u00e1va\u017en\u00e9 po\u0161kozen\u00ed, ale prost\u011b jak\u00e9koliv po\u0161kozen\u00ed t\u011bchto t\u0159\u00ed funk\u010dn\u00edch celk\u016f. \u010cili podle m\u00e9ho n\u00e1zoru toto rozhodnut\u00ed neodpov\u00edd\u00e1 minim\u00e1ln\u011b prov\u00e1d\u011bc\u00ed vyhl\u00e1\u0161ce.<\/p>\n\n\n\n<p>, redaktorka<br \/>&#8212;&#8212;&#8212;&#8212;&#8212;&#8212;&#8211;<br \/>O vyj\u00e1d\u0159en\u00ed jsme po\u017e\u00e1dali i Ministerstvo pr\u00e1ce a soci\u00e1ln\u00edch v\u011bc\u00ed. To n\u00e1m napsalo, \u017ee se k p\u0159\u00edpadu pan\u00ed Sikorov\u00e9 konkr\u00e9tn\u011b vyjad\u0159ovat nebude. Pr\u00fd jej\u00ed p\u0159\u00edpad je\u0161t\u011b nen\u00ed uzav\u0159en\u00fd. To ale nen\u00ed pravda.<\/p>\n\n\n\n<p>Petr Mikysek, advok\u00e1t<br \/>&#8212;&#8212;&#8212;&#8212;&#8212;&#8212;&#8211;<br \/>Doru\u010den\u00edm rozhodnut\u00ed Ministerstva pr\u00e1ce a soci\u00e1ln\u00edch v\u011bc\u00ed o odvol\u00e1n\u00ed pan\u00ed Sikorov\u00e9 je to rozhodnut\u00ed pravomocn\u00e9, to znamen\u00e1, je to uzav\u0159en\u00e9.<\/p>\n\n\n\n<p>, redaktorka<br \/>&#8212;&#8212;&#8212;&#8212;&#8212;&#8212;&#8211;<br \/>Posudkov\u00fd l\u00e9ka\u0159 ve sv\u00e9 spr\u00e1v\u011b nav\u00edc uvedl, \u017ee pan\u00ed Sikorov\u00e1 dostane pr\u016fkaz ZTP\/P tehdy, a\u017e bude minim\u00e1ln\u011b jeden rok na voz\u00edku.<\/p>\n\n\n\n<p>V\u00e1clav Kr\u00e1sa, p\u0159edseda N\u00e1rodn\u00ed rady osob se zdravotn\u00edm posti\u017een\u00edm<br \/>&#8212;&#8212;&#8212;&#8212;&#8212;&#8212;&#8211;<br \/>U\u017e v\u016fbec nen\u00ed pravdiv\u00e9, a to nikde ani nenajdete, \u017ee n\u00e1rok na pr\u016fkaz ZTP\/P, to znamen\u00e1 s t\u00edm pr\u016fvodcem, je a\u017e tehdy, kdy\u017e je n\u011bkdo rok na voz\u00edku. To je prost\u011b nesmysl.<\/p>\n\n\n\n<p>, redaktorka<br \/>&#8212;&#8212;&#8212;&#8212;&#8212;&#8212;&#8211;<br \/>Z\u00e1kon hovo\u0159\u00ed o invalidn\u00edm voz\u00edku pouze jako o p\u0159\u00edkladu.<\/p>\n\n\n\n<p>Petr Mikysek, advok\u00e1t<br \/>&#8212;&#8212;&#8212;&#8212;&#8212;&#8212;&#8211;<br \/>T\u00edm, \u017ee z\u00e1kon uv\u00e1d\u00ed invalidn\u00ed voz\u00edk jako p\u0159\u00edklad, tak samoz\u0159ejm\u011b i chod\u00edtko, to, \u017ee n\u011bkdo mus\u00ed pou\u017e\u00edvat chod\u00edtko, znamen\u00e1, \u017ee m\u00e1 t\u011b\u017ek\u00fd probl\u00e9m, zjednodu\u0161en\u011b \u0159e\u010deno, s ch\u016fz\u00ed venku i doma, a t\u00edm p\u00e1dem i tahle situace by m\u011bla b\u00fdt za\u0159azena do toho t\u011b\u017ek\u00e9ho&nbsp;<strong>posti\u017een\u00ed<\/strong>.<\/p>\n\n\n\n<p>, redaktorka<br \/>&#8212;&#8212;&#8212;&#8212;&#8212;&#8212;&#8211;<br \/>Uk\u00e1\u017eeme tedy, v \u010dem m\u00e1 pan\u00ed Sikorov\u00e1 probl\u00e9m.<\/p>\n\n\n\n<p>Marie Sikorov\u00e1, pacientka<br \/>&#8212;&#8212;&#8212;&#8212;&#8212;&#8212;&#8211;<br \/>L\u00e9k\u016f beru hodn\u011b, ale i s t\u00edmto pot\u0159ebuji pomoct, proto\u017ee a\u010d m\u00e1m pohybliv\u00e9 ruce, tak nem\u00e1m s\u00edlu v tom dostat ven ten l\u00e9k a tady tu lahvi\u010dku taky neodkrout\u00edm.<\/p>\n\n\n\n<p>, redaktorka<br \/>&#8212;&#8212;&#8212;&#8212;&#8212;&#8212;&#8211;<br \/>Pot\u0159ebuje pomoct i s hygienou na z\u00e1chod\u011b. A pr\u00e1v\u011b ruce jsou probl\u00e9mem p\u0159i pou\u017e\u00edv\u00e1n\u00ed chod\u00edtka. Fakticky se o n\u011bj jen op\u00edr\u00e1, rukama ho nenazdvihne a probl\u00e9m j\u00ed d\u011bl\u00e1 i sebemen\u0161\u00ed obrubn\u00edk. Kdy\u017e pan\u00ed Sikorov\u00e1 pou\u017e\u00edv\u00e1 to chod\u00edtko, v\u0161echno s n\u00edm zvl\u00e1dne sama, nebo pot\u0159ebuje vlastn\u011b pomoc?<\/p>\n\n\n\n<p>Miroslav Weber, ortoped<br \/>&#8212;&#8212;&#8212;&#8212;&#8212;&#8212;&#8211;<br \/>Budou existovat situace, kter\u00e9 nejsou zcela pro bezbari\u00e9rov\u00fd p\u0159\u00edstup, a\u0165 u\u017e je to pohyb po ve\u0159ejn\u00fdch prostranstv\u00edch, ve\u0159ejn\u00e1 doprava, tak\u017ee si mysl\u00edm, \u017ee ona nen\u00ed schopn\u00e1 vz\u00edt si ho a te\u010f n\u011bkde nastoupit do vlaku, autobusu.<\/p>\n\n\n\n<p>, redaktorka<br \/>&#8212;&#8212;&#8212;&#8212;&#8212;&#8212;&#8211;<br \/>A pomoc s chod\u00edtkem je pr\u00e1v\u011b d\u016fvod, pro\u010d pot\u0159ebuje doprovod, tedy pr\u016fkaz ZTP\/P.<\/p>\n\n\n\n<p>Marie Sikorov\u00e1, pacientka<br \/>&#8212;&#8212;&#8212;&#8212;&#8212;&#8212;&#8211;<br \/>Moment\u00e1ln\u011b \u0159e\u0161\u00edm probl\u00e9m se zuby, kdy pot\u0159ebuju, aby mi l\u00e9ka\u0159 ud\u011blal nov\u00fd spodn\u00ed m\u016fstek, a tady na tu polikliniku jezd\u00edm.<\/p>\n\n\n\n<p>, redaktorka<br \/>&#8212;&#8212;&#8212;&#8212;&#8212;&#8212;&#8211;<br \/>Tady je teda n\u011bkolik schod\u016f, ty s t\u00edm chod\u00edtkem nezvl\u00e1dnete, a co se t\u00fdk\u00e1 tohohle n\u00e1jezdu, to jde, nebo to taky nejde?<\/p>\n\n\n\n<p>Marie Sikorov\u00e1, pacientka,<br \/>&#8212;&#8212;&#8212;&#8212;&#8212;&#8212;&#8211;<br \/>Ten n\u00e1jezd je pro m\u011b hodn\u011b nebezpe\u010dn\u00fd, proto\u017ee kdy\u017e vlastn\u011b chci najet, tak j\u00e1 neudr\u017e\u00edm to chod\u00edtko tak, abych ho uvezla.<\/p>\n\n\n\n<p>, redaktorka<br \/>&#8212;&#8212;&#8212;&#8212;&#8212;&#8212;&#8211;<br \/>Ne v\u0161ude je bezbari\u00e9rov\u00fd p\u0159\u00edstup a s chod\u00edtkem to po n\u00e1jezdu pro ko\u010d\u00e1rky ne\u0161lo moc dob\u0159e ani n\u00e1m. Pan\u00ed Sikorov\u00e1 nem\u00e1 auto, a tak jsme se rozhodli vyzkou\u0161et j\u00edzdu vlakem. Kdy\u017e jsme ale p\u0159i\u0161li na n\u00e1dra\u017e\u00ed v Ostrav\u011b-Stodoln\u00ed, nejezdil v\u00fdtah.<br \/>Te\u010f jsme tady narazili na to, \u017ee vlastn\u011b v\u00fdtah nejede.<\/p>\n\n\n\n<p>cestuj\u00edc\u00ed<br \/>&#8212;&#8212;&#8212;&#8212;&#8212;&#8212;&#8211;<br \/>To je dlouhodob\u00e1 ud\u00e1lost, to tady nefunguje u\u017e tak rok ur\u010dit\u011b.<\/p>\n\n\n\n<p>, redaktorka<br \/>&#8212;&#8212;&#8212;&#8212;&#8212;&#8212;&#8211;<br \/>P\u011bkn\u00fd za\u010d\u00e1tek cesty. Na n\u00e1dra\u017e\u00ed byl sice pozvoln\u00fd vstup na n\u00e1stupi\u0161t\u011b, kter\u00fd pan\u00ed Sikorov\u00e1 zvl\u00e1dla vyjet, zp\u00e1tky u\u017e j\u00ed to ale ne\u0161lo.<\/p>\n\n\n\n<p>Marie Sikorov\u00e1, pacientka<br \/>&#8212;&#8212;&#8212;&#8212;&#8212;&#8212;&#8211;<br \/>Tady u\u017e to za\u010d\u00edn\u00e1 b\u00fdt n\u00e1ro\u010dn\u00e9, proto\u017ee t\u00edm, jak je to z kopce, tak j\u00e1 to pot\u0159ebuju brzdit. A to mn\u011b \u00fapln\u011b nejde.<\/p>\n\n\n\n<p>, redaktorka<br \/>&#8212;&#8212;&#8212;&#8212;&#8212;&#8212;&#8211;<br \/>Proto\u017ee prsty neum\u00e1\u010dkne brzdu. Tak jsme rad\u011bji \u010dekali na vlak. Proto\u017ee jsme se od \u010cesk\u00fdch drah dozv\u011bd\u011bli, \u017ee s chod\u00edtkem se m\u016f\u017ee do jak\u00e9hokoliv vlaku i vagonu, cht\u011bli jsme to vyzkou\u0161et. Ve star\u00e9m typu vlaku ale pan\u00ed Sikorov\u00e1 nezvl\u00e1dla otev\u0159\u00edt ani dve\u0159e uvnit\u0159 vagonu a po schodech bylo nutn\u00e9 j\u00ed s chod\u00edtkem pomoci. Vyzkou\u0161eli jsme tedy n\u00edzkopodla\u017en\u00ed typ vlaku. A p\u0159esto\u017ee se vstup do tohoto vlaku jevil pom\u011brn\u011b komfortn\u011b, plo\u0161ina u vagonu na hlavn\u00edm n\u00e1dra\u017e\u00ed v Ostrav\u011b vyjela asi 30 cm nad n\u00e1stupi\u0161t\u011bm. J\u00e1 to mus\u00edm, pardon, cel\u00fd nadzvednout a potom vlastn\u011b pomoct je\u0161t\u011b v\u00e1m. Je to tak. Ani do tohoto n\u00edzkopodla\u017en\u00edho vlaku by se pan\u00ed Sikorov\u00e1 sama nedostala. Tak jsme vyzkou\u0161eli m\u00edsta pro&nbsp;<strong>voz\u00ed\u010dk\u00e1\u0159e<\/strong>. Ani tam to bez pomoci ne\u0161lo. Kdybychom ale p\u0159epravu objednali p\u0159edem, p\u0159i\u0161el by n\u011bkdo zajistit plo\u0161inu pro n\u00e1jezd.<\/p>\n\n\n\n<p>V\u00e1clav Kr\u00e1sa, p\u0159edseda N\u00e1rodn\u00ed rady osob se zdravotn\u00edm posti\u017een\u00edm<br \/>&#8212;&#8212;&#8212;&#8212;&#8212;&#8212;&#8211;<br \/>J\u00e1 si mysl\u00edm, \u017ee ta pan\u00ed Sikorov\u00e1 m\u00e1 n\u00e1rok na pr\u016fkaz ZTP\/P, proto\u017ee je na to indikovan\u00e1.<\/p>\n\n\n\n<p>Marie Sikorov\u00e1, pacientka<br \/>&#8212;&#8212;&#8212;&#8212;&#8212;&#8212;&#8211;<br \/>Ur\u010dit\u011b po\u017e\u00e1d\u00e1m ministerstvo o p\u0159ezkum a z\u00e1rove\u0148 m\u016f\u017eu podat \u017ealobu, co\u017e u\u017e jsem sice jednu podala, ale nehodl\u00e1m to vzd\u00e1t, proto\u017ee j\u00e1 opravdu tu pomoc pot\u0159ebuju.<\/p>\n\n\n\n<p><\/p>\n","protected":false},"excerpt":{"rendered":"<div class=\"mh-excerpt\"><p>\u010cT 1 &#8211; \u010cern\u00e9 ovce Vr\u00e1t\u00edme se k p\u0159\u00edb\u011bhu \u017eeny se vz\u00e1cnou genetickou poruchou. Nejd\u0159\u00edv j\u00ed \u00fa\u0159ady necht\u011bly p\u0159iznat t\u0159et\u00ed stupe\u0148 invalidity. Te\u010f j\u00ed pro <a class=\"mh-excerpt-more\" href=\"https:\/\/www.invarena.cz\/?p=56639\" title=\"\u017dena se vz\u00e1cn\u00fdm genetick\u00fdm onemocn\u011bn\u00edm m\u00e1 pot\u00ed\u017ee s p\u0159izn\u00e1n\u00edm pln\u00e9 invalidity\">[&#8230;]<\/a><\/p>\n<\/div>","protected":false},"author":1,"featured_media":19485,"comment_status":"open","ping_status":"closed","sticky":false,"template":"","format":"standard","meta":{"footnotes":""},"categories":[7],"tags":[],"class_list":["post-56639","post","type-post","status-publish","format-standard","has-post-thumbnail","hentry","category-spolecnost"],"_links":{"self":[{"href":"https:\/\/www.invarena.cz\/index.php?rest_route=\/wp\/v2\/posts\/56639","targetHints":{"allow":["GET"]}}],"collection":[{"href":"https:\/\/www.invarena.cz\/index.php?rest_route=\/wp\/v2\/posts"}],"about":[{"href":"https:\/\/www.invarena.cz\/index.php?rest_route=\/wp\/v2\/types\/post"}],"author":[{"embeddable":true,"href":"https:\/\/www.invarena.cz\/index.php?rest_route=\/wp\/v2\/users\/1"}],"replies":[{"embeddable":true,"href":"https:\/\/www.invarena.cz\/index.php?rest_route=%2Fwp%2Fv2%2Fcomments&post=56639"}],"version-history":[{"count":0,"href":"https:\/\/www.invarena.cz\/index.php?rest_route=\/wp\/v2\/posts\/56639\/revisions"}],"wp:featuredmedia":[{"embeddable":true,"href":"https:\/\/www.invarena.cz\/index.php?rest_route=\/wp\/v2\/media\/19485"}],"wp:attachment":[{"href":"https:\/\/www.invarena.cz\/index.php?rest_route=%2Fwp%2Fv2%2Fmedia&parent=56639"}],"wp:term":[{"taxonomy":"category","embeddable":true,"href":"https:\/\/www.invarena.cz\/index.php?rest_route=%2Fwp%2Fv2%2Fcategories&post=56639"},{"taxonomy":"post_tag","embeddable":true,"href":"https:\/\/www.invarena.cz\/index.php?rest_route=%2Fwp%2Fv2%2Ftags&post=56639"}],"curies":[{"name":"wp","href":"https:\/\/api.w.org\/{rel}","templated":true}]}}