{"id":56657,"date":"2025-04-25T09:50:57","date_gmt":"2025-04-25T07:50:57","guid":{"rendered":"https:\/\/www.invarena.cz\/?p=56657"},"modified":"2025-04-25T09:51:03","modified_gmt":"2025-04-25T07:51:03","slug":"mz-vystavuje-stop-pro-nelegalni-poplatky-u-lekaru","status":"publish","type":"post","link":"https:\/\/www.invarena.cz\/?p=56657","title":{"rendered":"MZ vystavuje stop pro neleg\u00e1ln\u00ed poplatky u l\u00e9ka\u0159\u016f"},"content":{"rendered":"\n<p><\/p>\n\n\n\n<p>\u010cT 24 <\/p>\n\n\n\n<p><br \/>Ministerstvo zdravotnictv\u00ed si chce do\u0161l\u00e1pnout na neleg\u00e1ln\u00ed poplatky u\u00a0<strong>l\u00e9ka\u0159\u016f<\/strong>. Novela z\u00e1kona m\u00e1 zak\u00e1zat vyb\u00edr\u00e1n\u00ed pen\u011bz za \u00fakony, kter\u00e9 u\u017e plat\u00ed poji\u0161\u0165ovna. Kdo to poru\u0161\u00ed, riskuje pokutu a\u017e milion korun. Mezi typick\u00e9 p\u0159\u00edklady pat\u0159\u00ed poplatky za p\u0159ijet\u00ed pacienta, se kter\u00fdmi se nej\u010dast\u011bji setk\u00e1vaj\u00ed \u017eeny u gynekolog\u016f, mnohde je vyb\u00edraj\u00ed i zuba\u0159i. Platby v ordinac\u00edch maj\u00ed v \u010cesku tradi\u010dn\u011b v\u00fdbu\u0161n\u00fd potenci\u00e1l. V\u0161ichni si ho pamatujeme z dob zaveden\u00e9ho a posl\u00e9ze zru\u0161en\u00e9ho t\u0159icetikorunov\u00e9ho poplatku.<\/p>\n\n\n\n<p>osoba<br \/>&#8212;&#8212;&#8212;&#8212;&#8212;&#8212;&#8211;<br \/>Tak\u017ee, kdy\u017e to zaplat\u00edm ty poplatky v\u0161echny, tak mi toho moc nezbude.<\/p>\n\n\n\n<p>osoba<br \/>&#8212;&#8212;&#8212;&#8212;&#8212;&#8212;&#8211;<br \/>Tyto poplatky z pacient\u016f \u017e\u00e1dn\u00e9 z\u00e1kazn\u00edky neud\u011blaj\u00ed.<\/p>\n\n\n\n<p>osoba<br \/>&#8212;&#8212;&#8212;&#8212;&#8212;&#8212;&#8211;<br \/>My mus\u00edme v\u00e1\u017eit tu cestu p\u0159esn\u011b mezi t\u00edm, co si p\u0159ej\u00ed mnoz\u00ed ob\u010dan\u00e9 a \u010deho se zase na z\u00e1rove\u0148 boj\u00ed.<\/p>\n\n\n\n<p>osoba<br \/>&#8212;&#8212;&#8212;&#8212;&#8212;&#8212;&#8211;<br \/>To, s \u010d\u00edm p\u0159i\u0161el ministr Jul\u00ednek, je tedy extr\u00e9mn\u011b hloup\u00e9, zbyte\u010dn\u00e9 a je\u0161t\u011b nav\u00edc asoci\u00e1ln\u00ed.<\/p>\n\n\n\n<p>osoba<br \/>&#8212;&#8212;&#8212;&#8212;&#8212;&#8212;&#8211;<br \/>Platila u\u017e jsem mockr\u00e1t.<\/p>\n\n\n\n<p>osoba<br \/>&#8212;&#8212;&#8212;&#8212;&#8212;&#8212;&#8211;<br \/>My jsme proti tomu ru\u0161en\u00ed, proto\u017ee ty poplatky maj\u00ed sv\u016fj efekt.<\/p>\n\n\n\n<p>osoba<br \/>&#8212;&#8212;&#8212;&#8212;&#8212;&#8212;&#8211;<br \/>Praktick\u00e1 l\u00e9ka\u0159ka Al\u017eb\u011bty Davidov\u00e9 zavedla speci\u00e1ln\u00ed bal\u00ed\u010dky pro pacienty.<br \/>Potom se za\u010daly osek\u00e1vat ty z\u00e1kladn\u00ed slu\u017eby.<\/p>\n\n\n\n<p>Vlastimil V\u00e1lek, vicepremi\u00e9r a ministr zdravotnictv\u00ed \/TOP 09\/<br \/>&#8212;&#8212;&#8212;&#8212;&#8212;&#8212;&#8211;<br \/>To, co je neleg\u00e1ln\u00ed, pokuta, to, co je leg\u00e1ln\u00ed, zve\u0159ejn\u011bn\u00e9, jasn\u00e9, pr\u016fhledn\u00e9, srozumiteln\u00e9 a pacient to m\u016f\u017ee p\u0159edem v\u011bd\u011bt.<\/p>\n\n\n\n<p> moder\u00e1torka<br \/>&#8212;&#8212;&#8212;&#8212;&#8212;&#8212;&#8211;<br \/>Hrozit budou a\u017e milionov\u00e9 sankce.<br \/>Tak poj\u010fme na kr\u00e1tk\u00e9 kole\u010dko k tomuto t\u00e9matu. Pane \u0160ebku, vy jste\u00a0<strong>l\u00e9ka\u0159<\/strong>, tak za\u010dnu logicky u v\u00e1s, bylo na\u010dase takovou praxi zatrhnout?<\/p>\n\n\n\n<p>Tom\u00e1\u0161 \u0160ebek, chirurg, spisovatel<br \/>&#8212;&#8212;&#8212;&#8212;&#8212;&#8212;&#8211;<br \/>Tak to, co tam \u0159\u00edk\u00e1 pan ministr V\u00e1lek, je asi to z\u00e1sadn\u00ed, co je neleg\u00e1ln\u00ed, tak to prost\u011b do zdravotnictv\u00ed nepat\u0159\u00ed a co je leg\u00e1ln\u00ed, tak by m\u011blo b\u00fdt transparentn\u00ed. Pod to bych se podepsal. Na druhou stranu j\u00e1 tu report\u00e1\u017e vid\u011bl. Ona je jako velmi vyv\u00e1\u017een\u00e1 a je to jenom \u010d\u00e1st cel\u00e9 mozaiky t\u00e9 novely z\u00e1kona, do kter\u00e9ho se zdaleka nedostanou ty nejpodstatn\u011bj\u0161\u00ed v\u011bci. Jestli\u017ee se tam bav\u00edme o tom, kdo to bude pak vym\u00e1hat, jestli\u017ee se bav\u00edme o tom, \u017ee zdravotn\u00ed poji\u0161\u0165ovny dneska poskytuj\u00ed takov\u00e9 spektrum p\u00e9\u010de a hrad\u00ed p\u00e9\u010di, kterou pot\u0159ebujeme, tak to je ten z\u00e1sadn\u00ed paradox, proto\u017ee to tak vlastn\u011b jako nen\u00ed. My se v\u017edycky soust\u0159ed\u00edme ve zdravotnictv\u00ed na probl\u00e9m, kter\u00fd u tohohle nepova\u017euju za margin\u00e1ln\u00ed, jsou margin\u00e1ln\u011bj\u0161\u00ed probl\u00e9my, ale ned\u00edv\u00e1me se v\u016fbec na ten samotn\u00fd les, v\u017edycky \u0159e\u0161\u00edme stromy dole. Ne\u0159e\u0161\u00edme v\u016fbec, \u017ee by zdravotn\u00ed poji\u0161\u0165ovny m\u011bly b\u00fdt t\u0159eba mnohem v\u00edce kontrolov\u00e1ny, \u017ee spr\u00e1vn\u00ed rady by nem\u011bly b\u00fdt politick\u00e9. Hospoda\u0159en\u00ed zdravotn\u00edch poji\u0161\u0165oven v tenhle moment nen\u00ed v po\u0159\u00e1dku. A takhle bych mohl d\u00e1l pokra\u010dovat. A a\u017e tam n\u011bkde jsou poplatky u\u00a0<strong>l\u00e9ka\u0159\u016f<\/strong>, vr\u00e1til bych se zp\u00e1tky k tomu, co \u0159\u00edkal V\u00e1lek. Je to \u010d\u00e1st mozaiky, co je neleg\u00e1ln\u00ed, do zdravotnictv\u00ed rozhodn\u011b nepat\u0159\u00ed. J\u00e1 bych to jako\u00a0<strong>l\u00e9ka\u0159<\/strong>\u00a0necht\u011bl komukoliv nab\u00edzet a nenab\u00edz\u00edm, ale na druhou stranu je to za m\u011b tro\u0161ku zaveden\u00ed t\u00e9matu zase sm\u011brem, kter\u00fd fragmentuje diskuzi o zdravotnictv\u00ed v\u00edce ne\u017e 30 let. Vid\u011bli jsme kr\u00e1snou historii, kter\u00e1 tady prob\u011bhla, ale v\u016fbec se nebav\u00edme o takov\u00fdch z\u00e1sadn\u00edch v\u011bcech, \u017ee m\u00e1me nemocnou spole\u010dnost, kter\u00e1 se do\u017e\u00edv\u00e1 velmi n\u00edzk\u00e9ho v\u011bku ve zdrav\u00ed, \u017ee hospoda\u0159en\u00ed zdravotn\u00edch poji\u0161\u0165oven nen\u00ed v tenhle moment v po\u0159\u00e1dku a \u017ee se prost\u011b rozhazuj\u00ed pen\u00edze nesmysln\u00fdm zp\u016fsobem, \u017ee nem\u00e1me dota\u017eenou digitalizaci, \u017ee v\u016fbec nem\u00e1me efektivn\u00ed zdravotnictv\u00ed jako takov\u00e9 atd. Tak\u017ee d\u00e1v\u00e1me tomu velk\u00fd d\u016fraz a zase se fokusujeme na n\u011bco, co je je\u0161t\u011b ke v\u0161emu jako hodn\u011b negativn\u00ed, nam\u00edsto toho, abysme se za\u010dali mo\u017en\u00e1 zab\u00fdvat t\u00edm nejpozitivn\u011bj\u0161\u00edm a t\u00edm, co by zdravotnictv\u00ed m\u011blo \u0159e\u0161it, a to je zdrav\u00ed ob\u010dan\u016f \u010cesk\u00e9 republiky.<\/p>\n\n\n\n<p>moder\u00e1torka<br \/>&#8212;&#8212;&#8212;&#8212;&#8212;&#8212;&#8211;<br \/>Vy jste tady \u0159ekl hned n\u011bkolik t\u00e9mat. Kdybychom je v\u0161echny m\u011bli rozebrat, tak n\u00e1m asi tento hodinov\u00fd po\u0159ad nebude sta\u010dit. Tak z\u016fsta\u0148me dnes tedy u t\u011bch neleg\u00e1ln\u00edch poplatk\u016f. Pane \u010cern\u00fd, jak\u00e1 je va\u0161e osobn\u00ed zku\u0161enost? Je negativn\u00ed? Platil jste n\u011bkdy za n\u011bco, co t\u0159eba nebylo ko\u0161er, \u017ee jste to v\u011bd\u011bl nebo vyu\u017eil jste n\u011bkdy toho, \u017ee jste ten zn\u00e1m\u00fd socha\u0159 u\u00a0<strong>l\u00e9ka\u0159e<\/strong>, by\u0165 j\u00e1 v\u00edm, \u017ee nem\u00e1te r\u00e1d adjektiva?<\/p>\n\n\n\n<p>David \u010cern\u00fd, v\u00fdtvarn\u00edk<br \/>&#8212;&#8212;&#8212;&#8212;&#8212;&#8212;&#8211;<br \/>M\u011b fascinuje to, \u017ee se mluv\u00ed o tom, \u017ee&nbsp;<strong>l\u00e9ka\u0159<\/strong>, \u017ee je zdravotn\u00ed p\u00e9\u010de zadarmo, jak kdo p\u0159i\u0161el s t\u00edmhle, tady s tou ideou. Zdravotn\u00ed p\u00e9\u010de nen\u00ed zadarmo. Za zdravotn\u00ed p\u00e9\u010di plat\u00edme mnoho pen\u011bz. J\u00e1 jsem platil jako, j\u00e1 nev\u00edm, 20 % z dan\u00ed z p\u0159\u00edjmu, \u010dlov\u011bk plat\u00ed za zdravotn\u00ed p\u00e9\u010di, ta zdravotn\u00ed p\u00e9\u010de je velmi drah\u00e1. Jde o to, jak\u00fdm zp\u016fsobem je vyu\u017eit\u00e1 a jak\u00fdm zp\u016fsobem se ty pen\u00edze, kter\u00fd plat\u00edme, nen\u00ed zadarmo, prob\u016fh, odpus\u0165me narativ, \u017ee m\u00e1me zadarmo zdravotn\u00ed p\u00e9\u010di, nem\u00e1me, plat\u00edme ji v\u0161ichni. Vy taky, za v\u00e1s to plat\u00ed \u010cesk\u00e1 televize. A ka\u017edop\u00e1dn\u011b ty pen\u00edze, kter\u00fd my plat\u00edme, tak samoz\u0159ejm\u011b ob\u010das vid\u00edme, \u017ee jsou pou\u017eit\u00fd na to, \u017ee si n\u011bkte\u0159\u00ed \u0159editel\u00e9 nemocnic za n\u011b kupuj\u00ed velk\u00e9 pozemky a spoustu hezk\u00fdch v\u011bc\u00ed pro svoji osobn\u00ed pot\u0159ebu. To zdravotnictv\u00ed asi opravdu jakoby je protkan\u00fd daleko t\u011b\u017e\u0161\u00edma probl\u00e9mama. Jako socha\u0159 rozhodn\u011b tedy nepou\u017e\u00edv\u00e1m toho, \u017ee bych chodil k&nbsp;<strong>l\u00e9ka\u0159i<\/strong>&nbsp;za nebo jak jste se to ptala. Ne, to s t\u00edm nem\u00e1 nic spole\u010dn\u00fdho, ale mus\u00edm \u0159\u00edct, \u017ee pro, jak je mo\u017en\u00e9, \u017ee tedy se bude tolerovat to, \u017ee k zuba\u0159i, jak\u00fd je rozd\u00edl mezi t\u00edm, kdy\u017e m\u00e1m d\u00edru v zubu a pot\u0159ebuju ji vyvrtat a za to m\u016f\u017eu platit. A jak\u00fd je rozd\u00edl mezi t\u00edm, kdy\u017e pot\u0159ebuju ud\u011blat rychleji c\u00e9t\u00e9\u010dko kloubu a za to nem\u016f\u017eu zaplatit?<\/p>\n\n\n\n<p>, moder\u00e1torka<br \/>&#8212;&#8212;&#8212;&#8212;&#8212;&#8212;&#8211;<br \/>Ono tam jde o to, aby se nehradilo dvakr\u00e1t to, co u\u017e jednou proplat\u00ed poji\u0161t\u011bn\u00ed.<\/p>\n\n\n\n<p>David \u010cern\u00fd, v\u00fdtvarn\u00edk<br \/>&#8212;&#8212;&#8212;&#8212;&#8212;&#8212;&#8211;<br \/>Tak\u017ee zuba\u0159i, jak se rozd\u011blujou, pros\u00edm v\u00e1s, zuba\u0159i, proto\u017ee zuba\u0159i jsou tak\u00e9&nbsp;<strong>dokto\u0159i<\/strong>, pro\u010d pro zuba\u0159e jsou jin\u00e9 pravidla, jak se odli\u0161ujou ty zuby, to je n\u011bjak\u00e1 jin\u00e1 \u010d\u00e1st m\u00fdho t\u011bla, nebo pro\u010d tady ten, tady, to jsme si rozhodli, \u017ee teda si jakoby rozd\u011bl\u00edme.<\/p>\n\n\n\n<p>, moder\u00e1torka<br \/>&#8212;&#8212;&#8212;&#8212;&#8212;&#8212;&#8211;<br \/>Pan\u00ed \u0160muclerov\u00e1, tak nen\u00ed to cel\u00e9 to pokrytectv\u00ed, \u017ee mluv\u00edme o tom, m\u00e1me pocit, \u017ee zdravotnictv\u00ed je bezplatn\u00e9, ale ve skute\u010dnosti bezplatn\u00e9 nen\u00ed. Nem\u00e1me si p\u0159iznat tu realitu?<\/p>\n\n\n\n<p>Libu\u0161e \u0160muclerov\u00e1, p\u0159edsedkyn\u011b dozor\u010d\u00ed rady Czech News Center<br \/>&#8212;&#8212;&#8212;&#8212;&#8212;&#8212;&#8211;<br \/>My v tom m\u00e1me hlavn\u011b opravdu zmatek jako pacienti, proto\u017ee my ve skute\u010dnosti nev\u00edme, co m\u00e1me hrazeno poji\u0161\u0165ovnou, a to, co je za p\u0159\u00edplatek, proto\u017ee v okam\u017eiku, kdy ofici\u00e1ln\u011b n\u011bkde maj\u00ed b\u00fdt cen\u00edky nebo tak, jak v r\u00e1mci i t\u011bch report\u00e1\u017e\u00ed, kter\u00e9 te\u010f v posledn\u00edm t\u00fddnu prob\u011bhly, bylo \u0159e\u010deno, ano, ka\u017ed\u00fd pacient se m\u016f\u017ee obr\u00e1tit na poji\u0161\u0165ovnu. Ta by mu m\u011bla \u0159\u00edct. Moje osmdes\u00e1tilet\u00e1 maminka to v \u017eivot\u011b samoz\u0159ejm\u011b neud\u011bl\u00e1. Kdokoliv z n\u00e1s p\u016fjde k\u00a0<strong>l\u00e9ka\u0159i<\/strong>, tak tak\u00e9 nebude se pt\u00e1t, a to je stoprocentn\u011b na poji\u0161\u0165ovnu a kter\u00fd z t\u011bch v\u00fdkon\u016f, kter\u00fd mi d\u011bl\u00e1te, proto\u017ee tam je jich cel\u00e1 \u0159ada, ta poji\u0161\u0165ovna to neplat\u00ed en bloc nebo nep\u0159ipl\u00e1c\u00ed se en bloc, to je z \u0159ady mal\u00fdch \u00fakon\u016f, kter\u00e9 se potom s\u010d\u00edtaj\u00ed. J\u00e1 to tak\u00e9 nev\u00edm, za co z toho ve skute\u010dnosti m\u00e1m platit, nem\u00e1m platit, atd., a tam j\u00e1 vid\u00edm hlavn\u00ed probl\u00e9m, proto\u017ee tam t\u00edm p\u00e1dem je mo\u017enost nejenom podv\u00e1d\u011bt, d\u011blat chyby a tam bych se p\u0159imlouvala za to, aby byl naprosto jasn\u00fd pro kohokoliv p\u0159\u00edstup k tomu, aby to vid\u011bl, nebo a\u0165 u\u017e mu to ten\u00a0<strong>l\u00e9ka\u0159<\/strong>\u00a0vyjede, nebo to bude jednodu\u0161eji k dohled\u00e1n\u00ed, nicm\u00e9n\u011b tam je ta zrada.<\/p>\n\n\n\n<p><\/p>\n","protected":false},"excerpt":{"rendered":"<div class=\"mh-excerpt\"><p>\u010cT 24 Ministerstvo zdravotnictv\u00ed si chce do\u0161l\u00e1pnout na neleg\u00e1ln\u00ed poplatky u\u00a0l\u00e9ka\u0159\u016f. Novela z\u00e1kona m\u00e1 zak\u00e1zat vyb\u00edr\u00e1n\u00ed pen\u011bz za \u00fakony, kter\u00e9 u\u017e plat\u00ed poji\u0161\u0165ovna. Kdo to <a class=\"mh-excerpt-more\" href=\"https:\/\/www.invarena.cz\/?p=56657\" title=\"MZ vystavuje stop pro neleg\u00e1ln\u00ed poplatky u l\u00e9ka\u0159\u016f\">[&#8230;]<\/a><\/p>\n<\/div>","protected":false},"author":1,"featured_media":14134,"comment_status":"open","ping_status":"closed","sticky":false,"template":"","format":"standard","meta":{"footnotes":""},"categories":[1,6],"tags":[],"class_list":["post-56657","post","type-post","status-publish","format-standard","has-post-thumbnail","hentry","category-nezarazene","category-politika"],"_links":{"self":[{"href":"https:\/\/www.invarena.cz\/index.php?rest_route=\/wp\/v2\/posts\/56657","targetHints":{"allow":["GET"]}}],"collection":[{"href":"https:\/\/www.invarena.cz\/index.php?rest_route=\/wp\/v2\/posts"}],"about":[{"href":"https:\/\/www.invarena.cz\/index.php?rest_route=\/wp\/v2\/types\/post"}],"author":[{"embeddable":true,"href":"https:\/\/www.invarena.cz\/index.php?rest_route=\/wp\/v2\/users\/1"}],"replies":[{"embeddable":true,"href":"https:\/\/www.invarena.cz\/index.php?rest_route=%2Fwp%2Fv2%2Fcomments&post=56657"}],"version-history":[{"count":0,"href":"https:\/\/www.invarena.cz\/index.php?rest_route=\/wp\/v2\/posts\/56657\/revisions"}],"wp:featuredmedia":[{"embeddable":true,"href":"https:\/\/www.invarena.cz\/index.php?rest_route=\/wp\/v2\/media\/14134"}],"wp:attachment":[{"href":"https:\/\/www.invarena.cz\/index.php?rest_route=%2Fwp%2Fv2%2Fmedia&parent=56657"}],"wp:term":[{"taxonomy":"category","embeddable":true,"href":"https:\/\/www.invarena.cz\/index.php?rest_route=%2Fwp%2Fv2%2Fcategories&post=56657"},{"taxonomy":"post_tag","embeddable":true,"href":"https:\/\/www.invarena.cz\/index.php?rest_route=%2Fwp%2Fv2%2Ftags&post=56657"}],"curies":[{"name":"wp","href":"https:\/\/api.w.org\/{rel}","templated":true}]}}